{"id":126035,"date":"2021-03-09T16:30:00","date_gmt":"2021-03-09T19:30:00","guid":{"rendered":"http:\/\/www.hoymercedes.com.ar\/principal\/?p=126035"},"modified":"2021-03-09T14:56:43","modified_gmt":"2021-03-09T17:56:43","slug":"romina-fernandez-compitio-en-azul-y-logro-buenos-registros","status":"publish","type":"post","link":"https:\/\/www.hoymercedes.com.ar\/principal\/2021\/03\/09\/romina-fernandez-compitio-en-azul-y-logro-buenos-registros\/","title":{"rendered":"Romina Fern\u00e1ndez compiti\u00f3 en Azul y logr\u00f3 buenos registros"},"content":{"rendered":"\n<p>La deportista paral\u00edmpica, que cont\u00f3 con el apoyo de la Municipalidad de Mercedes, alcanz\u00f3 los 5 metros con 39 cent\u00edmetros en lanzamiento de bala y consigui\u00f3 su mejor marca. &nbsp;<\/p>\n\n\n\n<div class=\"wp-block-image\"><figure class=\"aligncenter size-large\"><img loading=\"lazy\" decoding=\"async\" width=\"640\" height=\"441\" data-attachment-id=\"126036\" data-permalink=\"https:\/\/www.hoymercedes.com.ar\/principal\/2021\/03\/09\/romina-fernandez-compitio-en-azul-y-logro-buenos-registros\/romina-fernandez-2\/#main\" data-orig-file=\"https:\/\/www.hoymercedes.com.ar\/principal\/wp-content\/uploads\/2021\/03\/romina-fernandez.jpg\" data-orig-size=\"640,441\" data-comments-opened=\"0\" data-image-meta=\"{&quot;aperture&quot;:&quot;0&quot;,&quot;credit&quot;:&quot;&quot;,&quot;camera&quot;:&quot;&quot;,&quot;caption&quot;:&quot;&quot;,&quot;created_timestamp&quot;:&quot;0&quot;,&quot;copyright&quot;:&quot;&quot;,&quot;focal_length&quot;:&quot;0&quot;,&quot;iso&quot;:&quot;0&quot;,&quot;shutter_speed&quot;:&quot;0&quot;,&quot;title&quot;:&quot;&quot;,&quot;orientation&quot;:&quot;0&quot;}\" data-image-title=\"romina fernandez\" data-image-description=\"\" data-image-caption=\"\" data-large-file=\"https:\/\/www.hoymercedes.com.ar\/principal\/wp-content\/uploads\/2021\/03\/romina-fernandez.jpg\" src=\"https:\/\/www.hoymercedes.com.ar\/principal\/wp-content\/uploads\/2021\/03\/romina-fernandez.jpg\" alt=\"\" class=\"wp-image-126036\" srcset=\"https:\/\/www.hoymercedes.com.ar\/principal\/wp-content\/uploads\/2021\/03\/romina-fernandez.jpg 640w, https:\/\/www.hoymercedes.com.ar\/principal\/wp-content\/uploads\/2021\/03\/romina-fernandez-630x434.jpg 630w, https:\/\/www.hoymercedes.com.ar\/principal\/wp-content\/uploads\/2021\/03\/romina-fernandez-150x103.jpg 150w\" sizes=\"auto, (max-width: 640px) 100vw, 640px\" \/><\/figure><\/div>\n\n\n\n<p>Tras pasar una semana de entrenamiento en el CENARD de&nbsp;Buenos Aires, el pasado domingo, la mercedina Romina Fern\u00e1ndez particip\u00f3 del Sexto Torneo de Lanzadores, organizado por la Escuela Municipal de Atletismo junto a la Direcci\u00f3n de Deportes de Azul. &nbsp;<\/p>\n\n\n\n<p>En el lanzamiento de la bala, Fern\u00e1ndez logr\u00f3 llegar a la marca de 5 metros con 39 cent\u00edmetros. De esa manera, super\u00f3 su registro anterior de 5 metros con 15 cent\u00edmetros. &nbsp;<\/p>\n\n\n\n<p>En el propio evento, la deportista paral\u00edmpica de la ciudad tambi\u00e9n intervino en el lanzamiento de la clava. 16 metros con 65 cent\u00edmetros fue su mejor registro, lejos de su mejor marca. &nbsp;<\/p>\n\n\n\n<p>Su pr\u00f3xima fecha de competencia la tendr\u00e1 en los d\u00edas 10 y 11 de abril en el CENARD, en la cual ser\u00e1 parte del Open de Atletismo FADESIR \u201cVitaliano Brandoli\u201d. El certamen contar\u00e1 con la fiscalizaci\u00f3n de la Federaci\u00f3n Atl\u00e9tica Metropolitana y ser\u00e1 homologado por el Comit\u00e9 Ol\u00edmpico Internacional, donde all\u00ed podr\u00e1 lograr el boleto a los Juegos Paral\u00edmpicos de Tokio 2021. &nbsp;<\/p>\n\n\n\n<p>La profesora Daniela Libares, quien acompa\u00f1\u00f3 a Romina y con la que estuvo entrenando bajo un estricto protocolo el \u00faltimo a\u00f1o en las instalaciones del Club Holanda, no dej\u00f3 pasar por alto la oportunidad de agradecer al Intendente Juan Ignacio Ustarroz y a la Direcci\u00f3n de Deportes de la ciudad por el apoyo recibido y permitirle concentrar en el CENARD y realizar el viaje a Azul. \u00a0<\/p>\n\n\n\n<p>Fuente: Prensa Municipal<\/p>\n","protected":false},"excerpt":{"rendered":"<p>La deportista paral\u00edmpica, que cont\u00f3 con el apoyo de la Municipalidad de Mercedes, alcanz\u00f3 los 5 metros con 39 cent\u00edmetros &#8230; <a title=\"Romina Fern\u00e1ndez compiti\u00f3 en Azul y logr\u00f3 buenos registros\" class=\"read-more\" href=\"https:\/\/www.hoymercedes.com.ar\/principal\/2021\/03\/09\/romina-fernandez-compitio-en-azul-y-logro-buenos-registros\/\" aria-label=\"Leer m\u00e1s sobre Romina Fern\u00e1ndez compiti\u00f3 en Azul y logr\u00f3 buenos registros\">Leer m\u00e1s<\/a><\/p>\n","protected":false},"author":1,"featured_media":126036,"comment_status":"closed","ping_status":"open","sticky":false,"template":"","format":"standard","meta":{"_monsterinsights_skip_tracking":false,"_monsterinsights_sitenote_active":false,"_monsterinsights_sitenote_note":"","_monsterinsights_sitenote_category":0,"jetpack_post_was_ever_published":false,"_jetpack_newsletter_access":"","_jetpack_dont_email_post_to_subs":false,"_jetpack_newsletter_tier_id":0,"_jetpack_memberships_contains_paywalled_content":false,"_jetpack_memberships_contains_paid_content":false,"footnotes":"","jetpack_publicize_message":"","jetpack_publicize_feature_enabled":true,"jetpack_social_post_already_shared":true,"jetpack_social_options":{"image_generator_settings":{"template":"highway","default_image_id":0,"font":"","enabled":false},"version":2},"_wpas_customize_per_network":false},"categories":[21],"tags":[],"class_list":["post-126035","post","type-post","status-publish","format-standard","has-post-thumbnail","hentry","category-deportes","generate-columns","tablet-grid-50","mobile-grid-100","grid-parent","grid-50"],"jetpack_publicize_connections":[],"jetpack_featured_media_url":"https:\/\/www.hoymercedes.com.ar\/principal\/wp-content\/uploads\/2021\/03\/romina-fernandez.jpg","wps_subtitle":"","jetpack_sharing_enabled":true,"jetpack-related-posts":[{"id":149401,"url":"https:\/\/www.hoymercedes.com.ar\/principal\/2022\/06\/13\/atletismo-romina-fernandez-se-destaca-en-europa\/","url_meta":{"origin":126035,"position":0},"title":"Atletismo: Romina Fern\u00e1ndez se destaca en Europa\u00a0","author":"hoymercedes","date":"13 junio, 2022","format":false,"excerpt":"En el marco de su gira, Romina Fern\u00e1ndez particip\u00f3 en el Grand Prix de Par\u00eds qued\u00e1ndose con la tercera colocaci\u00f3n en lanzamiento de clava. En bala, logr\u00f3 superar su propio r\u00e9cord americano pero qued\u00f3 ubicad en la cuarta posici\u00f3n. Como parte de su gira por Europa, Romina Fern\u00e1ndez contin\u00faa sumando\u2026","rel":"","context":"En \u00abDeportes\u00bb","block_context":{"text":"Deportes","link":"https:\/\/www.hoymercedes.com.ar\/principal\/category\/deportes\/"},"img":{"alt_text":"","src":"https:\/\/i0.wp.com\/www.hoymercedes.com.ar\/principal\/wp-content\/uploads\/2022\/06\/Romina-1306.jpeg?resize=350%2C200&ssl=1","width":350,"height":200,"srcset":"https:\/\/i0.wp.com\/www.hoymercedes.com.ar\/principal\/wp-content\/uploads\/2022\/06\/Romina-1306.jpeg?resize=350%2C200&ssl=1 1x, https:\/\/i0.wp.com\/www.hoymercedes.com.ar\/principal\/wp-content\/uploads\/2022\/06\/Romina-1306.jpeg?resize=525%2C300&ssl=1 1.5x, https:\/\/i0.wp.com\/www.hoymercedes.com.ar\/principal\/wp-content\/uploads\/2022\/06\/Romina-1306.jpeg?resize=700%2C400&ssl=1 2x"},"classes":[]},{"id":174892,"url":"https:\/\/www.hoymercedes.com.ar\/principal\/2024\/04\/16\/atletismo-buenas-marcas-para-romina-fernandez\/","url_meta":{"origin":126035,"position":1},"title":"Atletismo: Buenas marcas para Romina Fern\u00e1ndez","author":"hoymercedes","date":"16 abril, 2024","format":false,"excerpt":"La atleta mercedina particip\u00f3 del Open Patag\u00f3nico de Neuqu\u00e9n como parte de la competencia en lanzamiento de clava. En la primera entrada consigui\u00f3 una marca de 20, 31 metros, las cual super\u00f3 en las segunda presentaci\u00f3n. Durante los \u00faltimo d\u00edas, la atleta paral\u00edmpica mercedina Romina Fern\u00e1ndez particip\u00f3 del certamen Open\u2026","rel":"","context":"En \u00abDeportes\u00bb","block_context":{"text":"Deportes","link":"https:\/\/www.hoymercedes.com.ar\/principal\/category\/deportes\/"},"img":{"alt_text":"","src":"https:\/\/i0.wp.com\/www.hoymercedes.com.ar\/principal\/wp-content\/uploads\/2024\/04\/romina-15-04.jpg?resize=350%2C200&ssl=1","width":350,"height":200,"srcset":"https:\/\/i0.wp.com\/www.hoymercedes.com.ar\/principal\/wp-content\/uploads\/2024\/04\/romina-15-04.jpg?resize=350%2C200&ssl=1 1x, https:\/\/i0.wp.com\/www.hoymercedes.com.ar\/principal\/wp-content\/uploads\/2024\/04\/romina-15-04.jpg?resize=525%2C300&ssl=1 1.5x"},"classes":[]},{"id":94448,"url":"https:\/\/www.hoymercedes.com.ar\/principal\/2019\/06\/05\/nuevos-record-para-romina-fernandez\/","url_meta":{"origin":126035,"position":2},"title":"Nuevos record para Romina Fern\u00e1ndez","author":"hoymercedes","date":"5 junio, 2019","format":false,"excerpt":"En Resistencia, Chaco, se disput\u00f3 el V Open Internacional de Atletismo Paral\u00edmpico, donde la atleta Romina Fern\u00e1ndez compiti\u00f3 nuevamente en Lanzamiento de Bala y de Clava, con la particularidad que super\u00f3 su marca obtenida hace un mes en San Pablo, Brasisl. Dentro de su categor\u00eda en la rama de Par\u00e1lisis\u2026","rel":"","context":"En \u00abDeportes\u00bb","block_context":{"text":"Deportes","link":"https:\/\/www.hoymercedes.com.ar\/principal\/category\/deportes\/"},"img":{"alt_text":"","src":"https:\/\/i0.wp.com\/www.hoymercedes.com.ar\/principal\/wp-content\/uploads\/2019\/06\/Romina-Fernandez-Daniela-Libares-en-Chaco.jpg?resize=350%2C200&ssl=1","width":350,"height":200,"srcset":"https:\/\/i0.wp.com\/www.hoymercedes.com.ar\/principal\/wp-content\/uploads\/2019\/06\/Romina-Fernandez-Daniela-Libares-en-Chaco.jpg?resize=350%2C200&ssl=1 1x, https:\/\/i0.wp.com\/www.hoymercedes.com.ar\/principal\/wp-content\/uploads\/2019\/06\/Romina-Fernandez-Daniela-Libares-en-Chaco.jpg?resize=525%2C300&ssl=1 1.5x"},"classes":[]},{"id":108073,"url":"https:\/\/www.hoymercedes.com.ar\/principal\/2020\/03\/20\/coronavirus-romina-fernandez-no-viajara-a-brasil-a-revalidar-su-marca\/","url_meta":{"origin":126035,"position":3},"title":"Coronavirus: Romina Fern\u00e1ndez no viajar\u00e1 a Brasil a revalidar su marca","author":"hoymercedes","date":"20 marzo, 2020","format":false,"excerpt":"A raiz de la pandemia Coronavirus, la alteta Romina Fern\u00e1ndez no podr\u00e1 viajar a Caixa, Brasil, para el certamen de Atletismo PC que le iba a permitir a la mercedina revalidar su marca internacional con miras a los Juegos Paral\u00edmpicos de Tokio 2020, que al igual que los Ol\u00edmpicos, no\u2026","rel":"","context":"En \u00abDeportes\u00bb","block_context":{"text":"Deportes","link":"https:\/\/www.hoymercedes.com.ar\/principal\/category\/deportes\/"},"img":{"alt_text":"","src":"https:\/\/i0.wp.com\/www.hoymercedes.com.ar\/principal\/wp-content\/uploads\/2020\/03\/Romina-Fernandez-Daniela-Libares-en-Peru.jpg?resize=350%2C200&ssl=1","width":350,"height":200,"srcset":"https:\/\/i0.wp.com\/www.hoymercedes.com.ar\/principal\/wp-content\/uploads\/2020\/03\/Romina-Fernandez-Daniela-Libares-en-Peru.jpg?resize=350%2C200&ssl=1 1x, https:\/\/i0.wp.com\/www.hoymercedes.com.ar\/principal\/wp-content\/uploads\/2020\/03\/Romina-Fernandez-Daniela-Libares-en-Peru.jpg?resize=525%2C300&ssl=1 1.5x, https:\/\/i0.wp.com\/www.hoymercedes.com.ar\/principal\/wp-content\/uploads\/2020\/03\/Romina-Fernandez-Daniela-Libares-en-Peru.jpg?resize=700%2C400&ssl=1 2x"},"classes":[]},{"id":129494,"url":"https:\/\/www.hoymercedes.com.ar\/principal\/2021\/05\/04\/nuevo-record-para-romina-fernandez-en-lanzamiento-de-clava\/","url_meta":{"origin":126035,"position":4},"title":"Nuevo r\u00e9cord para Romina Fern\u00e1ndez en lanzamiento de clava","author":"hoymercedes","date":"4 mayo, 2021","format":false,"excerpt":"La deportista paral\u00edmpica mercedina, Romina Fern\u00e1ndez, logr\u00f3 un nuevo r\u00e9cord en el lanzamiento de clava. Con este resultado se encuentra ubicada en el Top 3 del mundo y a la espera de la cantidad de plazas que le otorguen a la Argentina de cara a los Juegos Paral\u00edmpicos de Tokio\u2026","rel":"","context":"En \u00abDeportes\u00bb","block_context":{"text":"Deportes","link":"https:\/\/www.hoymercedes.com.ar\/principal\/category\/deportes\/"},"img":{"alt_text":"","src":"https:\/\/i0.wp.com\/www.hoymercedes.com.ar\/principal\/wp-content\/uploads\/2021\/05\/04-RominaFernandez.jpeg?resize=350%2C200&ssl=1","width":350,"height":200,"srcset":"https:\/\/i0.wp.com\/www.hoymercedes.com.ar\/principal\/wp-content\/uploads\/2021\/05\/04-RominaFernandez.jpeg?resize=350%2C200&ssl=1 1x, https:\/\/i0.wp.com\/www.hoymercedes.com.ar\/principal\/wp-content\/uploads\/2021\/05\/04-RominaFernandez.jpeg?resize=525%2C300&ssl=1 1.5x, https:\/\/i0.wp.com\/www.hoymercedes.com.ar\/principal\/wp-content\/uploads\/2021\/05\/04-RominaFernandez.jpeg?resize=700%2C400&ssl=1 2x"},"classes":[]},{"id":164663,"url":"https:\/\/www.hoymercedes.com.ar\/principal\/2023\/07\/17\/mundial-de-para-atletismo-romina-fernandez-cumplio-en-paris\/","url_meta":{"origin":126035,"position":5},"title":"Mundial de para-atletismo: Romina Fern\u00e1ndez cumpli\u00f3 en Par\u00eds","author":"hoymercedes","date":"17 julio, 2023","format":false,"excerpt":"\u00a0La atleta mercedina concluy\u00f3 su participaci\u00f3n en el Mundial realizado en la capital francesa. Con una marca de 5 metros y 7 cent\u00edmetros qued\u00f3 octava en la prueba de lanzamiento de bala. Romina Fern\u00e1ndez qued\u00f3 en el octavo puesto de lanzamiento de bala. Siendo parte de la delegaci\u00f3n argentina, la\u2026","rel":"","context":"En \u00abDeportes\u00bb","block_context":{"text":"Deportes","link":"https:\/\/www.hoymercedes.com.ar\/principal\/category\/deportes\/"},"img":{"alt_text":"","src":"https:\/\/i0.wp.com\/www.hoymercedes.com.ar\/principal\/wp-content\/uploads\/2023\/07\/IMG-20230717-WA0035.jpg?resize=350%2C200&ssl=1","width":350,"height":200,"srcset":"https:\/\/i0.wp.com\/www.hoymercedes.com.ar\/principal\/wp-content\/uploads\/2023\/07\/IMG-20230717-WA0035.jpg?resize=350%2C200&ssl=1 1x, https:\/\/i0.wp.com\/www.hoymercedes.com.ar\/principal\/wp-content\/uploads\/2023\/07\/IMG-20230717-WA0035.jpg?resize=525%2C300&ssl=1 1.5x, https:\/\/i0.wp.com\/www.hoymercedes.com.ar\/principal\/wp-content\/uploads\/2023\/07\/IMG-20230717-WA0035.jpg?resize=700%2C400&ssl=1 2x"},"classes":[]}],"_links":{"self":[{"href":"https:\/\/www.hoymercedes.com.ar\/principal\/wp-json\/wp\/v2\/posts\/126035","targetHints":{"allow":["GET"]}}],"collection":[{"href":"https:\/\/www.hoymercedes.com.ar\/principal\/wp-json\/wp\/v2\/posts"}],"about":[{"href":"https:\/\/www.hoymercedes.com.ar\/principal\/wp-json\/wp\/v2\/types\/post"}],"author":[{"embeddable":true,"href":"https:\/\/www.hoymercedes.com.ar\/principal\/wp-json\/wp\/v2\/users\/1"}],"replies":[{"embeddable":true,"href":"https:\/\/www.hoymercedes.com.ar\/principal\/wp-json\/wp\/v2\/comments?post=126035"}],"version-history":[{"count":0,"href":"https:\/\/www.hoymercedes.com.ar\/principal\/wp-json\/wp\/v2\/posts\/126035\/revisions"}],"wp:featuredmedia":[{"embeddable":true,"href":"https:\/\/www.hoymercedes.com.ar\/principal\/wp-json\/wp\/v2\/media\/126036"}],"wp:attachment":[{"href":"https:\/\/www.hoymercedes.com.ar\/principal\/wp-json\/wp\/v2\/media?parent=126035"}],"wp:term":[{"taxonomy":"category","embeddable":true,"href":"https:\/\/www.hoymercedes.com.ar\/principal\/wp-json\/wp\/v2\/categories?post=126035"},{"taxonomy":"post_tag","embeddable":true,"href":"https:\/\/www.hoymercedes.com.ar\/principal\/wp-json\/wp\/v2\/tags?post=126035"}],"curies":[{"name":"wp","href":"https:\/\/api.w.org\/{rel}","templated":true}]}}