{"id":12607,"date":"2012-05-02T11:37:20","date_gmt":"2012-05-02T11:37:20","guid":{"rendered":"http:\/\/www.hoymercedes.com.ar\/principal\/?p=12607"},"modified":"2012-05-02T11:37:20","modified_gmt":"2012-05-02T11:37:20","slug":"buscan-crear-un-mercado-concentrador-modelo-de-frutas-y-verduras","status":"publish","type":"post","link":"https:\/\/www.hoymercedes.com.ar\/principal\/2012\/05\/02\/buscan-crear-un-mercado-concentrador-modelo-de-frutas-y-verduras\/","title":{"rendered":"Buscan crear un mercado concentrador modelo de frutas y verduras"},"content":{"rendered":"<p>Esta noche se llevar\u00e1 a cabo la segunda reuni\u00f3n. Ya hay m\u00e1s de 45 productores comprometidos conla idea. Podr\u00eda instalarse enparte del predio de la Estaci\u00f3n Experimental de Gowland<\/p>\n<p>Cuando el gobernador Daniel Scioli vino a nuestra ciudad para estar presente en la inauguraci\u00f3n de a empresa AGRALE, tuvo la oportunidad de ver un sector de la Estaci\u00f3n Experimental manifestando que era un magnifico lugar para determinados emprendimientos, fue en ese momento cuando el intendente Carlos Selva le dijo que ten\u00eda en mente un proyecto my alentador y asi comenzaron las conversaciones para poder instalar en el lugar un Mercado Concentrador Modelo.<\/p>\n<p>Con el correr del tiempo la idea fue siendo analizada hasta el momento en que hace algunos d\u00edas se llev\u00f3 a cabo la primera reuni\u00f3n, un tanto evaluativa con un cuarenta y cinco productores quienes el tomar conocimiento de dicha posibilidad r\u00e1pidamente dieron el visto bueno.<\/p>\n<p>Susana Castagneto, una de las impulsoras de la idea INFORM\u00d3 A La Hora v\u00eda telef\u00f3nica <em>\u201ceste mi\u00e9rcoles vamos a estar realizando a segunda reuni\u00f3n. El tema es asi, en la Estaci\u00f3n Experimental que el Ministerio de Asuntos Agrarios tiene en Gowland hay un a determinada cantidad de hect\u00e1reas que en estos momentos y desde hace tiempo no son utilizadas, pues bien la idea el que el gobernador Daniel Scioli le ceda al Municipio de Mercedes en comodato un tiempo que deber\u00e1 determinarse para que se pueda\u00a0construir\u00a0un galp\u00f3n grande que tenga la capacidad de albergar no menos de trescientos puestos, ustedes diran de donde sacamos en Mercedes tantos productores, sin embargo la idea es mucho m\u00e1s amplia.<\/em><\/p>\n<p><em>Desde ya que para obtener un lugar siempre la prioridad la tendr\u00e1 el productor radicado en el Partido de Mercedes, pero tambi\u00e9n estar\u00e1 abierto a productores de otras ciudad que bien pueden ser cercanas a la nuestra o bien del el interior de nuestra provincia o directamente de otras.<\/em><\/p>\n<p><em>Pero para ello debemos armar y presentar un proyecto muy bien elaborado con el aporte de profesionales en diferentes materias que puedan certificar que la propuesta es v\u00e1lida, as\u00ed que ahora vamos a formar lo que hemos dado en llamar la Comisi\u00f3n Administradora o mejor dicho el Consejo de Administraci\u00f3n con el objetivo marcado de ir buscando los mejores aspectos organizativos.<\/em><\/p>\n<p><em>Desde ya que contamos con el apoyo total del Intendente Carlos Selva concurriendo a las reuniones en su presentaci\u00f3n uno de los t\u00e9cnicos pertenecientes a la Direcci\u00f3n y Planeamiento, me refiero a Fernando Zapata que se encuentra tambi\u00e9n muy entusiasmado con la idea.<\/em><\/p>\n<p><em>Quedamos tan contentos con ola primera reuni\u00f3n que hemos decidido hacer la segunda pero ahora queremos que sean muchos m\u00e1s que 45 los productores que asistan, la reuni\u00f3n ser\u00e1 en la conocida quinta ALISU, ubicada sobre la colectora de Ruta 5 a la altura del Km 93,250 y de acuerdo a algunos informes que hemos podido obtener no ser\u00eda nada raro que este mi\u00e9rcoles contemos con la presencia de alg\u00fan funcionario del gobierno provincial para empaparse m\u00e1s de la idea y luego hacer el informe correspondiente para el Gobernador Scioli.<\/em><\/p>\n<p><em>La idea es importante, contar en Mercedes con un Mercado Frutihot\u00edcola Concentrador Modelo seria muy importante no solo para la econom\u00eda mercedina sino tambi\u00e9n para la regional. Por eso realmente confiamos que ma\u00f1ana (por hoy) lleguemos por lo menos al centenar de productores dispuestos a compartir la idea de crear este Mercado concentrador.<\/em><\/p>\n<p><em>Si el gobernador le da el visto bueno al intendente Selva y le cede a nuestro municipio en comodato las 20 hect\u00e1reas que necesitamos yo creo que el mercado concentrador ser\u00eda un hecho\u201d<\/em><\/p>\n","protected":false},"excerpt":{"rendered":"<p>Esta noche se llevar\u00e1 a cabo la segunda reuni\u00f3n. Ya hay m\u00e1s de 45 productores comprometidos conla idea. Podr\u00eda instalarse &#8230; <a title=\"Buscan crear un mercado concentrador modelo de frutas y verduras\" class=\"read-more\" href=\"https:\/\/www.hoymercedes.com.ar\/principal\/2012\/05\/02\/buscan-crear-un-mercado-concentrador-modelo-de-frutas-y-verduras\/\" aria-label=\"Leer m\u00e1s sobre Buscan crear un mercado concentrador modelo de frutas y verduras\">Leer m\u00e1s<\/a><\/p>\n","protected":false},"author":1,"featured_media":0,"comment_status":"open","ping_status":"open","sticky":false,"template":"","format":"standard","meta":{"_monsterinsights_skip_tracking":false,"_monsterinsights_sitenote_active":false,"_monsterinsights_sitenote_note":"","_monsterinsights_sitenote_category":0,"jetpack_post_was_ever_published":false,"_jetpack_newsletter_access":"","_jetpack_dont_email_post_to_subs":false,"_jetpack_newsletter_tier_id":0,"_jetpack_memberships_contains_paywalled_content":false,"_jetpack_memberships_contains_paid_content":false,"footnotes":"","jetpack_publicize_message":"","jetpack_publicize_feature_enabled":true,"jetpack_social_post_already_shared":false,"jetpack_social_options":{"image_generator_settings":{"template":"highway","default_image_id":0,"font":"","enabled":false},"version":2},"_wpas_customize_per_network":false},"categories":[5],"tags":[2133],"class_list":["post-12607","post","type-post","status-publish","format-standard","hentry","category-politica","tag-mercado-fruti-horticola-mercedes","generate-columns","tablet-grid-50","mobile-grid-100","grid-parent","grid-50"],"jetpack_publicize_connections":[],"jetpack_featured_media_url":"","wps_subtitle":"","jetpack_sharing_enabled":true,"_links":{"self":[{"href":"https:\/\/www.hoymercedes.com.ar\/principal\/wp-json\/wp\/v2\/posts\/12607","targetHints":{"allow":["GET"]}}],"collection":[{"href":"https:\/\/www.hoymercedes.com.ar\/principal\/wp-json\/wp\/v2\/posts"}],"about":[{"href":"https:\/\/www.hoymercedes.com.ar\/principal\/wp-json\/wp\/v2\/types\/post"}],"author":[{"embeddable":true,"href":"https:\/\/www.hoymercedes.com.ar\/principal\/wp-json\/wp\/v2\/users\/1"}],"replies":[{"embeddable":true,"href":"https:\/\/www.hoymercedes.com.ar\/principal\/wp-json\/wp\/v2\/comments?post=12607"}],"version-history":[{"count":0,"href":"https:\/\/www.hoymercedes.com.ar\/principal\/wp-json\/wp\/v2\/posts\/12607\/revisions"}],"wp:attachment":[{"href":"https:\/\/www.hoymercedes.com.ar\/principal\/wp-json\/wp\/v2\/media?parent=12607"}],"wp:term":[{"taxonomy":"category","embeddable":true,"href":"https:\/\/www.hoymercedes.com.ar\/principal\/wp-json\/wp\/v2\/categories?post=12607"},{"taxonomy":"post_tag","embeddable":true,"href":"https:\/\/www.hoymercedes.com.ar\/principal\/wp-json\/wp\/v2\/tags?post=12607"}],"curies":[{"name":"wp","href":"https:\/\/api.w.org\/{rel}","templated":true}]}}