{"id":126085,"date":"2021-03-10T12:15:00","date_gmt":"2021-03-10T15:15:00","guid":{"rendered":"http:\/\/www.hoymercedes.com.ar\/principal\/?p=126085"},"modified":"2021-03-10T12:32:45","modified_gmt":"2021-03-10T15:32:45","slug":"vide-bomberos-asisten-en-incendio-de-una-camioneta","status":"publish","type":"post","link":"https:\/\/www.hoymercedes.com.ar\/principal\/2021\/03\/10\/vide-bomberos-asisten-en-incendio-de-una-camioneta\/","title":{"rendered":"Video: Bomberos asisten en incendio de una camioneta"},"content":{"rendered":"\n<figure class=\"wp-block-embed is-type-video is-provider-youtube wp-block-embed-youtube wp-embed-aspect-16-9 wp-has-aspect-ratio\"><div class=\"wp-block-embed__wrapper\">\n<span class=\"embed-youtube\" style=\"text-align:center; display: block;\"><iframe loading=\"lazy\" class=\"youtube-player\" width=\"1200\" height=\"675\" src=\"https:\/\/www.youtube.com\/embed\/PA96CbEVSBg?version=3&#038;rel=1&#038;showsearch=0&#038;showinfo=1&#038;iv_load_policy=1&#038;fs=1&#038;hl=es-ES&#038;autohide=2&#038;wmode=transparent\" allowfullscreen=\"true\" style=\"border:0;\" sandbox=\"allow-scripts allow-same-origin allow-popups allow-presentation allow-popups-to-escape-sandbox\"><\/iframe><\/span>\n<\/div><\/figure>\n\n\n\n<p>Durante la ma\u00f1ana de este mi\u00e9rcoles, a primera hora, se produjo un incendio en calle 110 y 25 donde una camioneta se prendi\u00f3 fuego \u00edntegramente. Los Bomberos Voluntarios volvieron a ser los socorristas de la situaci\u00f3n.<\/p>\n\n\n\n<p>Seg\u00fan se supo se trat\u00f3 de una camioneta utilitaria Fiat Fiorino emitiendo el pedido de asistencia a bomberos a las 07.12am. Al arribar el m\u00f3vil estaba totalmente incendiada. Se busca su extinci\u00f3n hasta lograr sofocarla. La primera pericia hab\u00eda determinado que se trat\u00f3 de una falle en el sistema de combustible del veh\u00edculo.<\/p>\n\n\n\n<p>Vale recordar que los Bomberos Voluntarios son una asociaci\u00f3n sin fines de lucro y arriesgan su vida solidaria y desinteresadamente, por eso es tan importante nos asociemos o compremos sus rifas anuales, que es una manera de acompa\u00f1arlo para solventar los grandes gastos que demanda su infraestructura.<\/p>\n\n\n\n<p>Video: gentileza Luciana Acu\u00f1a<\/p>\n","protected":false},"excerpt":{"rendered":"<p>Durante la ma\u00f1ana de este mi\u00e9rcoles, a primera hora, se produjo un incendio en calle 110 y 25 donde una &#8230; <a title=\"Video: Bomberos asisten en incendio de una camioneta\" class=\"read-more\" href=\"https:\/\/www.hoymercedes.com.ar\/principal\/2021\/03\/10\/vide-bomberos-asisten-en-incendio-de-una-camioneta\/\" aria-label=\"Leer m\u00e1s sobre Video: Bomberos asisten en incendio de una camioneta\">Leer m\u00e1s<\/a><\/p>\n","protected":false},"author":1,"featured_media":126086,"comment_status":"closed","ping_status":"open","sticky":false,"template":"","format":"standard","meta":{"_monsterinsights_skip_tracking":false,"_monsterinsights_sitenote_active":false,"_monsterinsights_sitenote_note":"","_monsterinsights_sitenote_category":0,"jetpack_post_was_ever_published":false,"_jetpack_newsletter_access":"","_jetpack_dont_email_post_to_subs":false,"_jetpack_newsletter_tier_id":0,"_jetpack_memberships_contains_paywalled_content":false,"_jetpack_memberships_contains_paid_content":false,"footnotes":"","jetpack_publicize_message":"","jetpack_publicize_feature_enabled":true,"jetpack_social_post_already_shared":true,"jetpack_social_options":{"image_generator_settings":{"template":"highway","default_image_id":0,"font":"","enabled":false},"version":2},"_wpas_customize_per_network":false},"categories":[8],"tags":[17583],"class_list":["post-126085","post","type-post","status-publish","format-standard","has-post-thumbnail","hentry","category-sociedad","tag-incendio-de-camioneta","generate-columns","tablet-grid-50","mobile-grid-100","grid-parent","grid-50"],"jetpack_publicize_connections":[],"jetpack_featured_media_url":"https:\/\/www.hoymercedes.com.ar\/principal\/wp-content\/uploads\/2021\/03\/image0-rotated-e1615387913639.jpeg","wps_subtitle":"","jetpack_sharing_enabled":true,"jetpack-related-posts":[{"id":95630,"url":"https:\/\/www.hoymercedes.com.ar\/principal\/2019\/06\/24\/incendio-en-una-casa-de-calle-32-y-55\/","url_meta":{"origin":126085,"position":0},"title":"Incendio en una casa de calle 32 y 55","author":"hoymercedes","date":"24 junio, 2019","format":false,"excerpt":"Promediando la ma\u00f1ana de este lunes, en una casa de la calle 32 y 55, se produjo un incendio casi total del domicilio. Se desconocen los motivos que caus\u00f3 el fuego, aunque en el interior fue importante el da\u00f1o realizado por las llamas. Asistieron al lugar, representantes de Protecci\u00f3n Civil\u2026","rel":"","context":"En \u00abPolicial\u00bb","block_context":{"text":"Policial","link":"https:\/\/www.hoymercedes.com.ar\/principal\/category\/policial\/"},"img":{"alt_text":"","src":"https:\/\/i0.wp.com\/www.hoymercedes.com.ar\/principal\/wp-content\/uploads\/2019\/06\/24-incendio-2.jpg?resize=350%2C200&ssl=1","width":350,"height":200,"srcset":"https:\/\/i0.wp.com\/www.hoymercedes.com.ar\/principal\/wp-content\/uploads\/2019\/06\/24-incendio-2.jpg?resize=350%2C200&ssl=1 1x, https:\/\/i0.wp.com\/www.hoymercedes.com.ar\/principal\/wp-content\/uploads\/2019\/06\/24-incendio-2.jpg?resize=525%2C300&ssl=1 1.5x, https:\/\/i0.wp.com\/www.hoymercedes.com.ar\/principal\/wp-content\/uploads\/2019\/06\/24-incendio-2.jpg?resize=700%2C400&ssl=1 2x"},"classes":[]},{"id":38787,"url":"https:\/\/www.hoymercedes.com.ar\/principal\/2015\/01\/01\/movido-fin-de-ano-e-inicio-del-nuevo-para-los-bomberos-voluntarios\/","url_meta":{"origin":126085,"position":1},"title":"Movido fin de a\u00f1o e inicio del nuevo para los Bomberos Voluntarios","author":"hoymercedes","date":"1 enero, 2015","format":false,"excerpt":"Los Bomberos Voluntarios de Mercedes tuvieron un inicio de a\u00f1o con gran cantidad de salidas debiendo pasar a\u00f1o nuevo en un incendio. Accidentes, incendios y falsa alarma en el itinerario de las primeras horas del nuevo a\u00f1o y el final del que cerr\u00e1bamos. Los Bomberos de Mercedes, la instituci\u00f3n que\u2026","rel":"","context":"En \u00abSociedad\u00bb","block_context":{"text":"Sociedad","link":"https:\/\/www.hoymercedes.com.ar\/principal\/category\/sociedad\/"},"img":{"alt_text":"incendioauto-1.1.2015","src":"https:\/\/i0.wp.com\/www.hoymercedes.com.ar\/principal\/wp-content\/uploads\/2015\/01\/incendioauto-1.1.2015.jpg?resize=350%2C200","width":350,"height":200,"srcset":"https:\/\/i0.wp.com\/www.hoymercedes.com.ar\/principal\/wp-content\/uploads\/2015\/01\/incendioauto-1.1.2015.jpg?resize=350%2C200 1x, https:\/\/i0.wp.com\/www.hoymercedes.com.ar\/principal\/wp-content\/uploads\/2015\/01\/incendioauto-1.1.2015.jpg?resize=525%2C300 1.5x"},"classes":[]},{"id":71639,"url":"https:\/\/www.hoymercedes.com.ar\/principal\/2018\/01\/17\/fuego-en-un-cable-de-energia-electrica\/","url_meta":{"origin":126085,"position":2},"title":"Fuego en un cable de energ\u00eda el\u00e9ctrica","author":"hoymercedes","date":"17 enero, 2018","format":false,"excerpt":"En la ma\u00f1ana de este mi\u00e9rcoles 17 de enero, el tendido el\u00e9ctrico de una de las veredas de Avenida 17, entre 18 y 20, se prendi\u00f3 fuego. Se cort\u00f3 la luz, se apag\u00f3 el fuego y en menos de una hora, el infortunio se solucion\u00f3. Por comerciantes y trabajadoras de\u2026","rel":"","context":"En \u00abPolicial\u00bb","block_context":{"text":"Policial","link":"https:\/\/www.hoymercedes.com.ar\/principal\/category\/policial\/"},"img":{"alt_text":"","src":"https:\/\/i0.wp.com\/www.hoymercedes.com.ar\/principal\/wp-content\/uploads\/2018\/01\/17-fuego-cable-2.jpg?resize=350%2C200&ssl=1","width":350,"height":200,"srcset":"https:\/\/i0.wp.com\/www.hoymercedes.com.ar\/principal\/wp-content\/uploads\/2018\/01\/17-fuego-cable-2.jpg?resize=350%2C200&ssl=1 1x, https:\/\/i0.wp.com\/www.hoymercedes.com.ar\/principal\/wp-content\/uploads\/2018\/01\/17-fuego-cable-2.jpg?resize=525%2C300&ssl=1 1.5x, https:\/\/i0.wp.com\/www.hoymercedes.com.ar\/principal\/wp-content\/uploads\/2018\/01\/17-fuego-cable-2.jpg?resize=700%2C400&ssl=1 2x"},"classes":[]},{"id":75650,"url":"https:\/\/www.hoymercedes.com.ar\/principal\/2018\/05\/10\/fuerte-y-grave-incendio-en-lujan-requirio-asistencia-de-bomberos-de-mercedes\/","url_meta":{"origin":126085,"position":3},"title":"Fuerte y grave incendio en Luj\u00e1n requiri\u00f3 asistencia de Bomberos de Mercedes","author":"hoymercedes","date":"10 mayo, 2018","format":false,"excerpt":"https:\/\/youtu.be\/eDonMlKiEbg \u00a0 El incendio de una empresa qu\u00edmica en Luj\u00e1n demand\u00f3 la tarea de los Bomberos Voluntarios de Mercedes que asistieron a los de la vecina ciudad dada la magnitud de las llamas. Actuaron 60 bomberos y 9 dotaciones en el impresionante fuego desatado. \u201cEl fuego caus\u00f3 la destrucci\u00f3n total\u2026","rel":"","context":"En \u00abSociedad\u00bb","block_context":{"text":"Sociedad","link":"https:\/\/www.hoymercedes.com.ar\/principal\/category\/sociedad\/"},"img":{"alt_text":"","src":"https:\/\/i0.wp.com\/www.hoymercedes.com.ar\/principal\/wp-content\/uploads\/2018\/05\/incendio.lujan_.jpg?resize=350%2C200&ssl=1","width":350,"height":200,"srcset":"https:\/\/i0.wp.com\/www.hoymercedes.com.ar\/principal\/wp-content\/uploads\/2018\/05\/incendio.lujan_.jpg?resize=350%2C200&ssl=1 1x, https:\/\/i0.wp.com\/www.hoymercedes.com.ar\/principal\/wp-content\/uploads\/2018\/05\/incendio.lujan_.jpg?resize=525%2C300&ssl=1 1.5x, https:\/\/i0.wp.com\/www.hoymercedes.com.ar\/principal\/wp-content\/uploads\/2018\/05\/incendio.lujan_.jpg?resize=700%2C400&ssl=1 2x"},"classes":[]},{"id":38696,"url":"https:\/\/www.hoymercedes.com.ar\/principal\/2014\/12\/27\/accidente-ren-ruta-41-en-cerca-de-01-00a\/","url_meta":{"origin":126085,"position":4},"title":"Camioneta y Motocicleta involucrados en accidente en RN\u00b041","author":"hoymercedes","date":"27 diciembre, 2014","format":false,"excerpt":"Un nuevo accidente se vivi\u00f3 en Ruta Provincial N\u00b041. En \u00e9sta ocasi\u00f3n se gener\u00f3 entre una Toyota Hilux y una motocicleta 100cc. Ambos afectados por el accidente recibieron atenciones m\u00e9dicas del hospital Dubarry, participaci\u00f3n de Bomberos Voluntarios y la Polic\u00eda Comunal. El hecho sucedi\u00f3 cerca de las 00.30am. R\u00e1pidamente actuaron\u2026","rel":"","context":"En \u00abSociedad\u00bb","block_context":{"text":"Sociedad","link":"https:\/\/www.hoymercedes.com.ar\/principal\/category\/sociedad\/"},"img":{"alt_text":"","src":"","width":0,"height":0},"classes":[]},{"id":177099,"url":"https:\/\/www.hoymercedes.com.ar\/principal\/2024\/07\/09\/incendio-de-vivienda-3-dotaciones-de-bomberos-y-proteccion-civil\/","url_meta":{"origin":126085,"position":5},"title":"Incendio de vivienda, 3 dotaciones de bomberos y protecci\u00f3n civil","author":"hoymercedes","date":"9 julio, 2024","format":false,"excerpt":"A primera hora de la ma\u00f1ana se produjo un incendio de gravedad en una vivienda ubicada en calle 30 entre 47 y 39 que demand\u00f3 una amplia tarea por parte de 3 dotaciones de Bomberos y Protecci\u00f3n Civil. El alerta ingres\u00f3 alrededor de las 7am con un arduo trabajo que\u2026","rel":"","context":"En \u00abPolicial\u00bb","block_context":{"text":"Policial","link":"https:\/\/www.hoymercedes.com.ar\/principal\/category\/policial\/"},"img":{"alt_text":"Incendio de vivienda, 3 dotaciones de bomberos y protecci\u00f3n civil","src":"https:\/\/i0.wp.com\/www.hoymercedes.com.ar\/principal\/wp-content\/uploads\/2024\/07\/Incendio.30.47.jpg?resize=350%2C200&ssl=1","width":350,"height":200,"srcset":"https:\/\/i0.wp.com\/www.hoymercedes.com.ar\/principal\/wp-content\/uploads\/2024\/07\/Incendio.30.47.jpg?resize=350%2C200&ssl=1 1x, https:\/\/i0.wp.com\/www.hoymercedes.com.ar\/principal\/wp-content\/uploads\/2024\/07\/Incendio.30.47.jpg?resize=525%2C300&ssl=1 1.5x, https:\/\/i0.wp.com\/www.hoymercedes.com.ar\/principal\/wp-content\/uploads\/2024\/07\/Incendio.30.47.jpg?resize=700%2C400&ssl=1 2x, https:\/\/i0.wp.com\/www.hoymercedes.com.ar\/principal\/wp-content\/uploads\/2024\/07\/Incendio.30.47.jpg?resize=1050%2C600&ssl=1 3x"},"classes":[]}],"_links":{"self":[{"href":"https:\/\/www.hoymercedes.com.ar\/principal\/wp-json\/wp\/v2\/posts\/126085","targetHints":{"allow":["GET"]}}],"collection":[{"href":"https:\/\/www.hoymercedes.com.ar\/principal\/wp-json\/wp\/v2\/posts"}],"about":[{"href":"https:\/\/www.hoymercedes.com.ar\/principal\/wp-json\/wp\/v2\/types\/post"}],"author":[{"embeddable":true,"href":"https:\/\/www.hoymercedes.com.ar\/principal\/wp-json\/wp\/v2\/users\/1"}],"replies":[{"embeddable":true,"href":"https:\/\/www.hoymercedes.com.ar\/principal\/wp-json\/wp\/v2\/comments?post=126085"}],"version-history":[{"count":0,"href":"https:\/\/www.hoymercedes.com.ar\/principal\/wp-json\/wp\/v2\/posts\/126085\/revisions"}],"wp:featuredmedia":[{"embeddable":true,"href":"https:\/\/www.hoymercedes.com.ar\/principal\/wp-json\/wp\/v2\/media\/126086"}],"wp:attachment":[{"href":"https:\/\/www.hoymercedes.com.ar\/principal\/wp-json\/wp\/v2\/media?parent=126085"}],"wp:term":[{"taxonomy":"category","embeddable":true,"href":"https:\/\/www.hoymercedes.com.ar\/principal\/wp-json\/wp\/v2\/categories?post=126085"},{"taxonomy":"post_tag","embeddable":true,"href":"https:\/\/www.hoymercedes.com.ar\/principal\/wp-json\/wp\/v2\/tags?post=126085"}],"curies":[{"name":"wp","href":"https:\/\/api.w.org\/{rel}","templated":true}]}}