{"id":126093,"date":"2021-03-10T14:24:08","date_gmt":"2021-03-10T17:24:08","guid":{"rendered":"https:\/\/www.hoymercedes.com.ar\/principal\/?p=126093"},"modified":"2021-03-10T14:24:14","modified_gmt":"2021-03-10T17:24:14","slug":"visita-del-director-provincial-de-salud-mental-en-mercedes","status":"publish","type":"post","link":"https:\/\/www.hoymercedes.com.ar\/principal\/2021\/03\/10\/visita-del-director-provincial-de-salud-mental-en-mercedes\/","title":{"rendered":"Visita del Director provincial de Salud Mental en Mercedes"},"content":{"rendered":"\n<p>Informe Municipal &#8211; El Municipio de Mercedes contin\u00faa trabajando de forma mancomunada con el Gobierno Provincial mejorando dispositivos que beneficien a los vecinos de Mercedes. En este caso, estuvo en la ciudad el Director Provincial en Salud Mental, Mariano Rey qui\u00e9n se reuni\u00f3 con el intendente Ustarroz y el coordinador regional de Salud Mental y Consumos Problem\u00e1ticos, Julio Maldonado buscando sumar y profundizar los mecanismos existentes en nuestra. \u00a0<\/p>\n\n\n\n<div class=\"wp-block-image\"><figure class=\"aligncenter size-large\"><img loading=\"lazy\" decoding=\"async\" width=\"800\" height=\"517\" data-attachment-id=\"126094\" data-permalink=\"https:\/\/www.hoymercedes.com.ar\/principal\/2021\/03\/10\/visita-del-director-provincial-de-salud-mental-en-mercedes\/dsc04948\/#main\" data-orig-file=\"https:\/\/www.hoymercedes.com.ar\/principal\/wp-content\/uploads\/2021\/03\/DSC04948.jpg\" data-orig-size=\"800,517\" data-comments-opened=\"0\" data-image-meta=\"{&quot;aperture&quot;:&quot;0&quot;,&quot;credit&quot;:&quot;&quot;,&quot;camera&quot;:&quot;&quot;,&quot;caption&quot;:&quot;&quot;,&quot;created_timestamp&quot;:&quot;1615385804&quot;,&quot;copyright&quot;:&quot;&quot;,&quot;focal_length&quot;:&quot;0&quot;,&quot;iso&quot;:&quot;0&quot;,&quot;shutter_speed&quot;:&quot;0&quot;,&quot;title&quot;:&quot;&quot;,&quot;orientation&quot;:&quot;1&quot;}\" data-image-title=\"DSC04948\" data-image-description=\"\" data-image-caption=\"\" data-large-file=\"https:\/\/www.hoymercedes.com.ar\/principal\/wp-content\/uploads\/2021\/03\/DSC04948.jpg\" src=\"https:\/\/www.hoymercedes.com.ar\/principal\/wp-content\/uploads\/2021\/03\/DSC04948.jpg\" alt=\"\" class=\"wp-image-126094\" srcset=\"https:\/\/www.hoymercedes.com.ar\/principal\/wp-content\/uploads\/2021\/03\/DSC04948.jpg 800w, https:\/\/www.hoymercedes.com.ar\/principal\/wp-content\/uploads\/2021\/03\/DSC04948-630x407.jpg 630w, https:\/\/www.hoymercedes.com.ar\/principal\/wp-content\/uploads\/2021\/03\/DSC04948-150x97.jpg 150w\" sizes=\"auto, (max-width: 800px) 100vw, 800px\" \/><\/figure><\/div>\n\n\n\n<p>En la reuni\u00f3n de los equipos t\u00e9cnicos participaron, adem\u00e1s, la secretaria de desarrollo de la comunidad, Jorgelina Silva, la sub secretaria de salud, Marianela Arenillas, Julio Maldonado y Roberto Maldonado. &nbsp;<\/p>\n\n\n\n<p>El intendente Juan Ignacio Ustarroz en primer lugar salud\u00f3 al Director Provincial en Salud Mental y agradeci\u00f3 al Gobierno Provincial \u201cel gran acompa\u00f1amiento que hace a la ciudad de Mercedes poniendo a disposici\u00f3n todas las herramientas que tiene el Estado para trabajar en conjunto en el marco de una estrategia de abordaje donde tenemos -hoy como eje- el tema de la pandemia, que ha puesto en crisis a nuestra sociedad donde una de las consecuencias, tambi\u00e9n, es la salud mental\u201d. &nbsp;<\/p>\n\n\n\n<p>En este sentido, el Dr. Ustarroz, se\u00f1al\u00f3 \u201cbien se dec\u00eda que desde la ciudad de Mercedes se crearon nuevos dispositivos como han sido la ampliaci\u00f3n del CPA y Centros de D\u00eda que nos ayudaron mucho a transitar esta situaci\u00f3n cr\u00edtica que hoy atravesamos\u201d y agreg\u00f3 \u201cno solamente nos quedamos con este cuadro de situaci\u00f3n sino que estamos trabajando y proyectando la creaci\u00f3n de nuevos dispositivos, articulando con algunos recursos que tiene la naci\u00f3n, la provincia y el Municipio porque entendemos que tenemos que trabajar desde una perspectiva de unidad de todo el Estado en todos los niveles\u201d. &nbsp;<\/p>\n\n\n\n<p>\u201cEl objetivo es poder desarrollar pol\u00edticas de prevenci\u00f3n, promoci\u00f3n y protecci\u00f3n en todos los niveles\u201d asegur\u00f3 el intendente Ustarroz y apunt\u00f3 \u201cla salud mental fue uno de los principales puntos que la pandemia puso en crisis, entonces esto requiere del esfuerzo, del trabajo mancomunado, de an\u00e1lisis de otras experiencias y trabajar por sobre todas las cosas en conjunto por el bienestar de todos los vecinos\u201d.&nbsp;&nbsp;&nbsp;<\/p>\n\n\n\n<p>Director Provincial en Salud Mental el Licenciado Mariano Rey manifest\u00f3 \u201cmuy contento de estar ac\u00e1, justamente porque Mercedes ha sido un municipio que ha acompa\u00f1ado un mont\u00f3n de iniciativas desde el inicio de la gesti\u00f3n, no solamente en la pandemia donde realizamos algunos dispositivos concretos para ese momento, sino tambi\u00e9n con el cambio en el modelo de atenci\u00f3n en lo que tiene que ver en salud mental\u201d y a\u00f1adi\u00f3 \u201centendemos que tambi\u00e9n el Municipio ha puesto todos sus dispositivos a disposici\u00f3n para poder pensar la reorganizaci\u00f3n del sistema\u201d. &nbsp;<\/p>\n\n\n\n<p>\u201cEso nos permiti\u00f3 sacar el CPA que estaba metido hacia adentro y que vuelva a retomar la relaci\u00f3n con la comunidad, lo cual es muy importante, el fortalecimiento del trabajo con el Centro de D\u00eda que tambi\u00e9n viene de una experiencia comunitaria muy interesante, tambi\u00e9n visitaremos el hospital Blas L. Dubarry porque es muy importante la interrelaci\u00f3n entre todo el sistema de salud\u201d asegur\u00f3 Rey y apunt\u00f3 \u201canim\u00e1ndonos con el intendente Ustarroz a pensar propuestas alternativas para poder seguir fortaleciendo otros dispositivos intermedios que son necesarios para poder pensar una provincia distinta, m\u00e1s inclusiva en materia de salud mental\u201d. &nbsp;<\/p>\n\n\n\n<p>Por su parte, el coordinador regional de Salud Mental y Consumos Problem\u00e1ticos, Julio Maldonado expres\u00f3 \u201ctener la presencia del Director Provincial en Salud Mental y su equipo es muy importante, con ellos venimos trabajando y profundizando la tarea\u201d y destac\u00f3 \u201cel objetivo es mejorar los dispositivos que tenemos, junto al intendente Ustarroz, a la secretar\u00eda de Salud, al \u00e1rea de Desarrollo Social, en fin, con todos los actores necesarios para poder seguir profundizando el trabajo\u201d. \u00a0<\/p>\n","protected":false},"excerpt":{"rendered":"<p>Informe Municipal &#8211; El Municipio de Mercedes contin\u00faa trabajando de forma mancomunada con el Gobierno Provincial mejorando dispositivos que beneficien &#8230; <a title=\"Visita del Director provincial de Salud Mental en Mercedes\" class=\"read-more\" href=\"https:\/\/www.hoymercedes.com.ar\/principal\/2021\/03\/10\/visita-del-director-provincial-de-salud-mental-en-mercedes\/\" aria-label=\"Leer m\u00e1s sobre Visita del Director provincial de Salud Mental en Mercedes\">Leer m\u00e1s<\/a><\/p>\n","protected":false},"author":1,"featured_media":126094,"comment_status":"closed","ping_status":"open","sticky":false,"template":"","format":"standard","meta":{"_monsterinsights_skip_tracking":false,"_monsterinsights_sitenote_active":false,"_monsterinsights_sitenote_note":"","_monsterinsights_sitenote_category":0,"jetpack_post_was_ever_published":false,"_jetpack_newsletter_access":"","_jetpack_dont_email_post_to_subs":false,"_jetpack_newsletter_tier_id":0,"_jetpack_memberships_contains_paywalled_content":false,"_jetpack_memberships_contains_paid_content":false,"footnotes":"","jetpack_publicize_message":"","jetpack_publicize_feature_enabled":true,"jetpack_social_post_already_shared":true,"jetpack_social_options":{"image_generator_settings":{"template":"highway","default_image_id":0,"font":"","enabled":false},"version":2},"_wpas_customize_per_network":false},"categories":[30],"tags":[],"class_list":["post-126093","post","type-post","status-publish","format-standard","has-post-thumbnail","hentry","category-municipio","generate-columns","tablet-grid-50","mobile-grid-100","grid-parent","grid-50"],"jetpack_publicize_connections":[],"jetpack_featured_media_url":"https:\/\/www.hoymercedes.com.ar\/principal\/wp-content\/uploads\/2021\/03\/DSC04948.jpg","wps_subtitle":"","jetpack_sharing_enabled":true,"jetpack-related-posts":[{"id":169143,"url":"https:\/\/www.hoymercedes.com.ar\/principal\/2023\/11\/03\/reconocieron-al-equipo-de-trabajo-de-salud-mental-local\/","url_meta":{"origin":126093,"position":0},"title":"Reconocieron al equipo de trabajo de Salud Mental local","author":"hoymercedes","date":"3 noviembre, 2023","format":false,"excerpt":"El Municipio de La Matanza reconoci\u00f3 el trabajo de Arte y Salud al CPA y Centro Comunitario de salud mental de la ciudad de Mercedes. El 31 de octubre cerrando el \u201cMes de la Salud Mental\u201d en el Hospital Alberto Balestrini, en Ciudad Evita, se celebr\u00f3 el primer Aniversario de\u2026","rel":"","context":"En \u00abSalud\u00bb","block_context":{"text":"Salud","link":"https:\/\/www.hoymercedes.com.ar\/principal\/category\/salud\/"},"img":{"alt_text":"","src":"https:\/\/i0.wp.com\/www.hoymercedes.com.ar\/principal\/wp-content\/uploads\/2023\/11\/salud-mental-1.jpg?resize=350%2C200&ssl=1","width":350,"height":200,"srcset":"https:\/\/i0.wp.com\/www.hoymercedes.com.ar\/principal\/wp-content\/uploads\/2023\/11\/salud-mental-1.jpg?resize=350%2C200&ssl=1 1x, https:\/\/i0.wp.com\/www.hoymercedes.com.ar\/principal\/wp-content\/uploads\/2023\/11\/salud-mental-1.jpg?resize=525%2C300&ssl=1 1.5x, https:\/\/i0.wp.com\/www.hoymercedes.com.ar\/principal\/wp-content\/uploads\/2023\/11\/salud-mental-1.jpg?resize=700%2C400&ssl=1 2x"},"classes":[]},{"id":108541,"url":"https:\/\/www.hoymercedes.com.ar\/principal\/2020\/03\/27\/aislamiento-asistencia-y-acompanamiento-en-salud-mental\/","url_meta":{"origin":126093,"position":1},"title":"Aislamiento: asistencia y acompa\u00f1amiento en salud mental","author":"hoymercedes","date":"27 marzo, 2020","format":false,"excerpt":"Por Prensa Municipal - Ante esta situaci\u00f3n compleja que irrumpi\u00f3 de manera vertiginosa en nuestra ciudad y el mundo, los diferentes mecanismos municipales debieron adaptarse para brindar control, ordenamiento y ayuda a los vecinos de la ciudad. Es as\u00ed como el Centro de D\u00eda de Salud Mental y Consumo Problem\u00e1tico\u2026","rel":"","context":"En \u00abMunicipio\u00bb","block_context":{"text":"Municipio","link":"https:\/\/www.hoymercedes.com.ar\/principal\/category\/municipio\/"},"img":{"alt_text":"","src":"https:\/\/i0.wp.com\/www.hoymercedes.com.ar\/principal\/wp-content\/uploads\/2020\/03\/27-DIAT-APS-1.jpeg?resize=350%2C200&ssl=1","width":350,"height":200,"srcset":"https:\/\/i0.wp.com\/www.hoymercedes.com.ar\/principal\/wp-content\/uploads\/2020\/03\/27-DIAT-APS-1.jpeg?resize=350%2C200&ssl=1 1x, https:\/\/i0.wp.com\/www.hoymercedes.com.ar\/principal\/wp-content\/uploads\/2020\/03\/27-DIAT-APS-1.jpeg?resize=525%2C300&ssl=1 1.5x"},"classes":[]},{"id":110976,"url":"https:\/\/www.hoymercedes.com.ar\/principal\/2020\/05\/21\/cuarentena-asistencia-y-acompanamiento-en-salud-mental\/","url_meta":{"origin":126093,"position":2},"title":"Cuarentena: asistencia y acompa\u00f1amiento en salud mental","author":"hoymercedes","date":"21 mayo, 2020","format":false,"excerpt":"La Secretar\u00eda de Desarrollo Social municipal a trav\u00e9s del el Centro de D\u00eda de Salud Mental y Consumo Problem\u00e1tico, que trabaja de forma articulada con el DIAT (Dispositivo Integral de Abordaje Territorial) y el CPA (Centro Provincial de Atenci\u00f3n) contin\u00faa prestando atenci\u00f3n y asistencia a los vecinos con distintas problem\u00e1ticas\u2026","rel":"","context":"En \u00abMunicipio\u00bb","block_context":{"text":"Municipio","link":"https:\/\/www.hoymercedes.com.ar\/principal\/category\/municipio\/"},"img":{"alt_text":"","src":"https:\/\/i0.wp.com\/www.hoymercedes.com.ar\/principal\/wp-content\/uploads\/2020\/05\/21-Salud-Mental.jpg?resize=350%2C200&ssl=1","width":350,"height":200,"srcset":"https:\/\/i0.wp.com\/www.hoymercedes.com.ar\/principal\/wp-content\/uploads\/2020\/05\/21-Salud-Mental.jpg?resize=350%2C200&ssl=1 1x, https:\/\/i0.wp.com\/www.hoymercedes.com.ar\/principal\/wp-content\/uploads\/2020\/05\/21-Salud-Mental.jpg?resize=525%2C300&ssl=1 1.5x, https:\/\/i0.wp.com\/www.hoymercedes.com.ar\/principal\/wp-content\/uploads\/2020\/05\/21-Salud-Mental.jpg?resize=700%2C400&ssl=1 2x"},"classes":[]},{"id":134892,"url":"https:\/\/www.hoymercedes.com.ar\/principal\/2021\/08\/08\/juegoteca-para-el-area-de-salud-mental\/","url_meta":{"origin":126093,"position":3},"title":"Juegoteca para el \u00e1rea de Salud Mental","author":"hoymercedes","date":"8 agosto, 2021","format":false,"excerpt":"Se llev\u00f3 a cabo la entrega de elementos para la construcci\u00f3n de una jugoteca en Mercedes en el marco de la formalizaci\u00f3n del Programa Infancias y Juventudes Cuidados y Asistencia en Salud Mental de la Subsecretar\u00eda de SM CP y V. La acci\u00f3n fue en articulaci\u00f3n con la Fundaci\u00f3n Banco\u2026","rel":"","context":"En \u00abMunicipio\u00bb","block_context":{"text":"Municipio","link":"https:\/\/www.hoymercedes.com.ar\/principal\/category\/municipio\/"},"img":{"alt_text":"","src":"https:\/\/i0.wp.com\/www.hoymercedes.com.ar\/principal\/wp-content\/uploads\/2021\/08\/DSC08888.jpg?resize=350%2C200&ssl=1","width":350,"height":200,"srcset":"https:\/\/i0.wp.com\/www.hoymercedes.com.ar\/principal\/wp-content\/uploads\/2021\/08\/DSC08888.jpg?resize=350%2C200&ssl=1 1x, https:\/\/i0.wp.com\/www.hoymercedes.com.ar\/principal\/wp-content\/uploads\/2021\/08\/DSC08888.jpg?resize=525%2C300&ssl=1 1.5x, https:\/\/i0.wp.com\/www.hoymercedes.com.ar\/principal\/wp-content\/uploads\/2021\/08\/DSC08888.jpg?resize=700%2C400&ssl=1 2x"},"classes":[]},{"id":137788,"url":"https:\/\/www.hoymercedes.com.ar\/principal\/2021\/09\/24\/ustarroz-y-ministro-kreplak-firman-construccion-de-un-centro-de-dia-de-salud-mantral\/","url_meta":{"origin":126093,"position":4},"title":"Ustarroz y ministro Kreplak firman construcci\u00f3n de un Centro de D\u00eda de Salud Mantral","author":"hoymercedes","date":"24 septiembre, 2021","format":false,"excerpt":"El Municipio de Mercedes firm\u00f3 un convenio con el Gobierno de la Provincia de Buenos, a trav\u00e9s del Ministerio de Salud provincial, para el inicio de una importante obra con el objetivo de mejorar el sistema de salud mental de nuestra ciudad. \u201cEs un nuevo apoyo de la provincia que\u2026","rel":"","context":"En \u00abSociedad\u00bb","block_context":{"text":"Sociedad","link":"https:\/\/www.hoymercedes.com.ar\/principal\/category\/sociedad\/"},"img":{"alt_text":"","src":"https:\/\/i0.wp.com\/www.hoymercedes.com.ar\/principal\/wp-content\/uploads\/2021\/09\/DSC05676.jpg?resize=350%2C200&ssl=1","width":350,"height":200,"srcset":"https:\/\/i0.wp.com\/www.hoymercedes.com.ar\/principal\/wp-content\/uploads\/2021\/09\/DSC05676.jpg?resize=350%2C200&ssl=1 1x, https:\/\/i0.wp.com\/www.hoymercedes.com.ar\/principal\/wp-content\/uploads\/2021\/09\/DSC05676.jpg?resize=525%2C300&ssl=1 1.5x, https:\/\/i0.wp.com\/www.hoymercedes.com.ar\/principal\/wp-content\/uploads\/2021\/09\/DSC05676.jpg?resize=700%2C400&ssl=1 2x"},"classes":[]},{"id":113192,"url":"https:\/\/www.hoymercedes.com.ar\/principal\/2020\/07\/05\/centro-de-salud-mental-continua-la-atencion-durante-la-cuarentena\/","url_meta":{"origin":126093,"position":5},"title":"Centro de Salud Mental contin\u00faa la atenci\u00f3n durante la cuarentena","author":"hoymercedes","date":"5 julio, 2020","format":false,"excerpt":"A pesar del cambio en la metodolog\u00eda de atenci\u00f3n que se produjo debido a la pandemia, desde el Centro de D\u00eda de Salud Mental y Consumo Problem\u00e1tico se contin\u00faan con las acciones de asistencia y acompa\u00f1amiento durante esta cuarentena. Comenzaron a entregar viandas de comida para los pacientes y vecinos\u2026","rel":"","context":"En \u00abSalud\u00bb","block_context":{"text":"Salud","link":"https:\/\/www.hoymercedes.com.ar\/principal\/category\/salud\/"},"img":{"alt_text":"","src":"https:\/\/i0.wp.com\/www.hoymercedes.com.ar\/principal\/wp-content\/uploads\/2020\/07\/05-salud-mental.jpg?resize=350%2C200&ssl=1","width":350,"height":200,"srcset":"https:\/\/i0.wp.com\/www.hoymercedes.com.ar\/principal\/wp-content\/uploads\/2020\/07\/05-salud-mental.jpg?resize=350%2C200&ssl=1 1x, https:\/\/i0.wp.com\/www.hoymercedes.com.ar\/principal\/wp-content\/uploads\/2020\/07\/05-salud-mental.jpg?resize=525%2C300&ssl=1 1.5x, https:\/\/i0.wp.com\/www.hoymercedes.com.ar\/principal\/wp-content\/uploads\/2020\/07\/05-salud-mental.jpg?resize=700%2C400&ssl=1 2x"},"classes":[]}],"_links":{"self":[{"href":"https:\/\/www.hoymercedes.com.ar\/principal\/wp-json\/wp\/v2\/posts\/126093","targetHints":{"allow":["GET"]}}],"collection":[{"href":"https:\/\/www.hoymercedes.com.ar\/principal\/wp-json\/wp\/v2\/posts"}],"about":[{"href":"https:\/\/www.hoymercedes.com.ar\/principal\/wp-json\/wp\/v2\/types\/post"}],"author":[{"embeddable":true,"href":"https:\/\/www.hoymercedes.com.ar\/principal\/wp-json\/wp\/v2\/users\/1"}],"replies":[{"embeddable":true,"href":"https:\/\/www.hoymercedes.com.ar\/principal\/wp-json\/wp\/v2\/comments?post=126093"}],"version-history":[{"count":0,"href":"https:\/\/www.hoymercedes.com.ar\/principal\/wp-json\/wp\/v2\/posts\/126093\/revisions"}],"wp:featuredmedia":[{"embeddable":true,"href":"https:\/\/www.hoymercedes.com.ar\/principal\/wp-json\/wp\/v2\/media\/126094"}],"wp:attachment":[{"href":"https:\/\/www.hoymercedes.com.ar\/principal\/wp-json\/wp\/v2\/media?parent=126093"}],"wp:term":[{"taxonomy":"category","embeddable":true,"href":"https:\/\/www.hoymercedes.com.ar\/principal\/wp-json\/wp\/v2\/categories?post=126093"},{"taxonomy":"post_tag","embeddable":true,"href":"https:\/\/www.hoymercedes.com.ar\/principal\/wp-json\/wp\/v2\/tags?post=126093"}],"curies":[{"name":"wp","href":"https:\/\/api.w.org\/{rel}","templated":true}]}}