{"id":126109,"date":"2021-03-10T21:15:00","date_gmt":"2021-03-11T00:15:00","guid":{"rendered":"https:\/\/www.hoymercedes.com.ar\/principal\/?p=126109"},"modified":"2021-03-10T21:15:06","modified_gmt":"2021-03-11T00:15:06","slug":"las-dosis-de-sinopharm-comenzaron-a-aplicarse-este-miercoles","status":"publish","type":"post","link":"https:\/\/www.hoymercedes.com.ar\/principal\/2021\/03\/10\/las-dosis-de-sinopharm-comenzaron-a-aplicarse-este-miercoles\/","title":{"rendered":"Las d\u00f3sis de Sinopharm comenzaron a aplicarse este mi\u00e9rcoles"},"content":{"rendered":"\n<p>El d\u00eda martes, llegaron a Mercedes 600 d\u00f3sis de vacuna Sinopharm que comenzaron a aplicarse este mismo mi\u00e9rcoles en el Museo de Arte (MAMM) a docentes, auxiliares y personas entre 18 y 59 con factores de riesgos que fueron convocados el d\u00eda anterior. En distintos turnos, se atendieron un promedio de 40 personas por hora que transitaban por los tres vacunatorios instalados en el museo de calle 23. Mientras que en el Hospital Blas L. Dubarry contin\u00faa la aplicaci\u00f3n de vacunas a mayores de 60 a\u00f1os, con dosis de la Sputnik V.\u00a0\u00a0\u00a0\u00a0<\/p>\n\n\n\n<div class=\"wp-block-image\"><figure class=\"aligncenter size-large\"><img loading=\"lazy\" decoding=\"async\" width=\"800\" height=\"533\" data-attachment-id=\"126110\" data-permalink=\"https:\/\/www.hoymercedes.com.ar\/principal\/2021\/03\/10\/las-dosis-de-sinopharm-comenzaron-a-aplicarse-este-miercoles\/ewerzolwybmm3q9\/#main\" data-orig-file=\"https:\/\/www.hoymercedes.com.ar\/principal\/wp-content\/uploads\/2021\/03\/EwERzOLWYBMm3q9.jpg\" data-orig-size=\"800,533\" data-comments-opened=\"0\" data-image-meta=\"{&quot;aperture&quot;:&quot;0&quot;,&quot;credit&quot;:&quot;&quot;,&quot;camera&quot;:&quot;&quot;,&quot;caption&quot;:&quot;&quot;,&quot;created_timestamp&quot;:&quot;1615407982&quot;,&quot;copyright&quot;:&quot;&quot;,&quot;focal_length&quot;:&quot;0&quot;,&quot;iso&quot;:&quot;0&quot;,&quot;shutter_speed&quot;:&quot;0&quot;,&quot;title&quot;:&quot;&quot;,&quot;orientation&quot;:&quot;1&quot;}\" data-image-title=\"EwERzOLWYBMm3q9\" data-image-description=\"\" data-image-caption=\"&lt;p&gt;Marianela Arenillas junto a la Coordinadora de la Regi\u00f3n Sanitaria X, al recibir las d\u00f3sis el d\u00eda martes&lt;\/p&gt;\n\" data-large-file=\"https:\/\/www.hoymercedes.com.ar\/principal\/wp-content\/uploads\/2021\/03\/EwERzOLWYBMm3q9.jpg\" src=\"https:\/\/www.hoymercedes.com.ar\/principal\/wp-content\/uploads\/2021\/03\/EwERzOLWYBMm3q9.jpg\" alt=\"\" class=\"wp-image-126110\" srcset=\"https:\/\/www.hoymercedes.com.ar\/principal\/wp-content\/uploads\/2021\/03\/EwERzOLWYBMm3q9.jpg 800w, https:\/\/www.hoymercedes.com.ar\/principal\/wp-content\/uploads\/2021\/03\/EwERzOLWYBMm3q9-630x420.jpg 630w, https:\/\/www.hoymercedes.com.ar\/principal\/wp-content\/uploads\/2021\/03\/EwERzOLWYBMm3q9-150x100.jpg 150w, https:\/\/www.hoymercedes.com.ar\/principal\/wp-content\/uploads\/2021\/03\/EwERzOLWYBMm3q9-700x465.jpg 700w\" sizes=\"auto, (max-width: 800px) 100vw, 800px\" \/><figcaption>Marianela Arenillas junto a la Coordinadora de la Regi\u00f3n Sanitaria X, al recibir las d\u00f3sis el d\u00eda martes<\/figcaption><\/figure><\/div>\n\n\n\n<p>La caracter\u00edstica principal de la vacuna Sinopharm es que no puede ser aplicada a personas mayores de 60 a\u00f1os. Por lo tanto,  vacunaci\u00f3n a personas de 18 a 59 a\u00f1os con factores de riesgo, adem\u00e1s de docentes y auxiliares dentro de ese rango etario que no necesariamente ten\u00edan alg\u00fan factor de riesgo. La Subsecretaria del \u00e1rea de salud, Marianela Arenilla explic\u00f3 que las vacunas Sinopharm, de origen china, a\u00fan no est\u00e1 autorizada para personas mayores de 60 a\u00f1os, por ese motivo estamos vacunaron a personas menores de esa edad. <\/p>\n\n\n\n<p>\u201cEstamos muy contentos de haber recibido esta vacuna y de hacer efectiva la vacunaci\u00f3n\u201d asegur\u00f3 Arenilla y apunt\u00f3 \u201cabrimos la turnera para este mi\u00e9rcoles, jueves y viernes donde estamos vacunando a 200 personas por d\u00eda, esperando la Sputnik para continuar con la vacunaci\u00f3n, tambi\u00e9n, con los mayores de 60 donde por ahora se est\u00e1 garantizando en el Hospital Blas L. Dubarry desde el d\u00eda lunes\u201d. \u00a0<\/p>\n\n\n\n<p>De acuerdo a los dichos transmitidos por el \u00e1rea de prensa municipal, la Subsecretaria del \u00e1rea de salud aclar\u00f3 \u201cen la ciudad se est\u00e1 vacunando, de manera ordenada, por eso pedimos un poco de paciencia, a sabiendas de que todos los que estamos en el sistema de salud de la ciudad est\u00e1 trabajando con mucha seriedad y pensado en el bienestar de los vecinos. Desde la provincia de Buenos Aires se nos mandan las vacunas y el turnero\u201d. \u00a0<\/p>\n","protected":false},"excerpt":{"rendered":"<p>El d\u00eda martes, llegaron a Mercedes 600 d\u00f3sis de vacuna Sinopharm que comenzaron a aplicarse este mismo mi\u00e9rcoles en el &#8230; <a title=\"Las d\u00f3sis de Sinopharm comenzaron a aplicarse este mi\u00e9rcoles\" class=\"read-more\" href=\"https:\/\/www.hoymercedes.com.ar\/principal\/2021\/03\/10\/las-dosis-de-sinopharm-comenzaron-a-aplicarse-este-miercoles\/\" aria-label=\"Leer m\u00e1s sobre Las d\u00f3sis de Sinopharm comenzaron a aplicarse este mi\u00e9rcoles\">Leer m\u00e1s<\/a><\/p>\n","protected":false},"author":1,"featured_media":126110,"comment_status":"closed","ping_status":"open","sticky":false,"template":"","format":"standard","meta":{"_monsterinsights_skip_tracking":false,"_monsterinsights_sitenote_active":false,"_monsterinsights_sitenote_note":"","_monsterinsights_sitenote_category":0,"jetpack_post_was_ever_published":false,"_jetpack_newsletter_access":"","_jetpack_dont_email_post_to_subs":false,"_jetpack_newsletter_tier_id":0,"_jetpack_memberships_contains_paywalled_content":false,"_jetpack_memberships_contains_paid_content":false,"footnotes":"","jetpack_publicize_message":"","jetpack_publicize_feature_enabled":true,"jetpack_social_post_already_shared":true,"jetpack_social_options":{"image_generator_settings":{"template":"highway","default_image_id":0,"font":"","enabled":false},"version":2},"_wpas_customize_per_network":false},"categories":[30],"tags":[],"class_list":["post-126109","post","type-post","status-publish","format-standard","has-post-thumbnail","hentry","category-municipio","generate-columns","tablet-grid-50","mobile-grid-100","grid-parent","grid-50"],"jetpack_publicize_connections":[],"jetpack_featured_media_url":"https:\/\/www.hoymercedes.com.ar\/principal\/wp-content\/uploads\/2021\/03\/EwERzOLWYBMm3q9.jpg","wps_subtitle":"","jetpack_sharing_enabled":true,"jetpack-related-posts":[{"id":130160,"url":"https:\/\/www.hoymercedes.com.ar\/principal\/2021\/05\/15\/provincia-otorgo-180-000-turnos-para-la-segunda-dosis-de-sinopharm\/","url_meta":{"origin":126109,"position":0},"title":"Provincia otorg\u00f3 180.000 turnos para la segunda dosis de Sinopharm","author":"hoymercedes","date":"15 mayo, 2021","format":false,"excerpt":"Los turnos est\u00e1n llegando a las personas a trav\u00e9s de las diferentes v\u00edas de comunicaci\u00f3n seleccionada. El ministro de Salud Daniel Gollan y su viceministro Nicol\u00e1s Kreplak pideron a los bonaerenses que est\u00e9n pendientes de la APP y la Web para saber cu\u00e1ndo concurrir a completar la inoculaci\u00f3n. En Mercedes,\u2026","rel":"","context":"En \u00abProvincia\u00bb","block_context":{"text":"Provincia","link":"https:\/\/www.hoymercedes.com.ar\/principal\/category\/provincia\/"},"img":{"alt_text":"","src":"https:\/\/i0.wp.com\/www.hoymercedes.com.ar\/principal\/wp-content\/uploads\/2020\/12\/24-vacunate.jpg?resize=350%2C200&ssl=1","width":350,"height":200,"srcset":"https:\/\/i0.wp.com\/www.hoymercedes.com.ar\/principal\/wp-content\/uploads\/2020\/12\/24-vacunate.jpg?resize=350%2C200&ssl=1 1x, https:\/\/i0.wp.com\/www.hoymercedes.com.ar\/principal\/wp-content\/uploads\/2020\/12\/24-vacunate.jpg?resize=525%2C300&ssl=1 1.5x"},"classes":[]},{"id":139153,"url":"https:\/\/www.hoymercedes.com.ar\/principal\/2021\/10\/26\/aplicaran-tercer-dosis-de-vacuna-a-mayores-de-50-con-factores-de-riesgo\/","url_meta":{"origin":126109,"position":1},"title":"Aplicar\u00e1n tercer d\u00f3sis de vacuna a mayores de 50 con factores de riesgo","author":"hoymercedes","date":"26 octubre, 2021","format":false,"excerpt":"informaci\u00f3n oficial de PBA - En noviembre, empezar\u00e1 a aplicarse una tercera dosis a los mayores de 50 a\u00f1os que hayan recibido Sinopharm y a todas las personas inmunocomprometidas. En el marco de la campa\u00f1a de vacunaci\u00f3n se decidi\u00f3 comenzar con la aplicaci\u00f3n de terceras dosis a toda la poblaci\u00f3n\u2026","rel":"","context":"En \u00abProvincia\u00bb","block_context":{"text":"Provincia","link":"https:\/\/www.hoymercedes.com.ar\/principal\/category\/provincia\/"},"img":{"alt_text":"","src":"https:\/\/i0.wp.com\/www.hoymercedes.com.ar\/principal\/wp-content\/uploads\/2021\/03\/25-vacuna-aztracensa.jpg?resize=350%2C200&ssl=1","width":350,"height":200,"srcset":"https:\/\/i0.wp.com\/www.hoymercedes.com.ar\/principal\/wp-content\/uploads\/2021\/03\/25-vacuna-aztracensa.jpg?resize=350%2C200&ssl=1 1x, https:\/\/i0.wp.com\/www.hoymercedes.com.ar\/principal\/wp-content\/uploads\/2021\/03\/25-vacuna-aztracensa.jpg?resize=525%2C300&ssl=1 1.5x, https:\/\/i0.wp.com\/www.hoymercedes.com.ar\/principal\/wp-content\/uploads\/2021\/03\/25-vacuna-aztracensa.jpg?resize=700%2C400&ssl=1 2x"},"classes":[]},{"id":142847,"url":"https:\/\/www.hoymercedes.com.ar\/principal\/2022\/01\/19\/provincia-anuncio-dosis-de-refuerzo-libre-para-personal-de-seguridad\/","url_meta":{"origin":126109,"position":2},"title":"Provincia anunci\u00f3 dosis de refuerzo libre para personal de seguridad","author":"hoymercedes","date":"19 enero, 2022","format":false,"excerpt":"Desde este mi\u00e9rcoles, en la provincia de Buenos Aires habr\u00e1 vacunaci\u00f3n libre con dosis de refuerzo para los trabajadores de la seguridad, las personas gestantes y quienes se encuentran en periodo de lactancia, siempre que hayan completado sus esquemas primarios hace al menos cuatro meses. As\u00ed lo anunciaron las autoridades\u2026","rel":"","context":"En \u00abProvincia\u00bb","block_context":{"text":"Provincia","link":"https:\/\/www.hoymercedes.com.ar\/principal\/category\/provincia\/"},"img":{"alt_text":"","src":"https:\/\/i0.wp.com\/www.hoymercedes.com.ar\/principal\/wp-content\/uploads\/2022\/01\/2022_01_18-AK-Monte-Hermoso-CP_DON_0439.jpg?resize=350%2C200&ssl=1","width":350,"height":200,"srcset":"https:\/\/i0.wp.com\/www.hoymercedes.com.ar\/principal\/wp-content\/uploads\/2022\/01\/2022_01_18-AK-Monte-Hermoso-CP_DON_0439.jpg?resize=350%2C200&ssl=1 1x, https:\/\/i0.wp.com\/www.hoymercedes.com.ar\/principal\/wp-content\/uploads\/2022\/01\/2022_01_18-AK-Monte-Hermoso-CP_DON_0439.jpg?resize=525%2C300&ssl=1 1.5x, https:\/\/i0.wp.com\/www.hoymercedes.com.ar\/principal\/wp-content\/uploads\/2022\/01\/2022_01_18-AK-Monte-Hermoso-CP_DON_0439.jpg?resize=700%2C400&ssl=1 2x"},"classes":[]},{"id":132618,"url":"https:\/\/www.hoymercedes.com.ar\/principal\/2021\/06\/29\/llegaron-1o-y-2o-de-dosis-de-sputnik-v-argentina-supero-los-257-millones-de-vacunas-recibidas\/","url_meta":{"origin":126109,"position":3},"title":"Llegaron 1\u00ba y 2\u00ba de dosis de Sputnik V, Argentina super\u00f3 los 25,7 millones de vacunas recibidas","author":"hoymercedes","date":"29 junio, 2021","format":false,"excerpt":"Argentina sigue recibiendo vacunas y repercute en Mercedes que la campa\u00f1a ya permiti\u00f3 que m\u00e1s del 67% de inscriptos est\u00e9 vacunado. Un vuelo de Aerol\u00edneas proveniente de Rusia trajo una partida de 359.085 dosis del componente 1 y 350.000 del componente 2. De esta manera el pa\u00eds arriba a los\u2026","rel":"","context":"En \u00abNaci\u00f3n\u00bb","block_context":{"text":"Naci\u00f3n","link":"https:\/\/www.hoymercedes.com.ar\/principal\/category\/nacion\/"},"img":{"alt_text":"","src":"https:\/\/i0.wp.com\/www.hoymercedes.com.ar\/principal\/wp-content\/uploads\/2021\/06\/E5F1vnCXoAYC5TM.jpg?resize=350%2C200&ssl=1","width":350,"height":200,"srcset":"https:\/\/i0.wp.com\/www.hoymercedes.com.ar\/principal\/wp-content\/uploads\/2021\/06\/E5F1vnCXoAYC5TM.jpg?resize=350%2C200&ssl=1 1x, https:\/\/i0.wp.com\/www.hoymercedes.com.ar\/principal\/wp-content\/uploads\/2021\/06\/E5F1vnCXoAYC5TM.jpg?resize=525%2C300&ssl=1 1.5x, https:\/\/i0.wp.com\/www.hoymercedes.com.ar\/principal\/wp-content\/uploads\/2021\/06\/E5F1vnCXoAYC5TM.jpg?resize=700%2C400&ssl=1 2x, https:\/\/i0.wp.com\/www.hoymercedes.com.ar\/principal\/wp-content\/uploads\/2021\/06\/E5F1vnCXoAYC5TM.jpg?resize=1050%2C600&ssl=1 3x, https:\/\/i0.wp.com\/www.hoymercedes.com.ar\/principal\/wp-content\/uploads\/2021\/06\/E5F1vnCXoAYC5TM.jpg?resize=1400%2C800&ssl=1 4x"},"classes":[]},{"id":131645,"url":"https:\/\/www.hoymercedes.com.ar\/principal\/2021\/06\/12\/mas-vacunas-mas-inscriptos-en-mercedes\/","url_meta":{"origin":126109,"position":4},"title":"M\u00e1s vacunas, m\u00e1s inscriptos en Mercedes","author":"hoymercedes","date":"12 junio, 2021","format":false,"excerpt":"Desde el \u00e1rea de Salud de la Municipalidad de Mercedes informaron que hay en la ciudad m\u00e1s de 40 mil inscriptos de los cu\u00e1les 22 mil ya recibieron la primera dosis, mientras que m\u00e1s de 4.500 recibieron las dos dosis. El Secretario de Salud, el pediatra N\u00e9stor Pisapia cont\u00f3 que\u2026","rel":"","context":"En \u00abMunicipio\u00bb","block_context":{"text":"Municipio","link":"https:\/\/www.hoymercedes.com.ar\/principal\/category\/municipio\/"},"img":{"alt_text":"","src":"https:\/\/i0.wp.com\/www.hoymercedes.com.ar\/principal\/wp-content\/uploads\/2021\/06\/IMG-20210612-WA0001.jpg?resize=350%2C200&ssl=1","width":350,"height":200,"srcset":"https:\/\/i0.wp.com\/www.hoymercedes.com.ar\/principal\/wp-content\/uploads\/2021\/06\/IMG-20210612-WA0001.jpg?resize=350%2C200&ssl=1 1x, https:\/\/i0.wp.com\/www.hoymercedes.com.ar\/principal\/wp-content\/uploads\/2021\/06\/IMG-20210612-WA0001.jpg?resize=525%2C300&ssl=1 1.5x, https:\/\/i0.wp.com\/www.hoymercedes.com.ar\/principal\/wp-content\/uploads\/2021\/06\/IMG-20210612-WA0001.jpg?resize=700%2C400&ssl=1 2x"},"classes":[]},{"id":131531,"url":"https:\/\/www.hoymercedes.com.ar\/principal\/2021\/06\/10\/provincia-envio-145-800-turnos-para-aplicar-segundas-dosis\/","url_meta":{"origin":126109,"position":5},"title":"Provincia envi\u00f3 145.800 turnos para aplicar segundas d\u00f3sis","author":"hoymercedes","date":"10 junio, 2021","format":false,"excerpt":"En todo el territorio bonaerense se han distribuido vacunas para aplicar las segundas d\u00f3sis. Recomiendan consultar la aplicaci\u00f3n o p\u00e1gina web VacunateBA o a estar atentos a las notificaciones por las v\u00edas solicitadas. El Gobierno de la provincia de Buenos Aires anunci\u00f3 en la noche del mi\u00e9rcoles que comenz\u00f3 el\u2026","rel":"","context":"En \u00abProvincia\u00bb","block_context":{"text":"Provincia","link":"https:\/\/www.hoymercedes.com.ar\/principal\/category\/provincia\/"},"img":{"alt_text":"","src":"https:\/\/i0.wp.com\/www.hoymercedes.com.ar\/principal\/wp-content\/uploads\/2020\/12\/24-vacunate.jpg?resize=350%2C200&ssl=1","width":350,"height":200,"srcset":"https:\/\/i0.wp.com\/www.hoymercedes.com.ar\/principal\/wp-content\/uploads\/2020\/12\/24-vacunate.jpg?resize=350%2C200&ssl=1 1x, https:\/\/i0.wp.com\/www.hoymercedes.com.ar\/principal\/wp-content\/uploads\/2020\/12\/24-vacunate.jpg?resize=525%2C300&ssl=1 1.5x"},"classes":[]}],"_links":{"self":[{"href":"https:\/\/www.hoymercedes.com.ar\/principal\/wp-json\/wp\/v2\/posts\/126109","targetHints":{"allow":["GET"]}}],"collection":[{"href":"https:\/\/www.hoymercedes.com.ar\/principal\/wp-json\/wp\/v2\/posts"}],"about":[{"href":"https:\/\/www.hoymercedes.com.ar\/principal\/wp-json\/wp\/v2\/types\/post"}],"author":[{"embeddable":true,"href":"https:\/\/www.hoymercedes.com.ar\/principal\/wp-json\/wp\/v2\/users\/1"}],"replies":[{"embeddable":true,"href":"https:\/\/www.hoymercedes.com.ar\/principal\/wp-json\/wp\/v2\/comments?post=126109"}],"version-history":[{"count":0,"href":"https:\/\/www.hoymercedes.com.ar\/principal\/wp-json\/wp\/v2\/posts\/126109\/revisions"}],"wp:featuredmedia":[{"embeddable":true,"href":"https:\/\/www.hoymercedes.com.ar\/principal\/wp-json\/wp\/v2\/media\/126110"}],"wp:attachment":[{"href":"https:\/\/www.hoymercedes.com.ar\/principal\/wp-json\/wp\/v2\/media?parent=126109"}],"wp:term":[{"taxonomy":"category","embeddable":true,"href":"https:\/\/www.hoymercedes.com.ar\/principal\/wp-json\/wp\/v2\/categories?post=126109"},{"taxonomy":"post_tag","embeddable":true,"href":"https:\/\/www.hoymercedes.com.ar\/principal\/wp-json\/wp\/v2\/tags?post=126109"}],"curies":[{"name":"wp","href":"https:\/\/api.w.org\/{rel}","templated":true}]}}