{"id":126124,"date":"2021-03-10T23:48:59","date_gmt":"2021-03-11T02:48:59","guid":{"rendered":"https:\/\/www.hoymercedes.com.ar\/principal\/?p=126124"},"modified":"2021-03-10T23:49:04","modified_gmt":"2021-03-11T02:49:04","slug":"una-mujer-fallecio-y-cuatro-pacientes-recibieron-resultados-positivos-de-covid","status":"publish","type":"post","link":"https:\/\/www.hoymercedes.com.ar\/principal\/2021\/03\/10\/una-mujer-fallecio-y-cuatro-pacientes-recibieron-resultados-positivos-de-covid\/","title":{"rendered":"Una mujer falleci\u00f3 y cuatro pacientes recibieron resultados positivos de covid"},"content":{"rendered":"\n<p>La informaci\u00f3n que llega desde las autoridades comunales sobre la situaci\u00f3n epidemiol\u00f3gica confirma que una mujer de 43 a\u00f1os falleci\u00f3 siendo portadora del virus. Con este fallecimiento ya son 57 las personas de Mercedes que fallecieron con el virus Sars-cov2 que produce la enfermedad que preocupa al mundo. Adem\u00e1s, comunican que de los 40 an\u00e1lisis procesados, 4 resultaron positivos de covid-19. <\/p>\n\n\n\n<div class=\"wp-block-image\"><figure class=\"aligncenter size-large\"><img loading=\"lazy\" decoding=\"async\" width=\"800\" height=\"800\" data-attachment-id=\"126125\" data-permalink=\"https:\/\/www.hoymercedes.com.ar\/principal\/2021\/03\/10\/una-mujer-fallecio-y-cuatro-pacientes-recibieron-resultados-positivos-de-covid\/whatsapp-image-2021-03-10-at-21-58-19\/#main\" data-orig-file=\"https:\/\/www.hoymercedes.com.ar\/principal\/wp-content\/uploads\/2021\/03\/WhatsApp-Image-2021-03-10-at-21.58.19.jpeg\" data-orig-size=\"800,800\" data-comments-opened=\"0\" data-image-meta=\"{&quot;aperture&quot;:&quot;0&quot;,&quot;credit&quot;:&quot;&quot;,&quot;camera&quot;:&quot;&quot;,&quot;caption&quot;:&quot;&quot;,&quot;created_timestamp&quot;:&quot;0&quot;,&quot;copyright&quot;:&quot;&quot;,&quot;focal_length&quot;:&quot;0&quot;,&quot;iso&quot;:&quot;0&quot;,&quot;shutter_speed&quot;:&quot;0&quot;,&quot;title&quot;:&quot;&quot;,&quot;orientation&quot;:&quot;0&quot;}\" data-image-title=\"WhatsApp Image 2021-03-10 at 21.58.19\" data-image-description=\"\" data-image-caption=\"\" data-large-file=\"https:\/\/www.hoymercedes.com.ar\/principal\/wp-content\/uploads\/2021\/03\/WhatsApp-Image-2021-03-10-at-21.58.19.jpeg\" src=\"https:\/\/www.hoymercedes.com.ar\/principal\/wp-content\/uploads\/2021\/03\/WhatsApp-Image-2021-03-10-at-21.58.19.jpeg\" alt=\"\" class=\"wp-image-126125\" srcset=\"https:\/\/www.hoymercedes.com.ar\/principal\/wp-content\/uploads\/2021\/03\/WhatsApp-Image-2021-03-10-at-21.58.19.jpeg 800w, https:\/\/www.hoymercedes.com.ar\/principal\/wp-content\/uploads\/2021\/03\/WhatsApp-Image-2021-03-10-at-21.58.19-620x620.jpeg 620w, https:\/\/www.hoymercedes.com.ar\/principal\/wp-content\/uploads\/2021\/03\/WhatsApp-Image-2021-03-10-at-21.58.19-150x150.jpeg 150w\" sizes=\"auto, (max-width: 800px) 100vw, 800px\" \/><\/figure><\/div>\n","protected":false},"excerpt":{"rendered":"<p>La informaci\u00f3n que llega desde las autoridades comunales sobre la situaci\u00f3n epidemiol\u00f3gica confirma que una mujer de 43 a\u00f1os falleci\u00f3 &#8230; <a title=\"Una mujer falleci\u00f3 y cuatro pacientes recibieron resultados positivos de covid\" class=\"read-more\" href=\"https:\/\/www.hoymercedes.com.ar\/principal\/2021\/03\/10\/una-mujer-fallecio-y-cuatro-pacientes-recibieron-resultados-positivos-de-covid\/\" aria-label=\"Leer m\u00e1s sobre Una mujer falleci\u00f3 y cuatro pacientes recibieron resultados positivos de covid\">Leer m\u00e1s<\/a><\/p>\n","protected":false},"author":1,"featured_media":126125,"comment_status":"closed","ping_status":"open","sticky":false,"template":"","format":"standard","meta":{"_monsterinsights_skip_tracking":false,"_monsterinsights_sitenote_active":false,"_monsterinsights_sitenote_note":"","_monsterinsights_sitenote_category":0,"jetpack_post_was_ever_published":false,"_jetpack_newsletter_access":"","_jetpack_dont_email_post_to_subs":false,"_jetpack_newsletter_tier_id":0,"_jetpack_memberships_contains_paywalled_content":false,"_jetpack_memberships_contains_paid_content":false,"footnotes":"","jetpack_publicize_message":"","jetpack_publicize_feature_enabled":true,"jetpack_social_post_already_shared":true,"jetpack_social_options":{"image_generator_settings":{"template":"highway","default_image_id":0,"font":"","enabled":false},"version":2},"_wpas_customize_per_network":false},"categories":[9791],"tags":[],"class_list":["post-126124","post","type-post","status-publish","format-standard","has-post-thumbnail","hentry","category-salud","generate-columns","tablet-grid-50","mobile-grid-100","grid-parent","grid-50"],"jetpack_publicize_connections":[],"jetpack_featured_media_url":"https:\/\/www.hoymercedes.com.ar\/principal\/wp-content\/uploads\/2021\/03\/WhatsApp-Image-2021-03-10-at-21.58.19.jpeg","wps_subtitle":"","jetpack_sharing_enabled":true,"jetpack-related-posts":[{"id":143056,"url":"https:\/\/www.hoymercedes.com.ar\/principal\/2022\/01\/24\/covid-en-mercedes-fallecio-un-paciente-y-confirman-117-nuevos-positivos\/","url_meta":{"origin":126124,"position":0},"title":"Covid en Mercedes: falleci\u00f3 un paciente y confirman 117 nuevos positivos","author":"hoymercedes","date":"24 enero, 2022","format":false,"excerpt":"La informaci\u00f3n epidemiol\u00f3gica brindada por las autoridades sanitarias de Mercedes confirma el fallecimiento de un paciente de 65 a\u00f1os que era portador del virus que produce covid-19. Asimismo, informan que entre 183 test procesados en el d\u00eda de la fecha, 117 dieron positivos, mientras que 159 pacientes recibieron el alta\u2026","rel":"","context":"En \u00abSalud\u00bb","block_context":{"text":"Salud","link":"https:\/\/www.hoymercedes.com.ar\/principal\/category\/salud\/"},"img":{"alt_text":"","src":"https:\/\/i0.wp.com\/www.hoymercedes.com.ar\/principal\/wp-content\/uploads\/2022\/01\/WhatsApp-Image-2022-01-24-at-22.15.05.jpeg?resize=350%2C200&ssl=1","width":350,"height":200,"srcset":"https:\/\/i0.wp.com\/www.hoymercedes.com.ar\/principal\/wp-content\/uploads\/2022\/01\/WhatsApp-Image-2022-01-24-at-22.15.05.jpeg?resize=350%2C200&ssl=1 1x, https:\/\/i0.wp.com\/www.hoymercedes.com.ar\/principal\/wp-content\/uploads\/2022\/01\/WhatsApp-Image-2022-01-24-at-22.15.05.jpeg?resize=525%2C300&ssl=1 1.5x, https:\/\/i0.wp.com\/www.hoymercedes.com.ar\/principal\/wp-content\/uploads\/2022\/01\/WhatsApp-Image-2022-01-24-at-22.15.05.jpeg?resize=700%2C400&ssl=1 2x, https:\/\/i0.wp.com\/www.hoymercedes.com.ar\/principal\/wp-content\/uploads\/2022\/01\/WhatsApp-Image-2022-01-24-at-22.15.05.jpeg?resize=1050%2C600&ssl=1 3x"},"classes":[]},{"id":130212,"url":"https:\/\/www.hoymercedes.com.ar\/principal\/2021\/05\/17\/covid-en-lujan-fallecio-otra-persona-y-se-confirmaron-61-nuevos-casos-positivos\/","url_meta":{"origin":126124,"position":1},"title":"Covid en Luj\u00e1n: falleci\u00f3 otra persona y se confirmaron 61 nuevos casos positivos","author":"hoymercedes","date":"17 mayo, 2021","format":false,"excerpt":"En su informe oficial N\u00b0 426, emitido este lunes a las 7, la Secretar\u00eda de Salud de la Municipalidad de Luj\u00e1n inform\u00f3 que en las \u00faltimas 24 horas falleci\u00f3 una lujanense con coronavirus. \u201cSe trata de una mujer de 84 a\u00f1os que se encontraba internada en un efector de salud\u2026","rel":"","context":"En \u00abRegi\u00f3n\u00bb","block_context":{"text":"Regi\u00f3n","link":"https:\/\/www.hoymercedes.com.ar\/principal\/category\/region\/"},"img":{"alt_text":"","src":"https:\/\/i0.wp.com\/www.hoymercedes.com.ar\/principal\/wp-content\/uploads\/2021\/03\/Coronavirus-Test-696x464-1.jpg?resize=350%2C200&ssl=1","width":350,"height":200,"srcset":"https:\/\/i0.wp.com\/www.hoymercedes.com.ar\/principal\/wp-content\/uploads\/2021\/03\/Coronavirus-Test-696x464-1.jpg?resize=350%2C200&ssl=1 1x, https:\/\/i0.wp.com\/www.hoymercedes.com.ar\/principal\/wp-content\/uploads\/2021\/03\/Coronavirus-Test-696x464-1.jpg?resize=525%2C300&ssl=1 1.5x"},"classes":[]},{"id":110179,"url":"https:\/\/www.hoymercedes.com.ar\/principal\/2020\/05\/03\/coronavirus-en-lujan-se-confirman-mas-casos-positivos\/","url_meta":{"origin":126124,"position":2},"title":"Coronavirus: En Luj\u00e1n se confirman m\u00e1s casos positivos y una muerte","author":"hoymercedes","date":"3 mayo, 2020","format":false,"excerpt":"Falleci\u00f3 una mujer catalogada como sospechosa y se confirmaron tres nuevos casos positivos. La mujer que muri\u00f3 ten\u00eda 84 a\u00f1os y estaba internada a la espera de los resultados de los estudios. Sus resultados llegaron al d\u00eda siguiente de su fallecimiento. La Secretar\u00eda de Salud del Municipio de Luj\u00e1n inform\u00f3\u2026","rel":"","context":"En \u00abLuj\u00e1n\u00bb","block_context":{"text":"Luj\u00e1n","link":"https:\/\/www.hoymercedes.com.ar\/principal\/category\/lujan-2\/"},"img":{"alt_text":"","src":"https:\/\/i0.wp.com\/www.hoymercedes.com.ar\/principal\/wp-content\/uploads\/2020\/04\/17-coronavirus.jpg?resize=350%2C200&ssl=1","width":350,"height":200,"srcset":"https:\/\/i0.wp.com\/www.hoymercedes.com.ar\/principal\/wp-content\/uploads\/2020\/04\/17-coronavirus.jpg?resize=350%2C200&ssl=1 1x, https:\/\/i0.wp.com\/www.hoymercedes.com.ar\/principal\/wp-content\/uploads\/2020\/04\/17-coronavirus.jpg?resize=525%2C300&ssl=1 1.5x, https:\/\/i0.wp.com\/www.hoymercedes.com.ar\/principal\/wp-content\/uploads\/2020\/04\/17-coronavirus.jpg?resize=700%2C400&ssl=1 2x"},"classes":[]},{"id":128111,"url":"https:\/\/www.hoymercedes.com.ar\/principal\/2021\/04\/13\/covid-en-lujan-otra-persona-fallecida-y-49-nuevos-casos-positivos\/","url_meta":{"origin":126124,"position":3},"title":"Covid en Luj\u00e1n: otra persona fallecida y 49 nuevos casos positivos","author":"hoymercedes","date":"13 abril, 2021","format":false,"excerpt":"Seg\u00fan informaron desde la Secretar\u00eda de Salud de Luj\u00e1n, la mujer que falleci\u00f3 ten\u00eda 98 a\u00f1os. Por su parte, con los nuevos contagiados en dicha localidad lleg\u00f3 a los 8.001 casos positivos. Adem\u00e1s, se descartaron 48 en estudio y se configuraron 58 nuevos sospechosos. En su informe oficial N\u00b0 392,\u2026","rel":"","context":"En \u00abRegi\u00f3n\u00bb","block_context":{"text":"Regi\u00f3n","link":"https:\/\/www.hoymercedes.com.ar\/principal\/category\/region\/"},"img":{"alt_text":"","src":"https:\/\/i0.wp.com\/www.hoymercedes.com.ar\/principal\/wp-content\/uploads\/2021\/03\/Coronavirus-Test-696x464-1.jpg?resize=350%2C200&ssl=1","width":350,"height":200,"srcset":"https:\/\/i0.wp.com\/www.hoymercedes.com.ar\/principal\/wp-content\/uploads\/2021\/03\/Coronavirus-Test-696x464-1.jpg?resize=350%2C200&ssl=1 1x, https:\/\/i0.wp.com\/www.hoymercedes.com.ar\/principal\/wp-content\/uploads\/2021\/03\/Coronavirus-Test-696x464-1.jpg?resize=525%2C300&ssl=1 1.5x"},"classes":[]},{"id":109309,"url":"https:\/\/www.hoymercedes.com.ar\/principal\/2020\/04\/12\/coronavirus-fallecio-otra-persona-en-lujan\/","url_meta":{"origin":126124,"position":4},"title":"Coronavirus: falleci\u00f3 otra persona en Luj\u00e1n","author":"hoymercedes","date":"12 abril, 2020","format":false,"excerpt":"Se trata de un hombre de 90 a\u00f1os que hab\u00eda ingresado en las \u00faltimas horas a la Cl\u00ednica San Jos\u00e9 Obrero con un cuadro respiratorio grave. A su vez, se confirm\u00f3 que dio positivo una mujer de 75 a\u00f1os que padece neumon\u00eda, tiene antecedente de contacto estrecho y tambi\u00e9n se\u2026","rel":"","context":"En \u00abRegi\u00f3n\u00bb","block_context":{"text":"Regi\u00f3n","link":"https:\/\/www.hoymercedes.com.ar\/principal\/category\/region\/"},"img":{"alt_text":"","src":"https:\/\/i0.wp.com\/www.hoymercedes.com.ar\/principal\/wp-content\/uploads\/2020\/04\/08-Clinica-San-Jos%C3%A9-Obrero-J%C3%A1uregui-696x405-1.jpg?resize=350%2C200&ssl=1","width":350,"height":200,"srcset":"https:\/\/i0.wp.com\/www.hoymercedes.com.ar\/principal\/wp-content\/uploads\/2020\/04\/08-Clinica-San-Jos%C3%A9-Obrero-J%C3%A1uregui-696x405-1.jpg?resize=350%2C200&ssl=1 1x, https:\/\/i0.wp.com\/www.hoymercedes.com.ar\/principal\/wp-content\/uploads\/2020\/04\/08-Clinica-San-Jos%C3%A9-Obrero-J%C3%A1uregui-696x405-1.jpg?resize=525%2C300&ssl=1 1.5x"},"classes":[]},{"id":143084,"url":"https:\/\/www.hoymercedes.com.ar\/principal\/2022\/01\/25\/covid-en-mercedes-una-paciente-fallecio-y-otros-129-recibieron-su-positivo\/","url_meta":{"origin":126124,"position":5},"title":"Covid en Mercedes: Una paciente falleci\u00f3 y otros 129 recibieron su positivo","author":"hoymercedes","date":"25 enero, 2022","format":false,"excerpt":"La informaci\u00f3n oficial de las autoridades sanitarias de Mercedes confirman que una paciente de 96 a\u00f1os portadora del virus falleci\u00f3. En tanto, en la jornada de este martes confirmaron 129 nuevos casos positivos entre los 184 an\u00e1lisis procesados en el d\u00eda de la fecha. Asimismo, informaron que 120 pacientes recibieron\u2026","rel":"","context":"En \u00abSalud\u00bb","block_context":{"text":"Salud","link":"https:\/\/www.hoymercedes.com.ar\/principal\/category\/salud\/"},"img":{"alt_text":"","src":"https:\/\/i0.wp.com\/www.hoymercedes.com.ar\/principal\/wp-content\/uploads\/2022\/01\/WhatsApp-Image-2022-01-25-at-22.15.31.jpeg?resize=350%2C200&ssl=1","width":350,"height":200,"srcset":"https:\/\/i0.wp.com\/www.hoymercedes.com.ar\/principal\/wp-content\/uploads\/2022\/01\/WhatsApp-Image-2022-01-25-at-22.15.31.jpeg?resize=350%2C200&ssl=1 1x, https:\/\/i0.wp.com\/www.hoymercedes.com.ar\/principal\/wp-content\/uploads\/2022\/01\/WhatsApp-Image-2022-01-25-at-22.15.31.jpeg?resize=525%2C300&ssl=1 1.5x, https:\/\/i0.wp.com\/www.hoymercedes.com.ar\/principal\/wp-content\/uploads\/2022\/01\/WhatsApp-Image-2022-01-25-at-22.15.31.jpeg?resize=700%2C400&ssl=1 2x, https:\/\/i0.wp.com\/www.hoymercedes.com.ar\/principal\/wp-content\/uploads\/2022\/01\/WhatsApp-Image-2022-01-25-at-22.15.31.jpeg?resize=1050%2C600&ssl=1 3x"},"classes":[]}],"_links":{"self":[{"href":"https:\/\/www.hoymercedes.com.ar\/principal\/wp-json\/wp\/v2\/posts\/126124","targetHints":{"allow":["GET"]}}],"collection":[{"href":"https:\/\/www.hoymercedes.com.ar\/principal\/wp-json\/wp\/v2\/posts"}],"about":[{"href":"https:\/\/www.hoymercedes.com.ar\/principal\/wp-json\/wp\/v2\/types\/post"}],"author":[{"embeddable":true,"href":"https:\/\/www.hoymercedes.com.ar\/principal\/wp-json\/wp\/v2\/users\/1"}],"replies":[{"embeddable":true,"href":"https:\/\/www.hoymercedes.com.ar\/principal\/wp-json\/wp\/v2\/comments?post=126124"}],"version-history":[{"count":0,"href":"https:\/\/www.hoymercedes.com.ar\/principal\/wp-json\/wp\/v2\/posts\/126124\/revisions"}],"wp:featuredmedia":[{"embeddable":true,"href":"https:\/\/www.hoymercedes.com.ar\/principal\/wp-json\/wp\/v2\/media\/126125"}],"wp:attachment":[{"href":"https:\/\/www.hoymercedes.com.ar\/principal\/wp-json\/wp\/v2\/media?parent=126124"}],"wp:term":[{"taxonomy":"category","embeddable":true,"href":"https:\/\/www.hoymercedes.com.ar\/principal\/wp-json\/wp\/v2\/categories?post=126124"},{"taxonomy":"post_tag","embeddable":true,"href":"https:\/\/www.hoymercedes.com.ar\/principal\/wp-json\/wp\/v2\/tags?post=126124"}],"curies":[{"name":"wp","href":"https:\/\/api.w.org\/{rel}","templated":true}]}}