{"id":126130,"date":"2021-03-11T10:30:00","date_gmt":"2021-03-11T13:30:00","guid":{"rendered":"http:\/\/www.hoymercedes.com.ar\/principal\/?p=126130"},"modified":"2021-03-11T10:31:24","modified_gmt":"2021-03-11T13:31:24","slug":"vuelve-el-futbol-vuelven-las-transmisiones-de-fm-la-tribuna","status":"publish","type":"post","link":"https:\/\/www.hoymercedes.com.ar\/principal\/2021\/03\/11\/vuelve-el-futbol-vuelven-las-transmisiones-de-fm-la-tribuna\/","title":{"rendered":"Vuelve el f\u00fatbol, vuelven las transmisiones de FM La Tribuna"},"content":{"rendered":"\n<p>Como desde hace once a\u00f1os, la 103.5 transmitir\u00e1 todos los fines de semana los partidos de la Primera Divisi\u00f3n de la Liga Mercedina de F\u00fatbol. Tras un a\u00f1o de pandemia, vuelve el f\u00fatbol mercedino y la radio dir\u00e1 presente.<\/p>\n\n\n\n<div class=\"wp-block-image\"><figure class=\"aligncenter size-large\"><img loading=\"lazy\" decoding=\"async\" width=\"900\" height=\"900\" data-attachment-id=\"126132\" data-permalink=\"https:\/\/www.hoymercedes.com.ar\/principal\/2021\/03\/11\/vuelve-el-futbol-vuelven-las-transmisiones-de-fm-la-tribuna\/whatsapp-image-2021-03-11-at-10-23-03\/#main\" data-orig-file=\"https:\/\/www.hoymercedes.com.ar\/principal\/wp-content\/uploads\/2021\/03\/WhatsApp-Image-2021-03-11-at-10.23.03.jpeg\" data-orig-size=\"900,900\" data-comments-opened=\"0\" data-image-meta=\"{&quot;aperture&quot;:&quot;0&quot;,&quot;credit&quot;:&quot;&quot;,&quot;camera&quot;:&quot;&quot;,&quot;caption&quot;:&quot;&quot;,&quot;created_timestamp&quot;:&quot;0&quot;,&quot;copyright&quot;:&quot;&quot;,&quot;focal_length&quot;:&quot;0&quot;,&quot;iso&quot;:&quot;0&quot;,&quot;shutter_speed&quot;:&quot;0&quot;,&quot;title&quot;:&quot;&quot;,&quot;orientation&quot;:&quot;0&quot;}\" data-image-title=\"WhatsApp Image 2021-03-11 at 10.23.03\" data-image-description=\"\" data-image-caption=\"\" data-large-file=\"https:\/\/www.hoymercedes.com.ar\/principal\/wp-content\/uploads\/2021\/03\/WhatsApp-Image-2021-03-11-at-10.23.03.jpeg\" src=\"https:\/\/www.hoymercedes.com.ar\/principal\/wp-content\/uploads\/2021\/03\/WhatsApp-Image-2021-03-11-at-10.23.03.jpeg\" alt=\"\" class=\"wp-image-126132\" srcset=\"https:\/\/www.hoymercedes.com.ar\/principal\/wp-content\/uploads\/2021\/03\/WhatsApp-Image-2021-03-11-at-10.23.03.jpeg 900w, https:\/\/www.hoymercedes.com.ar\/principal\/wp-content\/uploads\/2021\/03\/WhatsApp-Image-2021-03-11-at-10.23.03-620x620.jpeg 620w, https:\/\/www.hoymercedes.com.ar\/principal\/wp-content\/uploads\/2021\/03\/WhatsApp-Image-2021-03-11-at-10.23.03-150x150.jpeg 150w\" sizes=\"auto, (max-width: 900px) 100vw, 900px\" \/><\/figure><\/div>\n\n\n\n<p>Este fin de semana vuelve a jugarse el f\u00fatbol local en forma oficial tras m\u00e1s de un a\u00f1o de espera. Es que el \u00faltimo partido organizado por la Liga Mercedina que se jug\u00f3 fue el de la segunda final entre Club Mercedes y Los Carteros ocurrido el 25 de noviembre de 2019, cuando el blanquinegro se consagraba bicampe\u00f3n del certamen.<\/p>\n\n\n\n<p>Luego, llegaron las vacaciones, la pretemporada para el Regional Amateur que jugaron precisamente los dos finalistas, compartiendo grupo con Independiente de Chivilcoy y, cuando ya estaba todo listo para dar rienda suelta a una nueva ilusi\u00f3n, lleg\u00f3 el Covid-19 que fren\u00f3 todo. Y cuando parec\u00eda que en enero pod\u00eda volver a rodar la pelota, el rebrote oblig\u00f3 a posponer todo hasta este 13 de marzo, cuando comience la primera fecha.<\/p>\n\n\n\n<p>Por tanto, FM La Tribuna no transmite futbol desde el 7 de marzo pasado, cuando en Chivilcoy, Los Carteros ca\u00edan 3 a 1 ante Independiente, ya que luego se fren\u00f3 todo. Ahora, con todo listo por parte de la Liga, la Radio del Deporte volver\u00e1 a la cabina del estadio local este domingo 14 a las 16 cuando transmita el partido que reedita aquella final de 2019 entre Mercedes y Los Carteros.<\/p>\n\n\n\n<p>Como siempre el Equipo Garra Charr\u00faa llevar\u00e1 a trav\u00e9s de sus micr\u00f3fonos las alternativas del partido m\u00e1s importante de la fecha y todos los resultados de todas las canchas. Gervasio Rocha, Juan Carlos Chapelco, Nestor Dova, Ariel Musante, Gabriel Bonifaci, Juan Dagnino y Alejandro Fernandez ser\u00e1n las voces que se transformen en los ojos de los oyentes que no podr\u00e1n acceder a ver los partidos producto que se jugar\u00e1 con un m\u00e1ximo de 30 espectadores por club.<\/p>\n\n\n\n<p>Por protocolo, no podr\u00e1 haber una previa muy larga, por lo que minutos antes de las 16, comenzar\u00e1 la primera y tan esperada transmisi\u00f3n del a\u00f1o.<\/p>\n\n\n\n<p>Adem\u00e1s de poder escuchar el partido por la 103.5, tambi\u00e9n se lo puede hacer por la web fmlatribuna.com, por el facebook FM La Tribuna y tambi\u00e9n a trav\u00e9s de la App para Android FM La Tribuna<\/p>\n","protected":false},"excerpt":{"rendered":"<p>Como desde hace once a\u00f1os, la 103.5 transmitir\u00e1 todos los fines de semana los partidos de la Primera Divisi\u00f3n de &#8230; <a title=\"Vuelve el f\u00fatbol, vuelven las transmisiones de FM La Tribuna\" class=\"read-more\" href=\"https:\/\/www.hoymercedes.com.ar\/principal\/2021\/03\/11\/vuelve-el-futbol-vuelven-las-transmisiones-de-fm-la-tribuna\/\" aria-label=\"Leer m\u00e1s sobre Vuelve el f\u00fatbol, vuelven las transmisiones de FM La Tribuna\">Leer m\u00e1s<\/a><\/p>\n","protected":false},"author":1,"featured_media":126132,"comment_status":"closed","ping_status":"open","sticky":false,"template":"","format":"standard","meta":{"_monsterinsights_skip_tracking":false,"_monsterinsights_sitenote_active":false,"_monsterinsights_sitenote_note":"","_monsterinsights_sitenote_category":0,"jetpack_post_was_ever_published":false,"_jetpack_newsletter_access":"","_jetpack_dont_email_post_to_subs":false,"_jetpack_newsletter_tier_id":0,"_jetpack_memberships_contains_paywalled_content":false,"_jetpack_memberships_contains_paid_content":false,"footnotes":"","jetpack_publicize_message":"","jetpack_publicize_feature_enabled":true,"jetpack_social_post_already_shared":true,"jetpack_social_options":{"image_generator_settings":{"template":"highway","default_image_id":0,"font":"","enabled":false},"version":2},"_wpas_customize_per_network":false},"categories":[21],"tags":[],"class_list":["post-126130","post","type-post","status-publish","format-standard","has-post-thumbnail","hentry","category-deportes","generate-columns","tablet-grid-50","mobile-grid-100","grid-parent","grid-50"],"jetpack_publicize_connections":[],"jetpack_featured_media_url":"https:\/\/www.hoymercedes.com.ar\/principal\/wp-content\/uploads\/2021\/03\/WhatsApp-Image-2021-03-11-at-10.23.03.jpeg","wps_subtitle":"","jetpack_sharing_enabled":true,"jetpack-related-posts":[{"id":134581,"url":"https:\/\/www.hoymercedes.com.ar\/principal\/2021\/08\/02\/liga-mercedina-vuelve-el-futbol-femenino\/","url_meta":{"origin":126130,"position":0},"title":"Liga Mercedina: Vuelve el Futbol Femenino","author":"hoymercedes","date":"2 agosto, 2021","format":false,"excerpt":"En b\u00fasqueda de retomar a la actividad oficial tras un a\u00f1o y media de pandemia, las autoridades de las Liga\u00a0Mercedina\u00a0de Futbol mantuvieron una reuni\u00f3n el pasado s\u00e1bado 24 de julio para poder darle continuidad al futbol femenino, al igual que se har\u00e1 con la\u00a0primera\u00a0divisi\u00f3n y la reserva.\u00a0 En el encuentro\u2026","rel":"","context":"En \u00abDeportes\u00bb","block_context":{"text":"Deportes","link":"https:\/\/www.hoymercedes.com.ar\/principal\/category\/deportes\/"},"img":{"alt_text":"","src":"https:\/\/i0.wp.com\/www.hoymercedes.com.ar\/principal\/wp-content\/uploads\/2021\/03\/13-futbol-liga.jpg?resize=350%2C200&ssl=1","width":350,"height":200,"srcset":"https:\/\/i0.wp.com\/www.hoymercedes.com.ar\/principal\/wp-content\/uploads\/2021\/03\/13-futbol-liga.jpg?resize=350%2C200&ssl=1 1x, https:\/\/i0.wp.com\/www.hoymercedes.com.ar\/principal\/wp-content\/uploads\/2021\/03\/13-futbol-liga.jpg?resize=525%2C300&ssl=1 1.5x, https:\/\/i0.wp.com\/www.hoymercedes.com.ar\/principal\/wp-content\/uploads\/2021\/03\/13-futbol-liga.jpg?resize=700%2C400&ssl=1 2x"},"classes":[]},{"id":126300,"url":"https:\/\/www.hoymercedes.com.ar\/principal\/2021\/03\/15\/volvio-en-futbol-de-la-liga-mercedina-resultados-de-primera-y-reserva\/","url_meta":{"origin":126130,"position":1},"title":"Volvi\u00f3 en futbol de la Liga Mercedina: Resultados de Primera y Reserva","author":"hoymercedes","date":"15 marzo, 2021","format":false,"excerpt":"El fin de semana comenzaron a jugarse los partidos de la Liga Mercedina de Futbol, luego de un a\u00f1o sin actividad oficial en sus canchas. Los ganadores resultaron ser Trocha, Estudiantes, La Tijera, Atl\u00e9tico Marcos Paz, El Front\u00f3n y Juventud de Suipacha. Tambi\u00e9n jugaron en las canchas de Luj\u00e1n y\u2026","rel":"","context":"En \u00abDeportes\u00bb","block_context":{"text":"Deportes","link":"https:\/\/www.hoymercedes.com.ar\/principal\/category\/deportes\/"},"img":{"alt_text":"","src":"https:\/\/i0.wp.com\/www.hoymercedes.com.ar\/principal\/wp-content\/uploads\/2020\/08\/Estadio-Liga-Mercedina.jpg?resize=350%2C200&ssl=1","width":350,"height":200},"classes":[]},{"id":135804,"url":"https:\/\/www.hoymercedes.com.ar\/principal\/2021\/08\/26\/vuelve-la-infanto-juvenil\/","url_meta":{"origin":126130,"position":2},"title":"Vuelve la Infanto Juvenil","author":"hoymercedes","date":"26 agosto, 2021","format":false,"excerpt":"Luego de casi dos a\u00f1os sin actividad competitiva, este s\u00e1bado 28 se dar\u00e1 inicio al torneo organizo por los distintos clubes de la ciudad par las categor\u00edas inferiores del futbol.\u00a0 M\u00e1s all\u00e1 de que este certamen no tiene car\u00e1cter de oficial ya que no est\u00e1 organizado por la Liga Mercedina\u2026","rel":"","context":"En \u00abDeportes\u00bb","block_context":{"text":"Deportes","link":"https:\/\/www.hoymercedes.com.ar\/principal\/category\/deportes\/"},"img":{"alt_text":"","src":"https:\/\/i0.wp.com\/www.hoymercedes.com.ar\/principal\/wp-content\/uploads\/2021\/08\/WhatsApp-Image-2021-08-23-at-10.44.55.jpeg?resize=350%2C200&ssl=1","width":350,"height":200,"srcset":"https:\/\/i0.wp.com\/www.hoymercedes.com.ar\/principal\/wp-content\/uploads\/2021\/08\/WhatsApp-Image-2021-08-23-at-10.44.55.jpeg?resize=350%2C200&ssl=1 1x, https:\/\/i0.wp.com\/www.hoymercedes.com.ar\/principal\/wp-content\/uploads\/2021\/08\/WhatsApp-Image-2021-08-23-at-10.44.55.jpeg?resize=525%2C300&ssl=1 1.5x"},"classes":[]},{"id":147237,"url":"https:\/\/www.hoymercedes.com.ar\/principal\/2022\/04\/27\/arranca-el-torneo-2022-de-la-liga-mercedina-de-futbol\/","url_meta":{"origin":126130,"position":3},"title":"Arranca el torneo 2022 de la Liga Mercedina de Futbol\u00a0","author":"hoymercedes","date":"27 abril, 2022","format":false,"excerpt":"En la semana, la Liga Mercedina de Futbol dispuso el fixture, tanto para la Primera Divisi\u00f3n como para la Segunda, teniendo en cuanta el formato que se llevar\u00e1 adelante en el siguiente certamen.\u00a0 Tras lo ocurrido en el \u00faltimo torneo que qued\u00f3 en manos de Trocha, la Liga local defini\u00f3\u2026","rel":"","context":"En \u00abDeportes\u00bb","block_context":{"text":"Deportes","link":"https:\/\/www.hoymercedes.com.ar\/principal\/category\/deportes\/"},"img":{"alt_text":"","src":"https:\/\/i0.wp.com\/www.hoymercedes.com.ar\/principal\/wp-content\/uploads\/2021\/03\/13-futbol-liga.jpg?resize=350%2C200&ssl=1","width":350,"height":200,"srcset":"https:\/\/i0.wp.com\/www.hoymercedes.com.ar\/principal\/wp-content\/uploads\/2021\/03\/13-futbol-liga.jpg?resize=350%2C200&ssl=1 1x, https:\/\/i0.wp.com\/www.hoymercedes.com.ar\/principal\/wp-content\/uploads\/2021\/03\/13-futbol-liga.jpg?resize=525%2C300&ssl=1 1.5x, https:\/\/i0.wp.com\/www.hoymercedes.com.ar\/principal\/wp-content\/uploads\/2021\/03\/13-futbol-liga.jpg?resize=700%2C400&ssl=1 2x"},"classes":[]},{"id":119902,"url":"https:\/\/www.hoymercedes.com.ar\/principal\/2020\/11\/11\/el-23-de-enero-vuelve-el-futbol-de-primera-division-en-mercedes\/","url_meta":{"origin":126130,"position":4},"title":"El 23 de enero vuelve el f\u00fatbol de Primera Divisi\u00f3n en Mercedes","author":"hoymercedes","date":"11 noviembre, 2020","format":false,"excerpt":"Tal como se anticip\u00f3 en la reuni\u00f3n de delegados, este jueves la Liga Mercedina se reuni\u00f3 en conjunto para determinar las claves de la vuelta a la actividad oficial. La misma se realiz\u00f3 en el estadio de la Liga Mercedina, donde los clubes junto a la CD determinaron que el\u2026","rel":"","context":"En \u00abDeportes\u00bb","block_context":{"text":"Deportes","link":"https:\/\/www.hoymercedes.com.ar\/principal\/category\/deportes\/"},"img":{"alt_text":"","src":"https:\/\/i0.wp.com\/www.hoymercedes.com.ar\/principal\/wp-content\/uploads\/2020\/11\/WhatsApp-Image-2020-11-10-at-20.12.35.jpeg?resize=350%2C200&ssl=1","width":350,"height":200,"srcset":"https:\/\/i0.wp.com\/www.hoymercedes.com.ar\/principal\/wp-content\/uploads\/2020\/11\/WhatsApp-Image-2020-11-10-at-20.12.35.jpeg?resize=350%2C200&ssl=1 1x, https:\/\/i0.wp.com\/www.hoymercedes.com.ar\/principal\/wp-content\/uploads\/2020\/11\/WhatsApp-Image-2020-11-10-at-20.12.35.jpeg?resize=525%2C300&ssl=1 1.5x, https:\/\/i0.wp.com\/www.hoymercedes.com.ar\/principal\/wp-content\/uploads\/2020\/11\/WhatsApp-Image-2020-11-10-at-20.12.35.jpeg?resize=700%2C400&ssl=1 2x, https:\/\/i0.wp.com\/www.hoymercedes.com.ar\/principal\/wp-content\/uploads\/2020\/11\/WhatsApp-Image-2020-11-10-at-20.12.35.jpeg?resize=1050%2C600&ssl=1 3x"},"classes":[]},{"id":186331,"url":"https:\/\/www.hoymercedes.com.ar\/principal\/2025\/07\/19\/agreden-a-arbitro-y-debe-ser-atendido-en-hospital\/","url_meta":{"origin":126130,"position":5},"title":"Agreden a \u00e1rbitro y debe ser atendido en Hospital","author":"hoymercedes","date":"19 julio, 2025","format":false,"excerpt":"La irracionalidad gan\u00f3 terreno en el campo de juego mientras se disputaba un encuentro de reserva entre Quilmes y Holanda. El herido fue el refer\u00ed Emanuel S\u00e1nchez, qui\u00e9n debi\u00f3 ser atendido en el Hospital Dubarry por el fuerte golpe recibido en la cara. La violencia vuelve a manchar el f\u00fatbol\u2026","rel":"","context":"En \u00abDeportes\u00bb","block_context":{"text":"Deportes","link":"https:\/\/www.hoymercedes.com.ar\/principal\/category\/deportes\/"},"img":{"alt_text":"Agresi\u00f3n a r\u00e9feri","src":"https:\/\/i0.wp.com\/www.hoymercedes.com.ar\/principal\/wp-content\/uploads\/2025\/07\/mr-football-4564458_1280.jpg?resize=350%2C200&ssl=1","width":350,"height":200,"srcset":"https:\/\/i0.wp.com\/www.hoymercedes.com.ar\/principal\/wp-content\/uploads\/2025\/07\/mr-football-4564458_1280.jpg?resize=350%2C200&ssl=1 1x, https:\/\/i0.wp.com\/www.hoymercedes.com.ar\/principal\/wp-content\/uploads\/2025\/07\/mr-football-4564458_1280.jpg?resize=525%2C300&ssl=1 1.5x, https:\/\/i0.wp.com\/www.hoymercedes.com.ar\/principal\/wp-content\/uploads\/2025\/07\/mr-football-4564458_1280.jpg?resize=700%2C400&ssl=1 2x, https:\/\/i0.wp.com\/www.hoymercedes.com.ar\/principal\/wp-content\/uploads\/2025\/07\/mr-football-4564458_1280.jpg?resize=1050%2C600&ssl=1 3x"},"classes":[]}],"_links":{"self":[{"href":"https:\/\/www.hoymercedes.com.ar\/principal\/wp-json\/wp\/v2\/posts\/126130","targetHints":{"allow":["GET"]}}],"collection":[{"href":"https:\/\/www.hoymercedes.com.ar\/principal\/wp-json\/wp\/v2\/posts"}],"about":[{"href":"https:\/\/www.hoymercedes.com.ar\/principal\/wp-json\/wp\/v2\/types\/post"}],"author":[{"embeddable":true,"href":"https:\/\/www.hoymercedes.com.ar\/principal\/wp-json\/wp\/v2\/users\/1"}],"replies":[{"embeddable":true,"href":"https:\/\/www.hoymercedes.com.ar\/principal\/wp-json\/wp\/v2\/comments?post=126130"}],"version-history":[{"count":0,"href":"https:\/\/www.hoymercedes.com.ar\/principal\/wp-json\/wp\/v2\/posts\/126130\/revisions"}],"wp:featuredmedia":[{"embeddable":true,"href":"https:\/\/www.hoymercedes.com.ar\/principal\/wp-json\/wp\/v2\/media\/126132"}],"wp:attachment":[{"href":"https:\/\/www.hoymercedes.com.ar\/principal\/wp-json\/wp\/v2\/media?parent=126130"}],"wp:term":[{"taxonomy":"category","embeddable":true,"href":"https:\/\/www.hoymercedes.com.ar\/principal\/wp-json\/wp\/v2\/categories?post=126130"},{"taxonomy":"post_tag","embeddable":true,"href":"https:\/\/www.hoymercedes.com.ar\/principal\/wp-json\/wp\/v2\/tags?post=126130"}],"curies":[{"name":"wp","href":"https:\/\/api.w.org\/{rel}","templated":true}]}}