{"id":126160,"date":"2021-03-11T22:42:15","date_gmt":"2021-03-12T01:42:15","guid":{"rendered":"https:\/\/www.hoymercedes.com.ar\/principal\/?p=126160"},"modified":"2021-03-11T22:42:21","modified_gmt":"2021-03-12T01:42:21","slug":"mercedes-suma-cinco-nuevos-positivos-de-covid","status":"publish","type":"post","link":"https:\/\/www.hoymercedes.com.ar\/principal\/2021\/03\/11\/mercedes-suma-cinco-nuevos-positivos-de-covid\/","title":{"rendered":"Mercedes suma cinco nuevos positivos de covid"},"content":{"rendered":"\n<p>En la informaci\u00f3n epidemiol\u00f3gica oficial enviada por las autoridades locales, se confirma que 5 pacientes obtuvieron el resultado positivo de covid-19 entre los 39 an\u00e1lisis procesados en el d\u00eda de la fecha. Adem\u00e1s, informaron que son siete los pacientes que obtuvieron el alta en la jornada del d\u00eda de hoy. <\/p>\n\n\n\n<div class=\"wp-block-image\"><figure class=\"aligncenter size-large\"><img loading=\"lazy\" decoding=\"async\" width=\"800\" height=\"800\" data-attachment-id=\"126161\" data-permalink=\"https:\/\/www.hoymercedes.com.ar\/principal\/2021\/03\/11\/mercedes-suma-cinco-nuevos-positivos-de-covid\/whatsapp-image-2021-03-11-at-22-28-14\/#main\" data-orig-file=\"https:\/\/www.hoymercedes.com.ar\/principal\/wp-content\/uploads\/2021\/03\/WhatsApp-Image-2021-03-11-at-22.28.14.jpeg\" data-orig-size=\"800,800\" data-comments-opened=\"0\" data-image-meta=\"{&quot;aperture&quot;:&quot;0&quot;,&quot;credit&quot;:&quot;&quot;,&quot;camera&quot;:&quot;&quot;,&quot;caption&quot;:&quot;&quot;,&quot;created_timestamp&quot;:&quot;0&quot;,&quot;copyright&quot;:&quot;&quot;,&quot;focal_length&quot;:&quot;0&quot;,&quot;iso&quot;:&quot;0&quot;,&quot;shutter_speed&quot;:&quot;0&quot;,&quot;title&quot;:&quot;&quot;,&quot;orientation&quot;:&quot;0&quot;}\" data-image-title=\"WhatsApp Image 2021-03-11 at 22.28.14\" data-image-description=\"\" data-image-caption=\"\" data-large-file=\"https:\/\/www.hoymercedes.com.ar\/principal\/wp-content\/uploads\/2021\/03\/WhatsApp-Image-2021-03-11-at-22.28.14.jpeg\" src=\"https:\/\/www.hoymercedes.com.ar\/principal\/wp-content\/uploads\/2021\/03\/WhatsApp-Image-2021-03-11-at-22.28.14.jpeg\" alt=\"\" class=\"wp-image-126161\" srcset=\"https:\/\/www.hoymercedes.com.ar\/principal\/wp-content\/uploads\/2021\/03\/WhatsApp-Image-2021-03-11-at-22.28.14.jpeg 800w, https:\/\/www.hoymercedes.com.ar\/principal\/wp-content\/uploads\/2021\/03\/WhatsApp-Image-2021-03-11-at-22.28.14-620x620.jpeg 620w, https:\/\/www.hoymercedes.com.ar\/principal\/wp-content\/uploads\/2021\/03\/WhatsApp-Image-2021-03-11-at-22.28.14-150x150.jpeg 150w\" sizes=\"auto, (max-width: 800px) 100vw, 800px\" \/><\/figure><\/div>\n","protected":false},"excerpt":{"rendered":"<p>En la informaci\u00f3n epidemiol\u00f3gica oficial enviada por las autoridades locales, se confirma que 5 pacientes obtuvieron el resultado positivo de &#8230; <a title=\"Mercedes suma cinco nuevos positivos de covid\" class=\"read-more\" href=\"https:\/\/www.hoymercedes.com.ar\/principal\/2021\/03\/11\/mercedes-suma-cinco-nuevos-positivos-de-covid\/\" aria-label=\"Leer m\u00e1s sobre Mercedes suma cinco nuevos positivos de covid\">Leer m\u00e1s<\/a><\/p>\n","protected":false},"author":1,"featured_media":126161,"comment_status":"closed","ping_status":"open","sticky":false,"template":"","format":"standard","meta":{"_monsterinsights_skip_tracking":false,"_monsterinsights_sitenote_active":false,"_monsterinsights_sitenote_note":"","_monsterinsights_sitenote_category":0,"jetpack_post_was_ever_published":false,"_jetpack_newsletter_access":"","_jetpack_dont_email_post_to_subs":false,"_jetpack_newsletter_tier_id":0,"_jetpack_memberships_contains_paywalled_content":false,"_jetpack_memberships_contains_paid_content":false,"footnotes":"","jetpack_publicize_message":"","jetpack_publicize_feature_enabled":true,"jetpack_social_post_already_shared":true,"jetpack_social_options":{"image_generator_settings":{"template":"highway","default_image_id":0,"font":"","enabled":false},"version":2},"_wpas_customize_per_network":false},"categories":[9791],"tags":[],"class_list":["post-126160","post","type-post","status-publish","format-standard","has-post-thumbnail","hentry","category-salud","generate-columns","tablet-grid-50","mobile-grid-100","grid-parent","grid-50"],"jetpack_publicize_connections":[],"jetpack_featured_media_url":"https:\/\/www.hoymercedes.com.ar\/principal\/wp-content\/uploads\/2021\/03\/WhatsApp-Image-2021-03-11-at-22.28.14.jpeg","wps_subtitle":"Informe diario","jetpack_sharing_enabled":true,"jetpack-related-posts":[{"id":126055,"url":"https:\/\/www.hoymercedes.com.ar\/principal\/2021\/03\/09\/ocho-pacientes-recibieron-sus-resultados-positivos-de-covid\/","url_meta":{"origin":126160,"position":0},"title":"Ocho pacientes recibieron sus resultados positivos de covid","author":"hoymercedes","date":"9 marzo, 2021","format":false,"excerpt":"En la informaci\u00f3n epidemiol\u00f3gica oficial enviada este martes confirman 8 nuevos casos positivos entre los 69 an\u00e1lisis procesados en el d\u00eda de la fecha. Asimismo, informaron 7 pacientes obtuvieron el alta en el d\u00eda de la fecha.","rel":"","context":"En \u00abSalud\u00bb","block_context":{"text":"Salud","link":"https:\/\/www.hoymercedes.com.ar\/principal\/category\/salud\/"},"img":{"alt_text":"","src":"https:\/\/i0.wp.com\/www.hoymercedes.com.ar\/principal\/wp-content\/uploads\/2021\/03\/WhatsApp-Image-2021-03-09-at-22.05.13.jpeg?resize=350%2C200&ssl=1","width":350,"height":200,"srcset":"https:\/\/i0.wp.com\/www.hoymercedes.com.ar\/principal\/wp-content\/uploads\/2021\/03\/WhatsApp-Image-2021-03-09-at-22.05.13.jpeg?resize=350%2C200&ssl=1 1x, https:\/\/i0.wp.com\/www.hoymercedes.com.ar\/principal\/wp-content\/uploads\/2021\/03\/WhatsApp-Image-2021-03-09-at-22.05.13.jpeg?resize=525%2C300&ssl=1 1.5x, https:\/\/i0.wp.com\/www.hoymercedes.com.ar\/principal\/wp-content\/uploads\/2021\/03\/WhatsApp-Image-2021-03-09-at-22.05.13.jpeg?resize=700%2C400&ssl=1 2x"},"classes":[]},{"id":126876,"url":"https:\/\/www.hoymercedes.com.ar\/principal\/2021\/03\/23\/siguen-creciendo-los-positivos-en-mercedes-11-nuevos-pacientes-con-covid\/","url_meta":{"origin":126160,"position":1},"title":"Siguen creciendo los positivos en Mercedes: 11 nuevos pacientes con covid","author":"hoymercedes","date":"23 marzo, 2021","format":false,"excerpt":"El informe epidemiol\u00f3gico en Mercedes de este 23 de marzo, confirma el procesamiento de 74 nuevos an\u00e1lisis de los cuales 11 pacientes resultaron positivos de covid-19. Asimismo, informaron que 10 pacientes obtuvieron el alta en el d\u00eda de la fecha. Alcanzando 82 casos activos por estos d\u00edas.","rel":"","context":"En \u00abSociedad\u00bb","block_context":{"text":"Sociedad","link":"https:\/\/www.hoymercedes.com.ar\/principal\/category\/sociedad\/"},"img":{"alt_text":"","src":"https:\/\/i0.wp.com\/www.hoymercedes.com.ar\/principal\/wp-content\/uploads\/2021\/03\/WhatsApp-Image-2021-03-23-at-22.06.41.jpeg?resize=350%2C200&ssl=1","width":350,"height":200,"srcset":"https:\/\/i0.wp.com\/www.hoymercedes.com.ar\/principal\/wp-content\/uploads\/2021\/03\/WhatsApp-Image-2021-03-23-at-22.06.41.jpeg?resize=350%2C200&ssl=1 1x, https:\/\/i0.wp.com\/www.hoymercedes.com.ar\/principal\/wp-content\/uploads\/2021\/03\/WhatsApp-Image-2021-03-23-at-22.06.41.jpeg?resize=525%2C300&ssl=1 1.5x, https:\/\/i0.wp.com\/www.hoymercedes.com.ar\/principal\/wp-content\/uploads\/2021\/03\/WhatsApp-Image-2021-03-23-at-22.06.41.jpeg?resize=700%2C400&ssl=1 2x"},"classes":[]},{"id":125766,"url":"https:\/\/www.hoymercedes.com.ar\/principal\/2021\/03\/04\/once-positivos-se-suman-a-los-pacientes-con-covid-en-mercedes\/","url_meta":{"origin":126160,"position":2},"title":"Once positivos se suman a los pacientes con covid en Mercedes","author":"hoymercedes","date":"4 marzo, 2021","format":false,"excerpt":"El parte del d\u00eda con la informaci\u00f3n epidemiol\u00f3gica de Mercedes confirma que son 11 los pacientes que recibieron el resultado positivo de covid-19 entre los 44 an\u00e1lisis procesados en la jornada de este jueves. Adem\u00e1s, informan que 9 pacientes obtuvieron el alta de acuerdo al protocolo vigente.","rel":"","context":"En \u00abSalud\u00bb","block_context":{"text":"Salud","link":"https:\/\/www.hoymercedes.com.ar\/principal\/category\/salud\/"},"img":{"alt_text":"","src":"https:\/\/i0.wp.com\/www.hoymercedes.com.ar\/principal\/wp-content\/uploads\/2021\/03\/WhatsApp-Image-2021-03-04-at-21.19.52.jpeg?resize=350%2C200&ssl=1","width":350,"height":200,"srcset":"https:\/\/i0.wp.com\/www.hoymercedes.com.ar\/principal\/wp-content\/uploads\/2021\/03\/WhatsApp-Image-2021-03-04-at-21.19.52.jpeg?resize=350%2C200&ssl=1 1x, https:\/\/i0.wp.com\/www.hoymercedes.com.ar\/principal\/wp-content\/uploads\/2021\/03\/WhatsApp-Image-2021-03-04-at-21.19.52.jpeg?resize=525%2C300&ssl=1 1.5x, https:\/\/i0.wp.com\/www.hoymercedes.com.ar\/principal\/wp-content\/uploads\/2021\/03\/WhatsApp-Image-2021-03-04-at-21.19.52.jpeg?resize=700%2C400&ssl=1 2x"},"classes":[]},{"id":124044,"url":"https:\/\/www.hoymercedes.com.ar\/principal\/2021\/01\/29\/covid-en-mercedes13-nuevos-positivos\/","url_meta":{"origin":126160,"position":3},"title":"Covid en Mercedes: 13 nuevos positivos","author":"hoymercedes","date":"29 enero, 2021","format":false,"excerpt":"El parte diario del d\u00eda viernes en cuanto a la situaci\u00f3n epidemiol\u00f3gica de covid-19 en Mercedes confirma que 13 pacientes recibieron el resultado positivos de sus an\u00e1lisis entre los 60 test que se procesaron en la jornada. Adem\u00e1s, informan que 17 pacientes obtuvieron el alta de acuerdo a los protocolos\u2026","rel":"","context":"En \u00abSalud\u00bb","block_context":{"text":"Salud","link":"https:\/\/www.hoymercedes.com.ar\/principal\/category\/salud\/"},"img":{"alt_text":"","src":"https:\/\/i0.wp.com\/www.hoymercedes.com.ar\/principal\/wp-content\/uploads\/2021\/01\/WhatsApp-Image-2021-01-29-at-22.16.31.jpeg?resize=350%2C200&ssl=1","width":350,"height":200,"srcset":"https:\/\/i0.wp.com\/www.hoymercedes.com.ar\/principal\/wp-content\/uploads\/2021\/01\/WhatsApp-Image-2021-01-29-at-22.16.31.jpeg?resize=350%2C200&ssl=1 1x, https:\/\/i0.wp.com\/www.hoymercedes.com.ar\/principal\/wp-content\/uploads\/2021\/01\/WhatsApp-Image-2021-01-29-at-22.16.31.jpeg?resize=525%2C300&ssl=1 1.5x, https:\/\/i0.wp.com\/www.hoymercedes.com.ar\/principal\/wp-content\/uploads\/2021\/01\/WhatsApp-Image-2021-01-29-at-22.16.31.jpeg?resize=700%2C400&ssl=1 2x"},"classes":[]},{"id":121533,"url":"https:\/\/www.hoymercedes.com.ar\/principal\/2020\/12\/11\/tres-nuevos-pcasos-positivos-de-covid-19\/","url_meta":{"origin":126160,"position":4},"title":"Tres nuevos pcasos positivos de covid-19","author":"hoymercedes","date":"11 diciembre, 2020","format":false,"excerpt":"El informe sanitario del d\u00eda jueves en Mercedes confirma tres nuevos casos positivos entre los 39 test realizados en el d\u00eda de la fecha. Asimismo, se comunic\u00f3 que 4 pacientes obtuvieron el alta m\u00e9dica. Son 19 los casos activos de covid-19 en la ciudad, alcanzando un total de 1727 de\u2026","rel":"","context":"En \u00abSalud\u00bb","block_context":{"text":"Salud","link":"https:\/\/www.hoymercedes.com.ar\/principal\/category\/salud\/"},"img":{"alt_text":"","src":"https:\/\/i0.wp.com\/www.hoymercedes.com.ar\/principal\/wp-content\/uploads\/2020\/12\/WhatsApp-Image-2020-12-10-at-23.43.06.jpeg?resize=350%2C200&ssl=1","width":350,"height":200,"srcset":"https:\/\/i0.wp.com\/www.hoymercedes.com.ar\/principal\/wp-content\/uploads\/2020\/12\/WhatsApp-Image-2020-12-10-at-23.43.06.jpeg?resize=350%2C200&ssl=1 1x, https:\/\/i0.wp.com\/www.hoymercedes.com.ar\/principal\/wp-content\/uploads\/2020\/12\/WhatsApp-Image-2020-12-10-at-23.43.06.jpeg?resize=525%2C300&ssl=1 1.5x, https:\/\/i0.wp.com\/www.hoymercedes.com.ar\/principal\/wp-content\/uploads\/2020\/12\/WhatsApp-Image-2020-12-10-at-23.43.06.jpeg?resize=700%2C400&ssl=1 2x"},"classes":[]},{"id":121819,"url":"https:\/\/www.hoymercedes.com.ar\/principal\/2020\/12\/15\/son-4-los-nuevos-casos-positivos-alcanzando-a-30-los-pacientes-con-covid-19\/","url_meta":{"origin":126160,"position":5},"title":"Son 4 los nuevos casos positivos alcanzando a 30 los pacientes con covid-19","author":"hoymercedes","date":"15 diciembre, 2020","format":false,"excerpt":"Entre los 45 test realizados en el d\u00eda de la fecha, 4 dieron positivo para los pacientes de Mercedes. Asimismo, tres obtuvieron el alta. Con estas cifras son 30 los casos activos de covid-19. En total, desde que el virus se present\u00f3 en la ciudad en el mes de marzo,\u2026","rel":"","context":"En \u00abSalud\u00bb","block_context":{"text":"Salud","link":"https:\/\/www.hoymercedes.com.ar\/principal\/category\/salud\/"},"img":{"alt_text":"","src":"https:\/\/i0.wp.com\/www.hoymercedes.com.ar\/principal\/wp-content\/uploads\/2020\/12\/WhatsApp-Image-2020-12-15-at-22.12.45.jpeg?resize=350%2C200&ssl=1","width":350,"height":200,"srcset":"https:\/\/i0.wp.com\/www.hoymercedes.com.ar\/principal\/wp-content\/uploads\/2020\/12\/WhatsApp-Image-2020-12-15-at-22.12.45.jpeg?resize=350%2C200&ssl=1 1x, https:\/\/i0.wp.com\/www.hoymercedes.com.ar\/principal\/wp-content\/uploads\/2020\/12\/WhatsApp-Image-2020-12-15-at-22.12.45.jpeg?resize=525%2C300&ssl=1 1.5x, https:\/\/i0.wp.com\/www.hoymercedes.com.ar\/principal\/wp-content\/uploads\/2020\/12\/WhatsApp-Image-2020-12-15-at-22.12.45.jpeg?resize=700%2C400&ssl=1 2x"},"classes":[]}],"_links":{"self":[{"href":"https:\/\/www.hoymercedes.com.ar\/principal\/wp-json\/wp\/v2\/posts\/126160","targetHints":{"allow":["GET"]}}],"collection":[{"href":"https:\/\/www.hoymercedes.com.ar\/principal\/wp-json\/wp\/v2\/posts"}],"about":[{"href":"https:\/\/www.hoymercedes.com.ar\/principal\/wp-json\/wp\/v2\/types\/post"}],"author":[{"embeddable":true,"href":"https:\/\/www.hoymercedes.com.ar\/principal\/wp-json\/wp\/v2\/users\/1"}],"replies":[{"embeddable":true,"href":"https:\/\/www.hoymercedes.com.ar\/principal\/wp-json\/wp\/v2\/comments?post=126160"}],"version-history":[{"count":0,"href":"https:\/\/www.hoymercedes.com.ar\/principal\/wp-json\/wp\/v2\/posts\/126160\/revisions"}],"wp:featuredmedia":[{"embeddable":true,"href":"https:\/\/www.hoymercedes.com.ar\/principal\/wp-json\/wp\/v2\/media\/126161"}],"wp:attachment":[{"href":"https:\/\/www.hoymercedes.com.ar\/principal\/wp-json\/wp\/v2\/media?parent=126160"}],"wp:term":[{"taxonomy":"category","embeddable":true,"href":"https:\/\/www.hoymercedes.com.ar\/principal\/wp-json\/wp\/v2\/categories?post=126160"},{"taxonomy":"post_tag","embeddable":true,"href":"https:\/\/www.hoymercedes.com.ar\/principal\/wp-json\/wp\/v2\/tags?post=126160"}],"curies":[{"name":"wp","href":"https:\/\/api.w.org\/{rel}","templated":true}]}}