{"id":126168,"date":"2021-03-12T09:20:00","date_gmt":"2021-03-12T12:20:00","guid":{"rendered":"https:\/\/www.hoymercedes.com.ar\/principal\/?p=126168"},"modified":"2021-03-11T22:51:05","modified_gmt":"2021-03-12T01:51:05","slug":"municipio-impulsa-lineas-de-trabajo-por-violencia-de-genero-con-importantes-actores-judiciales","status":"publish","type":"post","link":"https:\/\/www.hoymercedes.com.ar\/principal\/2021\/03\/12\/municipio-impulsa-lineas-de-trabajo-por-violencia-de-genero-con-importantes-actores-judiciales\/","title":{"rendered":"Municipio impulsa l\u00edneas de trabajo por violencia de g\u00e9nero con importantes actores judiciales"},"content":{"rendered":"\n<p><strong>\u00a0<\/strong>Informaci\u00f3n de Prensa Municipal &#8211; El jefe comunal convoc\u00f3 a un encuentro con distintos actores del \u00e1mbito judicial y g\u00e9nero con el objetivo de articular y revisar las pol\u00edticas de Estado que se vienen aplicando en esta dif\u00edcil realidad. Estuvo presente el Ministerio de Justicia y Derechos Humanos de la Provincia a trav\u00e9s de Lisandro Pellegrini, Subsecretario de Pol\u00edtica Criminal, Franco Pedersoli, Jefe de gabinete de la Subsecretar\u00eda de Pol\u00edtica Criminal, Lucia Coppa, asesora y doctorando en la tem\u00e1tica, el Fiscal General del Departamento Judicial Mercedes, Pablo Merolala, la secretaria de gobierno, Clara Zunino y la directora de g\u00e9neros y diversidades, Guadalupe Gonz\u00e1lez. \u00a0<\/p>\n\n\n\n<div class=\"wp-block-image\"><figure class=\"aligncenter size-large\"><img loading=\"lazy\" decoding=\"async\" width=\"800\" height=\"389\" data-attachment-id=\"126169\" data-permalink=\"https:\/\/www.hoymercedes.com.ar\/principal\/2021\/03\/12\/municipio-impulsa-lineas-de-trabajo-por-violencia-de-genero-con-importantes-actores-judiciales\/20210310_120652\/#main\" data-orig-file=\"https:\/\/www.hoymercedes.com.ar\/principal\/wp-content\/uploads\/2021\/03\/20210310_120652.jpg\" data-orig-size=\"800,389\" data-comments-opened=\"0\" data-image-meta=\"{&quot;aperture&quot;:&quot;0&quot;,&quot;credit&quot;:&quot;&quot;,&quot;camera&quot;:&quot;&quot;,&quot;caption&quot;:&quot;&quot;,&quot;created_timestamp&quot;:&quot;1615378012&quot;,&quot;copyright&quot;:&quot;&quot;,&quot;focal_length&quot;:&quot;0&quot;,&quot;iso&quot;:&quot;0&quot;,&quot;shutter_speed&quot;:&quot;0&quot;,&quot;title&quot;:&quot;&quot;,&quot;orientation&quot;:&quot;1&quot;}\" data-image-title=\"20210310_120652\" data-image-description=\"\" data-image-caption=\"\" data-large-file=\"https:\/\/www.hoymercedes.com.ar\/principal\/wp-content\/uploads\/2021\/03\/20210310_120652.jpg\" src=\"https:\/\/www.hoymercedes.com.ar\/principal\/wp-content\/uploads\/2021\/03\/20210310_120652.jpg\" alt=\"\" class=\"wp-image-126169\" srcset=\"https:\/\/www.hoymercedes.com.ar\/principal\/wp-content\/uploads\/2021\/03\/20210310_120652.jpg 800w, https:\/\/www.hoymercedes.com.ar\/principal\/wp-content\/uploads\/2021\/03\/20210310_120652-630x306.jpg 630w, https:\/\/www.hoymercedes.com.ar\/principal\/wp-content\/uploads\/2021\/03\/20210310_120652-150x73.jpg 150w\" sizes=\"auto, (max-width: 800px) 100vw, 800px\" \/><\/figure><\/div>\n\n\n\n<p>La extensa reuni\u00f3n permiti\u00f3 poner sobre la mesa distintas cuestiones de la actualidad, interdisciplinaria e inter institucionalmente con el objetivo de optimizar las actuales herramientas y dispositivos de cuidado y protecci\u00f3n a las v\u00edctimas de violencia de g\u00e9nero, reformarlas, reformularlas y profundizarlas cuando sea necesario. &nbsp;<\/p>\n\n\n\n<p>\u201cHemos trabajado mucho desde el municipio en pos de la inclusi\u00f3n, la ampliaci\u00f3n y reconocimiento de derechos, la lucha contra la violencia de g\u00e9nero, desde la Casa de la Mujer Juana Azurduy que pusimos en marcha, la jerarquizaci\u00f3n de la Direcci\u00f3n de Pol\u00edticas G\u00e9neros y Diversidades, el impulso y jerarquizaci\u00f3n de la Comisar\u00eda de la Mujer y la Familia, con articulaci\u00f3n de diversas \u00e1reas de la comuna y la sociedad\u201d cont\u00f3 el jefe comunal Ustaroz y remarc\u00f3 que \u201cahora damos un pasito y empezamos a generar nuevos mecanismos de interacci\u00f3n con la Justicia en general, el Ministerio de Justicia bonaerense y el Departamento Judicial Mercedes en particular\u201d afirm\u00f3 el jefe comunal &nbsp;<\/p>\n\n\n\n<p>Por otro lado, se ratific\u00f3 el compromiso del municipio con la tem\u00e1tica, no s\u00f3lo en este mes tan particular, pasado el 8 de marzo, d\u00eda internacional de la mujer, sino en las distintas acciones desplegadas, como sucedi\u00f3 d\u00edas atr\u00e1s con el viaje de la Secretaria de Gobierno a La Plata en esta l\u00ednea de trabajo o la intervenci\u00f3n de hace unos meses atr\u00e1s concretada en el MAMM promovida por la municipalidad. &nbsp;<\/p>\n\n\n\n<p>La secretaria de gobierno afirm\u00f3 que \u201cagradecemos a cada uno de los que participaron de esta importante reuni\u00f3n, al ministerio, a la fiscal\u00eda, a nuestra \u00e1rea de g\u00e9nero, a cada uno que se compromete con estas m\u00e1s que justas y necesarias causas que nos comprometen a todas y todos como sociedad\u201d mencion\u00f3 la funcionaria y destac\u00f3 que \u201cpara nosotros es muy importante poder articular, planificar y pensar y repensar, siempre teniendo un objetivo que es eliminar las violencias de g\u00e9neros y violencias en general de nuestra sociedad\u201d destac\u00f3 Zunino. &nbsp;<\/p>\n\n\n\n<p>Destacaron desde la organizaci\u00f3n que \u201cla justicia es un actor fundamental para poder avanzar y seguir concretando un cambio cultural que nos demanda la sociedad toda y estamos convencidos que en Mercedes esa articulaci\u00f3n lo puede hacer posible\u201d y destacaron tanto Zunino como Gonzalez que \u201csi sumamos voluntades, nos comprometemos, ratificamos las mesas de trabajo, revisamos acciones e intervenciones podremos empezar a dar respuestas firmes a las demandas urgentes, necesarias y racionales que nos est\u00e1 reclamando a la sociedad. &nbsp;<\/p>\n\n\n\n<p>Este jueves, por otro lado, se volvi\u00f3 a reunir la mesa local de g\u00e9nero y est\u00e1n en agenda varias intervenciones m\u00e1s en este mes de las mujeres y lucha contra las violencias. &nbsp;<\/p>\n","protected":false},"excerpt":{"rendered":"<p>\u00a0Informaci\u00f3n de Prensa Municipal &#8211; El jefe comunal convoc\u00f3 a un encuentro con distintos actores del \u00e1mbito judicial y g\u00e9nero &#8230; <a title=\"Municipio impulsa l\u00edneas de trabajo por violencia de g\u00e9nero con importantes actores judiciales\" class=\"read-more\" href=\"https:\/\/www.hoymercedes.com.ar\/principal\/2021\/03\/12\/municipio-impulsa-lineas-de-trabajo-por-violencia-de-genero-con-importantes-actores-judiciales\/\" aria-label=\"Leer m\u00e1s sobre Municipio impulsa l\u00edneas de trabajo por violencia de g\u00e9nero con importantes actores judiciales\">Leer m\u00e1s<\/a><\/p>\n","protected":false},"author":1,"featured_media":126169,"comment_status":"closed","ping_status":"open","sticky":false,"template":"","format":"standard","meta":{"_monsterinsights_skip_tracking":false,"_monsterinsights_sitenote_active":false,"_monsterinsights_sitenote_note":"","_monsterinsights_sitenote_category":0,"jetpack_post_was_ever_published":false,"_jetpack_newsletter_access":"","_jetpack_dont_email_post_to_subs":false,"_jetpack_newsletter_tier_id":0,"_jetpack_memberships_contains_paywalled_content":false,"_jetpack_memberships_contains_paid_content":false,"footnotes":"","jetpack_publicize_message":"","jetpack_publicize_feature_enabled":true,"jetpack_social_post_already_shared":true,"jetpack_social_options":{"image_generator_settings":{"template":"highway","default_image_id":0,"font":"","enabled":false},"version":2},"_wpas_customize_per_network":false},"categories":[30],"tags":[],"class_list":["post-126168","post","type-post","status-publish","format-standard","has-post-thumbnail","hentry","category-municipio","generate-columns","tablet-grid-50","mobile-grid-100","grid-parent","grid-50"],"jetpack_publicize_connections":[],"jetpack_featured_media_url":"https:\/\/www.hoymercedes.com.ar\/principal\/wp-content\/uploads\/2021\/03\/20210310_120652.jpg","wps_subtitle":"Informaci\u00f3n oficial","jetpack_sharing_enabled":true,"jetpack-related-posts":[{"id":133621,"url":"https:\/\/www.hoymercedes.com.ar\/principal\/2021\/07\/19\/importante-reunion-entre-municipio-ministerio-publico-de-justicia-y-provincia-por-temas-de-violencias-de-genero\/","url_meta":{"origin":126168,"position":0},"title":"Importante reuni\u00f3n entre Municipio, Ministerio P\u00fablico de Justicia y Provincia por temas de violencias de g\u00e9nero","author":"hoymercedes","date":"19 julio, 2021","format":false,"excerpt":"Se concret\u00f3 la primera reuni\u00f3n de la mesa de trabajo entre el Municipio, U.F.I Departamental Mercedes, Ministerio de Justicia y Derechos Humanos de la Provincia y la DPGD comunal con el objetivo de articular pol\u00edticas de Estado en la lucha de la violencia por razones de g\u00e9nero y la atenci\u00f3n\u2026","rel":"","context":"En \u00abMunicipio\u00bb","block_context":{"text":"Municipio","link":"https:\/\/www.hoymercedes.com.ar\/principal\/category\/municipio\/"},"img":{"alt_text":"","src":"https:\/\/i0.wp.com\/www.hoymercedes.com.ar\/principal\/wp-content\/uploads\/2021\/07\/DSC08216.jpg?resize=350%2C200&ssl=1","width":350,"height":200,"srcset":"https:\/\/i0.wp.com\/www.hoymercedes.com.ar\/principal\/wp-content\/uploads\/2021\/07\/DSC08216.jpg?resize=350%2C200&ssl=1 1x, https:\/\/i0.wp.com\/www.hoymercedes.com.ar\/principal\/wp-content\/uploads\/2021\/07\/DSC08216.jpg?resize=525%2C300&ssl=1 1.5x, https:\/\/i0.wp.com\/www.hoymercedes.com.ar\/principal\/wp-content\/uploads\/2021\/07\/DSC08216.jpg?resize=700%2C400&ssl=1 2x"},"classes":[]},{"id":125757,"url":"https:\/\/www.hoymercedes.com.ar\/principal\/2021\/03\/04\/encuentro-para-la-militancia-judicial-mercedes-manifiesta-su-apoyo-a-de-pedro\/","url_meta":{"origin":126168,"position":1},"title":"\u201cEncuentro para la Militancia Judicial Mercedes\u201d manifiesta su apoyo a De Pedro","author":"hoymercedes","date":"4 marzo, 2021","format":false,"excerpt":"\u201cDesde la Secretaria de G\u00e9nero del \u201cEncuentro para la Militancia Judicial Mercedes\u201d manifestamos el apoyo al Ministro del Interior Eduardo \u201cWado\u201d de Pedro, respecto a sus dichos\u201d afirma el comunicado hecho llegar a la prensa. M\u00e1s adelante expresa que \u201cComo mujeres trabajadoras del #PoderJudicial creemos necesaria una Reforma Judicial Feminista\u2026","rel":"","context":"En \u00abPol\u00edtica\u00bb","block_context":{"text":"Pol\u00edtica","link":"https:\/\/www.hoymercedes.com.ar\/principal\/category\/politica\/"},"img":{"alt_text":"","src":"https:\/\/i0.wp.com\/www.hoymercedes.com.ar\/principal\/wp-content\/uploads\/2021\/03\/encuentro-judicial-mercedes.jpeg?resize=350%2C200&ssl=1","width":350,"height":200,"srcset":"https:\/\/i0.wp.com\/www.hoymercedes.com.ar\/principal\/wp-content\/uploads\/2021\/03\/encuentro-judicial-mercedes.jpeg?resize=350%2C200&ssl=1 1x, https:\/\/i0.wp.com\/www.hoymercedes.com.ar\/principal\/wp-content\/uploads\/2021\/03\/encuentro-judicial-mercedes.jpeg?resize=525%2C300&ssl=1 1.5x, https:\/\/i0.wp.com\/www.hoymercedes.com.ar\/principal\/wp-content\/uploads\/2021\/03\/encuentro-judicial-mercedes.jpeg?resize=700%2C400&ssl=1 2x"},"classes":[]},{"id":119688,"url":"https:\/\/www.hoymercedes.com.ar\/principal\/2020\/11\/07\/realizan-mesa-de-trabajo-con-equipos-del-municipio-y-ministerio-de-justicia-bonaerense\/","url_meta":{"origin":126168,"position":2},"title":"Realizan mesa de trabajo con equipos del Municipio y Ministerio de Justicia bonaerense","author":"hoymercedes","date":"7 noviembre, 2020","format":false,"excerpt":"D\u00edas atr\u00e1s, se concret\u00f3 un encuentro de trabajo y gesti\u00f3n entre entre equipos de gesti\u00f3n y t\u00e9cnicos de varias \u00e1reas comunales y la Subsecretar\u00eda de Pol\u00edtica Criminal del Ministerio de Justicia de la Provincia de Buenos Aires. La reuni\u00f3n permiti\u00f3 \u201cavanzar en acciones concretar y dispositivos de intervenci\u00f3n\". Participaron equipos\u2026","rel":"","context":"En \u00abMunicipio\u00bb","block_context":{"text":"Municipio","link":"https:\/\/www.hoymercedes.com.ar\/principal\/category\/municipio\/"},"img":{"alt_text":"","src":"https:\/\/i0.wp.com\/www.hoymercedes.com.ar\/principal\/wp-content\/uploads\/2020\/11\/07-muni-justicia.jpg?resize=350%2C200&ssl=1","width":350,"height":200,"srcset":"https:\/\/i0.wp.com\/www.hoymercedes.com.ar\/principal\/wp-content\/uploads\/2020\/11\/07-muni-justicia.jpg?resize=350%2C200&ssl=1 1x, https:\/\/i0.wp.com\/www.hoymercedes.com.ar\/principal\/wp-content\/uploads\/2020\/11\/07-muni-justicia.jpg?resize=525%2C300&ssl=1 1.5x, https:\/\/i0.wp.com\/www.hoymercedes.com.ar\/principal\/wp-content\/uploads\/2020\/11\/07-muni-justicia.jpg?resize=700%2C400&ssl=1 2x"},"classes":[]},{"id":125904,"url":"https:\/\/www.hoymercedes.com.ar\/principal\/2021\/03\/08\/8m-2021-documento-de-la-direccion-de-politicas-de-genero-y-diversidad-municipal\/","url_meta":{"origin":126168,"position":3},"title":"8M-2021: Documento de la Direcci\u00f3n de Pol\u00edticas de G\u00e9nero y diversidad Municipal","author":"hoymercedes","date":"8 marzo, 2021","format":false,"excerpt":"A trav\u00e9s de un documento titulado \"Conmemoraci\u00f3n del d\u00eda internacional de la mujer trabajadora\", la Direcci\u00f3n de Pol\u00edticas de G\u00e9neros y Diversidad de la Municipalidad de la Ciudad de Mercedes expres\u00f3 en el encuentro del domingo en la plaza San Luis una reflexi\u00f3n sobre \"otro 8 de Marzo en una\u2026","rel":"","context":"En \u00abMunicipio\u00bb","block_context":{"text":"Municipio","link":"https:\/\/www.hoymercedes.com.ar\/principal\/category\/municipio\/"},"img":{"alt_text":"","src":"https:\/\/i0.wp.com\/www.hoymercedes.com.ar\/principal\/wp-content\/uploads\/2021\/03\/08-direcc-mujeres-muni.jpg?resize=350%2C200&ssl=1","width":350,"height":200,"srcset":"https:\/\/i0.wp.com\/www.hoymercedes.com.ar\/principal\/wp-content\/uploads\/2021\/03\/08-direcc-mujeres-muni.jpg?resize=350%2C200&ssl=1 1x, https:\/\/i0.wp.com\/www.hoymercedes.com.ar\/principal\/wp-content\/uploads\/2021\/03\/08-direcc-mujeres-muni.jpg?resize=525%2C300&ssl=1 1.5x, https:\/\/i0.wp.com\/www.hoymercedes.com.ar\/principal\/wp-content\/uploads\/2021\/03\/08-direcc-mujeres-muni.jpg?resize=700%2C400&ssl=1 2x, https:\/\/i0.wp.com\/www.hoymercedes.com.ar\/principal\/wp-content\/uploads\/2021\/03\/08-direcc-mujeres-muni.jpg?resize=1050%2C600&ssl=1 3x, https:\/\/i0.wp.com\/www.hoymercedes.com.ar\/principal\/wp-content\/uploads\/2021\/03\/08-direcc-mujeres-muni.jpg?resize=1400%2C800&ssl=1 4x"},"classes":[]},{"id":70032,"url":"https:\/\/www.hoymercedes.com.ar\/principal\/2017\/11\/24\/el-parque-judicial-podria-ser-una-realidad\/","url_meta":{"origin":126168,"position":4},"title":"El parque judicial podr\u00eda ser una realidad","author":"hoymercedes","date":"24 noviembre, 2017","format":false,"excerpt":"Desde hace muchos a\u00f1os existe el proyecto de la \u201cciudad judicial\u201d o \u201cparque judicial\u201d en Mercedes. Varios fueron los intentos, siempre cercenados por la falta de tierras a disponer para el emprendimiento que busca centralizar los servicios de justicia en un predio para dar mejor calidad de atenci\u00f3n a todos\u2026","rel":"","context":"En \u00abSociedad\u00bb","block_context":{"text":"Sociedad","link":"https:\/\/www.hoymercedes.com.ar\/principal\/category\/sociedad\/"},"img":{"alt_text":"","src":"https:\/\/i0.wp.com\/www.hoymercedes.com.ar\/principal\/wp-content\/uploads\/2017\/11\/mapa.jpg?resize=350%2C200&ssl=1","width":350,"height":200,"srcset":"https:\/\/i0.wp.com\/www.hoymercedes.com.ar\/principal\/wp-content\/uploads\/2017\/11\/mapa.jpg?resize=350%2C200&ssl=1 1x, https:\/\/i0.wp.com\/www.hoymercedes.com.ar\/principal\/wp-content\/uploads\/2017\/11\/mapa.jpg?resize=525%2C300&ssl=1 1.5x, https:\/\/i0.wp.com\/www.hoymercedes.com.ar\/principal\/wp-content\/uploads\/2017\/11\/mapa.jpg?resize=700%2C400&ssl=1 2x"},"classes":[]},{"id":125987,"url":"https:\/\/www.hoymercedes.com.ar\/principal\/2021\/03\/08\/direccion-de-genero-del-municipio-realizo-acto-conmemorativo-por-el-8m\/","url_meta":{"origin":126168,"position":5},"title":"Direcci\u00f3n de G\u00e9nero del Municipio realiz\u00f3 acto conmemorativo por el 8M","author":"hoymercedes","date":"8 marzo, 2021","format":false,"excerpt":"Informaci\u00f3n Municipal - Durante la ma\u00f1ana de este lunes 8 de marzo, D\u00eda Internacional de la Mujer, desde la ic\u00f3nica Plaza San Mart\u00edn se realizaron actos en conmemoraci\u00f3n de esta important\u00edsima fecha. El acto central cont\u00f3 con diversas representaciones institucionales y \u00e1reas de gesti\u00f3n. Se ley\u00f3 un documento, hubo m\u00fasica\u2026","rel":"","context":"En \u00abMunicipio\u00bb","block_context":{"text":"Municipio","link":"https:\/\/www.hoymercedes.com.ar\/principal\/category\/municipio\/"},"img":{"alt_text":"","src":"https:\/\/i0.wp.com\/www.hoymercedes.com.ar\/principal\/wp-content\/uploads\/2021\/03\/08-acto-8m-municipal-1.jpg?resize=350%2C200&ssl=1","width":350,"height":200,"srcset":"https:\/\/i0.wp.com\/www.hoymercedes.com.ar\/principal\/wp-content\/uploads\/2021\/03\/08-acto-8m-municipal-1.jpg?resize=350%2C200&ssl=1 1x, https:\/\/i0.wp.com\/www.hoymercedes.com.ar\/principal\/wp-content\/uploads\/2021\/03\/08-acto-8m-municipal-1.jpg?resize=525%2C300&ssl=1 1.5x, https:\/\/i0.wp.com\/www.hoymercedes.com.ar\/principal\/wp-content\/uploads\/2021\/03\/08-acto-8m-municipal-1.jpg?resize=700%2C400&ssl=1 2x"},"classes":[]}],"_links":{"self":[{"href":"https:\/\/www.hoymercedes.com.ar\/principal\/wp-json\/wp\/v2\/posts\/126168","targetHints":{"allow":["GET"]}}],"collection":[{"href":"https:\/\/www.hoymercedes.com.ar\/principal\/wp-json\/wp\/v2\/posts"}],"about":[{"href":"https:\/\/www.hoymercedes.com.ar\/principal\/wp-json\/wp\/v2\/types\/post"}],"author":[{"embeddable":true,"href":"https:\/\/www.hoymercedes.com.ar\/principal\/wp-json\/wp\/v2\/users\/1"}],"replies":[{"embeddable":true,"href":"https:\/\/www.hoymercedes.com.ar\/principal\/wp-json\/wp\/v2\/comments?post=126168"}],"version-history":[{"count":0,"href":"https:\/\/www.hoymercedes.com.ar\/principal\/wp-json\/wp\/v2\/posts\/126168\/revisions"}],"wp:featuredmedia":[{"embeddable":true,"href":"https:\/\/www.hoymercedes.com.ar\/principal\/wp-json\/wp\/v2\/media\/126169"}],"wp:attachment":[{"href":"https:\/\/www.hoymercedes.com.ar\/principal\/wp-json\/wp\/v2\/media?parent=126168"}],"wp:term":[{"taxonomy":"category","embeddable":true,"href":"https:\/\/www.hoymercedes.com.ar\/principal\/wp-json\/wp\/v2\/categories?post=126168"},{"taxonomy":"post_tag","embeddable":true,"href":"https:\/\/www.hoymercedes.com.ar\/principal\/wp-json\/wp\/v2\/tags?post=126168"}],"curies":[{"name":"wp","href":"https:\/\/api.w.org\/{rel}","templated":true}]}}