{"id":126172,"date":"2021-03-12T13:30:00","date_gmt":"2021-03-12T16:30:00","guid":{"rendered":"https:\/\/www.hoymercedes.com.ar\/principal\/?p=126172"},"modified":"2021-03-12T14:52:12","modified_gmt":"2021-03-12T17:52:12","slug":"basta-de-aniquilar-el-arbolado-historico-del-partido-de-mercedes","status":"publish","type":"post","link":"https:\/\/www.hoymercedes.com.ar\/principal\/2021\/03\/12\/basta-de-aniquilar-el-arbolado-historico-del-partido-de-mercedes\/","title":{"rendered":"Basta de Aniquilar el Arbolado Hist\u00f3rico del Partido de Mercedes"},"content":{"rendered":"\n<p>Desde S.O.S H\u00c1BITAT, AMA (Asamblea Mercedina por la Agroecolog\u00eda) y XR Cuenca R\u00edo Luj\u00e1n apoyamos el pedido de los habitantes del pueblo de Altamira , Mercedes, ante el reciente violento desmonte de Ruta 5 y calle 626, para considerar el ordenamiento territorial respetando la identidad de la zona.<\/p>\n\n\n\n<p>\u00bfSAB\u00cdAN QU\u00c9?<br>Es conocida la fragmentaci\u00f3n descontrolada y desordenada de loteos en el pueblo, en donde los due\u00f1os de los terrenos lo desmontan sin considerar las ordenanzas vigentes y sus respectivos art\u00edculos.<\/p>\n\n\n\n<p><br>*Ordenanza N\u00ba 5671. DE ZONIFICACI\u00d3N:<\/p>\n\n\n\n<ul class=\"wp-block-list\"><li>Ordenar el territorio del Partido mediante una zonificaci\u00f3n basada en el car\u00e1cter de su ocupaci\u00f3n y en la compatibilidad de sus usos, contribuyendo as\u00ed a <strong>mejorar tanto su funcionalidad como su calidad ambiental<\/strong>.<\/li><li>&nbsp;Evitar conflictos funcionales y problemas ambientales, <strong>corregir los ya producidos y proteger el car\u00e1cter y estabilidad<\/strong> de \u00e1reas donde se han emplazado espont\u00e1neamente actividades que se desarrollan arm\u00f3nicamente.<\/li><li>* Promover el saneamiento y la revitalizaci\u00f3n de sectores postergados y la rehabilitaci\u00f3n y el mejoramiento del patrimonio edilicio, <strong>potenciando sus valores ambientales del territorio.<\/strong><\/li><li>&nbsp;Cuidar la est\u00e9tica urbana en los \u00e1mbitos <strong>tanto p\u00fablicos como privados<\/strong>.<\/li><\/ul>\n\n\n\n<p>*Ordenanza N\u00ba 7854 PROTECCI\u00d3N DEL PATRIMONIO NATURAL Y CULTURAL<\/p>\n\n\n\n<ul class=\"wp-block-list\"><li>&nbsp;Ambiental, se incluyen aquellos bienes que presenten una alta integraci\u00f3n a un conjunto edilicio, o conformen un sitio especial que caracterice al paisaje urbano por ejemplo plazas, plazoletas, boulevares, espacios ferroviarios no utilizados en la prestaci\u00f3n del servicio; que presenten cualidades de parques, jardines o forestaci\u00f3n especial por sus valores est\u00e9ticos, paisaj\u00edsticos y bot\u00e1nicos; <strong>que presenten un alto grado de integraci\u00f3n de los espacios p\u00fablicos y privados<\/strong>; cuya preservaci\u00f3n implique un cuidado al equilibrio medioambiental.<\/li><li>ESPECIFICIDADES DE LOS BIENES INMUEBLES<\/li><li>Art\u00edculo 5\u00ba: Los bienes inmuebles que sean considerados como CUNA ser\u00e1n los edificios, monumentos, <strong>sitios<\/strong>, \u00e1mbitos urbanos, grupos de construcciones, plazas, plazoletas, bulevares, espacios ferroviarios incluyendo:<\/li><li>a) La parcela con todas las caracter\u00edsticas topogr\u00e1ficas y naturales.<\/li><li>b)<strong> La vegetaci\u00f3n que \u00e9sta incluye.<\/strong><\/li><li>c) La materializaci\u00f3n de las l\u00edneas de bordes (cercos, muros, etc.)<\/li><li>d) El\/los edificios.<\/li><li>e) Los elementos que hacen a la identidad y reconocimiento del bien (faroles, bancos, elementos decorativos y funcionales, veletas, fuentes, etc.)<\/li><\/ul>\n\n\n\n<p>DESDE EL PUEBLO DE ALTAMIRA Y LOS GRUPOS,PERSONAS Y ENTIDADES FIRMANTES <strong>pedimos al Estado municipal que regule el arbolado privado<\/strong>, en especial, aquel que est\u00e9 dentro de la categor\u00eda de patrimonio natural.<\/p>\n\n\n\n<p>Es conocido el valor ecosist\u00e9mico que tiene el arbolado urbano y rural para los habitantes y seres vivos en general. <strong>Para que no contin\u00faen ocurriendo hechos como los ilustrados en la nota compartida a continuaci\u00f3n y en las im\u00e1genes, es que solicitamos:<\/strong><\/p>\n\n\n\n<ul class=\"wp-block-list\"><li>una revisi\u00f3n urgente del c\u00f3digo de ordenamiento y de la ordenanza de patrimonio donde se incluya el arbolado privado y p\u00fablico debido a su importancia ecol\u00f3gica,&nbsp;<\/li><li>as\u00ed como la necesidad de conformar y solventar a Mercedes de medios de control y fiscalizaci\u00f3n ambiental aplicables y participativos.<\/li><\/ul>\n\n\n\n<p>AC\u00c1 MOSTRAMOS LAS EVIDENCIAS:<\/p>\n\n\n\n<p>Nota presentada al estado municipal el 1\/02\/2021 por los referentes de Altamira.<\/p>\n\n\n\n<figure class=\"wp-block-image\"><img decoding=\"async\" src=\"https:\/\/lh3.googleusercontent.com\/GQH64WgsWtd2U26J-Wh_SiauuDNOvOnM7_P2sFt4gCa4ihBuWG-oqWQnGhcK0sdK63vl9-qAoIUoR3Sf1WbQh4wkldHH-aD5cHaqaGP_Ge1fenZ0aMF1jC2VRtyx8Z2lkasLhOA2\" alt=\"\"\/><\/figure>\n\n\n\n<figure class=\"wp-block-image\"><img decoding=\"async\" src=\"https:\/\/lh4.googleusercontent.com\/zNi-fyqi5LS4bps_rT8JyfOv0ojPXMFMNA86vKID4MBGmVhNWurMKtLLHvqAhG5wVazXxLNhgneUpq-szZet6di_aOWRR5f7EmaFyhqcygHvZo5jAKyN34WZduEh7zhS259hoxsM\" alt=\"\"\/><\/figure>\n\n\n\n<p>Postes que delimitan el terreno corridos de lugar para apropiarse de espacio p\u00fablico.<img loading=\"lazy\" decoding=\"async\" height=\"339\" src=\"https:\/\/lh5.googleusercontent.com\/Cn7ehZie1kjjK00yIl3kWVsrrcCWrqBQExl00H6FRsEfAZQ3bm2RK-C99vYbDdO5CI_g9dB8ezJ4CmN5rizezAVMyaWXCMMzzmMngN9Ct73oa3kPkDMbkdv7PhLkKxPz-Sst86Cl\" width=\"602\"><\/p>\n\n\n\n<p>Terreno desmontado completamente. Se observa movimiento de suelo donde se pierden las propiedades nutritivas del mismo. A dos meses del movimiento,no ha crecido ninguna especie vegetal.<img loading=\"lazy\" decoding=\"async\" height=\"339\" src=\"https:\/\/lh6.googleusercontent.com\/epZ3TtHVtd6qs3X5xdoWli-fJ-9-Lk5iwmxzVwjrnaytq-Ph5cNhi6e8dSFD5m4iphUIiU4Kk0Bg81OLzbifwhCe6Hoz03qTrhHqRyZYeOIPOAiKUHO171TJHKBQz3PkPdLO23uA\" width=\"602\"><img loading=\"lazy\" decoding=\"async\" height=\"451\" src=\"https:\/\/lh4.googleusercontent.com\/SQ5Fqbflu8Rfc4HuTGuwTixJBFRiF-JyaLcofntWfsLuQDw8gfZkM_gp4UFD5ijQbLYEksEulZavQ9Dnx4etZzfe2wA6xexrEjS3D9KEIkDRd1qcJMKlwrRRNMBDFkEVy_nEJfC7\" width=\"602\"><img decoding=\"async\" height=\"758.5892792759582\" src=\"https:\/\/lh4.googleusercontent.com\/iG4fruxAJgt4bCeuJwSOwlTL6-XdQLo2tom7npDC2FjbBUkJMuFbuf2IITqPLZtyei1lKoqb6Yczfp8rjwD5vcQeRKQslVag_xkGbjXEEfEhBKkRhZso5UsD2GDciF_A2zlVxy8s\" width=\"602\"><\/p>\n\n\n\n<figure class=\"wp-block-image\"><img decoding=\"async\" src=\"https:\/\/lh5.googleusercontent.com\/sHbWWJ_Z0N1J7rQJ1IC1C45W4-Tx5_OvEnx2rdKwKews9Lf3OsCYtFKHCOQ1zfDUjEdUAO7ZkuilWJoh9yTvDNfKusYPsMqiyjGmXm1KZ4BeMxs8Go87GXOp3lpsw1KukJMBpzqv\" alt=\"\"\/><\/figure>\n\n\n\n<p>GRUPOS, ENTIDADES Y CIUDADANOS FIRMANTES: (Para adherirse, pueden acceder al formulario siguiente: <a href=\"https:\/\/docs.google.com\/forms\/d\/e\/1FAIpQLSdW3Kd6wNGx_awq5k2Q5GzneRA9BA_7DAKZs6ZcE1KlzKUxOA\/viewform?usp=sf_link\" target=\"_blank\" rel=\"noopener\">https:\/\/docs.google.com\/forms\/d\/e\/1FAIpQLSdW3Kd6wNGx_awq5k2Q5GzneRA9BA_7DAKZs6ZcE1KlzKUxOA\/viewform?usp=sf_link<\/a> )<\/p>\n\n\n\n<p>S.O.S H\u00c1BITAT<br>AMA<br>XR CUENCA DEL R\u00cdO LUJ\u00c1N<br>PAMPA CROM\u00c1TICA\u00a0<br>Ferzzola Ariel\u00a0<br>L\u00f3pez Francisco<br>Moleres Cristian<\/p>\n\n\n\n<p><\/p>\n","protected":false},"excerpt":{"rendered":"<p>Desde S.O.S H\u00c1BITAT, AMA (Asamblea Mercedina por la Agroecolog\u00eda) y XR Cuenca R\u00edo Luj\u00e1n apoyamos el pedido de los habitantes &#8230; <a title=\"Basta de Aniquilar el Arbolado Hist\u00f3rico del Partido de Mercedes\" class=\"read-more\" href=\"https:\/\/www.hoymercedes.com.ar\/principal\/2021\/03\/12\/basta-de-aniquilar-el-arbolado-historico-del-partido-de-mercedes\/\" aria-label=\"Leer m\u00e1s sobre Basta de Aniquilar el Arbolado Hist\u00f3rico del Partido de Mercedes\">Leer m\u00e1s<\/a><\/p>\n","protected":false},"author":1,"featured_media":126177,"comment_status":"closed","ping_status":"open","sticky":false,"template":"","format":"standard","meta":{"_monsterinsights_skip_tracking":false,"_monsterinsights_sitenote_active":false,"_monsterinsights_sitenote_note":"","_monsterinsights_sitenote_category":0,"jetpack_post_was_ever_published":false,"_jetpack_newsletter_access":"","_jetpack_dont_email_post_to_subs":false,"_jetpack_newsletter_tier_id":0,"_jetpack_memberships_contains_paywalled_content":false,"_jetpack_memberships_contains_paid_content":false,"footnotes":"","jetpack_publicize_message":"","jetpack_publicize_feature_enabled":true,"jetpack_social_post_already_shared":true,"jetpack_social_options":{"image_generator_settings":{"template":"highway","default_image_id":0,"font":"","enabled":false},"version":2},"_wpas_customize_per_network":false},"categories":[8],"tags":[],"class_list":["post-126172","post","type-post","status-publish","format-standard","has-post-thumbnail","hentry","category-sociedad","generate-columns","tablet-grid-50","mobile-grid-100","grid-parent","grid-50"],"jetpack_publicize_connections":[],"jetpack_featured_media_url":"https:\/\/www.hoymercedes.com.ar\/principal\/wp-content\/uploads\/2021\/03\/12-poda-zona-rural.jpg","wps_subtitle":"Escriben organismos ecol\u00f3gicos","jetpack_sharing_enabled":true,"jetpack-related-posts":[{"id":162610,"url":"https:\/\/www.hoymercedes.com.ar\/principal\/2023\/05\/24\/vecinos-del-cuartel-10-piden-cambios-en-la-zonificacion\/","url_meta":{"origin":126172,"position":0},"title":"Vecinos del Cuartel 10 piden cambios en la zonificaci\u00f3n","author":"hoymercedes","date":"24 mayo, 2023","format":false,"excerpt":"Los vecinos autoconvocados del Cuartel 10, a trav\u00e9s de dos cartas dirigidas, una al Intendente Municipal, y otra a los Concejales de la ciudad de Mercedes, solicitan que tengan tenidos en cuenta para el tratamiento de la nueva ordenanza de zonificaci\u00f3n y que la zona que habitan tenga la posibilidad\u2026","rel":"","context":"En \u00abSociedad\u00bb","block_context":{"text":"Sociedad","link":"https:\/\/www.hoymercedes.com.ar\/principal\/category\/sociedad\/"},"img":{"alt_text":"","src":"https:\/\/i0.wp.com\/www.hoymercedes.com.ar\/principal\/wp-content\/uploads\/2023\/05\/Imagen-de-WhatsApp-2023-05-22-a-las-10.55.44.jpg?resize=350%2C200&ssl=1","width":350,"height":200,"srcset":"https:\/\/i0.wp.com\/www.hoymercedes.com.ar\/principal\/wp-content\/uploads\/2023\/05\/Imagen-de-WhatsApp-2023-05-22-a-las-10.55.44.jpg?resize=350%2C200&ssl=1 1x, https:\/\/i0.wp.com\/www.hoymercedes.com.ar\/principal\/wp-content\/uploads\/2023\/05\/Imagen-de-WhatsApp-2023-05-22-a-las-10.55.44.jpg?resize=525%2C300&ssl=1 1.5x"},"classes":[]},{"id":52144,"url":"https:\/\/www.hoymercedes.com.ar\/principal\/2016\/07\/06\/proponen-que-se-actualice-ordenanza-de-zonificacion-en-agote\/","url_meta":{"origin":126172,"position":1},"title":"Proponen que se actualice Ordenanza de Zonificaci\u00f3n en Agote","author":"hoymercedes","date":"6 julio, 2016","format":false,"excerpt":"Los concejales del Frente Cambiemos Oscar Albini, Juan Carlos Badano, Juan Carlos Benitez,\u00a0Edgard Killmeate, A\u00edda Laporta y Alejandra Repetto piden que inicie el trabajo para una nueva Ordenanza de Zonificaci\u00f3n. No es la primera vez que se hace, ni que se pide, algunos concejales en los \u00faltimos a\u00f1os han esbozado\u2026","rel":"","context":"En \u00abPol\u00edtica\u00bb","block_context":{"text":"Pol\u00edtica","link":"https:\/\/www.hoymercedes.com.ar\/principal\/category\/politica\/"},"img":{"alt_text":"","src":"https:\/\/i0.wp.com\/www.hoymercedes.com.ar\/principal\/wp-content\/uploads\/2016\/06\/15-Cambiemos-opinion.jpg?resize=350%2C200&ssl=1","width":350,"height":200},"classes":[]},{"id":151945,"url":"https:\/\/www.hoymercedes.com.ar\/principal\/2022\/08\/16\/ordenanza-de-zonificacion-decreto-abrio-el-debate-en-el-hcd\/","url_meta":{"origin":126172,"position":2},"title":"Ordenanza de Zonificaci\u00f3n: Decreto abri\u00f3 el debate en el HCD\u00a0","author":"hoymercedes","date":"16 agosto, 2022","format":false,"excerpt":"En la sesi\u00f3n pasada del HCD, resde el bloque de Juntos solicitaron explicaciones al ejecutivo por un decreto que afectar\u00eda a la ordenanza de zonificaci\u00f3n vigente.","rel":"","context":"En \u00abHCD Mercedes\u00bb","block_context":{"text":"HCD Mercedes","link":"https:\/\/www.hoymercedes.com.ar\/principal\/category\/hcd-mercedes\/"},"img":{"alt_text":"","src":"https:\/\/i0.wp.com\/www.hoymercedes.com.ar\/principal\/wp-content\/uploads\/2022\/08\/debora-Lacasa1.jpg?resize=350%2C200&ssl=1","width":350,"height":200,"srcset":"https:\/\/i0.wp.com\/www.hoymercedes.com.ar\/principal\/wp-content\/uploads\/2022\/08\/debora-Lacasa1.jpg?resize=350%2C200&ssl=1 1x, https:\/\/i0.wp.com\/www.hoymercedes.com.ar\/principal\/wp-content\/uploads\/2022\/08\/debora-Lacasa1.jpg?resize=525%2C300&ssl=1 1.5x, https:\/\/i0.wp.com\/www.hoymercedes.com.ar\/principal\/wp-content\/uploads\/2022\/08\/debora-Lacasa1.jpg?resize=700%2C400&ssl=1 2x"},"classes":[]},{"id":131891,"url":"https:\/\/www.hoymercedes.com.ar\/principal\/2021\/06\/16\/centro-de-ingenieros-reafirma-la-importancia-de-los-ferrocarriles\/","url_meta":{"origin":126172,"position":3},"title":"Centro de Ingenieros reafirma la importancia de los ferrocarriles","author":"hoymercedes","date":"16 junio, 2021","format":false,"excerpt":"Bajo el t\u00edtulo \"Construcci\u00f3n en Terrenos Ferroviarios\", la Comisi\u00f3n Directiva del Centro de Ingenieros de Mercedes hizo p\u00fablica una comunicaci\u00f3n en la que reafirma su postura ante la \"importancia de los ferrocarriles\" y el \"resguardo de todos sus bienes\". La comunicaci\u00f3n expresa: \"Ante comentarios que se ocupar\u00edan terrenos pertenecientes al\u2026","rel":"","context":"En \u00abSociedad\u00bb","block_context":{"text":"Sociedad","link":"https:\/\/www.hoymercedes.com.ar\/principal\/category\/sociedad\/"},"img":{"alt_text":"","src":"https:\/\/i0.wp.com\/www.hoymercedes.com.ar\/principal\/wp-content\/uploads\/2020\/06\/27-centro-ingenieros.jpg?resize=350%2C200&ssl=1","width":350,"height":200,"srcset":"https:\/\/i0.wp.com\/www.hoymercedes.com.ar\/principal\/wp-content\/uploads\/2020\/06\/27-centro-ingenieros.jpg?resize=350%2C200&ssl=1 1x, https:\/\/i0.wp.com\/www.hoymercedes.com.ar\/principal\/wp-content\/uploads\/2020\/06\/27-centro-ingenieros.jpg?resize=525%2C300&ssl=1 1.5x"},"classes":[]},{"id":141627,"url":"https:\/\/www.hoymercedes.com.ar\/principal\/2021\/12\/18\/mercedinos-se-sumaron-a-los-reclamos-por-la-ley-minera-en-chubut\/","url_meta":{"origin":126172,"position":4},"title":"Mercedinos se sumaron a los reclamos por la ley minera en Chubut","author":"hoymercedes","date":"18 diciembre, 2021","format":false,"excerpt":"Haci\u00e9ndose eco de los reclamos en la provincia de Chubut por una ley que permitir\u00e1 la explotaci\u00f3n de mega miner\u00eda en la provincia y a la que una mayor\u00eda de chubutenses se opone, un grupo de mercedino se pleg\u00f3 a las movilizaciones en todo el\u202fpa\u00eds contra la zonificaci\u00f3n minera y\u2026","rel":"","context":"En \u00abPol\u00edtica\u00bb","block_context":{"text":"Pol\u00edtica","link":"https:\/\/www.hoymercedes.com.ar\/principal\/category\/politica\/"},"img":{"alt_text":"","src":"https:\/\/i0.wp.com\/www.hoymercedes.com.ar\/principal\/wp-content\/uploads\/2021\/12\/WhatsApp-Image-2021-12-18-at-11.56.00.jpeg?resize=350%2C200&ssl=1","width":350,"height":200,"srcset":"https:\/\/i0.wp.com\/www.hoymercedes.com.ar\/principal\/wp-content\/uploads\/2021\/12\/WhatsApp-Image-2021-12-18-at-11.56.00.jpeg?resize=350%2C200&ssl=1 1x, https:\/\/i0.wp.com\/www.hoymercedes.com.ar\/principal\/wp-content\/uploads\/2021\/12\/WhatsApp-Image-2021-12-18-at-11.56.00.jpeg?resize=525%2C300&ssl=1 1.5x, https:\/\/i0.wp.com\/www.hoymercedes.com.ar\/principal\/wp-content\/uploads\/2021\/12\/WhatsApp-Image-2021-12-18-at-11.56.00.jpeg?resize=700%2C400&ssl=1 2x"},"classes":[]},{"id":75017,"url":"https:\/\/www.hoymercedes.com.ar\/principal\/2018\/04\/25\/concejales-realizaron-comision-ampliada-ante-modificaciones-en-zonificacion\/","url_meta":{"origin":126172,"position":5},"title":"Concejales realizaron comisi\u00f3n ampliada ante modificaciones en zonificaci\u00f3n","author":"hoymercedes","date":"25 abril, 2018","format":false,"excerpt":"En el marco de la Comisi\u00f3n de Planeamiento del Concejo Deliberante, ampliada para los legisladores que no la integran, en horas del mediod\u00eda del martes, se llev\u00f3 un encuentro con integrantes de la comisi\u00f3n consultora formada para armar las modificaciones en la Ordenanza de Zonificaci\u00f3n de Mercedes. Reunidos en el\u2026","rel":"","context":"En \u00abPol\u00edtica\u00bb","block_context":{"text":"Pol\u00edtica","link":"https:\/\/www.hoymercedes.com.ar\/principal\/category\/politica\/"},"img":{"alt_text":"","src":"https:\/\/i0.wp.com\/www.hoymercedes.com.ar\/principal\/wp-content\/uploads\/2018\/04\/25-comision-planeamiento.jpg?resize=350%2C200&ssl=1","width":350,"height":200,"srcset":"https:\/\/i0.wp.com\/www.hoymercedes.com.ar\/principal\/wp-content\/uploads\/2018\/04\/25-comision-planeamiento.jpg?resize=350%2C200&ssl=1 1x, https:\/\/i0.wp.com\/www.hoymercedes.com.ar\/principal\/wp-content\/uploads\/2018\/04\/25-comision-planeamiento.jpg?resize=525%2C300&ssl=1 1.5x, https:\/\/i0.wp.com\/www.hoymercedes.com.ar\/principal\/wp-content\/uploads\/2018\/04\/25-comision-planeamiento.jpg?resize=700%2C400&ssl=1 2x"},"classes":[]}],"_links":{"self":[{"href":"https:\/\/www.hoymercedes.com.ar\/principal\/wp-json\/wp\/v2\/posts\/126172","targetHints":{"allow":["GET"]}}],"collection":[{"href":"https:\/\/www.hoymercedes.com.ar\/principal\/wp-json\/wp\/v2\/posts"}],"about":[{"href":"https:\/\/www.hoymercedes.com.ar\/principal\/wp-json\/wp\/v2\/types\/post"}],"author":[{"embeddable":true,"href":"https:\/\/www.hoymercedes.com.ar\/principal\/wp-json\/wp\/v2\/users\/1"}],"replies":[{"embeddable":true,"href":"https:\/\/www.hoymercedes.com.ar\/principal\/wp-json\/wp\/v2\/comments?post=126172"}],"version-history":[{"count":0,"href":"https:\/\/www.hoymercedes.com.ar\/principal\/wp-json\/wp\/v2\/posts\/126172\/revisions"}],"wp:featuredmedia":[{"embeddable":true,"href":"https:\/\/www.hoymercedes.com.ar\/principal\/wp-json\/wp\/v2\/media\/126177"}],"wp:attachment":[{"href":"https:\/\/www.hoymercedes.com.ar\/principal\/wp-json\/wp\/v2\/media?parent=126172"}],"wp:term":[{"taxonomy":"category","embeddable":true,"href":"https:\/\/www.hoymercedes.com.ar\/principal\/wp-json\/wp\/v2\/categories?post=126172"},{"taxonomy":"post_tag","embeddable":true,"href":"https:\/\/www.hoymercedes.com.ar\/principal\/wp-json\/wp\/v2\/tags?post=126172"}],"curies":[{"name":"wp","href":"https:\/\/api.w.org\/{rel}","templated":true}]}}