{"id":126173,"date":"2021-03-12T14:44:01","date_gmt":"2021-03-12T17:44:01","guid":{"rendered":"https:\/\/www.hoymercedes.com.ar\/principal\/?p=126173"},"modified":"2021-03-12T14:44:07","modified_gmt":"2021-03-12T17:44:07","slug":"se-reunio-la-mesa-local-de-genero-para-armar-agenda-de-trabajo","status":"publish","type":"post","link":"https:\/\/www.hoymercedes.com.ar\/principal\/2021\/03\/12\/se-reunio-la-mesa-local-de-genero-para-armar-agenda-de-trabajo\/","title":{"rendered":"Se reuni\u00f3 la Mesa Local de G\u00e9nero para armar agenda de trabajo"},"content":{"rendered":"\n<p>Por Prensa Municipal &#8211; En el Complejo Cultural La Trocha se concret\u00f3 una nueva reuni\u00f3n de la \u201cMesa Local de G\u00e9nero\u201d para continuar articulando entre instituciones, \u00e1reas de gesti\u00f3n municipal, provincial, nacional, referentes sociales, colegios de profesionales entre otros. En esta ocasi\u00f3n, adem\u00e1s, se cont\u00f3 con la presencia de Leticia Locio, Directora Provincial de Abordaje Integral de Violencias por Razones de G\u00e9nero y Virginia Denis, Directora de Mesas Locales Intersectoriales de la Provincia de Buenos Aires. \u00a0<\/p>\n\n\n\n<div class=\"wp-block-image\"><figure class=\"aligncenter size-large\"><img loading=\"lazy\" decoding=\"async\" width=\"800\" height=\"534\" data-attachment-id=\"126174\" data-permalink=\"https:\/\/www.hoymercedes.com.ar\/principal\/2021\/03\/12\/se-reunio-la-mesa-local-de-genero-para-armar-agenda-de-trabajo\/dsc05062\/#main\" data-orig-file=\"https:\/\/www.hoymercedes.com.ar\/principal\/wp-content\/uploads\/2021\/03\/DSC05062.jpg\" data-orig-size=\"800,534\" data-comments-opened=\"0\" data-image-meta=\"{&quot;aperture&quot;:&quot;0&quot;,&quot;credit&quot;:&quot;&quot;,&quot;camera&quot;:&quot;&quot;,&quot;caption&quot;:&quot;&quot;,&quot;created_timestamp&quot;:&quot;1615559526&quot;,&quot;copyright&quot;:&quot;&quot;,&quot;focal_length&quot;:&quot;0&quot;,&quot;iso&quot;:&quot;0&quot;,&quot;shutter_speed&quot;:&quot;0&quot;,&quot;title&quot;:&quot;&quot;,&quot;orientation&quot;:&quot;1&quot;}\" data-image-title=\"DSC05062\" data-image-description=\"\" data-image-caption=\"\" data-large-file=\"https:\/\/www.hoymercedes.com.ar\/principal\/wp-content\/uploads\/2021\/03\/DSC05062.jpg\" src=\"https:\/\/www.hoymercedes.com.ar\/principal\/wp-content\/uploads\/2021\/03\/DSC05062.jpg\" alt=\"\" class=\"wp-image-126174\" srcset=\"https:\/\/www.hoymercedes.com.ar\/principal\/wp-content\/uploads\/2021\/03\/DSC05062.jpg 800w, https:\/\/www.hoymercedes.com.ar\/principal\/wp-content\/uploads\/2021\/03\/DSC05062-630x421.jpg 630w, https:\/\/www.hoymercedes.com.ar\/principal\/wp-content\/uploads\/2021\/03\/DSC05062-150x100.jpg 150w\" sizes=\"auto, (max-width: 800px) 100vw, 800px\" \/><\/figure><\/div>\n\n\n\n<p>Antes de la concreci\u00f3n de la Mesa, las funcionarias provinciales recorrieron dependencias municipales, como la Casa de la Mujer \u201cJuana Azurduy\u201d, las oficinas de la Direcci\u00f3n de Pol\u00edticas de G\u00e9neros y Diversidades, los talleres, acompa\u00f1ados de Guadalupe Gonz\u00e1lez, Clara Zunino y la edil Mariana San Martin en dependencias de Desarrollo de la Comunidad a cargo de Jorgelina Silva, dado que se trata de un espacio interdisciplinar e interinstitucional. &nbsp;<\/p>\n\n\n\n<p>Guadalupe Gonz\u00e1lez coment\u00f3 que \u201cllevamos adelante una nueva reuni\u00f3n retomando el trabajo que hace a\u00f1os venimos realizando en Mercedes con distintos sectores, instituciones, actores sociales, espacios de gesti\u00f3n, sobre una problem\u00e1tica como es la violencia de g\u00e9neros que es para nosotros multi causal y multi direccional por eso es tan importante la participaci\u00f3n de distintos actores\u201d expres\u00f3 la funcionaria. &nbsp;<\/p>\n\n\n\n<p>M\u00e1s adelante coment\u00f3 que \u201centendemos tenemos un saldo muy positivo de este nuevo encuentro, con mucho compromiso y participaci\u00f3n con la generaci\u00f3n de una agenda ampliada, comprometida y teniendo encuentra la realidad para poder seguir trabajando en esta problem\u00e1tica\u201d afirm\u00f3. &nbsp;<\/p>\n\n\n\n<p>Coment\u00f3 tambi\u00e9n que se vienen m\u00e1s actividades en este mes de trabajo en campa\u00f1as de prevenci\u00f3n y concientizaci\u00f3n, teniendo el s\u00e1bado 20 una creativa propuesta denominada \u201cpasos diversos en avenida 29 y 40 que tiene que ver con una pintada y se suma a otras intervenciones programadas\u201d sostuvo. &nbsp;<\/p>\n\n\n\n<p>Adem\u00e1s coment\u00f3 que este viernes&nbsp;&nbsp;se realiz\u00f3 una \u201ccapacitaci\u00f3n sobre violencias por razones de g\u00e9neros al personal policial junto al Ministerio de Seguridad de la Provincia de Buenos Aires desde la Superintendencia de G\u00e9nero ante lo cual reiteramos el agradecimiento al intendente Ustarroz por el constante apoyo e impulso que nos brinda\u201d &nbsp;<\/p>\n\n\n\n<p>De la reuni\u00f3n de la Mesa Local de G\u00e9nero participaron instancias nacionales, provinciales, locales, instituciones intermedias, referentes sociales, colegios de profesionales, \u00e1reas de gesti\u00f3n, espacios de distinto \u00edndole con el objetivo de continuar trabando en la construcci\u00f3n de una sociedad sin violencias por razones de g\u00e9neros y avanzar en la implementaci\u00f3n de medidas y dispositivos de acompa\u00f1amiento, asesoramiento y protecci\u00f3n de las v\u00edctimas. &nbsp;<\/p>\n","protected":false},"excerpt":{"rendered":"<p>Por Prensa Municipal &#8211; En el Complejo Cultural La Trocha se concret\u00f3 una nueva reuni\u00f3n de la \u201cMesa Local de &#8230; <a title=\"Se reuni\u00f3 la Mesa Local de G\u00e9nero para armar agenda de trabajo\" class=\"read-more\" href=\"https:\/\/www.hoymercedes.com.ar\/principal\/2021\/03\/12\/se-reunio-la-mesa-local-de-genero-para-armar-agenda-de-trabajo\/\" aria-label=\"Leer m\u00e1s sobre Se reuni\u00f3 la Mesa Local de G\u00e9nero para armar agenda de trabajo\">Leer m\u00e1s<\/a><\/p>\n","protected":false},"author":1,"featured_media":126174,"comment_status":"closed","ping_status":"open","sticky":false,"template":"","format":"standard","meta":{"_monsterinsights_skip_tracking":false,"_monsterinsights_sitenote_active":false,"_monsterinsights_sitenote_note":"","_monsterinsights_sitenote_category":0,"jetpack_post_was_ever_published":false,"_jetpack_newsletter_access":"","_jetpack_dont_email_post_to_subs":false,"_jetpack_newsletter_tier_id":0,"_jetpack_memberships_contains_paywalled_content":false,"_jetpack_memberships_contains_paid_content":false,"footnotes":"","jetpack_publicize_message":"","jetpack_publicize_feature_enabled":true,"jetpack_social_post_already_shared":true,"jetpack_social_options":{"image_generator_settings":{"template":"highway","default_image_id":0,"font":"","enabled":false},"version":2},"_wpas_customize_per_network":false},"categories":[30],"tags":[],"class_list":["post-126173","post","type-post","status-publish","format-standard","has-post-thumbnail","hentry","category-municipio","generate-columns","tablet-grid-50","mobile-grid-100","grid-parent","grid-50"],"jetpack_publicize_connections":[],"jetpack_featured_media_url":"https:\/\/www.hoymercedes.com.ar\/principal\/wp-content\/uploads\/2021\/03\/DSC05062.jpg","wps_subtitle":"Participaci\u00f3n amplia","jetpack_sharing_enabled":true,"jetpack-related-posts":[{"id":60741,"url":"https:\/\/www.hoymercedes.com.ar\/principal\/2017\/03\/17\/el-consejo-provincial-de-mujeres-se-reunio-en-mercedes\/","url_meta":{"origin":126173,"position":0},"title":"El Consejo Provincial de Mujeres se reuni\u00f3 en Mercedes","author":"hoymercedes","date":"17 marzo, 2017","format":false,"excerpt":"En el marco de las visitas que hacen desde el Consejo Provincial de Mujeres en distintos municipios bonaerenses, el \u00faltimo mi\u00e9rcoles se llev\u00f3 adelante la mesa local de mujeres en la Casa de D\u00eda \"Juana Azurduy\". Con la presencia de representantes de distintos organismos oficiales y asociaciones no gubernamentales, el\u2026","rel":"","context":"En \u00abComunidad\u00bb","block_context":{"text":"Comunidad","link":"https:\/\/www.hoymercedes.com.ar\/principal\/category\/comunidad\/"},"img":{"alt_text":"","src":"https:\/\/i0.wp.com\/www.hoymercedes.com.ar\/principal\/wp-content\/uploads\/2017\/03\/17-mujeres.jpg?resize=350%2C200&ssl=1","width":350,"height":200,"srcset":"https:\/\/i0.wp.com\/www.hoymercedes.com.ar\/principal\/wp-content\/uploads\/2017\/03\/17-mujeres.jpg?resize=350%2C200&ssl=1 1x, https:\/\/i0.wp.com\/www.hoymercedes.com.ar\/principal\/wp-content\/uploads\/2017\/03\/17-mujeres.jpg?resize=525%2C300&ssl=1 1.5x"},"classes":[]},{"id":18241,"url":"https:\/\/www.hoymercedes.com.ar\/principal\/2012\/11\/28\/importante-participacion-en-charla-taller-sobre-violencia-de-genero\/","url_meta":{"origin":126173,"position":1},"title":"Importante participaci\u00f3n en charla-taller sobre violencia de g\u00e9nero","author":"hoymercedes","date":"28 noviembre, 2012","format":false,"excerpt":"Durante la ma\u00f1ana de este martes se llev\u00f3 a cabo la charla taller programada dentro del marco del d\u00eda internacional de la lucha contra la violencia de g\u00e9nero bajo el lema \u201ctodos los d\u00edas son 25\u201d haciendo referencia que un d\u00eda se puede conmemorar, pero, siempre se trabaja con el\u2026","rel":"","context":"En \u00abSociedad\u00bb","block_context":{"text":"Sociedad","link":"https:\/\/www.hoymercedes.com.ar\/principal\/category\/sociedad\/"},"img":{"alt_text":"","src":"https:\/\/i0.wp.com\/www.hoymercedes.com.ar\/principal\/wp-content\/uploads\/2012\/11\/DDHH-Charla-25Mujeres1.jpg?resize=350%2C200","width":350,"height":200,"srcset":"https:\/\/i0.wp.com\/www.hoymercedes.com.ar\/principal\/wp-content\/uploads\/2012\/11\/DDHH-Charla-25Mujeres1.jpg?resize=350%2C200 1x, https:\/\/i0.wp.com\/www.hoymercedes.com.ar\/principal\/wp-content\/uploads\/2012\/11\/DDHH-Charla-25Mujeres1.jpg?resize=525%2C300 1.5x"},"classes":[]},{"id":62130,"url":"https:\/\/www.hoymercedes.com.ar\/principal\/2017\/04\/28\/nueva-mesa-interinstitucional-sobre-violencia-de-genero\/","url_meta":{"origin":126173,"position":2},"title":"Nueva mesa Interinstitucional sobre violencia de g\u00e9nero","author":"hoymercedes","date":"28 abril, 2017","format":false,"excerpt":"En el transcurso de la semana \u00faltimo \u00a0se llev\u00f3 a cabo una nueva reuni\u00f3n de la Mesa InterInstitucional de la Mujer y tal como viene desarroll\u00e1ndose cada mes a partir del a\u00f1o pasado. \u00a0Cada mes los encuentros se producen en el SUM del Centro de D\u00eda de la Mujer que\u2026","rel":"","context":"En \u00abMunicipio\u00bb","block_context":{"text":"Municipio","link":"https:\/\/www.hoymercedes.com.ar\/principal\/category\/municipio\/"},"img":{"alt_text":"","src":"https:\/\/i0.wp.com\/www.hoymercedes.com.ar\/principal\/wp-content\/uploads\/2017\/04\/28-celeste-burone.jpg?resize=350%2C200&ssl=1","width":350,"height":200,"srcset":"https:\/\/i0.wp.com\/www.hoymercedes.com.ar\/principal\/wp-content\/uploads\/2017\/04\/28-celeste-burone.jpg?resize=350%2C200&ssl=1 1x, https:\/\/i0.wp.com\/www.hoymercedes.com.ar\/principal\/wp-content\/uploads\/2017\/04\/28-celeste-burone.jpg?resize=525%2C300&ssl=1 1.5x"},"classes":[]},{"id":126226,"url":"https:\/\/www.hoymercedes.com.ar\/principal\/2021\/03\/13\/capacitacion-en-politicas-y-violencias-por-razones-de-genero-para-la-policia-local\/","url_meta":{"origin":126173,"position":3},"title":"Capacitaci\u00f3n en pol\u00edticas y violencias por razones de g\u00e9nero para la polic\u00eda local","author":"hoymercedes","date":"13 marzo, 2021","format":false,"excerpt":"Informaci\u00f3n Prensa Municipal - El \u00e1rea de Pol\u00edticas y G\u00e9nero de la Municipalidad de Mercedes y junto al Ministerio de Seguridad de la provincia de Buenos Aires llevaron adelante una nueva capacitaci\u00f3n en pol\u00edticas de g\u00e9nero y violencias por razones de g\u00e9nero para el personal de la Polic\u00eda Comunal Mercedes.\u2026","rel":"","context":"En \u00abMunicipio\u00bb","block_context":{"text":"Municipio","link":"https:\/\/www.hoymercedes.com.ar\/principal\/category\/municipio\/"},"img":{"alt_text":"","src":"https:\/\/i0.wp.com\/www.hoymercedes.com.ar\/principal\/wp-content\/uploads\/2021\/03\/20210312_113658.jpg?resize=350%2C200&ssl=1","width":350,"height":200,"srcset":"https:\/\/i0.wp.com\/www.hoymercedes.com.ar\/principal\/wp-content\/uploads\/2021\/03\/20210312_113658.jpg?resize=350%2C200&ssl=1 1x, https:\/\/i0.wp.com\/www.hoymercedes.com.ar\/principal\/wp-content\/uploads\/2021\/03\/20210312_113658.jpg?resize=525%2C300&ssl=1 1.5x, https:\/\/i0.wp.com\/www.hoymercedes.com.ar\/principal\/wp-content\/uploads\/2021\/03\/20210312_113658.jpg?resize=700%2C400&ssl=1 2x"},"classes":[]},{"id":145163,"url":"https:\/\/www.hoymercedes.com.ar\/principal\/2022\/03\/10\/nuevo-encuentro-de-la-mesa-local-intersectorial-de-genero-y-diversidad\/","url_meta":{"origin":126173,"position":4},"title":"Nuevo encuentro de la \u201cMesa Local Intersectorial de G\u00e9nero y Diversidad\u201d","author":"hoymercedes","date":"10 marzo, 2022","format":false,"excerpt":"Se concret\u00f3 un nuevo encuentro de la \u201cMesa Local Intersectorial de G\u00e9nero y Diversidad\u201d ampliada en La Trocha. La actividad cont\u00f3 con una importante de instituciones, actores sociales, referentes comunales y la Direcci\u00f3n de Pol\u00edticas de G\u00e9nero y Diversidades municipal. Se cont\u00f3 con la presencia del intendente Dr Juan I.\u2026","rel":"","context":"En \u00abSociedad\u00bb","block_context":{"text":"Sociedad","link":"https:\/\/www.hoymercedes.com.ar\/principal\/category\/sociedad\/"},"img":{"alt_text":"","src":"https:\/\/i0.wp.com\/www.hoymercedes.com.ar\/principal\/wp-content\/uploads\/2022\/03\/DSC05686.jpg?resize=350%2C200&ssl=1","width":350,"height":200,"srcset":"https:\/\/i0.wp.com\/www.hoymercedes.com.ar\/principal\/wp-content\/uploads\/2022\/03\/DSC05686.jpg?resize=350%2C200&ssl=1 1x, https:\/\/i0.wp.com\/www.hoymercedes.com.ar\/principal\/wp-content\/uploads\/2022\/03\/DSC05686.jpg?resize=525%2C300&ssl=1 1.5x, https:\/\/i0.wp.com\/www.hoymercedes.com.ar\/principal\/wp-content\/uploads\/2022\/03\/DSC05686.jpg?resize=700%2C400&ssl=1 2x"},"classes":[]},{"id":133621,"url":"https:\/\/www.hoymercedes.com.ar\/principal\/2021\/07\/19\/importante-reunion-entre-municipio-ministerio-publico-de-justicia-y-provincia-por-temas-de-violencias-de-genero\/","url_meta":{"origin":126173,"position":5},"title":"Importante reuni\u00f3n entre Municipio, Ministerio P\u00fablico de Justicia y Provincia por temas de violencias de g\u00e9nero","author":"hoymercedes","date":"19 julio, 2021","format":false,"excerpt":"Se concret\u00f3 la primera reuni\u00f3n de la mesa de trabajo entre el Municipio, U.F.I Departamental Mercedes, Ministerio de Justicia y Derechos Humanos de la Provincia y la DPGD comunal con el objetivo de articular pol\u00edticas de Estado en la lucha de la violencia por razones de g\u00e9nero y la atenci\u00f3n\u2026","rel":"","context":"En \u00abMunicipio\u00bb","block_context":{"text":"Municipio","link":"https:\/\/www.hoymercedes.com.ar\/principal\/category\/municipio\/"},"img":{"alt_text":"","src":"https:\/\/i0.wp.com\/www.hoymercedes.com.ar\/principal\/wp-content\/uploads\/2021\/07\/DSC08216.jpg?resize=350%2C200&ssl=1","width":350,"height":200,"srcset":"https:\/\/i0.wp.com\/www.hoymercedes.com.ar\/principal\/wp-content\/uploads\/2021\/07\/DSC08216.jpg?resize=350%2C200&ssl=1 1x, https:\/\/i0.wp.com\/www.hoymercedes.com.ar\/principal\/wp-content\/uploads\/2021\/07\/DSC08216.jpg?resize=525%2C300&ssl=1 1.5x, https:\/\/i0.wp.com\/www.hoymercedes.com.ar\/principal\/wp-content\/uploads\/2021\/07\/DSC08216.jpg?resize=700%2C400&ssl=1 2x"},"classes":[]}],"_links":{"self":[{"href":"https:\/\/www.hoymercedes.com.ar\/principal\/wp-json\/wp\/v2\/posts\/126173","targetHints":{"allow":["GET"]}}],"collection":[{"href":"https:\/\/www.hoymercedes.com.ar\/principal\/wp-json\/wp\/v2\/posts"}],"about":[{"href":"https:\/\/www.hoymercedes.com.ar\/principal\/wp-json\/wp\/v2\/types\/post"}],"author":[{"embeddable":true,"href":"https:\/\/www.hoymercedes.com.ar\/principal\/wp-json\/wp\/v2\/users\/1"}],"replies":[{"embeddable":true,"href":"https:\/\/www.hoymercedes.com.ar\/principal\/wp-json\/wp\/v2\/comments?post=126173"}],"version-history":[{"count":0,"href":"https:\/\/www.hoymercedes.com.ar\/principal\/wp-json\/wp\/v2\/posts\/126173\/revisions"}],"wp:featuredmedia":[{"embeddable":true,"href":"https:\/\/www.hoymercedes.com.ar\/principal\/wp-json\/wp\/v2\/media\/126174"}],"wp:attachment":[{"href":"https:\/\/www.hoymercedes.com.ar\/principal\/wp-json\/wp\/v2\/media?parent=126173"}],"wp:term":[{"taxonomy":"category","embeddable":true,"href":"https:\/\/www.hoymercedes.com.ar\/principal\/wp-json\/wp\/v2\/categories?post=126173"},{"taxonomy":"post_tag","embeddable":true,"href":"https:\/\/www.hoymercedes.com.ar\/principal\/wp-json\/wp\/v2\/tags?post=126173"}],"curies":[{"name":"wp","href":"https:\/\/api.w.org\/{rel}","templated":true}]}}