{"id":12618,"date":"2012-05-02T11:56:12","date_gmt":"2012-05-02T11:56:12","guid":{"rendered":"http:\/\/www.hoymercedes.com.ar\/principal\/?p=12618"},"modified":"2012-05-02T11:56:12","modified_gmt":"2012-05-02T11:56:12","slug":"se-llevaron-a-cabo-las-fiestas-patronales-en-san-jose","status":"publish","type":"post","link":"https:\/\/www.hoymercedes.com.ar\/principal\/2012\/05\/02\/se-llevaron-a-cabo-las-fiestas-patronales-en-san-jose\/","title":{"rendered":"Se llevaron a cabo las fiestas patronales en San Jos\u00e9"},"content":{"rendered":"<p>Se llev\u00f3 a cabo por las calle de los barrios que abarca la Parroquia San Jos\u00e9 la tradicional procesi\u00f3n con un a buena participaci\u00f3n de fieles. Luego hubo un festival folcl\u00f3rico, fuegos de artificios y el lunes al mediod\u00eda el tradicional almuerzo de camarader\u00eda.<\/p>\n<p>Con una nutrida cantidad de fieles se concret\u00f3 el lunes en horas de la tarde la tradicional procesi\u00f3n en honor a San Jos\u00e9 Obrero por las calles de los barios que abarca la jurisdicci\u00f3n de la Parroquia ahora a cargo del Padre Marcelo Abrey.<\/p>\n<p>Los fieles se fueron convocando en la Avenida Escolta y calle 48 donde se encuentra la plaza del barrio Villa del Parque con la ermita dela Virgen de San Nicol\u00e1s.<\/p>\n<p>Minutos antes de las 18.00, hora anunciada para el inicio de la marcha llego al lugar un m\u00f3vil del Centro de Formaci\u00f3n de Gendarmer\u00eda Nacional transportando la imagen del Santo Patrono y el veh\u00edculo desde donde el Padre Marcelo Abrey encabezaba la misma.<\/p>\n<p>A pesar que ya a dicha hora se puede decir que hac\u00eda frio, fue m\u00e1s que significativo el n\u00famero de fieles que se concentro para participar de la procesi\u00f3n, pudi\u00e9ndose mencionar como detalle especial la cantidad de personas que se encontraban a lo largo del recorrido en la puerta de sus hogares aguardando el paso de la procesi\u00f3n con la imagen.<\/p>\n<p>La partida desde Escolta y 48 y en la llegada a la Parroquia cont\u00f3 con la participaci\u00f3n de la Banda de M\u00fasica del Centro de gendarmer\u00eda Nacional local.<\/p>\n<p>En la procesi\u00f3n participaron tambi\u00e9n el grupo de seminaristas que en estos momentos se encuentran desarrollando sus estudios en el Seminario Santo Cura de Ars.<\/p>\n<p>Una vez ubicada la imagen dentro de la parroquia en las proximidades del altar se celebr\u00f3 la Santa Misa y posteriormente se hizo un festival folcl\u00f3rico que culmino con un peque\u00f1o espect\u00e1culo de fuego artificiales,.<\/p>\n<p>En representaci\u00f3n del Intendente Carlos Selva, quien como se sabe aun se encuentra convaleciente de una operaci\u00f3n que se le efectuara concurri\u00f3 el Contador Berardo, Secretario de Econom\u00eda y Hacienda de la comuna y programando todo lo relacionado a la procesi\u00f3n en si en materia de transito el Dr. Daniel Loch, Subsecretario de Control Urbano.<\/p>\n<p>M\u00e1s contento que lo habitual, el P\u00e1rroco de San Jos\u00e9, Padre Marcelo Abrey sostuvo <em>\u201ca pesar del fr\u00edo y como lo pueden ver es muy buena la cantidad de fieles que se ha acercado a esta plaza para iniciar la procesi\u00f3n en homenaje a San Jos\u00e9 Obrero y algo importante que quiero destacar y agradecer es el amplio apoyo que nos han dado las autoridades del centro de Formaci\u00f3n de Gendarmer\u00eda nacional que no solo ha enviado a su banda de m\u00fasica sino que tambi\u00e9n puso a nuestra disposici\u00f3n el veh\u00edculo para trasladar la imagen del Patrono y tambi\u00e9n quiero agradecer a los integrantes del grupo de baile Alma de mi Pueblo que estar\u00e1n acompa\u00f1ando la imagen a lo largo de todo el trayecto de la procesi\u00f3n\u201d.<\/em><\/p>\n<p style=\"text-align: center;\">[dmalbum path=\u00bb\/wp-content\/uploads\/dm-albums\/Procesin San Jos\/\u00bb\/]<\/p>\n","protected":false},"excerpt":{"rendered":"<p>Se llev\u00f3 a cabo por las calle de los barrios que abarca la Parroquia San Jos\u00e9 la tradicional procesi\u00f3n con &#8230; <a title=\"Se llevaron a cabo las fiestas patronales en San Jos\u00e9\" class=\"read-more\" href=\"https:\/\/www.hoymercedes.com.ar\/principal\/2012\/05\/02\/se-llevaron-a-cabo-las-fiestas-patronales-en-san-jose\/\" aria-label=\"Leer m\u00e1s sobre Se llevaron a cabo las fiestas patronales en San Jos\u00e9\">Leer m\u00e1s<\/a><\/p>\n","protected":false},"author":1,"featured_media":0,"comment_status":"open","ping_status":"open","sticky":false,"template":"","format":"standard","meta":{"_monsterinsights_skip_tracking":false,"_monsterinsights_sitenote_active":false,"_monsterinsights_sitenote_note":"","_monsterinsights_sitenote_category":0,"jetpack_post_was_ever_published":false,"_jetpack_newsletter_access":"","_jetpack_dont_email_post_to_subs":false,"_jetpack_newsletter_tier_id":0,"_jetpack_memberships_contains_paywalled_content":false,"_jetpack_memberships_contains_paid_content":false,"footnotes":"","jetpack_publicize_message":"","jetpack_publicize_feature_enabled":true,"jetpack_social_post_already_shared":false,"jetpack_social_options":{"image_generator_settings":{"template":"highway","default_image_id":0,"font":"","enabled":false},"version":2},"_wpas_customize_per_network":false},"categories":[8],"tags":[2137,2117,2138],"class_list":["post-12618","post","type-post","status-publish","format-standard","hentry","category-sociedad","tag-fiestas-patronales","tag-iglesia-san-jose","tag-parroquia-san-jose","generate-columns","tablet-grid-50","mobile-grid-100","grid-parent","grid-50"],"jetpack_publicize_connections":[],"jetpack_featured_media_url":"","wps_subtitle":"","jetpack_sharing_enabled":true,"_links":{"self":[{"href":"https:\/\/www.hoymercedes.com.ar\/principal\/wp-json\/wp\/v2\/posts\/12618","targetHints":{"allow":["GET"]}}],"collection":[{"href":"https:\/\/www.hoymercedes.com.ar\/principal\/wp-json\/wp\/v2\/posts"}],"about":[{"href":"https:\/\/www.hoymercedes.com.ar\/principal\/wp-json\/wp\/v2\/types\/post"}],"author":[{"embeddable":true,"href":"https:\/\/www.hoymercedes.com.ar\/principal\/wp-json\/wp\/v2\/users\/1"}],"replies":[{"embeddable":true,"href":"https:\/\/www.hoymercedes.com.ar\/principal\/wp-json\/wp\/v2\/comments?post=12618"}],"version-history":[{"count":0,"href":"https:\/\/www.hoymercedes.com.ar\/principal\/wp-json\/wp\/v2\/posts\/12618\/revisions"}],"wp:attachment":[{"href":"https:\/\/www.hoymercedes.com.ar\/principal\/wp-json\/wp\/v2\/media?parent=12618"}],"wp:term":[{"taxonomy":"category","embeddable":true,"href":"https:\/\/www.hoymercedes.com.ar\/principal\/wp-json\/wp\/v2\/categories?post=12618"},{"taxonomy":"post_tag","embeddable":true,"href":"https:\/\/www.hoymercedes.com.ar\/principal\/wp-json\/wp\/v2\/tags?post=12618"}],"curies":[{"name":"wp","href":"https:\/\/api.w.org\/{rel}","templated":true}]}}