{"id":126184,"date":"2021-03-12T17:46:00","date_gmt":"2021-03-12T20:46:00","guid":{"rendered":"https:\/\/www.hoymercedes.com.ar\/principal\/?p=126184"},"modified":"2021-03-12T20:52:50","modified_gmt":"2021-03-12T23:52:50","slug":"paritaria-2021-provincia-ofrecio-un-34-de-aumento-salarial-a-trabajadores-estatales-de-la-ley-10-430","status":"publish","type":"post","link":"https:\/\/www.hoymercedes.com.ar\/principal\/2021\/03\/12\/paritaria-2021-provincia-ofrecio-un-34-de-aumento-salarial-a-trabajadores-estatales-de-la-ley-10-430\/","title":{"rendered":"Paritaria 2021: Provincia ofreci\u00f3 un 34% de aumento salarial a trabajadores estatales de la Ley 10.430"},"content":{"rendered":"\n<p>Informaci\u00f3n oficial PBA &#8211; En el marco de la paritaria 2021, la Provincia ofreci\u00f3 un aumento salarial del 34% en tres tramos a las y los trabajadores estatales agrupados en la Ley 10.430. Por parte del Gobierno estuvieron presentes la ministra de Trabajo, Mara Ruiz Malec, el Ministro de Hacienda y Finanzas, Pablo L\u00f3pez, y el subsecretario de Empleo P\u00fablico de Jefatura de Gabinete de Ministros, Agust\u00edn Robla.\u00a0<\/p>\n\n\n\n<div class=\"wp-block-image\"><figure class=\"aligncenter size-large\"><img loading=\"lazy\" decoding=\"async\" width=\"800\" height=\"534\" data-attachment-id=\"126185\" data-permalink=\"https:\/\/www.hoymercedes.com.ar\/principal\/2021\/03\/12\/paritaria-2021-provincia-ofrecio-un-34-de-aumento-salarial-a-trabajadores-estatales-de-la-ley-10-430\/mail-6\/#main\" data-orig-file=\"https:\/\/www.hoymercedes.com.ar\/principal\/wp-content\/uploads\/2021\/03\/mail-6.jpeg\" data-orig-size=\"800,534\" data-comments-opened=\"0\" data-image-meta=\"{&quot;aperture&quot;:&quot;0&quot;,&quot;credit&quot;:&quot;&quot;,&quot;camera&quot;:&quot;&quot;,&quot;caption&quot;:&quot;&quot;,&quot;created_timestamp&quot;:&quot;0&quot;,&quot;copyright&quot;:&quot;&quot;,&quot;focal_length&quot;:&quot;0&quot;,&quot;iso&quot;:&quot;0&quot;,&quot;shutter_speed&quot;:&quot;0&quot;,&quot;title&quot;:&quot;&quot;,&quot;orientation&quot;:&quot;0&quot;}\" data-image-title=\"mail (6)\" data-image-description=\"\" data-image-caption=\"\" data-large-file=\"https:\/\/www.hoymercedes.com.ar\/principal\/wp-content\/uploads\/2021\/03\/mail-6.jpeg\" src=\"https:\/\/www.hoymercedes.com.ar\/principal\/wp-content\/uploads\/2021\/03\/mail-6.jpeg\" alt=\"\" class=\"wp-image-126185\" srcset=\"https:\/\/www.hoymercedes.com.ar\/principal\/wp-content\/uploads\/2021\/03\/mail-6.jpeg 800w, https:\/\/www.hoymercedes.com.ar\/principal\/wp-content\/uploads\/2021\/03\/mail-6-630x421.jpeg 630w, https:\/\/www.hoymercedes.com.ar\/principal\/wp-content\/uploads\/2021\/03\/mail-6-150x100.jpeg 150w\" sizes=\"auto, (max-width: 800px) 100vw, 800px\" \/><\/figure><\/div>\n\n\n\n<p>La propuesta salarial realizada por la Provincia consiste en un incremento salarial del 34% en 3 etapas: 14% en marzo, 9% en julio y 11% en septiembre. La propuesta incluye mejoras en la calidad del salario ya que traspasa al sueldo b\u00e1sico parte de la suma de los 4000 pesos otorgados en febrero de 2020 y eliminar el complemento por calidad y continuidad del servicio, que tambi\u00e9n pasar\u00e1 a incorporarse al sueldo b\u00e1sico. Adem\u00e1s se incrementan las bonificaciones espec\u00edficas para auxiliares en educaci\u00f3n y los tramos de las asignaciones familiares que acompa\u00f1ar\u00e1n los aumentos salariales.&nbsp;<\/p>\n\n\n\n<p>El ministro Pablo L\u00f3pez remarc\u00f3 que: \u201cEn este contexto de recuperaci\u00f3n econ\u00f3mica es importante avanzar a trav\u00e9s del di\u00e1logo constructivo con los gremios en negociaciones salariales que permitan el crecimiento del salario real y mejorar las condiciones del empleo p\u00fablico provincial; por eso estamos articulando con los y las trabajadoras estatales, cuyo rol es fundamental para continuar profundizando la reactivaci\u00f3n de la Provincia\u201d.<\/p>\n\n\n\n<p>Por su parte, la ministra de Trabajo, Mara Ruiz Malec asegur\u00f3 que: \u201cSeguimos propiciando un espacio de di\u00e1logo y consenso. Quiero destacar el trabajo de los gremios y el gobierno provincial que nos sigue permitiendo alcanzar acuerdos y mejorar la situaci\u00f3n de trabajadoras y trabajadores\u201d.<\/p>\n\n\n\n<p>Finalmente en relaci\u00f3n a los pases a planta permanente el subsecretario de Empleo P\u00fablico de Jefatura de Gabinete de Ministros, Agust\u00edn Robla, dijo que: \u201cContinuamos trabajando fuertemente en la regularizaci\u00f3n comprometida por el gobierno provincial, en pos de mejorar las condiciones laborales de las trabajadoras y los trabajadores de todas las jurisdicciones de la Provincia\u201d.Participaron del encuentro los y las representantes de los gremios nucleados en UPCN, FEGEPPBA, ATE, AMRA, APLA, y CICOP. Tambi\u00e9n participaron, por el Ministerio de Hacienda y Finanzas, el subsecretario de coordinaci\u00f3n Econ\u00f3mica y Estad\u00edstica, Nicol\u00e1s Todesca, por el Ministerio de Trabajo, el subsecretario de relaciones del trabajo, Leandro Macia, la directora provincial de la Negociaci\u00f3n Colectiva, Natalia Villalba Lastra, y por la Jefatura de Gabinete de Ministros, la directora provincial de Personal, Ana Capaldi.&nbsp;<\/p>\n","protected":false},"excerpt":{"rendered":"<p>Informaci\u00f3n oficial PBA &#8211; En el marco de la paritaria 2021, la Provincia ofreci\u00f3 un aumento salarial del 34% en &#8230; <a title=\"Paritaria 2021: Provincia ofreci\u00f3 un 34% de aumento salarial a trabajadores estatales de la Ley 10.430\" class=\"read-more\" href=\"https:\/\/www.hoymercedes.com.ar\/principal\/2021\/03\/12\/paritaria-2021-provincia-ofrecio-un-34-de-aumento-salarial-a-trabajadores-estatales-de-la-ley-10-430\/\" aria-label=\"Leer m\u00e1s sobre Paritaria 2021: Provincia ofreci\u00f3 un 34% de aumento salarial a trabajadores estatales de la Ley 10.430\">Leer m\u00e1s<\/a><\/p>\n","protected":false},"author":1,"featured_media":126186,"comment_status":"closed","ping_status":"open","sticky":false,"template":"","format":"standard","meta":{"_monsterinsights_skip_tracking":false,"_monsterinsights_sitenote_active":false,"_monsterinsights_sitenote_note":"","_monsterinsights_sitenote_category":0,"jetpack_post_was_ever_published":false,"_jetpack_newsletter_access":"","_jetpack_dont_email_post_to_subs":false,"_jetpack_newsletter_tier_id":0,"_jetpack_memberships_contains_paywalled_content":false,"_jetpack_memberships_contains_paid_content":false,"footnotes":"","jetpack_publicize_message":"","jetpack_publicize_feature_enabled":true,"jetpack_social_post_already_shared":true,"jetpack_social_options":{"image_generator_settings":{"template":"highway","default_image_id":0,"font":"","enabled":false},"version":2},"_wpas_customize_per_network":false},"categories":[8881],"tags":[],"class_list":["post-126184","post","type-post","status-publish","format-standard","has-post-thumbnail","hentry","category-provincia","generate-columns","tablet-grid-50","mobile-grid-100","grid-parent","grid-50"],"jetpack_publicize_connections":[],"jetpack_featured_media_url":"https:\/\/www.hoymercedes.com.ar\/principal\/wp-content\/uploads\/2021\/03\/mail-6-1.jpeg","wps_subtitle":"","jetpack_sharing_enabled":true,"jetpack-related-posts":[{"id":127902,"url":"https:\/\/www.hoymercedes.com.ar\/principal\/2021\/04\/10\/provincia-logro-acuerdo-salarial-con-judiciales-y-trabajadores-de-la-salud\/","url_meta":{"origin":126184,"position":0},"title":"Provincia logr\u00f3 acuerdo salarial con judiciales y trabajadores de la salud","author":"hoymercedes","date":"10 abril, 2021","format":false,"excerpt":"En dos reuniones diferentes de paritarias, el gobierno bonaerense, por un lado acord\u00f3 con la Cicop la propuesta de incremento salarial promedio del 34,4% en tres tramos, uno retroactivo a marzo, y otros dos en julio y septiembre de 2021. Mientras que la AJB acept\u00f3 un incremento acumulado hasta noviembre\u2026","rel":"","context":"En \u00abProvincia\u00bb","block_context":{"text":"Provincia","link":"https:\/\/www.hoymercedes.com.ar\/principal\/category\/provincia\/"},"img":{"alt_text":"","src":"https:\/\/i0.wp.com\/www.hoymercedes.com.ar\/principal\/wp-content\/uploads\/2021\/04\/Ruiz-Malec.jpeg?resize=350%2C200&ssl=1","width":350,"height":200,"srcset":"https:\/\/i0.wp.com\/www.hoymercedes.com.ar\/principal\/wp-content\/uploads\/2021\/04\/Ruiz-Malec.jpeg?resize=350%2C200&ssl=1 1x, https:\/\/i0.wp.com\/www.hoymercedes.com.ar\/principal\/wp-content\/uploads\/2021\/04\/Ruiz-Malec.jpeg?resize=525%2C300&ssl=1 1.5x, https:\/\/i0.wp.com\/www.hoymercedes.com.ar\/principal\/wp-content\/uploads\/2021\/04\/Ruiz-Malec.jpeg?resize=700%2C400&ssl=1 2x"},"classes":[]},{"id":177998,"url":"https:\/\/www.hoymercedes.com.ar\/principal\/2024\/08\/16\/provincia-ante-la-grave-inflacion-ofrece-nuevo-aumento-salarial-a-docentes-y-estatales\/","url_meta":{"origin":126184,"position":1},"title":"Provincia: ante la grave inflaci\u00f3n ofrece nuevo aumento salarial a docentes y estatales","author":"hoymercedes","date":"16 agosto, 2024","format":false,"excerpt":"Para los reci\u00e9n ingresados en educaci\u00f3n el piso ser\u00e1 de $500.000 b\u00e1sico. En un mes donde la inflaci\u00f3n fue del 4% el gobierno de Kicillof ofreci\u00f3 un 4.5% para agosto y otro 4% para septiembre, algo que fue bien visto por los gremios estatales. En una nueva ronda de negociaciones\u2026","rel":"","context":"En \u00abProvincia\u00bb","block_context":{"text":"Provincia","link":"https:\/\/www.hoymercedes.com.ar\/principal\/category\/provincia\/"},"img":{"alt_text":"Axel Kicillof","src":"https:\/\/i0.wp.com\/www.hoymercedes.com.ar\/principal\/wp-content\/uploads\/2023\/04\/AxelKicillof.webp?resize=350%2C200&ssl=1","width":350,"height":200,"srcset":"https:\/\/i0.wp.com\/www.hoymercedes.com.ar\/principal\/wp-content\/uploads\/2023\/04\/AxelKicillof.webp?resize=350%2C200&ssl=1 1x, https:\/\/i0.wp.com\/www.hoymercedes.com.ar\/principal\/wp-content\/uploads\/2023\/04\/AxelKicillof.webp?resize=525%2C300&ssl=1 1.5x, https:\/\/i0.wp.com\/www.hoymercedes.com.ar\/principal\/wp-content\/uploads\/2023\/04\/AxelKicillof.webp?resize=700%2C400&ssl=1 2x"},"classes":[]},{"id":118160,"url":"https:\/\/www.hoymercedes.com.ar\/principal\/2020\/10\/08\/ate-decidio-aprobar-la-paritaria-salarial-bonaerense\/","url_meta":{"origin":126184,"position":2},"title":"ATE decidi\u00f3 aprobar la paritaria salarial bonaerense","author":"hoymercedes","date":"8 octubre, 2020","format":false,"excerpt":"La votaci\u00f3n entre los trabajadores reunidos en el gremio se realiz\u00f3 una vez finalizada la reuni\u00f3n paritaria que engloba a los y las trabajadoras de la Ley 10.430. El Secretario General de ATE Bonaerense, Oscar de Isasi, consider\u00f3: \u201cLa propuesta salarial realizada por el Gobierno es superadora a la anterior,\u2026","rel":"","context":"En \u00abGremios - Sindicatos\u00bb","block_context":{"text":"Gremios - Sindicatos","link":"https:\/\/www.hoymercedes.com.ar\/principal\/category\/gremios-sindicatos\/"},"img":{"alt_text":"","src":"https:\/\/i0.wp.com\/www.hoymercedes.com.ar\/principal\/wp-content\/uploads\/2020\/10\/08-ATE-provincia.jpg?resize=350%2C200&ssl=1","width":350,"height":200,"srcset":"https:\/\/i0.wp.com\/www.hoymercedes.com.ar\/principal\/wp-content\/uploads\/2020\/10\/08-ATE-provincia.jpg?resize=350%2C200&ssl=1 1x, https:\/\/i0.wp.com\/www.hoymercedes.com.ar\/principal\/wp-content\/uploads\/2020\/10\/08-ATE-provincia.jpg?resize=525%2C300&ssl=1 1.5x, https:\/\/i0.wp.com\/www.hoymercedes.com.ar\/principal\/wp-content\/uploads\/2020\/10\/08-ATE-provincia.jpg?resize=700%2C400&ssl=1 2x"},"classes":[]},{"id":123162,"url":"https:\/\/www.hoymercedes.com.ar\/principal\/2021\/01\/12\/ate-bonaerense-acepto-la-propuesta-salarial-para-diciembre-2020\/","url_meta":{"origin":126184,"position":3},"title":"ATE Bonaerense acept\u00f3 la propuesta salarial de diciembre 2020","author":"hoymercedes","date":"12 enero, 2021","format":false,"excerpt":"ATE Bonaerense, luego de la reuni\u00f3n del Consejo Directivo Provincial, aprob\u00f3 la propuesta salarial para diciembre 2020. Desde el gremio explicaron que la nueva propuesta incluye aumento al salario b\u00e1sico, eliminaci\u00f3n paulatina del presentismo, el compromiso de discutir convenio colectivo y carrera administrativa a partir de marzo. ATE Bonaerense inform\u00f3\u2026","rel":"","context":"En \u00abGremios - Sindicatos\u00bb","block_context":{"text":"Gremios - Sindicatos","link":"https:\/\/www.hoymercedes.com.ar\/principal\/category\/gremios-sindicatos\/"},"img":{"alt_text":"","src":"https:\/\/i0.wp.com\/www.hoymercedes.com.ar\/principal\/wp-content\/uploads\/2021\/01\/11-ATE-bonaerense.jpeg?resize=350%2C200&ssl=1","width":350,"height":200,"srcset":"https:\/\/i0.wp.com\/www.hoymercedes.com.ar\/principal\/wp-content\/uploads\/2021\/01\/11-ATE-bonaerense.jpeg?resize=350%2C200&ssl=1 1x, https:\/\/i0.wp.com\/www.hoymercedes.com.ar\/principal\/wp-content\/uploads\/2021\/01\/11-ATE-bonaerense.jpeg?resize=525%2C300&ssl=1 1.5x, https:\/\/i0.wp.com\/www.hoymercedes.com.ar\/principal\/wp-content\/uploads\/2021\/01\/11-ATE-bonaerense.jpeg?resize=700%2C400&ssl=1 2x"},"classes":[]},{"id":141392,"url":"https:\/\/www.hoymercedes.com.ar\/principal\/2021\/12\/12\/provincia-acordo-la-suba-salarial-con-docentes-y-cerro-la-paritaria-2021\/","url_meta":{"origin":126184,"position":4},"title":"Provincia acord\u00f3 la suba salarial con docentes y cerr\u00f3 la paritaria 2021","author":"hoymercedes","date":"12 diciembre, 2021","format":false,"excerpt":"Por amplia mayor\u00eda, representantes gremiales del sector de educaci\u00f3n aceptaron la propuesta del Gobierno de la provincia de Buenos Aires de completar una suba acumulada del 53,9%. De este modo, se cerr\u00f3 la paritaria 2021. El nuevo incremento se suma a los ya otorgados, de manera acumulada, del 14% en\u2026","rel":"","context":"En \u00abGremios - Sindicatos\u00bb","block_context":{"text":"Gremios - Sindicatos","link":"https:\/\/www.hoymercedes.com.ar\/principal\/category\/gremios-sindicatos\/"},"img":{"alt_text":"","src":"https:\/\/i0.wp.com\/www.hoymercedes.com.ar\/principal\/wp-content\/uploads\/2021\/12\/docentes-dic21.jpeg?resize=350%2C200&ssl=1","width":350,"height":200,"srcset":"https:\/\/i0.wp.com\/www.hoymercedes.com.ar\/principal\/wp-content\/uploads\/2021\/12\/docentes-dic21.jpeg?resize=350%2C200&ssl=1 1x, https:\/\/i0.wp.com\/www.hoymercedes.com.ar\/principal\/wp-content\/uploads\/2021\/12\/docentes-dic21.jpeg?resize=525%2C300&ssl=1 1.5x, https:\/\/i0.wp.com\/www.hoymercedes.com.ar\/principal\/wp-content\/uploads\/2021\/12\/docentes-dic21.jpeg?resize=700%2C400&ssl=1 2x"},"classes":[]},{"id":156964,"url":"https:\/\/www.hoymercedes.com.ar\/principal\/2022\/12\/29\/provincia-acordo-aumento-salarial-para-estatales\/","url_meta":{"origin":126184,"position":5},"title":"Provincia acord\u00f3 aumento salarial para estatales","author":"hoymercedes","date":"29 diciembre, 2022","format":false,"excerpt":"Desde la gobernaci\u00f3n de la provincia de Buenos Aires anunciaron que en la reuni\u00f3n que hubo entre autoridades y gremios docentes y judiciales se acord\u00f3 incremento salarial de 7 puntos porcentuales en diciembre para estatales.","rel":"","context":"En \u00abProvincia\u00bb","block_context":{"text":"Provincia","link":"https:\/\/www.hoymercedes.com.ar\/principal\/category\/provincia\/"},"img":{"alt_text":"","src":"https:\/\/i0.wp.com\/www.hoymercedes.com.ar\/principal\/wp-content\/uploads\/2022\/12\/20221229164926__AB_3620_2.jpg?resize=350%2C200&ssl=1","width":350,"height":200,"srcset":"https:\/\/i0.wp.com\/www.hoymercedes.com.ar\/principal\/wp-content\/uploads\/2022\/12\/20221229164926__AB_3620_2.jpg?resize=350%2C200&ssl=1 1x, https:\/\/i0.wp.com\/www.hoymercedes.com.ar\/principal\/wp-content\/uploads\/2022\/12\/20221229164926__AB_3620_2.jpg?resize=525%2C300&ssl=1 1.5x, https:\/\/i0.wp.com\/www.hoymercedes.com.ar\/principal\/wp-content\/uploads\/2022\/12\/20221229164926__AB_3620_2.jpg?resize=700%2C400&ssl=1 2x"},"classes":[]}],"_links":{"self":[{"href":"https:\/\/www.hoymercedes.com.ar\/principal\/wp-json\/wp\/v2\/posts\/126184","targetHints":{"allow":["GET"]}}],"collection":[{"href":"https:\/\/www.hoymercedes.com.ar\/principal\/wp-json\/wp\/v2\/posts"}],"about":[{"href":"https:\/\/www.hoymercedes.com.ar\/principal\/wp-json\/wp\/v2\/types\/post"}],"author":[{"embeddable":true,"href":"https:\/\/www.hoymercedes.com.ar\/principal\/wp-json\/wp\/v2\/users\/1"}],"replies":[{"embeddable":true,"href":"https:\/\/www.hoymercedes.com.ar\/principal\/wp-json\/wp\/v2\/comments?post=126184"}],"version-history":[{"count":0,"href":"https:\/\/www.hoymercedes.com.ar\/principal\/wp-json\/wp\/v2\/posts\/126184\/revisions"}],"wp:featuredmedia":[{"embeddable":true,"href":"https:\/\/www.hoymercedes.com.ar\/principal\/wp-json\/wp\/v2\/media\/126186"}],"wp:attachment":[{"href":"https:\/\/www.hoymercedes.com.ar\/principal\/wp-json\/wp\/v2\/media?parent=126184"}],"wp:term":[{"taxonomy":"category","embeddable":true,"href":"https:\/\/www.hoymercedes.com.ar\/principal\/wp-json\/wp\/v2\/categories?post=126184"},{"taxonomy":"post_tag","embeddable":true,"href":"https:\/\/www.hoymercedes.com.ar\/principal\/wp-json\/wp\/v2\/tags?post=126184"}],"curies":[{"name":"wp","href":"https:\/\/api.w.org\/{rel}","templated":true}]}}