{"id":126192,"date":"2021-03-13T00:26:25","date_gmt":"2021-03-13T03:26:25","guid":{"rendered":"https:\/\/www.hoymercedes.com.ar\/principal\/?p=126192"},"modified":"2021-03-13T00:26:32","modified_gmt":"2021-03-13T03:26:32","slug":"siniestro-vial-en-ruta-5-impacta-camioneta-con-motociclistas","status":"publish","type":"post","link":"https:\/\/www.hoymercedes.com.ar\/principal\/2021\/03\/13\/siniestro-vial-en-ruta-5-impacta-camioneta-con-motociclistas\/","title":{"rendered":"Siniestro vial en ruta 5: impacta camioneta con motociclistas"},"content":{"rendered":"\n<p>Durante la tarde de este viernes pasado el peaje camino a Mercedes una camioneta colisiona contra dos motocicletas. No se lamentaron v\u00edctimas, aunque s\u00ed algunas lesiones como la quebradura de una clav\u00edcula en una de las personas de las motocicletas. Actuaron SAME qui\u00e9n traslad\u00f3 a los siniestrados al Hospital Dubarry, y Protecci\u00f3n Civil.<\/p>\n\n\n\n<div class=\"wp-block-image\"><figure class=\"aligncenter size-large\"><img loading=\"lazy\" decoding=\"async\" width=\"800\" height=\"533\" data-attachment-id=\"126193\" data-permalink=\"https:\/\/www.hoymercedes.com.ar\/principal\/2021\/03\/13\/siniestro-vial-en-ruta-5-impacta-camioneta-con-motociclistas\/whatsapp-image-2021-03-12-at-21-11-40\/#main\" data-orig-file=\"https:\/\/www.hoymercedes.com.ar\/principal\/wp-content\/uploads\/2021\/03\/WhatsApp-Image-2021-03-12-at-21.11.40.jpeg\" data-orig-size=\"800,533\" data-comments-opened=\"0\" data-image-meta=\"{&quot;aperture&quot;:&quot;0&quot;,&quot;credit&quot;:&quot;&quot;,&quot;camera&quot;:&quot;&quot;,&quot;caption&quot;:&quot;&quot;,&quot;created_timestamp&quot;:&quot;1615594930&quot;,&quot;copyright&quot;:&quot;&quot;,&quot;focal_length&quot;:&quot;0&quot;,&quot;iso&quot;:&quot;0&quot;,&quot;shutter_speed&quot;:&quot;0&quot;,&quot;title&quot;:&quot;&quot;,&quot;orientation&quot;:&quot;1&quot;}\" data-image-title=\"WhatsApp Image 2021-03-12 at 21.11.40\" data-image-description=\"\" data-image-caption=\"\" data-large-file=\"https:\/\/www.hoymercedes.com.ar\/principal\/wp-content\/uploads\/2021\/03\/WhatsApp-Image-2021-03-12-at-21.11.40.jpeg\" src=\"https:\/\/www.hoymercedes.com.ar\/principal\/wp-content\/uploads\/2021\/03\/WhatsApp-Image-2021-03-12-at-21.11.40.jpeg\" alt=\"\" class=\"wp-image-126193\" srcset=\"https:\/\/www.hoymercedes.com.ar\/principal\/wp-content\/uploads\/2021\/03\/WhatsApp-Image-2021-03-12-at-21.11.40.jpeg 800w, https:\/\/www.hoymercedes.com.ar\/principal\/wp-content\/uploads\/2021\/03\/WhatsApp-Image-2021-03-12-at-21.11.40-630x420.jpeg 630w, https:\/\/www.hoymercedes.com.ar\/principal\/wp-content\/uploads\/2021\/03\/WhatsApp-Image-2021-03-12-at-21.11.40-150x100.jpeg 150w, https:\/\/www.hoymercedes.com.ar\/principal\/wp-content\/uploads\/2021\/03\/WhatsApp-Image-2021-03-12-at-21.11.40-700x465.jpeg 700w\" sizes=\"auto, (max-width: 800px) 100vw, 800px\" \/><\/figure><\/div>\n\n\n\n<p>Por motivos que son parte de la causa se produjo un fuerte impacto de una camioneta de alta gama cuando colisiona desde atr\u00e1s con las motocicletas, generando el golpe de los viajantes y un fuerte derrame de combustible.<\/p>\n\n\n\n<p>Hasta el lugar se acerc\u00f3 Protecci\u00f3n Civil quien gui\u00f3 el tr\u00e1nsito efectu\u00f3 las tareas necesarias para evitar el combustible derramado genere peligrosidad para los viajantes. En al Hospital se hicieron los peritajes correspondientes a los viajantes de todos los veh\u00edculos. De acuerdo a trascendidos, una de las personas que viajaba en la moto se habr\u00eda quebrado la clav\u00edcula. <\/p>\n\n\n\n<p><\/p>\n","protected":false},"excerpt":{"rendered":"<p>Durante la tarde de este viernes pasado el peaje camino a Mercedes una camioneta colisiona contra dos motocicletas. No se &#8230; <a title=\"Siniestro vial en ruta 5: impacta camioneta con motociclistas\" class=\"read-more\" href=\"https:\/\/www.hoymercedes.com.ar\/principal\/2021\/03\/13\/siniestro-vial-en-ruta-5-impacta-camioneta-con-motociclistas\/\" aria-label=\"Leer m\u00e1s sobre Siniestro vial en ruta 5: impacta camioneta con motociclistas\">Leer m\u00e1s<\/a><\/p>\n","protected":false},"author":1,"featured_media":126193,"comment_status":"closed","ping_status":"open","sticky":false,"template":"","format":"standard","meta":{"_monsterinsights_skip_tracking":false,"_monsterinsights_sitenote_active":false,"_monsterinsights_sitenote_note":"","_monsterinsights_sitenote_category":0,"jetpack_post_was_ever_published":false,"_jetpack_newsletter_access":"","_jetpack_dont_email_post_to_subs":false,"_jetpack_newsletter_tier_id":0,"_jetpack_memberships_contains_paywalled_content":false,"_jetpack_memberships_contains_paid_content":false,"footnotes":"","jetpack_publicize_message":"","jetpack_publicize_feature_enabled":true,"jetpack_social_post_already_shared":true,"jetpack_social_options":{"image_generator_settings":{"template":"highway","default_image_id":0,"font":"","enabled":false},"version":2},"_wpas_customize_per_network":false},"categories":[85],"tags":[],"class_list":["post-126192","post","type-post","status-publish","format-standard","has-post-thumbnail","hentry","category-policial","generate-columns","tablet-grid-50","mobile-grid-100","grid-parent","grid-50"],"jetpack_publicize_connections":[],"jetpack_featured_media_url":"https:\/\/www.hoymercedes.com.ar\/principal\/wp-content\/uploads\/2021\/03\/WhatsApp-Image-2021-03-12-at-21.11.40.jpeg","wps_subtitle":"","jetpack_sharing_enabled":true,"jetpack-related-posts":[{"id":173348,"url":"https:\/\/www.hoymercedes.com.ar\/principal\/2024\/02\/26\/tren-embiste-camioneta-en-cruce-de-av-1-y-ferrocarril-sarmiento-foto-y-video\/","url_meta":{"origin":126192,"position":0},"title":"Tren embiste camioneta en cruce de Av.1 y Ferrocarril Sarmiento (Foto y Video)","author":"hoymercedes","date":"26 febrero, 2024","format":false,"excerpt":"Un fuerte siniestro se produjo al colisionar una Peugeot Partner y una formaci\u00f3n del Tren Sarmiento. El violento impacto llev\u00f3 a que la camioneta terminada junto a una casa aleda\u00f1a. Una mujer conduc\u00eda la camioneta siendo trasladada al Hospital Dubarry. La situaci\u00f3n es compleja y debieron intervenir Bomberos, SAME, Polic\u00eda\u2026","rel":"","context":"En \u00abPolicial\u00bb","block_context":{"text":"Policial","link":"https:\/\/www.hoymercedes.com.ar\/principal\/category\/policial\/"},"img":{"alt_text":"Fuerte y grave choque de camioneta con tren semiento en avenida 1","src":"https:\/\/i0.wp.com\/www.hoymercedes.com.ar\/principal\/wp-content\/uploads\/2024\/02\/SiniestroVial-Tren-Automotores-26.02.2024.5.jpg?resize=350%2C200&ssl=1","width":350,"height":200,"srcset":"https:\/\/i0.wp.com\/www.hoymercedes.com.ar\/principal\/wp-content\/uploads\/2024\/02\/SiniestroVial-Tren-Automotores-26.02.2024.5.jpg?resize=350%2C200&ssl=1 1x, https:\/\/i0.wp.com\/www.hoymercedes.com.ar\/principal\/wp-content\/uploads\/2024\/02\/SiniestroVial-Tren-Automotores-26.02.2024.5.jpg?resize=525%2C300&ssl=1 1.5x, https:\/\/i0.wp.com\/www.hoymercedes.com.ar\/principal\/wp-content\/uploads\/2024\/02\/SiniestroVial-Tren-Automotores-26.02.2024.5.jpg?resize=700%2C400&ssl=1 2x, https:\/\/i0.wp.com\/www.hoymercedes.com.ar\/principal\/wp-content\/uploads\/2024\/02\/SiniestroVial-Tren-Automotores-26.02.2024.5.jpg?resize=1050%2C600&ssl=1 3x"},"classes":[]},{"id":171695,"url":"https:\/\/www.hoymercedes.com.ar\/principal\/2024\/01\/08\/fuerte-operativo-policial-y-seguridad-para-control-de-motos\/","url_meta":{"origin":126192,"position":1},"title":"Fuerte operativo policial y seguridad para control de motos","author":"hoymercedes","date":"8 enero, 2024","format":false,"excerpt":"La Polic\u00eda Comunal con asistencia de la Secretar\u00eda de Seguridad realizaron un fuerte operativo de seguridad para el control vehicular orientado a las motocicletas, tanto por los ruidos y peligros del andar como para la protecci\u00f3n de la vida. Del operativo se secuestraron motocicletas, destac\u00e1ndose el secuestro de dos motocicletas,\u2026","rel":"","context":"En \u00abPolicial\u00bb","block_context":{"text":"Policial","link":"https:\/\/www.hoymercedes.com.ar\/principal\/category\/policial\/"},"img":{"alt_text":"Detenidos operativo de motos mercedes","src":"https:\/\/i0.wp.com\/www.hoymercedes.com.ar\/principal\/wp-content\/uploads\/2024\/01\/page-detenidos.jpg?resize=350%2C200&ssl=1","width":350,"height":200,"srcset":"https:\/\/i0.wp.com\/www.hoymercedes.com.ar\/principal\/wp-content\/uploads\/2024\/01\/page-detenidos.jpg?resize=350%2C200&ssl=1 1x, https:\/\/i0.wp.com\/www.hoymercedes.com.ar\/principal\/wp-content\/uploads\/2024\/01\/page-detenidos.jpg?resize=525%2C300&ssl=1 1.5x, https:\/\/i0.wp.com\/www.hoymercedes.com.ar\/principal\/wp-content\/uploads\/2024\/01\/page-detenidos.jpg?resize=700%2C400&ssl=1 2x"},"classes":[]},{"id":27215,"url":"https:\/\/www.hoymercedes.com.ar\/principal\/2013\/11\/09\/fuertes-controles-de-transito-en-la-ciudad-y-en-avenida-30-en-especial\/","url_meta":{"origin":126192,"position":2},"title":"Fuertes controles de tr\u00e1nsito en la ciudad y en avenida 30 en especial","author":"hoymercedes","date":"9 noviembre, 2013","format":false,"excerpt":"Durante la tarde del viernes se continu\u00f3 con los operativos de tr\u00e1nsito en nuestra ciudad bajo la modalidad ya conocida de control y sustracci\u00f3n de motocicletas que no est\u00e9n en regla. Esta ocasi\u00f3n vuelve a convertirse en noticia dado que se pudo ver un fuerte accionar sobre avenida 30, un\u2026","rel":"","context":"En \u00abMunicipio\u00bb","block_context":{"text":"Municipio","link":"https:\/\/www.hoymercedes.com.ar\/principal\/category\/municipio\/"},"img":{"alt_text":"controlurbanomercedes","src":"https:\/\/i0.wp.com\/www.hoymercedes.com.ar\/principal\/wp-content\/uploads\/2013\/11\/controlurbanomercedes.jpg?resize=350%2C200","width":350,"height":200,"srcset":"https:\/\/i0.wp.com\/www.hoymercedes.com.ar\/principal\/wp-content\/uploads\/2013\/11\/controlurbanomercedes.jpg?resize=350%2C200 1x, https:\/\/i0.wp.com\/www.hoymercedes.com.ar\/principal\/wp-content\/uploads\/2013\/11\/controlurbanomercedes.jpg?resize=525%2C300 1.5x"},"classes":[]},{"id":54968,"url":"https:\/\/www.hoymercedes.com.ar\/principal\/2016\/09\/21\/fuerte-accidente-en-ruta-provincial-41-y-puente-del-ferrocarril\/","url_meta":{"origin":126192,"position":3},"title":"Fuerte accidente en Ruta Provincial N\u00b041 y puente del ferrocarril","author":"hoymercedes","date":"21 septiembre, 2016","format":false,"excerpt":"Durante la noche de \u00e9ste mi\u00e9rcoles se produjo un grave accidente en Ruta 41 y casi cruce con avenida 40, muy cerca del puente del ferrocarril, casi frente a la dependencia policial que en dicho sector de la ciudad se encuentra. Varios heridos demandaron gran cantidad de asistencia sanitaria, policial,\u2026","rel":"","context":"En \u00abSociedad\u00bb","block_context":{"text":"Sociedad","link":"https:\/\/www.hoymercedes.com.ar\/principal\/category\/sociedad\/"},"img":{"alt_text":"","src":"https:\/\/i0.wp.com\/www.hoymercedes.com.ar\/principal\/wp-content\/uploads\/2016\/09\/accidente016.jpg?resize=350%2C200&ssl=1","width":350,"height":200,"srcset":"https:\/\/i0.wp.com\/www.hoymercedes.com.ar\/principal\/wp-content\/uploads\/2016\/09\/accidente016.jpg?resize=350%2C200&ssl=1 1x, https:\/\/i0.wp.com\/www.hoymercedes.com.ar\/principal\/wp-content\/uploads\/2016\/09\/accidente016.jpg?resize=525%2C300&ssl=1 1.5x, https:\/\/i0.wp.com\/www.hoymercedes.com.ar\/principal\/wp-content\/uploads\/2016\/09\/accidente016.jpg?resize=700%2C400&ssl=1 2x"},"classes":[]},{"id":30674,"url":"https:\/\/www.hoymercedes.com.ar\/principal\/2014\/03\/11\/accidente-importante-en-ruta-no5-entre-dos-camiones-y-camioneta-4x4\/","url_meta":{"origin":126192,"position":4},"title":"Accidente importante en Ruta N\u00ba5 entre dos camiones y camioneta 4&#215;4","author":"hoymercedes","date":"11 marzo, 2014","format":false,"excerpt":"Cerca de las 01.00am la sirena de los bomberos de Suipacha encendi\u00f3 la alerta. Un nuevo accidente en la ruta nacional n\u00ba5. Fue en el kil\u00f3metro 130,800 del mencionado partido. S\u00f3lo un herido leve en lo que pudo ser una tragedia. Dos camiones de importantes dimensiones y una camioneta pick\u2026","rel":"","context":"En \u00abSociedad\u00bb","block_context":{"text":"Sociedad","link":"https:\/\/www.hoymercedes.com.ar\/principal\/category\/sociedad\/"},"img":{"alt_text":"Accidente-ruta5.11.03.2014.1","src":"https:\/\/i0.wp.com\/www.hoymercedes.com.ar\/principal\/wp-content\/uploads\/2014\/03\/Accidente-ruta5.11.03.2014.1.jpg?resize=350%2C200","width":350,"height":200,"srcset":"https:\/\/i0.wp.com\/www.hoymercedes.com.ar\/principal\/wp-content\/uploads\/2014\/03\/Accidente-ruta5.11.03.2014.1.jpg?resize=350%2C200 1x, https:\/\/i0.wp.com\/www.hoymercedes.com.ar\/principal\/wp-content\/uploads\/2014\/03\/Accidente-ruta5.11.03.2014.1.jpg?resize=525%2C300 1.5x"},"classes":[]},{"id":78590,"url":"https:\/\/www.hoymercedes.com.ar\/principal\/2018\/07\/14\/proteccion-civil-mercedes-incorpora-vehiculos\/","url_meta":{"origin":126192,"position":5},"title":"Protecci\u00f3n Civil Mercedes incorpora veh\u00edculos","author":"hoymercedes","date":"14 julio, 2018","format":false,"excerpt":"El \u00e1rea de Protecci\u00f3n Civil de la ciudad suma un nuevo veh\u00edculo para tener la posibilidad de recorrer el partido de Mercedes y auxiliar de manera m\u00e1s r\u00e1pida a los vecinos que as\u00ed se lo soliciten. Durante las primeras horas de la tarde del viernes fue presentada la camioneta identificada\u2026","rel":"","context":"En \u00abMunicipio\u00bb","block_context":{"text":"Municipio","link":"https:\/\/www.hoymercedes.com.ar\/principal\/category\/municipio\/"},"img":{"alt_text":"","src":"https:\/\/i0.wp.com\/www.hoymercedes.com.ar\/principal\/wp-content\/uploads\/2018\/07\/14-muni-proteccion-civil.jpg?resize=350%2C200&ssl=1","width":350,"height":200,"srcset":"https:\/\/i0.wp.com\/www.hoymercedes.com.ar\/principal\/wp-content\/uploads\/2018\/07\/14-muni-proteccion-civil.jpg?resize=350%2C200&ssl=1 1x, https:\/\/i0.wp.com\/www.hoymercedes.com.ar\/principal\/wp-content\/uploads\/2018\/07\/14-muni-proteccion-civil.jpg?resize=525%2C300&ssl=1 1.5x, https:\/\/i0.wp.com\/www.hoymercedes.com.ar\/principal\/wp-content\/uploads\/2018\/07\/14-muni-proteccion-civil.jpg?resize=700%2C400&ssl=1 2x"},"classes":[]}],"_links":{"self":[{"href":"https:\/\/www.hoymercedes.com.ar\/principal\/wp-json\/wp\/v2\/posts\/126192","targetHints":{"allow":["GET"]}}],"collection":[{"href":"https:\/\/www.hoymercedes.com.ar\/principal\/wp-json\/wp\/v2\/posts"}],"about":[{"href":"https:\/\/www.hoymercedes.com.ar\/principal\/wp-json\/wp\/v2\/types\/post"}],"author":[{"embeddable":true,"href":"https:\/\/www.hoymercedes.com.ar\/principal\/wp-json\/wp\/v2\/users\/1"}],"replies":[{"embeddable":true,"href":"https:\/\/www.hoymercedes.com.ar\/principal\/wp-json\/wp\/v2\/comments?post=126192"}],"version-history":[{"count":0,"href":"https:\/\/www.hoymercedes.com.ar\/principal\/wp-json\/wp\/v2\/posts\/126192\/revisions"}],"wp:featuredmedia":[{"embeddable":true,"href":"https:\/\/www.hoymercedes.com.ar\/principal\/wp-json\/wp\/v2\/media\/126193"}],"wp:attachment":[{"href":"https:\/\/www.hoymercedes.com.ar\/principal\/wp-json\/wp\/v2\/media?parent=126192"}],"wp:term":[{"taxonomy":"category","embeddable":true,"href":"https:\/\/www.hoymercedes.com.ar\/principal\/wp-json\/wp\/v2\/categories?post=126192"},{"taxonomy":"post_tag","embeddable":true,"href":"https:\/\/www.hoymercedes.com.ar\/principal\/wp-json\/wp\/v2\/tags?post=126192"}],"curies":[{"name":"wp","href":"https:\/\/api.w.org\/{rel}","templated":true}]}}