{"id":126195,"date":"2021-03-12T22:26:00","date_gmt":"2021-03-13T01:26:00","guid":{"rendered":"https:\/\/www.hoymercedes.com.ar\/principal\/?p=126195"},"modified":"2021-03-13T00:33:41","modified_gmt":"2021-03-13T03:33:41","slug":"confirman-un-fallecimiento-y-5-nuevos-casos-de-covid","status":"publish","type":"post","link":"https:\/\/www.hoymercedes.com.ar\/principal\/2021\/03\/12\/confirman-un-fallecimiento-y-5-nuevos-casos-de-covid\/","title":{"rendered":"Confirman un fallecimiento y 5 nuevos casos de covid"},"content":{"rendered":"\n<p>La informaci\u00f3n epidemiol\u00f3gica de Mercedes confirma el fallecimiento de un paciente de 62 a\u00f1os portador del virus. Adem\u00e1s, informan que son 5 nuevos casos entre los 30 an\u00e1lisis procesados en el d\u00eda de la fecha y 16 pacientes son los que obtuvieron el alta m\u00e9dica. <\/p>\n\n\n\n<div class=\"wp-block-image\"><figure class=\"aligncenter size-large\"><img loading=\"lazy\" decoding=\"async\" width=\"800\" height=\"800\" data-attachment-id=\"126196\" data-permalink=\"https:\/\/www.hoymercedes.com.ar\/principal\/2021\/03\/12\/confirman-un-fallecimiento-y-5-nuevos-casos-de-covid\/whatsapp-image-2021-03-12-at-22-07-30\/#main\" data-orig-file=\"https:\/\/www.hoymercedes.com.ar\/principal\/wp-content\/uploads\/2021\/03\/WhatsApp-Image-2021-03-12-at-22.07.30.jpeg\" data-orig-size=\"800,800\" data-comments-opened=\"0\" data-image-meta=\"{&quot;aperture&quot;:&quot;0&quot;,&quot;credit&quot;:&quot;&quot;,&quot;camera&quot;:&quot;&quot;,&quot;caption&quot;:&quot;&quot;,&quot;created_timestamp&quot;:&quot;0&quot;,&quot;copyright&quot;:&quot;&quot;,&quot;focal_length&quot;:&quot;0&quot;,&quot;iso&quot;:&quot;0&quot;,&quot;shutter_speed&quot;:&quot;0&quot;,&quot;title&quot;:&quot;&quot;,&quot;orientation&quot;:&quot;0&quot;}\" data-image-title=\"WhatsApp Image 2021-03-12 at 22.07.30\" data-image-description=\"\" data-image-caption=\"\" data-large-file=\"https:\/\/www.hoymercedes.com.ar\/principal\/wp-content\/uploads\/2021\/03\/WhatsApp-Image-2021-03-12-at-22.07.30.jpeg\" src=\"https:\/\/www.hoymercedes.com.ar\/principal\/wp-content\/uploads\/2021\/03\/WhatsApp-Image-2021-03-12-at-22.07.30.jpeg\" alt=\"\" class=\"wp-image-126196\" srcset=\"https:\/\/www.hoymercedes.com.ar\/principal\/wp-content\/uploads\/2021\/03\/WhatsApp-Image-2021-03-12-at-22.07.30.jpeg 800w, https:\/\/www.hoymercedes.com.ar\/principal\/wp-content\/uploads\/2021\/03\/WhatsApp-Image-2021-03-12-at-22.07.30-620x620.jpeg 620w, https:\/\/www.hoymercedes.com.ar\/principal\/wp-content\/uploads\/2021\/03\/WhatsApp-Image-2021-03-12-at-22.07.30-150x150.jpeg 150w\" sizes=\"auto, (max-width: 800px) 100vw, 800px\" \/><\/figure><\/div>\n","protected":false},"excerpt":{"rendered":"<p>La informaci\u00f3n epidemiol\u00f3gica de Mercedes confirma el fallecimiento de un paciente de 62 a\u00f1os portador del virus. Adem\u00e1s, informan que &#8230; <a title=\"Confirman un fallecimiento y 5 nuevos casos de covid\" class=\"read-more\" href=\"https:\/\/www.hoymercedes.com.ar\/principal\/2021\/03\/12\/confirman-un-fallecimiento-y-5-nuevos-casos-de-covid\/\" aria-label=\"Leer m\u00e1s sobre Confirman un fallecimiento y 5 nuevos casos de covid\">Leer m\u00e1s<\/a><\/p>\n","protected":false},"author":1,"featured_media":126196,"comment_status":"closed","ping_status":"open","sticky":false,"template":"","format":"standard","meta":{"_monsterinsights_skip_tracking":false,"_monsterinsights_sitenote_active":false,"_monsterinsights_sitenote_note":"","_monsterinsights_sitenote_category":0,"jetpack_post_was_ever_published":false,"_jetpack_newsletter_access":"","_jetpack_dont_email_post_to_subs":false,"_jetpack_newsletter_tier_id":0,"_jetpack_memberships_contains_paywalled_content":false,"_jetpack_memberships_contains_paid_content":false,"footnotes":"","jetpack_publicize_message":"","jetpack_publicize_feature_enabled":true,"jetpack_social_post_already_shared":true,"jetpack_social_options":{"image_generator_settings":{"template":"highway","default_image_id":0,"font":"","enabled":false},"version":2},"_wpas_customize_per_network":false},"categories":[9791],"tags":[],"class_list":["post-126195","post","type-post","status-publish","format-standard","has-post-thumbnail","hentry","category-salud","generate-columns","tablet-grid-50","mobile-grid-100","grid-parent","grid-50"],"jetpack_publicize_connections":[],"jetpack_featured_media_url":"https:\/\/www.hoymercedes.com.ar\/principal\/wp-content\/uploads\/2021\/03\/WhatsApp-Image-2021-03-12-at-22.07.30.jpeg","wps_subtitle":"Parte diario local","jetpack_sharing_enabled":true,"jetpack-related-posts":[{"id":124521,"url":"https:\/\/www.hoymercedes.com.ar\/principal\/2021\/02\/08\/covid-un-fallecimiento-y-13-nuevos-casos-positivos\/","url_meta":{"origin":126195,"position":0},"title":"Covid: Un fallecimiento y 13 nuevos casos positivos","author":"hoymercedes","date":"8 febrero, 2021","format":false,"excerpt":"La informaci\u00f3n epidemiol\u00f3gica de Mercedes confirma el fallecimiento de un hombre de 73 a\u00f1os que era portador del virus SARS-Cov2. Asimismo, informaron 13 nuevos casos de covid-19 entre los 58 nuevos test procesados en el d\u00eda de la fecha. Asimismo, notifican que son 10 los pacientes que obtuvieron el alta\u2026","rel":"","context":"En \u00abSalud\u00bb","block_context":{"text":"Salud","link":"https:\/\/www.hoymercedes.com.ar\/principal\/category\/salud\/"},"img":{"alt_text":"","src":"https:\/\/i0.wp.com\/www.hoymercedes.com.ar\/principal\/wp-content\/uploads\/2021\/02\/WhatsApp-Image-2021-02-08-at-22.10.16.jpeg?resize=350%2C200&ssl=1","width":350,"height":200,"srcset":"https:\/\/i0.wp.com\/www.hoymercedes.com.ar\/principal\/wp-content\/uploads\/2021\/02\/WhatsApp-Image-2021-02-08-at-22.10.16.jpeg?resize=350%2C200&ssl=1 1x, https:\/\/i0.wp.com\/www.hoymercedes.com.ar\/principal\/wp-content\/uploads\/2021\/02\/WhatsApp-Image-2021-02-08-at-22.10.16.jpeg?resize=525%2C300&ssl=1 1.5x, https:\/\/i0.wp.com\/www.hoymercedes.com.ar\/principal\/wp-content\/uploads\/2021\/02\/WhatsApp-Image-2021-02-08-at-22.10.16.jpeg?resize=700%2C400&ssl=1 2x"},"classes":[]},{"id":125413,"url":"https:\/\/www.hoymercedes.com.ar\/principal\/2021\/02\/25\/covid-en-mercedes-un-fallecimiento-y-8-casos-nuevos-positivos\/","url_meta":{"origin":126195,"position":1},"title":"Covid en Mercedes: Un fallecimiento y 8 casos nuevos positivos","author":"hoymercedes","date":"25 febrero, 2021","format":false,"excerpt":"El parte diario con la informaci\u00f3n epidemiol\u00f3gica confirma el fallecimiento de una mujer de 62 a\u00f1os que era portadora del virus Sars-cov2 que produce el covid-19. Adem\u00e1s, informan que 8 pacientes recibieron su resulatado positivo y se suman a los pacientes que deber\u00e1n estar aislados transitando la enfermedad. Con los\u2026","rel":"","context":"En \u00abSalud\u00bb","block_context":{"text":"Salud","link":"https:\/\/www.hoymercedes.com.ar\/principal\/category\/salud\/"},"img":{"alt_text":"","src":"https:\/\/i0.wp.com\/www.hoymercedes.com.ar\/principal\/wp-content\/uploads\/2021\/02\/WhatsApp-Image-2021-02-25-at-21.26.01.jpeg?resize=350%2C200&ssl=1","width":350,"height":200,"srcset":"https:\/\/i0.wp.com\/www.hoymercedes.com.ar\/principal\/wp-content\/uploads\/2021\/02\/WhatsApp-Image-2021-02-25-at-21.26.01.jpeg?resize=350%2C200&ssl=1 1x, https:\/\/i0.wp.com\/www.hoymercedes.com.ar\/principal\/wp-content\/uploads\/2021\/02\/WhatsApp-Image-2021-02-25-at-21.26.01.jpeg?resize=525%2C300&ssl=1 1.5x, https:\/\/i0.wp.com\/www.hoymercedes.com.ar\/principal\/wp-content\/uploads\/2021\/02\/WhatsApp-Image-2021-02-25-at-21.26.01.jpeg?resize=700%2C400&ssl=1 2x, https:\/\/i0.wp.com\/www.hoymercedes.com.ar\/principal\/wp-content\/uploads\/2021\/02\/WhatsApp-Image-2021-02-25-at-21.26.01.jpeg?resize=1050%2C600&ssl=1 3x"},"classes":[]},{"id":122998,"url":"https:\/\/www.hoymercedes.com.ar\/principal\/2021\/01\/07\/mercedes-suma-28-nuevos-positivos-y-un-fallecimiento-con-covid-19\/","url_meta":{"origin":126195,"position":2},"title":"Mercedes suma 28 nuevos positivos y un fallecimiento con covid-19","author":"hoymercedes","date":"7 enero, 2021","format":false,"excerpt":"La informaci\u00f3n oficial de Mercedes da cuenta del fallecimiento de una persona de 79 a\u00f1os que era portador del virus, as\u00ed como la confimraci\u00f3n de 28 nuevos casos positivos entre los 94 nuevos test procesados. Asimismo, confirman que 283 pacientes son los que tienen el virus de manera activa, mientras\u2026","rel":"","context":"En \u00abSalud\u00bb","block_context":{"text":"Salud","link":"https:\/\/www.hoymercedes.com.ar\/principal\/category\/salud\/"},"img":{"alt_text":"","src":"https:\/\/i0.wp.com\/www.hoymercedes.com.ar\/principal\/wp-content\/uploads\/2021\/01\/WhatsApp-Image-2021-01-07-at-21.49.35.jpeg?resize=350%2C200&ssl=1","width":350,"height":200,"srcset":"https:\/\/i0.wp.com\/www.hoymercedes.com.ar\/principal\/wp-content\/uploads\/2021\/01\/WhatsApp-Image-2021-01-07-at-21.49.35.jpeg?resize=350%2C200&ssl=1 1x, https:\/\/i0.wp.com\/www.hoymercedes.com.ar\/principal\/wp-content\/uploads\/2021\/01\/WhatsApp-Image-2021-01-07-at-21.49.35.jpeg?resize=525%2C300&ssl=1 1.5x, https:\/\/i0.wp.com\/www.hoymercedes.com.ar\/principal\/wp-content\/uploads\/2021\/01\/WhatsApp-Image-2021-01-07-at-21.49.35.jpeg?resize=700%2C400&ssl=1 2x"},"classes":[]},{"id":118684,"url":"https:\/\/www.hoymercedes.com.ar\/principal\/2020\/10\/17\/coronavirus-confirman-un-fallecimiento-y-14-nuevos-casos\/","url_meta":{"origin":126195,"position":3},"title":"Coronavirus: confirman un fallecimiento y 14 nuevos casos","author":"Clarisa Altieri","date":"17 octubre, 2020","format":false,"excerpt":"Informe sanitario - En el d\u00eda de la fecha el Laboratorio de Virolog\u00eda Molecular Municipal por medio de los procesos cient\u00edficos que lleva adelante cotidianamente confirm\u00f3 14 nuevos casos para covid. Lamentamos informar el fallecimiento de una paciente portadora del virus de 88 a\u00f1os de edad. Al d\u00eda de la\u2026","rel":"","context":"En \u00abSalud\u00bb","block_context":{"text":"Salud","link":"https:\/\/www.hoymercedes.com.ar\/principal\/category\/salud\/"},"img":{"alt_text":"","src":"https:\/\/i0.wp.com\/www.hoymercedes.com.ar\/principal\/wp-content\/uploads\/2020\/10\/WhatsApp-Image-2020-10-17-at-22.01.33.jpeg?resize=350%2C200&ssl=1","width":350,"height":200,"srcset":"https:\/\/i0.wp.com\/www.hoymercedes.com.ar\/principal\/wp-content\/uploads\/2020\/10\/WhatsApp-Image-2020-10-17-at-22.01.33.jpeg?resize=350%2C200&ssl=1 1x, https:\/\/i0.wp.com\/www.hoymercedes.com.ar\/principal\/wp-content\/uploads\/2020\/10\/WhatsApp-Image-2020-10-17-at-22.01.33.jpeg?resize=525%2C300&ssl=1 1.5x, https:\/\/i0.wp.com\/www.hoymercedes.com.ar\/principal\/wp-content\/uploads\/2020\/10\/WhatsApp-Image-2020-10-17-at-22.01.33.jpeg?resize=700%2C400&ssl=1 2x"},"classes":[]},{"id":119120,"url":"https:\/\/www.hoymercedes.com.ar\/principal\/2020\/10\/27\/coronavirus-un-fallecimiento-y-cuatro-positivos-nuevos\/","url_meta":{"origin":126195,"position":4},"title":"Coronavirus: un fallecimiento y cuatro positivos nuevos","author":"hoymercedes","date":"27 octubre, 2020","format":false,"excerpt":"Entre 58 test realizados por el Laboratorio del Hospital Dubarry, cuatro resultaron positivos para Mercedes. Asimismo, confirman el fallecimiento de un hombre de 69 a\u00f1os portador del SARS-cov2, pero que estaba internado en la ciudad de Buenos Aires. El informe oficial: \"En el d\u00eda de la fecha el Laboratorio de\u2026","rel":"","context":"En \u00abSociedad\u00bb","block_context":{"text":"Sociedad","link":"https:\/\/www.hoymercedes.com.ar\/principal\/category\/sociedad\/"},"img":{"alt_text":"","src":"https:\/\/i0.wp.com\/www.hoymercedes.com.ar\/principal\/wp-content\/uploads\/2020\/10\/WhatsApp-Image-2020-10-27-at-22.18.17.jpeg?resize=350%2C200&ssl=1","width":350,"height":200,"srcset":"https:\/\/i0.wp.com\/www.hoymercedes.com.ar\/principal\/wp-content\/uploads\/2020\/10\/WhatsApp-Image-2020-10-27-at-22.18.17.jpeg?resize=350%2C200&ssl=1 1x, https:\/\/i0.wp.com\/www.hoymercedes.com.ar\/principal\/wp-content\/uploads\/2020\/10\/WhatsApp-Image-2020-10-27-at-22.18.17.jpeg?resize=525%2C300&ssl=1 1.5x, https:\/\/i0.wp.com\/www.hoymercedes.com.ar\/principal\/wp-content\/uploads\/2020\/10\/WhatsApp-Image-2020-10-27-at-22.18.17.jpeg?resize=700%2C400&ssl=1 2x"},"classes":[]},{"id":124113,"url":"https:\/\/www.hoymercedes.com.ar\/principal\/2021\/01\/30\/covid-en-mercedes-un-fallecimiento-y-tres-nuevos-positivos\/","url_meta":{"origin":126195,"position":5},"title":"Covid en Mercedes: un fallecimiento y tres nuevos positivos","author":"hoymercedes","date":"30 enero, 2021","format":false,"excerpt":"El parte con la informaci\u00f3n epidemiol\u00f3gica informa el fallecimiento de un hombre de 61 a\u00f1os que estaba internado con el virus SARS-Cov2 en la ciudad de Buenos Aires. Pero adem\u00e1s, comunica el resultado positivo de tres hisopados entre los 20 an\u00e1lisis procesados en el d\u00eda de la fecha y el\u2026","rel":"","context":"En \u00abSalud\u00bb","block_context":{"text":"Salud","link":"https:\/\/www.hoymercedes.com.ar\/principal\/category\/salud\/"},"img":{"alt_text":"","src":"https:\/\/i0.wp.com\/www.hoymercedes.com.ar\/principal\/wp-content\/uploads\/2021\/01\/WhatsApp-Image-2021-01-30-at-21.59.17.jpeg?resize=350%2C200&ssl=1","width":350,"height":200,"srcset":"https:\/\/i0.wp.com\/www.hoymercedes.com.ar\/principal\/wp-content\/uploads\/2021\/01\/WhatsApp-Image-2021-01-30-at-21.59.17.jpeg?resize=350%2C200&ssl=1 1x, https:\/\/i0.wp.com\/www.hoymercedes.com.ar\/principal\/wp-content\/uploads\/2021\/01\/WhatsApp-Image-2021-01-30-at-21.59.17.jpeg?resize=525%2C300&ssl=1 1.5x, https:\/\/i0.wp.com\/www.hoymercedes.com.ar\/principal\/wp-content\/uploads\/2021\/01\/WhatsApp-Image-2021-01-30-at-21.59.17.jpeg?resize=700%2C400&ssl=1 2x"},"classes":[]}],"_links":{"self":[{"href":"https:\/\/www.hoymercedes.com.ar\/principal\/wp-json\/wp\/v2\/posts\/126195","targetHints":{"allow":["GET"]}}],"collection":[{"href":"https:\/\/www.hoymercedes.com.ar\/principal\/wp-json\/wp\/v2\/posts"}],"about":[{"href":"https:\/\/www.hoymercedes.com.ar\/principal\/wp-json\/wp\/v2\/types\/post"}],"author":[{"embeddable":true,"href":"https:\/\/www.hoymercedes.com.ar\/principal\/wp-json\/wp\/v2\/users\/1"}],"replies":[{"embeddable":true,"href":"https:\/\/www.hoymercedes.com.ar\/principal\/wp-json\/wp\/v2\/comments?post=126195"}],"version-history":[{"count":0,"href":"https:\/\/www.hoymercedes.com.ar\/principal\/wp-json\/wp\/v2\/posts\/126195\/revisions"}],"wp:featuredmedia":[{"embeddable":true,"href":"https:\/\/www.hoymercedes.com.ar\/principal\/wp-json\/wp\/v2\/media\/126196"}],"wp:attachment":[{"href":"https:\/\/www.hoymercedes.com.ar\/principal\/wp-json\/wp\/v2\/media?parent=126195"}],"wp:term":[{"taxonomy":"category","embeddable":true,"href":"https:\/\/www.hoymercedes.com.ar\/principal\/wp-json\/wp\/v2\/categories?post=126195"},{"taxonomy":"post_tag","embeddable":true,"href":"https:\/\/www.hoymercedes.com.ar\/principal\/wp-json\/wp\/v2\/tags?post=126195"}],"curies":[{"name":"wp","href":"https:\/\/api.w.org\/{rel}","templated":true}]}}