{"id":126202,"date":"2021-03-13T09:02:00","date_gmt":"2021-03-13T12:02:00","guid":{"rendered":"https:\/\/www.hoymercedes.com.ar\/principal\/?p=126202"},"modified":"2021-03-13T15:23:05","modified_gmt":"2021-03-13T18:23:05","slug":"mas-vacunas-contra-el-covid-llegan-a-mercedes","status":"publish","type":"post","link":"https:\/\/www.hoymercedes.com.ar\/principal\/2021\/03\/13\/mas-vacunas-contra-el-covid-llegan-a-mercedes\/","title":{"rendered":"M\u00e1s vacunas contra el covid llegan a Mercedes"},"content":{"rendered":"\n<p>Por Prensa Municipal &#8211; El proceso de vacunaci\u00f3n contra el covid-19 que se viene desarrollando en nuestra ciudad se ampl\u00eda gracias a la llegada de m\u00e1s dosis. Parte de este nuevo arribo a la ciudad, pertenece a la vacuna Sinopharm, misma que no est\u00e1 autorizada para personas mayores de 60 a\u00f1os, por lo que en el Museo de Arte del Municipio de Mercedes se est\u00e1 vacunando a personas de 18 a 59 a\u00f1os con factores de riesgo. Mientras que en el Hospital Blas L. Dubarry contin\u00faa con la vacunaci\u00f3n a personas mayores de 60 a\u00f1os.<\/p>\n\n\n\n<div class=\"wp-block-image\"><figure class=\"aligncenter size-large\"><img loading=\"lazy\" decoding=\"async\" width=\"800\" height=\"534\" data-attachment-id=\"126205\" data-permalink=\"https:\/\/www.hoymercedes.com.ar\/principal\/2021\/03\/13\/mas-vacunas-contra-el-covid-llegan-a-mercedes\/whatsapp-image-2021-03-12-at-21-22-06\/#main\" data-orig-file=\"https:\/\/www.hoymercedes.com.ar\/principal\/wp-content\/uploads\/2021\/03\/WhatsApp-Image-2021-03-12-at-21.22.06.jpeg\" data-orig-size=\"800,534\" data-comments-opened=\"0\" data-image-meta=\"{&quot;aperture&quot;:&quot;0&quot;,&quot;credit&quot;:&quot;&quot;,&quot;camera&quot;:&quot;&quot;,&quot;caption&quot;:&quot;&quot;,&quot;created_timestamp&quot;:&quot;1615647688&quot;,&quot;copyright&quot;:&quot;&quot;,&quot;focal_length&quot;:&quot;0&quot;,&quot;iso&quot;:&quot;0&quot;,&quot;shutter_speed&quot;:&quot;0&quot;,&quot;title&quot;:&quot;&quot;,&quot;orientation&quot;:&quot;1&quot;}\" data-image-title=\"WhatsApp Image 2021-03-12 at 21.22.06\" data-image-description=\"\" data-image-caption=\"\" data-large-file=\"https:\/\/www.hoymercedes.com.ar\/principal\/wp-content\/uploads\/2021\/03\/WhatsApp-Image-2021-03-12-at-21.22.06.jpeg\" src=\"https:\/\/www.hoymercedes.com.ar\/principal\/wp-content\/uploads\/2021\/03\/WhatsApp-Image-2021-03-12-at-21.22.06.jpeg\" alt=\"\" class=\"wp-image-126205\" srcset=\"https:\/\/www.hoymercedes.com.ar\/principal\/wp-content\/uploads\/2021\/03\/WhatsApp-Image-2021-03-12-at-21.22.06.jpeg 800w, https:\/\/www.hoymercedes.com.ar\/principal\/wp-content\/uploads\/2021\/03\/WhatsApp-Image-2021-03-12-at-21.22.06-630x421.jpeg 630w, https:\/\/www.hoymercedes.com.ar\/principal\/wp-content\/uploads\/2021\/03\/WhatsApp-Image-2021-03-12-at-21.22.06-150x100.jpeg 150w\" sizes=\"auto, (max-width: 800px) 100vw, 800px\" \/><\/figure><\/div>\n\n\n\n<p>La licenciada Carolina Di Napoli, directora de la regi\u00f3n sanitaria X confirm\u00f3 \u201cllegaron 600 vacunas a la posta que ya se est\u00e1n aplicando, las mismas son la Sinopharm, de origen china, la cual a\u00fan no est\u00e1 autorizada para personas mayores de 60 a\u00f1os, por lo que estamos vacunando a personas de 18 a 59 a\u00f1os con factor de riesgo\u201d y agreg\u00f3 \u201cadem\u00e1s el hospital Blas L. Dubarry, donde se est\u00e1 vacunando a mayores de 60 a\u00f1os, ahora recibi\u00f3 600 vacunas m\u00e1s de segunda dosis para continuar con el proceso de inmunizaci\u00f3n para todas las personas\u201d siendo 1200 en una semana para nuestra localidad.<\/p>\n\n\n\n<p>Asimismo, Di Napoli apunt\u00f3 \u201cvenimos vacunando en Mercedes de acuerdo a la turnera que nos va dando la provincia de Buenos Aires\u201d y destac\u00f3 \u201cla campa\u00f1a de inscripci\u00f3n creci\u00f3 y por ello reconocer a la comunidad y el acompa\u00f1amiento de todos los actores locales que fueron ayudando en la difusi\u00f3n de la p\u00e1gina Vacunate Buenos Aires https:\/\/vacunatepba.gba.gob.ar\/ donde tambi\u00e9n es importante recordar que sin inscripci\u00f3n no hay turno\u201d.<\/p>\n\n\n\n<p>\u201cPor el momento continuamos vacunando a docentes, adultos mayores, personal de salud, seguridad y personas de 18 a 60 a\u00f1os con factor de riesgo\u201d se\u00f1al\u00f3 Carolina Di Napoli, directora de la regi\u00f3n sanitaria X.<\/p>\n\n\n\n<p>Tambi\u00e9n es importante destacar que en nuestra ciudad ya hay algo m\u00e1s de 17 mil inscriptos lo que deja a las claras la confianza y el apoyo de los vecinos tanto a la vacuna como al proceso de vacunaci\u00f3n, que seg\u00fan La Comisi\u00f3n de Seguimiento de la campa\u00f1a de vacunaci\u00f3n Covid-19 de Mercedes destaca \u201cel funcionamiento y la transparencia del sistema\u201d.<\/p>\n\n\n\n<p>Por \u00faltimo, la funcionaria provincial, agradeci\u00f3 el apoyo y \u201ctrabajo comprometido de la Secretar\u00eda de Salud, en cabeza de N\u00e9stor y Marinela y del intendente Ustarroz, por brindarnos toda la infraestructura y acompa\u00f1amiento para la implementaci\u00f3n de las pol\u00edticas sanitarias provinciales en Mercedes\u201d afirm\u00f3.<\/p>\n","protected":false},"excerpt":{"rendered":"<p>Por Prensa Municipal &#8211; El proceso de vacunaci\u00f3n contra el covid-19 que se viene desarrollando en nuestra ciudad se ampl\u00eda &#8230; <a title=\"M\u00e1s vacunas contra el covid llegan a Mercedes\" class=\"read-more\" href=\"https:\/\/www.hoymercedes.com.ar\/principal\/2021\/03\/13\/mas-vacunas-contra-el-covid-llegan-a-mercedes\/\" aria-label=\"Leer m\u00e1s sobre M\u00e1s vacunas contra el covid llegan a Mercedes\">Leer m\u00e1s<\/a><\/p>\n","protected":false},"author":1,"featured_media":126205,"comment_status":"closed","ping_status":"open","sticky":false,"template":"","format":"standard","meta":{"_monsterinsights_skip_tracking":false,"_monsterinsights_sitenote_active":false,"_monsterinsights_sitenote_note":"","_monsterinsights_sitenote_category":0,"jetpack_post_was_ever_published":false,"_jetpack_newsletter_access":"","_jetpack_dont_email_post_to_subs":false,"_jetpack_newsletter_tier_id":0,"_jetpack_memberships_contains_paywalled_content":false,"_jetpack_memberships_contains_paid_content":false,"footnotes":"","jetpack_publicize_message":"","jetpack_publicize_feature_enabled":true,"jetpack_social_post_already_shared":true,"jetpack_social_options":{"image_generator_settings":{"template":"highway","default_image_id":0,"font":"","enabled":false},"version":2},"_wpas_customize_per_network":false},"categories":[30],"tags":[],"class_list":["post-126202","post","type-post","status-publish","format-standard","has-post-thumbnail","hentry","category-municipio","generate-columns","tablet-grid-50","mobile-grid-100","grid-parent","grid-50"],"jetpack_publicize_connections":[],"jetpack_featured_media_url":"https:\/\/www.hoymercedes.com.ar\/principal\/wp-content\/uploads\/2021\/03\/WhatsApp-Image-2021-03-12-at-21.22.06.jpeg","wps_subtitle":"Articulaci\u00f3n con la Regi\u00f3n Sanitaria X","jetpack_sharing_enabled":true,"jetpack-related-posts":[{"id":146802,"url":"https:\/\/www.hoymercedes.com.ar\/principal\/2022\/04\/15\/continua-la-campana-de-vacunacion-en-escuelas-y-clubes\/","url_meta":{"origin":126202,"position":0},"title":"Contin\u00faa la campa\u00f1a de vacunaci\u00f3n en escuelas y clubes","author":"hoymercedes","date":"15 abril, 2022","format":false,"excerpt":"Desde el \u00e1rea de Salud del Municipio de Mercedes informaron que sigue la campa\u00f1a de vacunaci\u00f3n en distintos puntos de la ciudad y en instituciones educativas con el fin de completar el calendario anual de vacunas, as\u00ed como aplicar las vacunas anti covid pedi\u00e1trias. As\u00edmismo, la Secretar\u00eda de Salud recuerda\u2026","rel":"","context":"En \u00abSalud\u00bb","block_context":{"text":"Salud","link":"https:\/\/www.hoymercedes.com.ar\/principal\/category\/salud\/"},"img":{"alt_text":"","src":"https:\/\/i0.wp.com\/www.hoymercedes.com.ar\/principal\/wp-content\/uploads\/2022\/04\/17.jpeg?resize=350%2C200&ssl=1","width":350,"height":200,"srcset":"https:\/\/i0.wp.com\/www.hoymercedes.com.ar\/principal\/wp-content\/uploads\/2022\/04\/17.jpeg?resize=350%2C200&ssl=1 1x, https:\/\/i0.wp.com\/www.hoymercedes.com.ar\/principal\/wp-content\/uploads\/2022\/04\/17.jpeg?resize=525%2C300&ssl=1 1.5x, https:\/\/i0.wp.com\/www.hoymercedes.com.ar\/principal\/wp-content\/uploads\/2022\/04\/17.jpeg?resize=700%2C400&ssl=1 2x"},"classes":[]},{"id":126109,"url":"https:\/\/www.hoymercedes.com.ar\/principal\/2021\/03\/10\/las-dosis-de-sinopharm-comenzaron-a-aplicarse-este-miercoles\/","url_meta":{"origin":126202,"position":1},"title":"Las d\u00f3sis de Sinopharm comenzaron a aplicarse este mi\u00e9rcoles","author":"hoymercedes","date":"10 marzo, 2021","format":false,"excerpt":"El d\u00eda martes, llegaron a Mercedes 600 d\u00f3sis de vacuna Sinopharm que comenzaron a aplicarse este mismo mi\u00e9rcoles en el Museo de Arte (MAMM) a docentes, auxiliares y personas entre 18 y 59 con factores de riesgos que fueron convocados el d\u00eda anterior. En distintos turnos, se atendieron un promedio\u2026","rel":"","context":"En \u00abMunicipio\u00bb","block_context":{"text":"Municipio","link":"https:\/\/www.hoymercedes.com.ar\/principal\/category\/municipio\/"},"img":{"alt_text":"","src":"https:\/\/i0.wp.com\/www.hoymercedes.com.ar\/principal\/wp-content\/uploads\/2021\/03\/EwERzOLWYBMm3q9.jpg?resize=350%2C200&ssl=1","width":350,"height":200,"srcset":"https:\/\/i0.wp.com\/www.hoymercedes.com.ar\/principal\/wp-content\/uploads\/2021\/03\/EwERzOLWYBMm3q9.jpg?resize=350%2C200&ssl=1 1x, https:\/\/i0.wp.com\/www.hoymercedes.com.ar\/principal\/wp-content\/uploads\/2021\/03\/EwERzOLWYBMm3q9.jpg?resize=525%2C300&ssl=1 1.5x, https:\/\/i0.wp.com\/www.hoymercedes.com.ar\/principal\/wp-content\/uploads\/2021\/03\/EwERzOLWYBMm3q9.jpg?resize=700%2C400&ssl=1 2x"},"classes":[]},{"id":115401,"url":"https:\/\/www.hoymercedes.com.ar\/principal\/2020\/08\/20\/termino-la-campana-de-vacunacion-antigripal\/","url_meta":{"origin":126202,"position":2},"title":"Termin\u00f3 la campa\u00f1a de vacunaci\u00f3n antigripal","author":"hoymercedes","date":"20 agosto, 2020","format":false,"excerpt":"Finaliz\u00f3 una nueva etapa de la Campa\u00f1a de Vacunaci\u00f3n Antigripal 2020, en un contexto muy complejo y con una demanda de vacunas superior a cualquier experiencia anterior. Esta acci\u00f3n fue un trabajo mancomunado entre el Municipio de Mercedes, PAMI y la empresa de servicios de salud \u201cExtram\u00e9dica\u201d qui\u00e9n aport\u00f3 el\u2026","rel":"","context":"En \u00abSalud\u00bb","block_context":{"text":"Salud","link":"https:\/\/www.hoymercedes.com.ar\/principal\/category\/salud\/"},"img":{"alt_text":"","src":"https:\/\/i0.wp.com\/www.hoymercedes.com.ar\/principal\/wp-content\/uploads\/2020\/08\/300.jpeg?resize=350%2C200&ssl=1","width":350,"height":200,"srcset":"https:\/\/i0.wp.com\/www.hoymercedes.com.ar\/principal\/wp-content\/uploads\/2020\/08\/300.jpeg?resize=350%2C200&ssl=1 1x, https:\/\/i0.wp.com\/www.hoymercedes.com.ar\/principal\/wp-content\/uploads\/2020\/08\/300.jpeg?resize=525%2C300&ssl=1 1.5x, https:\/\/i0.wp.com\/www.hoymercedes.com.ar\/principal\/wp-content\/uploads\/2020\/08\/300.jpeg?resize=700%2C400&ssl=1 2x"},"classes":[]},{"id":124996,"url":"https:\/\/www.hoymercedes.com.ar\/principal\/2021\/02\/18\/mercedes-comienza-a-vacunar-a-los-inscriptos-en-buenos-aires-vacunate\/","url_meta":{"origin":126202,"position":3},"title":"Mercedes comienza a vacunar a los inscriptos en Buenos Aires Vacunate","author":"hoymercedes","date":"18 febrero, 2021","format":false,"excerpt":"Informe Municipal - El Municipio de Mercedes a trav\u00e9s de la Secretar\u00eda de Salud comienza con la vacunaci\u00f3n de inmunizaci\u00f3n masiva dentro del marco de plan provincial de vacunaci\u00f3n contra el Covid-19. La misma se realizar\u00e1 este jueves e iniciar\u00e1 con los adultos mayores de 70 a\u00f1os y personal de\u2026","rel":"","context":"En \u00abMunicipio\u00bb","block_context":{"text":"Municipio","link":"https:\/\/www.hoymercedes.com.ar\/principal\/category\/municipio\/"},"img":{"alt_text":"","src":"https:\/\/i0.wp.com\/www.hoymercedes.com.ar\/principal\/wp-content\/uploads\/2021\/02\/WhatsApp-Image-2021-02-17-at-15.08.02.jpeg?resize=350%2C200&ssl=1","width":350,"height":200,"srcset":"https:\/\/i0.wp.com\/www.hoymercedes.com.ar\/principal\/wp-content\/uploads\/2021\/02\/WhatsApp-Image-2021-02-17-at-15.08.02.jpeg?resize=350%2C200&ssl=1 1x, https:\/\/i0.wp.com\/www.hoymercedes.com.ar\/principal\/wp-content\/uploads\/2021\/02\/WhatsApp-Image-2021-02-17-at-15.08.02.jpeg?resize=525%2C300&ssl=1 1.5x, https:\/\/i0.wp.com\/www.hoymercedes.com.ar\/principal\/wp-content\/uploads\/2021\/02\/WhatsApp-Image-2021-02-17-at-15.08.02.jpeg?resize=700%2C400&ssl=1 2x"},"classes":[]},{"id":129978,"url":"https:\/\/www.hoymercedes.com.ar\/principal\/2021\/05\/12\/durante-el-fin-de-semana-vuelven-a-vacunar-a-mayores-de-60-anos-que-perdieron-su-turno\/","url_meta":{"origin":126202,"position":4},"title":"Durante el fin de semana vuelven a vacunar a mayores de 60 a\u00f1os que perdieron su turno","author":"hoymercedes","date":"12 mayo, 2021","format":false,"excerpt":"Desde la Subsecretar\u00eda de Salud del Municipio de Mercedes se adelant\u00f3 que el pr\u00f3ximo fin de semana se volver\u00e1 a montar el dispositivo para vacunar a las personas mayores de 60 a\u00f1os que por alg\u00fan motivo perdieron el turno o no pudieron hacerse presentes el d\u00eda y hora que le\u2026","rel":"","context":"En \u00abMunicipio\u00bb","block_context":{"text":"Municipio","link":"https:\/\/www.hoymercedes.com.ar\/principal\/category\/municipio\/"},"img":{"alt_text":"","src":"https:\/\/i0.wp.com\/www.hoymercedes.com.ar\/principal\/wp-content\/uploads\/2021\/05\/WhatsApp-Image-2021-05-12-at-10.50.51.jpeg?resize=350%2C200&ssl=1","width":350,"height":200,"srcset":"https:\/\/i0.wp.com\/www.hoymercedes.com.ar\/principal\/wp-content\/uploads\/2021\/05\/WhatsApp-Image-2021-05-12-at-10.50.51.jpeg?resize=350%2C200&ssl=1 1x, https:\/\/i0.wp.com\/www.hoymercedes.com.ar\/principal\/wp-content\/uploads\/2021\/05\/WhatsApp-Image-2021-05-12-at-10.50.51.jpeg?resize=525%2C300&ssl=1 1.5x, https:\/\/i0.wp.com\/www.hoymercedes.com.ar\/principal\/wp-content\/uploads\/2021\/05\/WhatsApp-Image-2021-05-12-at-10.50.51.jpeg?resize=700%2C400&ssl=1 2x"},"classes":[]},{"id":75263,"url":"https:\/\/www.hoymercedes.com.ar\/principal\/2018\/05\/02\/comenzo-la-vacunacion-antigripal-de-pami-en-farmacias-autorizadas\/","url_meta":{"origin":126202,"position":5},"title":"Comenz\u00f3 la vacunaci\u00f3n antigripal de PAMI en farmacias autorizadas","author":"hoymercedes","date":"2 mayo, 2018","format":false,"excerpt":"La obra social de Jubilados y Pensionados comenz\u00f3 con la distribuci\u00f3n de vacunas antigripales en las farmacias autorizadas para la campa\u00f1a nacional. Diecisiete son las farmacias de Mercedes que est\u00e1n autorizadas a vacunar a los afiliados de PAMI. Esta semana, PAMI comenz\u00f3 a distribuir las vacunas para prevenir el virus\u2026","rel":"","context":"En \u00abSalud\u00bb","block_context":{"text":"Salud","link":"https:\/\/www.hoymercedes.com.ar\/principal\/category\/salud\/"},"img":{"alt_text":"","src":"","width":0,"height":0},"classes":[]}],"_links":{"self":[{"href":"https:\/\/www.hoymercedes.com.ar\/principal\/wp-json\/wp\/v2\/posts\/126202","targetHints":{"allow":["GET"]}}],"collection":[{"href":"https:\/\/www.hoymercedes.com.ar\/principal\/wp-json\/wp\/v2\/posts"}],"about":[{"href":"https:\/\/www.hoymercedes.com.ar\/principal\/wp-json\/wp\/v2\/types\/post"}],"author":[{"embeddable":true,"href":"https:\/\/www.hoymercedes.com.ar\/principal\/wp-json\/wp\/v2\/users\/1"}],"replies":[{"embeddable":true,"href":"https:\/\/www.hoymercedes.com.ar\/principal\/wp-json\/wp\/v2\/comments?post=126202"}],"version-history":[{"count":0,"href":"https:\/\/www.hoymercedes.com.ar\/principal\/wp-json\/wp\/v2\/posts\/126202\/revisions"}],"wp:featuredmedia":[{"embeddable":true,"href":"https:\/\/www.hoymercedes.com.ar\/principal\/wp-json\/wp\/v2\/media\/126205"}],"wp:attachment":[{"href":"https:\/\/www.hoymercedes.com.ar\/principal\/wp-json\/wp\/v2\/media?parent=126202"}],"wp:term":[{"taxonomy":"category","embeddable":true,"href":"https:\/\/www.hoymercedes.com.ar\/principal\/wp-json\/wp\/v2\/categories?post=126202"},{"taxonomy":"post_tag","embeddable":true,"href":"https:\/\/www.hoymercedes.com.ar\/principal\/wp-json\/wp\/v2\/tags?post=126202"}],"curies":[{"name":"wp","href":"https:\/\/api.w.org\/{rel}","templated":true}]}}