{"id":126267,"date":"2021-03-14T13:07:00","date_gmt":"2021-03-14T16:07:00","guid":{"rendered":"https:\/\/www.hoymercedes.com.ar\/principal\/?p=126267"},"modified":"2021-03-14T18:26:45","modified_gmt":"2021-03-14T21:26:45","slug":"municipio-recibio-al-secretario-nacional-pyme","status":"publish","type":"post","link":"https:\/\/www.hoymercedes.com.ar\/principal\/2021\/03\/14\/municipio-recibio-al-secretario-nacional-pyme\/","title":{"rendered":"Municipio recibi\u00f3 al  Secretario Nacional PYME"},"content":{"rendered":"\n<p>Por Prensa Municipal &#8211; El intendente de Mercedes Juan Ignacio Ustarroz recibi\u00f3 a Guillermo Merediz, Secretario de la Peque\u00f1a y Mediana Empresa y de los Emprendedores de la Naci\u00f3n del Ministerio de Desarrollo Productivo. Con el fin de recorrer el Sector Industrial Planificado y dialogar sobre las herramientas y programas del organismo nacional que puedan ser de utilidad al sector productivo de Mercedes. Del encuentro, fueron parte del Director de Producci\u00f3n, Patricio Ballesty y representantes del \u00e1rea de Econom\u00eda comunal. \u00a0<\/p>\n\n\n\n<div class=\"wp-block-image\"><figure class=\"aligncenter size-large\"><img loading=\"lazy\" decoding=\"async\" width=\"800\" height=\"450\" data-attachment-id=\"126269\" data-permalink=\"https:\/\/www.hoymercedes.com.ar\/principal\/2021\/03\/14\/municipio-recibio-al-secretario-nacional-pyme\/dsc03288\/#main\" data-orig-file=\"https:\/\/www.hoymercedes.com.ar\/principal\/wp-content\/uploads\/2021\/03\/DSC03288.jpg\" data-orig-size=\"800,450\" data-comments-opened=\"0\" data-image-meta=\"{&quot;aperture&quot;:&quot;0&quot;,&quot;credit&quot;:&quot;&quot;,&quot;camera&quot;:&quot;&quot;,&quot;caption&quot;:&quot;&quot;,&quot;created_timestamp&quot;:&quot;1615745270&quot;,&quot;copyright&quot;:&quot;&quot;,&quot;focal_length&quot;:&quot;0&quot;,&quot;iso&quot;:&quot;0&quot;,&quot;shutter_speed&quot;:&quot;0&quot;,&quot;title&quot;:&quot;&quot;,&quot;orientation&quot;:&quot;1&quot;}\" data-image-title=\"DSC03288\" data-image-description=\"\" data-image-caption=\"\" data-large-file=\"https:\/\/www.hoymercedes.com.ar\/principal\/wp-content\/uploads\/2021\/03\/DSC03288.jpg\" src=\"https:\/\/www.hoymercedes.com.ar\/principal\/wp-content\/uploads\/2021\/03\/DSC03288.jpg\" alt=\"\" class=\"wp-image-126269\" srcset=\"https:\/\/www.hoymercedes.com.ar\/principal\/wp-content\/uploads\/2021\/03\/DSC03288.jpg 800w, https:\/\/www.hoymercedes.com.ar\/principal\/wp-content\/uploads\/2021\/03\/DSC03288-630x354.jpg 630w, https:\/\/www.hoymercedes.com.ar\/principal\/wp-content\/uploads\/2021\/03\/DSC03288-150x84.jpg 150w\" sizes=\"auto, (max-width: 800px) 100vw, 800px\" \/><\/figure><\/div>\n\n\n\n<p>La reuni\u00f3n en el Palacio Municipal permiti\u00f3 continuar articulando acciones en conjunto entre el municipio y el gobierno nacional en pos de impulsar el comercio, las pymes, los emprendedores y la industria local. Luego partieron de recorrida al SIP Mercedes donde mantuvieron reuniones y recorrieron plantas industriales, como la de Tecnovax. Tambi\u00e9n participaron desde la C\u00e1mara Econ\u00f3mica Mercedina y el Consorcio del Parque. &nbsp;<\/p>\n\n\n\n<p>Guillermo Merediz afirm\u00f3 que \u201cbuscamos consolidar el camino de reactivaci\u00f3n productiva que la Argentina est\u00e1 atravesando. Para lograrlo, uno de los desaf\u00edos que tenemos es que las PyMEs puedan acceder a financiamiento bancario y no bancario con tasas accesibles que les permitan proyectar a largo plazo. Reuniones como la que tuvimos con el intendente Juan Ustarroz y empresarios del SIP de Mercedes son clave para poder acompa\u00f1ar y atender no s\u00f3lo las necesidades sino tambi\u00e9n los proyectos a futuro que tienen las PyMEs mercedinas\u201d &nbsp;<\/p>\n\n\n\n<p>\u201cPara nosotros es muy importante articular herramientas y dispositivos de gesti\u00f3n con todas las \u00e1reas del gobierno nacional, por eso agradecemos la presencia de Guillermo, quien se acerc\u00f3 para continuar agilizando diversas gestiones y planificaciones\u201d afirm\u00f3 el jefe comunal Dr. Ustarroz. &nbsp;<\/p>\n\n\n\n<p>De la reuni\u00f3n se record\u00f3 que recientemente \u201cse han sumado nuevas industrias y grandes emprendimientos que confiaron en la planificaci\u00f3n de la ciudad y en el rumbo que se est\u00e1 dando en el pa\u00eds, volviendo a invertir e incluso alguna de ella regresando a Mercedes\u201d comentaron entre diversos conceptos sin dejar de reconocer el \u201cimportante rol que cumple la industria y las pymes en nuestra localidad\u201d, tal como manifest\u00f3 el jefe comunal. &nbsp;<\/p>\n\n\n\n<p>Patricio Ballesty coment\u00f3 que \u201cefectuamos una recorrida muy valiosa por el Sector Industrial Planificado, donde el Secretario Nacional escuch\u00f3 a los empresarios, sus planteos sobre los cr\u00e9ditos, financiamientos y capacitaci\u00f3n que entienden necesitan y en base a eso se determinaron m\u00e1s encuentros, utilizando tambi\u00e9n la manera virtual, para avanzar en detalles de las l\u00edneas de trabajo y crediticias para la producci\u00f3n que tiene Naci\u00f3n\u201d afirm\u00f3 y destac\u00f3 que \u201casimismo progresamos en distintos mecanismos para articular a la Direcci\u00f3n de Producci\u00f3n con los empresarios locales y la secretar\u00eda nacional para poder unir esfuerzos y salir adelante\u201d mencion\u00f3 el Director entre distintos conceptos. &nbsp;<\/p>\n","protected":false},"excerpt":{"rendered":"<p>Por Prensa Municipal &#8211; El intendente de Mercedes Juan Ignacio Ustarroz recibi\u00f3 a Guillermo Merediz, Secretario de la Peque\u00f1a y &#8230; <a title=\"Municipio recibi\u00f3 al  Secretario Nacional PYME\" class=\"read-more\" href=\"https:\/\/www.hoymercedes.com.ar\/principal\/2021\/03\/14\/municipio-recibio-al-secretario-nacional-pyme\/\" aria-label=\"Leer m\u00e1s sobre Municipio recibi\u00f3 al  Secretario Nacional PYME\">Leer m\u00e1s<\/a><\/p>\n","protected":false},"author":1,"featured_media":126268,"comment_status":"closed","ping_status":"open","sticky":false,"template":"","format":"standard","meta":{"_monsterinsights_skip_tracking":false,"_monsterinsights_sitenote_active":false,"_monsterinsights_sitenote_note":"","_monsterinsights_sitenote_category":0,"jetpack_post_was_ever_published":false,"_jetpack_newsletter_access":"","_jetpack_dont_email_post_to_subs":false,"_jetpack_newsletter_tier_id":0,"_jetpack_memberships_contains_paywalled_content":false,"_jetpack_memberships_contains_paid_content":false,"footnotes":"","jetpack_publicize_message":"","jetpack_publicize_feature_enabled":true,"jetpack_social_post_already_shared":true,"jetpack_social_options":{"image_generator_settings":{"template":"highway","default_image_id":0,"font":"","enabled":false},"version":2},"_wpas_customize_per_network":false},"categories":[30],"tags":[],"class_list":["post-126267","post","type-post","status-publish","format-standard","has-post-thumbnail","hentry","category-municipio","generate-columns","tablet-grid-50","mobile-grid-100","grid-parent","grid-50"],"jetpack_publicize_connections":[],"jetpack_featured_media_url":"https:\/\/www.hoymercedes.com.ar\/principal\/wp-content\/uploads\/2021\/03\/DSC03298.jpg","wps_subtitle":"M\u00e1s visitas de funcionarios","jetpack_sharing_enabled":true,"jetpack-related-posts":[{"id":118526,"url":"https:\/\/www.hoymercedes.com.ar\/principal\/2020\/10\/14\/municipio-planifica-obras-con-vialidad-nacional\/","url_meta":{"origin":126267,"position":0},"title":"Municipio planifica obras con Vialidad Nacional","author":"Clarisa Altieri","date":"14 octubre, 2020","format":false,"excerpt":"El intendente Juan I. Ustarroz recibi\u00f3 a representantes de Vialidad Nacional con el objetivo de seguir afinando detalles de obras que se vienen realizando y las que se concretar\u00e1n en Mercedes desde el gobierno nacional. Participaron Roberto Macri, Supervisor General de Vialidad Nacional y Alejandro Serrano, Inspector de Obra, mientras\u2026","rel":"","context":"En \u00abMunicipio\u00bb","block_context":{"text":"Municipio","link":"https:\/\/www.hoymercedes.com.ar\/principal\/category\/municipio\/"},"img":{"alt_text":"","src":"https:\/\/i0.wp.com\/www.hoymercedes.com.ar\/principal\/wp-content\/uploads\/2020\/10\/Encuentro-Vialidad.jpeg?resize=350%2C200&ssl=1","width":350,"height":200,"srcset":"https:\/\/i0.wp.com\/www.hoymercedes.com.ar\/principal\/wp-content\/uploads\/2020\/10\/Encuentro-Vialidad.jpeg?resize=350%2C200&ssl=1 1x, https:\/\/i0.wp.com\/www.hoymercedes.com.ar\/principal\/wp-content\/uploads\/2020\/10\/Encuentro-Vialidad.jpeg?resize=525%2C300&ssl=1 1.5x, https:\/\/i0.wp.com\/www.hoymercedes.com.ar\/principal\/wp-content\/uploads\/2020\/10\/Encuentro-Vialidad.jpeg?resize=700%2C400&ssl=1 2x"},"classes":[]},{"id":137437,"url":"https:\/\/www.hoymercedes.com.ar\/principal\/2021\/09\/18\/convenio-entre-el-municipio-y-el-instituto-nacional-de-semillas\/","url_meta":{"origin":126267,"position":1},"title":"Convenio entre el Municipio y el Instituto Nacional de Semillas","author":"hoymercedes","date":"18 septiembre, 2021","format":false,"excerpt":"El Municipio de Mercedes firm\u00f3 un convenio con INaSe -Instituto Nacional de Semillas- a trav\u00e9s del cual, se abrir\u00e1 una oficina regional de esta entidad para trabajar en conjunto con profesionales acordes a esta tarea, lo que ser\u00e1 un avance muy importante para el sector semillero y productivo de la\u2026","rel":"","context":"En \u00abMunicipio\u00bb","block_context":{"text":"Municipio","link":"https:\/\/www.hoymercedes.com.ar\/principal\/category\/municipio\/"},"img":{"alt_text":"","src":"https:\/\/i0.wp.com\/www.hoymercedes.com.ar\/principal\/wp-content\/uploads\/2021\/09\/DSC04022.jpg?resize=350%2C200&ssl=1","width":350,"height":200,"srcset":"https:\/\/i0.wp.com\/www.hoymercedes.com.ar\/principal\/wp-content\/uploads\/2021\/09\/DSC04022.jpg?resize=350%2C200&ssl=1 1x, https:\/\/i0.wp.com\/www.hoymercedes.com.ar\/principal\/wp-content\/uploads\/2021\/09\/DSC04022.jpg?resize=525%2C300&ssl=1 1.5x, https:\/\/i0.wp.com\/www.hoymercedes.com.ar\/principal\/wp-content\/uploads\/2021\/09\/DSC04022.jpg?resize=700%2C400&ssl=1 2x"},"classes":[]},{"id":136618,"url":"https:\/\/www.hoymercedes.com.ar\/principal\/2021\/09\/04\/proyectan-obras-en-el-sector-industrial-planificado\/","url_meta":{"origin":126267,"position":2},"title":"Proyectan obras en el Sector Industrial Planificado","author":"hoymercedes","date":"4 septiembre, 2021","format":false,"excerpt":"Desde el Municipio de Mercedes anunciaron que en una reuni\u00f3n mantenido con representantes de las empresas del Sector Industrial Planificado acordaron obras de pavimentaci\u00f3n y cloacas que tendr\u00e1 una inversi\u00f3n de m\u00e1s de 60 millones de pesos con fondos del gobierno nacional. De acuerdo a la informaci\u00f3n municipal, la reuni\u00f3n\u2026","rel":"","context":"En \u00abMunicipio\u00bb","block_context":{"text":"Municipio","link":"https:\/\/www.hoymercedes.com.ar\/principal\/category\/municipio\/"},"img":{"alt_text":"","src":"https:\/\/i0.wp.com\/www.hoymercedes.com.ar\/principal\/wp-content\/uploads\/2021\/09\/890.jpeg?resize=350%2C200&ssl=1","width":350,"height":200,"srcset":"https:\/\/i0.wp.com\/www.hoymercedes.com.ar\/principal\/wp-content\/uploads\/2021\/09\/890.jpeg?resize=350%2C200&ssl=1 1x, https:\/\/i0.wp.com\/www.hoymercedes.com.ar\/principal\/wp-content\/uploads\/2021\/09\/890.jpeg?resize=525%2C300&ssl=1 1.5x, https:\/\/i0.wp.com\/www.hoymercedes.com.ar\/principal\/wp-content\/uploads\/2021\/09\/890.jpeg?resize=700%2C400&ssl=1 2x"},"classes":[]},{"id":121104,"url":"https:\/\/www.hoymercedes.com.ar\/principal\/2020\/11\/29\/ustarroz-se-reunio-con-la-directora-nacional-de-desarrollo-regional-de-la-nacion\/","url_meta":{"origin":126267,"position":3},"title":"Ustarroz se reuni\u00f3 con la Directora Nacional de Desarrollo Regional de la Naci\u00f3n","author":"hoymercedes","date":"29 noviembre, 2020","format":false,"excerpt":"El intendente Juan Ignacio Ustarroz se reuni\u00f3 con la Directora Nacional de Desarrollo Regional de la Naci\u00f3n, Mercedes La Gioiosa, con quienes avanzaron en la planificaci\u00f3n de la implementaci\u00f3n de programas y proyectos de promoci\u00f3n del trabajo y el impulso industrial. La reuni\u00f3n que se realiz\u00f3 en el\u00a0Ministerio de Desarrollo\u2026","rel":"","context":"En \u00abMunicipio\u00bb","block_context":{"text":"Municipio","link":"https:\/\/www.hoymercedes.com.ar\/principal\/category\/municipio\/"},"img":{"alt_text":"","src":"https:\/\/i0.wp.com\/www.hoymercedes.com.ar\/principal\/wp-content\/uploads\/2020\/11\/30-muni-regional.jpg?resize=350%2C200&ssl=1","width":350,"height":200,"srcset":"https:\/\/i0.wp.com\/www.hoymercedes.com.ar\/principal\/wp-content\/uploads\/2020\/11\/30-muni-regional.jpg?resize=350%2C200&ssl=1 1x, https:\/\/i0.wp.com\/www.hoymercedes.com.ar\/principal\/wp-content\/uploads\/2020\/11\/30-muni-regional.jpg?resize=525%2C300&ssl=1 1.5x, https:\/\/i0.wp.com\/www.hoymercedes.com.ar\/principal\/wp-content\/uploads\/2020\/11\/30-muni-regional.jpg?resize=700%2C400&ssl=1 2x"},"classes":[]},{"id":120619,"url":"https:\/\/www.hoymercedes.com.ar\/principal\/2020\/11\/22\/ustarroz-se-reunion-con-el-secretario-de-politicas-universitarias-jaime-perczyk\/","url_meta":{"origin":126267,"position":4},"title":"Ustarroz se reuni\u00f3n con el Secretario de Pol\u00edticas Universitarias Jaime Perczyk","author":"Clarisa Altieri","date":"22 noviembre, 2020","format":false,"excerpt":"(Prensa Municipal) El intendente Juan Ignacio Ustarroz se reuni\u00f3 con el Secretario de Pol\u00edticas Universitarias de la Naci\u00f3n, Jaime Perczyk, con quien dialog\u00f3 e intercambiaron visiones, proyectos y planificaciones en torno a la Educaci\u00f3n Superior en Mercedes. El encuentro fue en Capital Federal. \u00a0 El jefe comunal expres\u00f3 su agradecimiento\u2026","rel":"","context":"En \u00abMunicipio\u00bb","block_context":{"text":"Municipio","link":"https:\/\/www.hoymercedes.com.ar\/principal\/category\/municipio\/"},"img":{"alt_text":"","src":"https:\/\/i0.wp.com\/www.hoymercedes.com.ar\/principal\/wp-content\/uploads\/2020\/11\/Ustarroz-SPUN.jpeg?resize=350%2C200&ssl=1","width":350,"height":200,"srcset":"https:\/\/i0.wp.com\/www.hoymercedes.com.ar\/principal\/wp-content\/uploads\/2020\/11\/Ustarroz-SPUN.jpeg?resize=350%2C200&ssl=1 1x, https:\/\/i0.wp.com\/www.hoymercedes.com.ar\/principal\/wp-content\/uploads\/2020\/11\/Ustarroz-SPUN.jpeg?resize=525%2C300&ssl=1 1.5x, https:\/\/i0.wp.com\/www.hoymercedes.com.ar\/principal\/wp-content\/uploads\/2020\/11\/Ustarroz-SPUN.jpeg?resize=700%2C400&ssl=1 2x"},"classes":[]},{"id":106448,"url":"https:\/\/www.hoymercedes.com.ar\/principal\/2020\/02\/20\/reunion-entre-municipio-y-unlu\/","url_meta":{"origin":126267,"position":5},"title":"Reuni\u00f3n entre Municipio y UNLu","author":"hoymercedes","date":"20 febrero, 2020","format":false,"excerpt":"El intendente Municipal de Mercedes Juan Ignacio Ustarroz recibi\u00f3 al rector de la Universidad Nacional de Luj\u00e1n, Mg. Antonio Lapolla para un encuentro que permiti\u00f3 trabajar en materia de educaci\u00f3n superior universitaria, y en intercambios acad\u00e9micos, de extensi\u00f3n y capacitaci\u00f3n. De la reuni\u00f3n particip\u00f3 tambi\u00e9n el Secretario Institucional de la\u2026","rel":"","context":"En \u00abMunicipio\u00bb","block_context":{"text":"Municipio","link":"https:\/\/www.hoymercedes.com.ar\/principal\/category\/municipio\/"},"img":{"alt_text":"","src":"https:\/\/i0.wp.com\/www.hoymercedes.com.ar\/principal\/wp-content\/uploads\/2020\/02\/20-muni-ustarroz-lapolla.jpg?resize=350%2C200&ssl=1","width":350,"height":200,"srcset":"https:\/\/i0.wp.com\/www.hoymercedes.com.ar\/principal\/wp-content\/uploads\/2020\/02\/20-muni-ustarroz-lapolla.jpg?resize=350%2C200&ssl=1 1x, https:\/\/i0.wp.com\/www.hoymercedes.com.ar\/principal\/wp-content\/uploads\/2020\/02\/20-muni-ustarroz-lapolla.jpg?resize=525%2C300&ssl=1 1.5x, https:\/\/i0.wp.com\/www.hoymercedes.com.ar\/principal\/wp-content\/uploads\/2020\/02\/20-muni-ustarroz-lapolla.jpg?resize=700%2C400&ssl=1 2x"},"classes":[]}],"_links":{"self":[{"href":"https:\/\/www.hoymercedes.com.ar\/principal\/wp-json\/wp\/v2\/posts\/126267","targetHints":{"allow":["GET"]}}],"collection":[{"href":"https:\/\/www.hoymercedes.com.ar\/principal\/wp-json\/wp\/v2\/posts"}],"about":[{"href":"https:\/\/www.hoymercedes.com.ar\/principal\/wp-json\/wp\/v2\/types\/post"}],"author":[{"embeddable":true,"href":"https:\/\/www.hoymercedes.com.ar\/principal\/wp-json\/wp\/v2\/users\/1"}],"replies":[{"embeddable":true,"href":"https:\/\/www.hoymercedes.com.ar\/principal\/wp-json\/wp\/v2\/comments?post=126267"}],"version-history":[{"count":0,"href":"https:\/\/www.hoymercedes.com.ar\/principal\/wp-json\/wp\/v2\/posts\/126267\/revisions"}],"wp:featuredmedia":[{"embeddable":true,"href":"https:\/\/www.hoymercedes.com.ar\/principal\/wp-json\/wp\/v2\/media\/126268"}],"wp:attachment":[{"href":"https:\/\/www.hoymercedes.com.ar\/principal\/wp-json\/wp\/v2\/media?parent=126267"}],"wp:term":[{"taxonomy":"category","embeddable":true,"href":"https:\/\/www.hoymercedes.com.ar\/principal\/wp-json\/wp\/v2\/categories?post=126267"},{"taxonomy":"post_tag","embeddable":true,"href":"https:\/\/www.hoymercedes.com.ar\/principal\/wp-json\/wp\/v2\/tags?post=126267"}],"curies":[{"name":"wp","href":"https:\/\/api.w.org\/{rel}","templated":true}]}}