{"id":12627,"date":"2012-05-03T11:37:59","date_gmt":"2012-05-03T11:37:59","guid":{"rendered":"http:\/\/www.hoymercedes.com.ar\/principal\/?p=12627"},"modified":"2012-05-03T12:25:55","modified_gmt":"2012-05-03T12:25:55","slug":"presenta-proyecto-de-ordenanza-para-destrabar-tema-viviendas-brrio-favaloro","status":"publish","type":"post","link":"https:\/\/www.hoymercedes.com.ar\/principal\/2012\/05\/03\/presenta-proyecto-de-ordenanza-para-destrabar-tema-viviendas-brrio-favaloro\/","title":{"rendered":"Presentan proyecto de Ordenanza para destrabar tema viviendas Barrio Favaloro"},"content":{"rendered":"<p><a href=\"https:\/\/www.hoymercedes.com.ar\/principal\/wp-content\/uploads\/2012\/05\/gen-viviendas-barrio-favaloro.jpg\"><img loading=\"lazy\" decoding=\"async\" data-attachment-id=\"12629\" data-permalink=\"https:\/\/www.hoymercedes.com.ar\/principal\/2012\/05\/03\/presenta-proyecto-de-ordenanza-para-destrabar-tema-viviendas-brrio-favaloro\/gen-viviendas-barrio-favaloro\/#main\" data-orig-file=\"https:\/\/www.hoymercedes.com.ar\/principal\/wp-content\/uploads\/2012\/05\/gen-viviendas-barrio-favaloro.jpg\" data-orig-size=\"612,459\" data-comments-opened=\"1\" data-image-meta=\"{&quot;aperture&quot;:&quot;2.8&quot;,&quot;credit&quot;:&quot;&quot;,&quot;camera&quot;:&quot;COOLPIX L10&quot;,&quot;caption&quot;:&quot;&quot;,&quot;created_timestamp&quot;:&quot;1335678508&quot;,&quot;copyright&quot;:&quot;Copyright 2006&quot;,&quot;focal_length&quot;:&quot;6.2&quot;,&quot;iso&quot;:&quot;259&quot;,&quot;shutter_speed&quot;:&quot;0.016666666666667&quot;,&quot;title&quot;:&quot;&quot;}\" data-image-title=\"gen-viviendas-barrio-favaloro\" data-image-description=\"\" data-image-caption=\"\" data-large-file=\"https:\/\/www.hoymercedes.com.ar\/principal\/wp-content\/uploads\/2012\/05\/gen-viviendas-barrio-favaloro.jpg\" class=\"aligncenter size-full wp-image-12629\" title=\"gen-viviendas-barrio-favaloro\" src=\"https:\/\/www.hoymercedes.com.ar\/principal\/wp-content\/uploads\/2012\/05\/gen-viviendas-barrio-favaloro.jpg\" alt=\"\" width=\"612\" height=\"459\" \/><\/a><\/p>\n<p>Con la presencia del m\u00e1ximo responsable del GEN local, Luis Colao, y el Concejal de dicho movimiento Jos\u00e9 Luis Ramos, hicieron conocer la propuesta en conferencia de prensa.<\/p>\n<p>El titular del GEN Mercedes Luis Colao y el actual concejal por dicho grupo pol\u00edtico Jos\u00e9 Luis Ramos ofrecieron ayer una conferencia de prensa presentando un proyecto tendiente a solucionar el problema que existe con las viviendas del Barrio Ren\u00e9 Favaloro.<\/p>\n<p>Entre otros conceptos sostuvieron <em>\u201cla falta de respuesta de parte del Estado Nacional, provincial y municipal respecto de la ejecuci\u00f3n del Plan Federal de Viviendas Barrio Dr. Ren\u00e9 Favaloro ha generado problemas a una determinada cantidad de vecinos que hace ya siete a\u00f1os esperan que se cumpla la promesa que se les efectu\u00f3.<\/em><\/p>\n<p><em>Nosotros hicimos un calculo del costo que se deber\u00eda afrontar para terminar el barrio y estar\u00edamos hablando de algo m\u00e1s de tres millones de pesos.<\/em><\/p>\n<p><em>Nosotros mantenemos ciertas manzanas, incluida la que cuenta con la planta reductora de gas por lo cual tranquilamente se pueden poner a la venta dos manzanas completas que no son utilizadas para construir casas y que realmente forman un sobrante en la actualidad sin uso alguno determinado.<\/em><\/p>\n<p><em>Hemos presentado un proyecto de ordenanza para ser tratada en el HCD en la cual primero pedimos que se de por rescindidos los contratos con las empresas encargadas de hacer la casas, y que la municipalidad proceda a hacerse cargo de la obra.<\/em><\/p>\n<p><em>Pedimos como ya lo hemos realizado en anteriores oportunidades que se ponga en funcionamiento el Fondo Municipal para la finalizaci\u00f3n de la obra en el barrio Favaloro.<\/em><\/p>\n<p><em>Que se proceda a la venta de esos terrenos sobrantes a lo cuales no se les ha dado uso alguno destinando lo recaudado al Fondo mencionado y el recupero del dinero a trav\u00e9s de las cuotas que van pag\u00e1ndolos beneficiarios incorporarlo al fondo mencionado\u201d.<\/em><\/p>\n<p>M\u00e1s adelante Jos\u00e9 Luis ramos precis\u00f3<em> \u201cno se si el oficialismo acompa\u00f1ar\u00e1 esta propuesta, pero por lo que vimos durante la \u00faltima sesi\u00f3n los integrantes de todos los bloques coincidimos en pensar que hacer para encontrar una soluci\u00f3n.<\/em><\/p>\n<p><em>Nosotros en estos momentos presentamos esta propuesta que es una nueva herramienta para que el Departamento Ejecutivo pueda manejarse con m\u00e1s comodidad para poder seguir adelante con la ejecuci\u00f3n del plan que hay que terminarlo de una vez por todas porque no podemos como ciudad seguir con este conventillo que comenz\u00f3 hace siete a\u00f1os, as\u00ed sinceramente espero el apoyo de todos los integrantes del HCD.<\/em><\/p>\n<p><em>El tema viviendas se ha transformado casi en el m\u00e1s problem\u00e1tica para la ciudad, tenemos cerca de dos mil familias sin vivienda propia y hoy todos sabemos que un cr\u00e9dito hipotecario no es para una familia com\u00fan, hablar de una tasa de inter\u00e9s del 20 a 25 % es directamente desalentar a cualquier tomador de un cr\u00e9dito para una vivienda\u201d<\/em><\/p>\n<p><em>Posteriormente el Concejal mandato cumplido Luis Colao expres\u00f3 \u201csabemos lamentablemente que hubo gobiernos que con los planes de viviendas sociales han hecho negocios espurios, y tenemos varios ejemplos si quisi\u00e9ramos darlos, nosotros sostenemos que debe ser el Estado municipal que debe tener a su cargo el manejo de todo lo que signifique planes de viviendas sociales obviamente solventados econ\u00f3micamente desde la provincia y la naci\u00f3n, pero atenci\u00f3n que c}desde el municipio se pueden hacer cosas muy importantes, es necesario cumplir con la Ordenanza que establece el Banco Municipal de Tierras, un proyecto que present\u00e9 cuando fui concejal en el 2006 y la termino el concejal Ramos no hace mucho tiempo<\/em><\/p>\n<p><em>Tambi\u00e9n presentamos la propuesta de incluir en dicho Banco las 14 hect\u00e1reas en donde se iba a construir la c\u00e1rcel Provincial y al mismo tiempo comenzar a buscar lugares donde no solo se puedan hacer viviendas sino adem\u00e1s entregar terrenos para que en los mismos el vecino vuelva a aquella tradici\u00f3n de hacerse su casa con el trabajo y el esfuerzo de toda la familia<\/em><\/p>\n<p><em>Con los terrenos y la autoconstrucci\u00f3n \u00f3 construcci\u00f3n social a bajo costo en Mercedes se puede comenzar a dar soluciones habitacionales a la gente de bajos recursos.<\/em><\/p>\n<p><em>No tengo en mi poder un censo actualizado pero hoy en Mercedes debe haber una necesidad de por lo menos cinco mil viviendas.<\/em><\/p>\n<p><em>Si comenzamos a dar soluci\u00f3n a 200 \u00f3 250 familias por a\u00f1o, en ocho a\u00f1os podemos decir que tenemos casi solucionado el problema de las viviendas que realmente es un problema de estado, por eso nosotros decimos que el Estado Municipal m\u00e1s all\u00e1 de contar con las herramientas t\u00e9cnicas, jur\u00eddicas y econ\u00f3micas necesarias pero siempre con planes que podamos manejar nosotros y no De Vido y compa\u00f1\u00eda\u201d.<\/em><\/p>\n","protected":false},"excerpt":{"rendered":"<p>Con la presencia del m\u00e1ximo responsable del GEN local, Luis Colao, y el Concejal de dicho movimiento Jos\u00e9 Luis Ramos, &#8230; <a title=\"Presentan proyecto de Ordenanza para destrabar tema viviendas Barrio Favaloro\" class=\"read-more\" href=\"https:\/\/www.hoymercedes.com.ar\/principal\/2012\/05\/03\/presenta-proyecto-de-ordenanza-para-destrabar-tema-viviendas-brrio-favaloro\/\" aria-label=\"Leer m\u00e1s sobre Presentan proyecto de Ordenanza para destrabar tema viviendas Barrio Favaloro\">Leer m\u00e1s<\/a><\/p>\n","protected":false},"author":1,"featured_media":0,"comment_status":"open","ping_status":"open","sticky":false,"template":"","format":"standard","meta":{"_monsterinsights_skip_tracking":false,"_monsterinsights_sitenote_active":false,"_monsterinsights_sitenote_note":"","_monsterinsights_sitenote_category":0,"jetpack_post_was_ever_published":false,"_jetpack_newsletter_access":"","_jetpack_dont_email_post_to_subs":false,"_jetpack_newsletter_tier_id":0,"_jetpack_memberships_contains_paywalled_content":false,"_jetpack_memberships_contains_paid_content":false,"footnotes":"","jetpack_publicize_message":"","jetpack_publicize_feature_enabled":true,"jetpack_social_post_already_shared":false,"jetpack_social_options":{"image_generator_settings":{"template":"highway","default_image_id":0,"font":"","enabled":false},"version":2},"_wpas_customize_per_network":false},"categories":[5],"tags":[1792],"class_list":["post-12627","post","type-post","status-publish","format-standard","hentry","category-politica","tag-barrio-favaloro-mercedes","generate-columns","tablet-grid-50","mobile-grid-100","grid-parent","grid-50"],"jetpack_publicize_connections":[],"jetpack_featured_media_url":"","wps_subtitle":"","jetpack_sharing_enabled":true,"_links":{"self":[{"href":"https:\/\/www.hoymercedes.com.ar\/principal\/wp-json\/wp\/v2\/posts\/12627","targetHints":{"allow":["GET"]}}],"collection":[{"href":"https:\/\/www.hoymercedes.com.ar\/principal\/wp-json\/wp\/v2\/posts"}],"about":[{"href":"https:\/\/www.hoymercedes.com.ar\/principal\/wp-json\/wp\/v2\/types\/post"}],"author":[{"embeddable":true,"href":"https:\/\/www.hoymercedes.com.ar\/principal\/wp-json\/wp\/v2\/users\/1"}],"replies":[{"embeddable":true,"href":"https:\/\/www.hoymercedes.com.ar\/principal\/wp-json\/wp\/v2\/comments?post=12627"}],"version-history":[{"count":0,"href":"https:\/\/www.hoymercedes.com.ar\/principal\/wp-json\/wp\/v2\/posts\/12627\/revisions"}],"wp:attachment":[{"href":"https:\/\/www.hoymercedes.com.ar\/principal\/wp-json\/wp\/v2\/media?parent=12627"}],"wp:term":[{"taxonomy":"category","embeddable":true,"href":"https:\/\/www.hoymercedes.com.ar\/principal\/wp-json\/wp\/v2\/categories?post=12627"},{"taxonomy":"post_tag","embeddable":true,"href":"https:\/\/www.hoymercedes.com.ar\/principal\/wp-json\/wp\/v2\/tags?post=12627"}],"curies":[{"name":"wp","href":"https:\/\/api.w.org\/{rel}","templated":true}]}}