{"id":126276,"date":"2021-03-14T17:10:00","date_gmt":"2021-03-14T20:10:00","guid":{"rendered":"https:\/\/www.hoymercedes.com.ar\/principal\/?p=126276"},"modified":"2021-03-14T19:14:29","modified_gmt":"2021-03-14T22:14:29","slug":"entregan-subsidio-al-club-palometas","status":"publish","type":"post","link":"https:\/\/www.hoymercedes.com.ar\/principal\/2021\/03\/14\/entregan-subsidio-al-club-palometas\/","title":{"rendered":"Entregan subsidio al Club Palometas"},"content":{"rendered":"\n<p>El Municipio de Mercedes le entreg\u00f3 al Club Palometas un nuevo subsidio para que la instituci\u00f3n deportiva contin\u00fae con distintas obras de infraestructura en la semana de su 25\u00b0 aniversario. En el predio de avenida 2 avanza la construcci\u00f3n de un SUM. <\/p>\n\n\n\n<p>De acuerdo a la informaci\u00f3n suministradas por la Comuna, el jefe comunal Juan Ignacio Ustarroz y el Director de Deportes Juan Mart\u00edn Silvestre, fueron recibido por parte de la Comitiva del Club encabezados por su presidente, Rodrigo Berm\u00fadez y Diego Figueredo, entre otros. \u00a0Sin embargo, no comunicaron cu\u00e1nto es el valor de subsidio que le permitir\u00eda terminar con las obras en ejecuci\u00f3n. <\/p>\n\n\n\n<div class=\"wp-block-image\"><figure class=\"aligncenter size-large\"><img loading=\"lazy\" decoding=\"async\" width=\"755\" height=\"530\" data-attachment-id=\"126277\" data-permalink=\"https:\/\/www.hoymercedes.com.ar\/principal\/2021\/03\/14\/entregan-subsidio-al-club-palometas\/dsc05026\/#main\" data-orig-file=\"https:\/\/www.hoymercedes.com.ar\/principal\/wp-content\/uploads\/2021\/03\/DSC05026.jpg\" data-orig-size=\"755,530\" data-comments-opened=\"0\" data-image-meta=\"{&quot;aperture&quot;:&quot;0&quot;,&quot;credit&quot;:&quot;&quot;,&quot;camera&quot;:&quot;&quot;,&quot;caption&quot;:&quot;&quot;,&quot;created_timestamp&quot;:&quot;1615747316&quot;,&quot;copyright&quot;:&quot;&quot;,&quot;focal_length&quot;:&quot;0&quot;,&quot;iso&quot;:&quot;0&quot;,&quot;shutter_speed&quot;:&quot;0&quot;,&quot;title&quot;:&quot;&quot;,&quot;orientation&quot;:&quot;1&quot;}\" data-image-title=\"DSC05026\" data-image-description=\"\" data-image-caption=\"\" data-large-file=\"https:\/\/www.hoymercedes.com.ar\/principal\/wp-content\/uploads\/2021\/03\/DSC05026.jpg\" src=\"https:\/\/www.hoymercedes.com.ar\/principal\/wp-content\/uploads\/2021\/03\/DSC05026.jpg\" alt=\"\" class=\"wp-image-126277\" srcset=\"https:\/\/www.hoymercedes.com.ar\/principal\/wp-content\/uploads\/2021\/03\/DSC05026.jpg 755w, https:\/\/www.hoymercedes.com.ar\/principal\/wp-content\/uploads\/2021\/03\/DSC05026-630x442.jpg 630w, https:\/\/www.hoymercedes.com.ar\/principal\/wp-content\/uploads\/2021\/03\/DSC05026-150x105.jpg 150w, https:\/\/www.hoymercedes.com.ar\/principal\/wp-content\/uploads\/2021\/03\/DSC05026-120x85.jpg 120w\" sizes=\"auto, (max-width: 755px) 100vw, 755px\" \/><\/figure><\/div>\n","protected":false},"excerpt":{"rendered":"<p>El Municipio de Mercedes le entreg\u00f3 al Club Palometas un nuevo subsidio para que la instituci\u00f3n deportiva contin\u00fae con distintas &#8230; <a title=\"Entregan subsidio al Club Palometas\" class=\"read-more\" href=\"https:\/\/www.hoymercedes.com.ar\/principal\/2021\/03\/14\/entregan-subsidio-al-club-palometas\/\" aria-label=\"Leer m\u00e1s sobre Entregan subsidio al Club Palometas\">Leer m\u00e1s<\/a><\/p>\n","protected":false},"author":1,"featured_media":126277,"comment_status":"closed","ping_status":"open","sticky":false,"template":"","format":"standard","meta":{"_monsterinsights_skip_tracking":false,"_monsterinsights_sitenote_active":false,"_monsterinsights_sitenote_note":"","_monsterinsights_sitenote_category":0,"jetpack_post_was_ever_published":false,"_jetpack_newsletter_access":"","_jetpack_dont_email_post_to_subs":false,"_jetpack_newsletter_tier_id":0,"_jetpack_memberships_contains_paywalled_content":false,"_jetpack_memberships_contains_paid_content":false,"footnotes":"","jetpack_publicize_message":"","jetpack_publicize_feature_enabled":true,"jetpack_social_post_already_shared":true,"jetpack_social_options":{"image_generator_settings":{"template":"highway","default_image_id":0,"font":"","enabled":false},"version":2},"_wpas_customize_per_network":false},"categories":[21],"tags":[],"class_list":["post-126276","post","type-post","status-publish","format-standard","has-post-thumbnail","hentry","category-deportes","generate-columns","tablet-grid-50","mobile-grid-100","grid-parent","grid-50"],"jetpack_publicize_connections":[],"jetpack_featured_media_url":"https:\/\/www.hoymercedes.com.ar\/principal\/wp-content\/uploads\/2021\/03\/DSC05026.jpg","wps_subtitle":"En su aniversario 25\u00b0 ","jetpack_sharing_enabled":true,"jetpack-related-posts":[{"id":65269,"url":"https:\/\/www.hoymercedes.com.ar\/principal\/2017\/07\/25\/palometas-recibe-un-nuevo-subsidio-desde-la-comuna\/","url_meta":{"origin":126276,"position":0},"title":"Palometas recibe un nuevo subsidio desde la comuna","author":"hoymercedes","date":"25 julio, 2017","format":false,"excerpt":"La Municipalidad de Mercedes llev\u00f3 a cabo un nuevo aporte a una instituci\u00f3n de la ciudad, apoyando su crecimiento y acompa\u00f1ando a cada una de las familias que de ella participan. Se trata del club Palometas donde sus directivos de manos del intendente recibieron el importante subsidio. Diego Figueredo encabez\u00f3\u2026","rel":"","context":"En \u00abDeportes\u00bb","block_context":{"text":"Deportes","link":"https:\/\/www.hoymercedes.com.ar\/principal\/category\/deportes\/"},"img":{"alt_text":"","src":"https:\/\/i0.wp.com\/www.hoymercedes.com.ar\/principal\/wp-content\/uploads\/2017\/07\/palometas-comuna.jpg?resize=350%2C200&ssl=1","width":350,"height":200,"srcset":"https:\/\/i0.wp.com\/www.hoymercedes.com.ar\/principal\/wp-content\/uploads\/2017\/07\/palometas-comuna.jpg?resize=350%2C200&ssl=1 1x, https:\/\/i0.wp.com\/www.hoymercedes.com.ar\/principal\/wp-content\/uploads\/2017\/07\/palometas-comuna.jpg?resize=525%2C300&ssl=1 1.5x, https:\/\/i0.wp.com\/www.hoymercedes.com.ar\/principal\/wp-content\/uploads\/2017\/07\/palometas-comuna.jpg?resize=700%2C400&ssl=1 2x"},"classes":[]},{"id":113285,"url":"https:\/\/www.hoymercedes.com.ar\/principal\/2020\/07\/07\/club-recreativo-union-recibio-subsidio-por-parte-del-municipio\/","url_meta":{"origin":126276,"position":1},"title":"Club Recreativo Uni\u00f3n recibi\u00f3 subsidio por parte del Municipio","author":"hoymercedes","date":"7 julio, 2020","format":false,"excerpt":"El intendente Juan Ignacio Ustarroz entreg\u00f3 un nuevo subsidio a una entidad deportiva. En esta ocasi\u00f3n fue al Club Uni\u00f3n. En \u00e9pocas de pandemia y distanciamiento los clubes sociales y deportivos aprovecharon a efectuar distintas tareas de mantenimiento y mejoras estructurales siempre con el cumplimiento de las normas socio sanitarias\u2026","rel":"","context":"En \u00abDeportes\u00bb","block_context":{"text":"Deportes","link":"https:\/\/www.hoymercedes.com.ar\/principal\/category\/deportes\/"},"img":{"alt_text":"","src":"https:\/\/i0.wp.com\/www.hoymercedes.com.ar\/principal\/wp-content\/uploads\/2020\/07\/Club-Union-recibio-subsidio-Municipalidad-Mercedes.jpg?resize=350%2C200&ssl=1","width":350,"height":200,"srcset":"https:\/\/i0.wp.com\/www.hoymercedes.com.ar\/principal\/wp-content\/uploads\/2020\/07\/Club-Union-recibio-subsidio-Municipalidad-Mercedes.jpg?resize=350%2C200&ssl=1 1x, https:\/\/i0.wp.com\/www.hoymercedes.com.ar\/principal\/wp-content\/uploads\/2020\/07\/Club-Union-recibio-subsidio-Municipalidad-Mercedes.jpg?resize=525%2C300&ssl=1 1.5x, https:\/\/i0.wp.com\/www.hoymercedes.com.ar\/principal\/wp-content\/uploads\/2020\/07\/Club-Union-recibio-subsidio-Municipalidad-Mercedes.jpg?resize=700%2C400&ssl=1 2x"},"classes":[]},{"id":123332,"url":"https:\/\/www.hoymercedes.com.ar\/principal\/2021\/01\/15\/municipio-entrega-subsidio-para-obras-e-infraestructura-al-club-defensores\/","url_meta":{"origin":126276,"position":2},"title":"Municipio entrega subsidio para obras e infraestructura al Club Defensores","author":"hoymercedes","date":"15 enero, 2021","format":false,"excerpt":"El intendente Juan I. Ustarroz visit\u00f3 y entreg\u00f3 subsidio al Club Defensores. El dinero aportado tiene como objetivo que puedan invertir en infraestructura. Estuvo acompa\u00f1ado por su presidente, Mauricio Gil y parte de su comisi\u00f3n directiva. Mariana Saboredo, directora de deportes, y Bel\u00e9n Tejedor, coordinadora de la mencionada cartera comunal\u2026","rel":"","context":"En \u00abDeportes\u00bb","block_context":{"text":"Deportes","link":"https:\/\/www.hoymercedes.com.ar\/principal\/category\/deportes\/"},"img":{"alt_text":"","src":"https:\/\/i0.wp.com\/www.hoymercedes.com.ar\/principal\/wp-content\/uploads\/2021\/01\/DSC02725.jpg?resize=350%2C200&ssl=1","width":350,"height":200,"srcset":"https:\/\/i0.wp.com\/www.hoymercedes.com.ar\/principal\/wp-content\/uploads\/2021\/01\/DSC02725.jpg?resize=350%2C200&ssl=1 1x, https:\/\/i0.wp.com\/www.hoymercedes.com.ar\/principal\/wp-content\/uploads\/2021\/01\/DSC02725.jpg?resize=525%2C300&ssl=1 1.5x, https:\/\/i0.wp.com\/www.hoymercedes.com.ar\/principal\/wp-content\/uploads\/2021\/01\/DSC02725.jpg?resize=700%2C400&ssl=1 2x, https:\/\/i0.wp.com\/www.hoymercedes.com.ar\/principal\/wp-content\/uploads\/2021\/01\/DSC02725.jpg?resize=1050%2C600&ssl=1 3x"},"classes":[]},{"id":131994,"url":"https:\/\/www.hoymercedes.com.ar\/principal\/2021\/06\/18\/obras-en-el-huracan-mercedes-automovil-club\/","url_meta":{"origin":126276,"position":3},"title":"Obras en el Hurac\u00e1n Mercedes Autom\u00f3vil Club","author":"hoymercedes","date":"18 junio, 2021","format":false,"excerpt":"El Hurac\u00e1n Mercedes Autom\u00f3vil Club recibi\u00f3 un subsidio municipal para la construcci\u00f3n de un SUM y una torre de control. Adempas, realizan trabajos de electricidad para mejorar la iluminaci\u00f3n del circuito cerrado durante 20 a\u00f1os. En el marco de una visita institucional de la autoridades municipales, Jorge Collazo, en representaci\u00f3n\u2026","rel":"","context":"En \u00abMunicipio\u00bb","block_context":{"text":"Municipio","link":"https:\/\/www.hoymercedes.com.ar\/principal\/category\/municipio\/"},"img":{"alt_text":"","src":"https:\/\/i0.wp.com\/www.hoymercedes.com.ar\/principal\/wp-content\/uploads\/2021\/06\/DSC07660.jpg?resize=350%2C200&ssl=1","width":350,"height":200,"srcset":"https:\/\/i0.wp.com\/www.hoymercedes.com.ar\/principal\/wp-content\/uploads\/2021\/06\/DSC07660.jpg?resize=350%2C200&ssl=1 1x, https:\/\/i0.wp.com\/www.hoymercedes.com.ar\/principal\/wp-content\/uploads\/2021\/06\/DSC07660.jpg?resize=525%2C300&ssl=1 1.5x, https:\/\/i0.wp.com\/www.hoymercedes.com.ar\/principal\/wp-content\/uploads\/2021\/06\/DSC07660.jpg?resize=700%2C400&ssl=1 2x"},"classes":[]},{"id":129339,"url":"https:\/\/www.hoymercedes.com.ar\/principal\/2021\/05\/01\/el-club-velez-recibio-subsidio-para-la-construccion-del-sum\/","url_meta":{"origin":126276,"position":4},"title":"El Club Velez recibi\u00f3 subsidio para la construcci\u00f3n del SUM","author":"hoymercedes","date":"1 mayo, 2021","format":false,"excerpt":"En el marco del Programa \u201cEsfuerzos Compartidos\u201d, el Club V\u00e9lez recibi\u00f3 un subsidio de manos del Jefe Comunal . El monto ser\u00e1 destinado para avanzar en la construcci\u00f3n del SUM en el predio que la instituci\u00f3n tiene en la intersecci\u00f3n de las avenidas 1 y 2. \u00a0 El presidente del\u2026","rel":"","context":"En \u00abDeportes\u00bb","block_context":{"text":"Deportes","link":"https:\/\/www.hoymercedes.com.ar\/principal\/category\/deportes\/"},"img":{"alt_text":"","src":"https:\/\/i0.wp.com\/www.hoymercedes.com.ar\/principal\/wp-content\/uploads\/2021\/05\/DSC06445.jpg?resize=350%2C200&ssl=1","width":350,"height":200,"srcset":"https:\/\/i0.wp.com\/www.hoymercedes.com.ar\/principal\/wp-content\/uploads\/2021\/05\/DSC06445.jpg?resize=350%2C200&ssl=1 1x, https:\/\/i0.wp.com\/www.hoymercedes.com.ar\/principal\/wp-content\/uploads\/2021\/05\/DSC06445.jpg?resize=525%2C300&ssl=1 1.5x, https:\/\/i0.wp.com\/www.hoymercedes.com.ar\/principal\/wp-content\/uploads\/2021\/05\/DSC06445.jpg?resize=700%2C400&ssl=1 2x"},"classes":[]},{"id":129056,"url":"https:\/\/www.hoymercedes.com.ar\/principal\/2021\/04\/27\/el-club-estudiantes-recibio-subsidio-para-infraestructura-y-material-deportivo\/","url_meta":{"origin":126276,"position":5},"title":"El Club Estudiantes recibi\u00f3 subsidio para infraestructura y material deportivo","author":"hoymercedes","date":"27 abril, 2021","format":false,"excerpt":"Se le hizo entrega de un subsidio para emplear en infraestructura y de elementos para la pr\u00e1ctica deportiva para el uso de las categor\u00edas infantiles. Adem\u00e1s, se dialog\u00f3 respecto a las normas \u00a0y medidas de cuidado socio sanitario. La entrega se concret\u00f3 en el Campo de Deportes \u201cRoberto Quintill\u00e1n\u201d, donde\u2026","rel":"","context":"En \u00abDeportes\u00bb","block_context":{"text":"Deportes","link":"https:\/\/www.hoymercedes.com.ar\/principal\/category\/deportes\/"},"img":{"alt_text":"","src":"https:\/\/i0.wp.com\/www.hoymercedes.com.ar\/principal\/wp-content\/uploads\/2021\/04\/DSC04146.jpg?resize=350%2C200&ssl=1","width":350,"height":200,"srcset":"https:\/\/i0.wp.com\/www.hoymercedes.com.ar\/principal\/wp-content\/uploads\/2021\/04\/DSC04146.jpg?resize=350%2C200&ssl=1 1x, https:\/\/i0.wp.com\/www.hoymercedes.com.ar\/principal\/wp-content\/uploads\/2021\/04\/DSC04146.jpg?resize=525%2C300&ssl=1 1.5x, https:\/\/i0.wp.com\/www.hoymercedes.com.ar\/principal\/wp-content\/uploads\/2021\/04\/DSC04146.jpg?resize=700%2C400&ssl=1 2x"},"classes":[]}],"_links":{"self":[{"href":"https:\/\/www.hoymercedes.com.ar\/principal\/wp-json\/wp\/v2\/posts\/126276","targetHints":{"allow":["GET"]}}],"collection":[{"href":"https:\/\/www.hoymercedes.com.ar\/principal\/wp-json\/wp\/v2\/posts"}],"about":[{"href":"https:\/\/www.hoymercedes.com.ar\/principal\/wp-json\/wp\/v2\/types\/post"}],"author":[{"embeddable":true,"href":"https:\/\/www.hoymercedes.com.ar\/principal\/wp-json\/wp\/v2\/users\/1"}],"replies":[{"embeddable":true,"href":"https:\/\/www.hoymercedes.com.ar\/principal\/wp-json\/wp\/v2\/comments?post=126276"}],"version-history":[{"count":0,"href":"https:\/\/www.hoymercedes.com.ar\/principal\/wp-json\/wp\/v2\/posts\/126276\/revisions"}],"wp:featuredmedia":[{"embeddable":true,"href":"https:\/\/www.hoymercedes.com.ar\/principal\/wp-json\/wp\/v2\/media\/126277"}],"wp:attachment":[{"href":"https:\/\/www.hoymercedes.com.ar\/principal\/wp-json\/wp\/v2\/media?parent=126276"}],"wp:term":[{"taxonomy":"category","embeddable":true,"href":"https:\/\/www.hoymercedes.com.ar\/principal\/wp-json\/wp\/v2\/categories?post=126276"},{"taxonomy":"post_tag","embeddable":true,"href":"https:\/\/www.hoymercedes.com.ar\/principal\/wp-json\/wp\/v2\/tags?post=126276"}],"curies":[{"name":"wp","href":"https:\/\/api.w.org\/{rel}","templated":true}]}}