{"id":126290,"date":"2021-03-14T20:18:00","date_gmt":"2021-03-14T23:18:00","guid":{"rendered":"https:\/\/www.hoymercedes.com.ar\/principal\/?p=126290"},"modified":"2021-03-14T19:22:02","modified_gmt":"2021-03-14T22:22:02","slug":"gestiones-y-encuentro-en-ministerio-de-mujeres-politicas-de-genero-y-diversidad-sexual","status":"publish","type":"post","link":"https:\/\/www.hoymercedes.com.ar\/principal\/2021\/03\/14\/gestiones-y-encuentro-en-ministerio-de-mujeres-politicas-de-genero-y-diversidad-sexual\/","title":{"rendered":"Gestiones y encuentro en Ministerio de Mujeres, Pol\u00edticas de G\u00e9nero y Diversidad Sexual"},"content":{"rendered":"\n<p>Por Prensa Municipal  &#8211; La Secretaria de Gobierno, Clara Zunino, mantuvo diversas reuniones en la capital provincial vinculadas a cuestiones de g\u00e9nero. Se articularon medidas, se avanz\u00f3 en proyectos y se planificaron m\u00e1s intervenciones en nuestro Partido. En una de ellas participaron la Subsecretaria de Pol\u00edticas contra las Violencias por Razones de G\u00e9nero, Flavia Delmas y la Subsecretaria de Pol\u00edticas de G\u00e9nero y Diversidad Sexual, Lucia Portos, de los equipos t\u00e9cnicos y gesti\u00f3n, mientras que la Ministra Estela D\u00edaz traz\u00f3 l\u00edneas generales de trabajo a concretar. \u00a0<\/p>\n\n\n\n<div class=\"wp-block-image\"><figure class=\"aligncenter size-large\"><img loading=\"lazy\" decoding=\"async\" width=\"800\" height=\"459\" data-attachment-id=\"126291\" data-permalink=\"https:\/\/www.hoymercedes.com.ar\/principal\/2021\/03\/14\/gestiones-y-encuentro-en-ministerio-de-mujeres-politicas-de-genero-y-diversidad-sexual\/zunino-minmujeres\/#main\" data-orig-file=\"https:\/\/www.hoymercedes.com.ar\/principal\/wp-content\/uploads\/2021\/03\/Zunino-MinMujeres.jpg\" data-orig-size=\"800,459\" data-comments-opened=\"0\" data-image-meta=\"{&quot;aperture&quot;:&quot;0&quot;,&quot;credit&quot;:&quot;&quot;,&quot;camera&quot;:&quot;&quot;,&quot;caption&quot;:&quot;&quot;,&quot;created_timestamp&quot;:&quot;0&quot;,&quot;copyright&quot;:&quot;&quot;,&quot;focal_length&quot;:&quot;0&quot;,&quot;iso&quot;:&quot;0&quot;,&quot;shutter_speed&quot;:&quot;0&quot;,&quot;title&quot;:&quot;&quot;,&quot;orientation&quot;:&quot;0&quot;}\" data-image-title=\"Zunino-MinMujeres\" data-image-description=\"\" data-image-caption=\"\" data-large-file=\"https:\/\/www.hoymercedes.com.ar\/principal\/wp-content\/uploads\/2021\/03\/Zunino-MinMujeres.jpg\" src=\"https:\/\/www.hoymercedes.com.ar\/principal\/wp-content\/uploads\/2021\/03\/Zunino-MinMujeres.jpg\" alt=\"\" class=\"wp-image-126291\" srcset=\"https:\/\/www.hoymercedes.com.ar\/principal\/wp-content\/uploads\/2021\/03\/Zunino-MinMujeres.jpg 800w, https:\/\/www.hoymercedes.com.ar\/principal\/wp-content\/uploads\/2021\/03\/Zunino-MinMujeres-630x361.jpg 630w, https:\/\/www.hoymercedes.com.ar\/principal\/wp-content\/uploads\/2021\/03\/Zunino-MinMujeres-150x86.jpg 150w\" sizes=\"auto, (max-width: 800px) 100vw, 800px\" \/><\/figure><\/div>\n\n\n\n<p>La funcionaria local cont\u00f3 que \u201cmantuvimos una reuni\u00f3n con Flavia Delmas y Luc\u00eda Portos donde avanzamos en la planificaci\u00f3n de acciones para el a\u00f1o\u201d coment\u00f3 y aprovech\u00f3 para agradecer que \u201cdurante la pandemia recibimos un fuerte acompa\u00f1amiento, con una presencia fundamental por parte del ministerio, incluso a trav\u00e9s del fondo de emergencia y asistencias\u201d coment\u00f3 la funcionaria rescatando lo que fue un a\u00f1o dif\u00edcil para toda la poblaci\u00f3n en el que se cont\u00f3 con el apoyo provincial. &nbsp;<\/p>\n\n\n\n<p>Tambi\u00e9n narr\u00f3 que \u201cproyectamos a su vez acciones de prevenci\u00f3n y promoci\u00f3n tanto en diversidad como salud sexual y tambi\u00e9n aquello que tiene que ver con el abordaje de los potenciales casos\u201d refiri\u00f3 y mencion\u00f3 que a su vez \u201cseremos incluidos en programas como Comunidades Sin Violencia que son para financiar dispositivos de medio t\u00e9rmino y as\u00ed poder reforzar las pol\u00edticas integrales\u201d afirm\u00f3 la secretaria de gobierno. &nbsp;<\/p>\n\n\n\n<p>Vale recordar que el Ministerio estuvo presente en la Mesa Local de G\u00e9nero siendo las gestiones en la capital provincial parte de los intercambios que permitieron el fuerte apoyo al dispositivo interinstitucional e interdisciplinario mencionado. &nbsp;<\/p>\n\n\n\n<p>\u201cSe trabaja en evaluaci\u00f3n de riesgos para equipos t\u00e9cnicos, como as\u00ed tambi\u00e9n contaremos pronto con la presencia de funcionarios provinciales en importantes novedades sobre salud sexual y reproductiva que tendremos en Mercedes\u201d coment\u00f3 Zunino sobre algunos de los aspectos trabajados. &nbsp;<\/p>\n\n\n\n<p>La ministra Estela D\u00edaz tambi\u00e9n particip\u00f3, promoviendo el intercambio y destacando los despliegues en la ciudad. &nbsp;<\/p>\n\n\n\n<p>Zunino especific\u00f3 que \u201cgracias a las articulaciones con los ministerios provincial y nacional logramos fortalecer las pol\u00edticas p\u00fablicas locales a nivel de g\u00e9nero\u201d sostuvo. &nbsp;<\/p>\n\n\n\n<p>Se supo, adem\u00e1s, que Mercedes est\u00e1 incluida en el marco de creaci\u00f3n de nuevas oficinas en las cabeceras de los departamentos judiciales incluyendo nuevos mecanismos de control y acompa\u00f1amiento.&nbsp;<\/p>\n","protected":false},"excerpt":{"rendered":"<p>Por Prensa Municipal &#8211; La Secretaria de Gobierno, Clara Zunino, mantuvo diversas reuniones en la capital provincial vinculadas a cuestiones &#8230; <a title=\"Gestiones y encuentro en Ministerio de Mujeres, Pol\u00edticas de G\u00e9nero y Diversidad Sexual\" class=\"read-more\" href=\"https:\/\/www.hoymercedes.com.ar\/principal\/2021\/03\/14\/gestiones-y-encuentro-en-ministerio-de-mujeres-politicas-de-genero-y-diversidad-sexual\/\" aria-label=\"Leer m\u00e1s sobre Gestiones y encuentro en Ministerio de Mujeres, Pol\u00edticas de G\u00e9nero y Diversidad Sexual\">Leer m\u00e1s<\/a><\/p>\n","protected":false},"author":1,"featured_media":126291,"comment_status":"closed","ping_status":"open","sticky":false,"template":"","format":"standard","meta":{"_monsterinsights_skip_tracking":false,"_monsterinsights_sitenote_active":false,"_monsterinsights_sitenote_note":"","_monsterinsights_sitenote_category":0,"jetpack_post_was_ever_published":false,"_jetpack_newsletter_access":"","_jetpack_dont_email_post_to_subs":false,"_jetpack_newsletter_tier_id":0,"_jetpack_memberships_contains_paywalled_content":false,"_jetpack_memberships_contains_paid_content":false,"footnotes":"","jetpack_publicize_message":"","jetpack_publicize_feature_enabled":true,"jetpack_social_post_already_shared":true,"jetpack_social_options":{"image_generator_settings":{"template":"highway","default_image_id":0,"font":"","enabled":false},"version":2},"_wpas_customize_per_network":false},"categories":[30],"tags":[],"class_list":["post-126290","post","type-post","status-publish","format-standard","has-post-thumbnail","hentry","category-municipio","generate-columns","tablet-grid-50","mobile-grid-100","grid-parent","grid-50"],"jetpack_publicize_connections":[],"jetpack_featured_media_url":"https:\/\/www.hoymercedes.com.ar\/principal\/wp-content\/uploads\/2021\/03\/Zunino-MinMujeres.jpg","wps_subtitle":"En el \u00e1rea de la provincia","jetpack_sharing_enabled":true,"jetpack-related-posts":[{"id":126590,"url":"https:\/\/www.hoymercedes.com.ar\/principal\/2021\/03\/20\/inauguraron-nuevo-caps-en-hipolito-yrigoyen\/","url_meta":{"origin":126290,"position":0},"title":"Inauguraron nuevo CAPS en Hip\u00f3lito Yrigoyen","author":"hoymercedes","date":"20 marzo, 2021","format":false,"excerpt":"Por Prensa Municipal - Se llev\u00f3 acabo la inauguraci\u00f3n de las obras de ampliaci\u00f3n y jerarquizaci\u00f3n del CAPS del\u00a0barrio Hip\u00f3lito Yrigoyen. Tendr\u00e9 especializaci\u00f3n en salud sexual, g\u00e9nero, inclusivo, multidisciplinario e interinstitucional. De esta manera, se articulan dispositivos que mejoran la atenci\u00f3n de los vecinos que asociadas a pol\u00edticas p\u00fablicas de\u2026","rel":"","context":"En \u00abMunicipio\u00bb","block_context":{"text":"Municipio","link":"https:\/\/www.hoymercedes.com.ar\/principal\/category\/municipio\/"},"img":{"alt_text":"","src":"https:\/\/i0.wp.com\/www.hoymercedes.com.ar\/principal\/wp-content\/uploads\/2021\/03\/DSC04016.jpg?resize=350%2C200&ssl=1","width":350,"height":200,"srcset":"https:\/\/i0.wp.com\/www.hoymercedes.com.ar\/principal\/wp-content\/uploads\/2021\/03\/DSC04016.jpg?resize=350%2C200&ssl=1 1x, https:\/\/i0.wp.com\/www.hoymercedes.com.ar\/principal\/wp-content\/uploads\/2021\/03\/DSC04016.jpg?resize=525%2C300&ssl=1 1.5x, https:\/\/i0.wp.com\/www.hoymercedes.com.ar\/principal\/wp-content\/uploads\/2021\/03\/DSC04016.jpg?resize=700%2C400&ssl=1 2x"},"classes":[]},{"id":131169,"url":"https:\/\/www.hoymercedes.com.ar\/principal\/2021\/06\/02\/provincia-pondra-en-funcionamiento-el-registro-unico-de-casos-de-las-violencias-por-razones-de-genero\/","url_meta":{"origin":126290,"position":1},"title":"Provincia pondr\u00e1 en funcionamiento el Registro \u00danico de Casos de las Violencias por Razones de G\u00e9nero","author":"hoymercedes","date":"2 junio, 2021","format":false,"excerpt":"En el marco del sexto aniversario del #3J Ni Una Menos, el Ministerio de las Mujeres, Pol\u00edticas de G\u00e9nero y Diversidad Sexual de la provincia de Buenos Aires anuncia este jueves 3 de junio a las 11.00 hs, la puesta en funcionamiento del Registro \u00danico de Casos de las Violencias\u2026","rel":"","context":"En \u00abProvincia\u00bb","block_context":{"text":"Provincia","link":"https:\/\/www.hoymercedes.com.ar\/principal\/category\/provincia\/"},"img":{"alt_text":"","src":"https:\/\/i0.wp.com\/www.hoymercedes.com.ar\/principal\/wp-content\/uploads\/2021\/06\/presentacion-RUC-2.png?resize=350%2C200&ssl=1","width":350,"height":200,"srcset":"https:\/\/i0.wp.com\/www.hoymercedes.com.ar\/principal\/wp-content\/uploads\/2021\/06\/presentacion-RUC-2.png?resize=350%2C200&ssl=1 1x, https:\/\/i0.wp.com\/www.hoymercedes.com.ar\/principal\/wp-content\/uploads\/2021\/06\/presentacion-RUC-2.png?resize=525%2C300&ssl=1 1.5x, https:\/\/i0.wp.com\/www.hoymercedes.com.ar\/principal\/wp-content\/uploads\/2021\/06\/presentacion-RUC-2.png?resize=700%2C400&ssl=1 2x"},"classes":[]},{"id":134689,"url":"https:\/\/www.hoymercedes.com.ar\/principal\/2021\/08\/04\/desde-mercedes-se-lanzo-el-programa-nacional-sembrar-igualdad\/","url_meta":{"origin":126290,"position":2},"title":"Desde Mercedes se lanz\u00f3 el programa nacional \u201cSembrar Igualdad\u201d","author":"hoymercedes","date":"4 agosto, 2021","format":false,"excerpt":"Desde Estaci\u00f3n Altamira se present\u00f3 a todo el pa\u00eds el Programa Nacional para el Fortalecimiento de la Perspectiva de G\u00e9nero e Igualdad en la Diversidad en el Desarrollo Rural Sembrar Igualdad. Es impulsado por los ministerios de las mujeres, g\u00e9neros e igualdad y de agricultura, ganader\u00eda y pesca. Hubo presencias\u2026","rel":"","context":"En \u00abMunicipio\u00bb","block_context":{"text":"Municipio","link":"https:\/\/www.hoymercedes.com.ar\/principal\/category\/municipio\/"},"img":{"alt_text":"","src":"https:\/\/i0.wp.com\/www.hoymercedes.com.ar\/principal\/wp-content\/uploads\/2021\/08\/SJA_1017.jpg?resize=350%2C200&ssl=1","width":350,"height":200,"srcset":"https:\/\/i0.wp.com\/www.hoymercedes.com.ar\/principal\/wp-content\/uploads\/2021\/08\/SJA_1017.jpg?resize=350%2C200&ssl=1 1x, https:\/\/i0.wp.com\/www.hoymercedes.com.ar\/principal\/wp-content\/uploads\/2021\/08\/SJA_1017.jpg?resize=525%2C300&ssl=1 1.5x, https:\/\/i0.wp.com\/www.hoymercedes.com.ar\/principal\/wp-content\/uploads\/2021\/08\/SJA_1017.jpg?resize=700%2C400&ssl=1 2x"},"classes":[]},{"id":55632,"url":"https:\/\/www.hoymercedes.com.ar\/principal\/2016\/10\/07\/la-subsecretaria-de-genero-y-diversidad-sexual-visitara-mercedes\/","url_meta":{"origin":126290,"position":3},"title":"La Subsecretaria de G\u00e9nero y Diversidad Sexual visitar\u00e1 Mercedes","author":"hoymercedes","date":"7 octubre, 2016","format":false,"excerpt":"La Licenciada Daniela Reich, Subsecretaria de G\u00e9nero y Diversidad Sexual \u00a0de la Provincia de Buenos Aires, estar\u00e1 en Mercedes el pr\u00f3ximo 19 de Octubre en el marco de una serie de actividades que el Frente Cambiemos organizadas conjuntamente con la ONG Mujeres del Noroeste\u00a0presidida por Mirta Retamozo. Visitar\u00e1 Mercedes Funcionaria\u2026","rel":"","context":"En \u00abCiudad\u00bb","block_context":{"text":"Ciudad","link":"https:\/\/www.hoymercedes.com.ar\/principal\/category\/ciudad\/"},"img":{"alt_text":"","src":"https:\/\/i0.wp.com\/www.hoymercedes.com.ar\/principal\/wp-content\/uploads\/2016\/10\/07-subsecretaria-cambiemos.jpg?resize=350%2C200&ssl=1","width":350,"height":200},"classes":[]},{"id":149691,"url":"https:\/\/www.hoymercedes.com.ar\/principal\/2022\/06\/22\/provincia-y-municipio-firman-convenio-por-comunidades-sin-violencias\/","url_meta":{"origin":126290,"position":4},"title":"Provincia y Municipio firman convenio por \u00abcomunidades sin violencias\u00bb","author":"hoymercedes","date":"22 junio, 2022","format":false,"excerpt":"En su recorrida por la Regi\u00f3n Primera de la provincia de Buenos Aires, la ministra de las Mujeres, Pol\u00edticas de G\u00e9nero y Diversidad Sexual Estela D\u00edaz visit\u00f3 las localidades de Navarro y Mercedes. En nuestra comunidad, con el Intendente Juan Ignacio Ustarroz firm\u00f3 el convenio \u201cComunidades sin Violencias\u201d, a trav\u00e9s\u2026","rel":"","context":"En \u00abMunicipio\u00bb","block_context":{"text":"Municipio","link":"https:\/\/www.hoymercedes.com.ar\/principal\/category\/municipio\/"},"img":{"alt_text":"","src":"https:\/\/i0.wp.com\/www.hoymercedes.com.ar\/principal\/wp-content\/uploads\/2022\/06\/MMG_8168.jpg?resize=350%2C200&ssl=1","width":350,"height":200,"srcset":"https:\/\/i0.wp.com\/www.hoymercedes.com.ar\/principal\/wp-content\/uploads\/2022\/06\/MMG_8168.jpg?resize=350%2C200&ssl=1 1x, https:\/\/i0.wp.com\/www.hoymercedes.com.ar\/principal\/wp-content\/uploads\/2022\/06\/MMG_8168.jpg?resize=525%2C300&ssl=1 1.5x, https:\/\/i0.wp.com\/www.hoymercedes.com.ar\/principal\/wp-content\/uploads\/2022\/06\/MMG_8168.jpg?resize=700%2C400&ssl=1 2x"},"classes":[]},{"id":173228,"url":"https:\/\/www.hoymercedes.com.ar\/principal\/2024\/02\/22\/municipio-entrega-apoyo-a-las-divisiones-de-futbol-femenino\/","url_meta":{"origin":126290,"position":5},"title":"Municipio entrega apoyo a las divisiones de futbol femenino","author":"hoymercedes","date":"22 febrero, 2024","format":false,"excerpt":"Desde la Direcci\u00f3n de Pol\u00edticas de G\u00e9nero y Diversidad junto a la Direcci\u00f3n de Deportes Municipal se sigue trabajando con clubes de la ciudad. En esta oportunidad, a trav\u00e9s del Programa Municipios por la Igualdad del Ministerio de las Mujeres, Pol\u00edticas de g\u00e9nero y diversidad sexual de la Provincia de\u2026","rel":"","context":"En \u00abSociedad\u00bb","block_context":{"text":"Sociedad","link":"https:\/\/www.hoymercedes.com.ar\/principal\/category\/sociedad\/"},"img":{"alt_text":"Municipio entrega apoyo a las divisiones de futbol femenino","src":"https:\/\/i0.wp.com\/www.hoymercedes.com.ar\/principal\/wp-content\/uploads\/2024\/02\/24.jpg?resize=350%2C200&ssl=1","width":350,"height":200,"srcset":"https:\/\/i0.wp.com\/www.hoymercedes.com.ar\/principal\/wp-content\/uploads\/2024\/02\/24.jpg?resize=350%2C200&ssl=1 1x, https:\/\/i0.wp.com\/www.hoymercedes.com.ar\/principal\/wp-content\/uploads\/2024\/02\/24.jpg?resize=525%2C300&ssl=1 1.5x, https:\/\/i0.wp.com\/www.hoymercedes.com.ar\/principal\/wp-content\/uploads\/2024\/02\/24.jpg?resize=700%2C400&ssl=1 2x, https:\/\/i0.wp.com\/www.hoymercedes.com.ar\/principal\/wp-content\/uploads\/2024\/02\/24.jpg?resize=1050%2C600&ssl=1 3x"},"classes":[]}],"_links":{"self":[{"href":"https:\/\/www.hoymercedes.com.ar\/principal\/wp-json\/wp\/v2\/posts\/126290","targetHints":{"allow":["GET"]}}],"collection":[{"href":"https:\/\/www.hoymercedes.com.ar\/principal\/wp-json\/wp\/v2\/posts"}],"about":[{"href":"https:\/\/www.hoymercedes.com.ar\/principal\/wp-json\/wp\/v2\/types\/post"}],"author":[{"embeddable":true,"href":"https:\/\/www.hoymercedes.com.ar\/principal\/wp-json\/wp\/v2\/users\/1"}],"replies":[{"embeddable":true,"href":"https:\/\/www.hoymercedes.com.ar\/principal\/wp-json\/wp\/v2\/comments?post=126290"}],"version-history":[{"count":0,"href":"https:\/\/www.hoymercedes.com.ar\/principal\/wp-json\/wp\/v2\/posts\/126290\/revisions"}],"wp:featuredmedia":[{"embeddable":true,"href":"https:\/\/www.hoymercedes.com.ar\/principal\/wp-json\/wp\/v2\/media\/126291"}],"wp:attachment":[{"href":"https:\/\/www.hoymercedes.com.ar\/principal\/wp-json\/wp\/v2\/media?parent=126290"}],"wp:term":[{"taxonomy":"category","embeddable":true,"href":"https:\/\/www.hoymercedes.com.ar\/principal\/wp-json\/wp\/v2\/categories?post=126290"},{"taxonomy":"post_tag","embeddable":true,"href":"https:\/\/www.hoymercedes.com.ar\/principal\/wp-json\/wp\/v2\/tags?post=126290"}],"curies":[{"name":"wp","href":"https:\/\/api.w.org\/{rel}","templated":true}]}}