{"id":126300,"date":"2021-03-15T17:15:54","date_gmt":"2021-03-15T20:15:54","guid":{"rendered":"https:\/\/www.hoymercedes.com.ar\/principal\/?p=126300"},"modified":"2021-03-15T17:15:58","modified_gmt":"2021-03-15T20:15:58","slug":"volvio-en-futbol-de-la-liga-mercedina-resultados-de-primera-y-reserva","status":"publish","type":"post","link":"https:\/\/www.hoymercedes.com.ar\/principal\/2021\/03\/15\/volvio-en-futbol-de-la-liga-mercedina-resultados-de-primera-y-reserva\/","title":{"rendered":"Volvi\u00f3 en futbol de la Liga Mercedina: Resultados de Primera y Reserva"},"content":{"rendered":"\n<p>El fin de semana comenzaron a jugarse los partidos de la Liga Mercedina de Futbol, luego de un a\u00f1o sin actividad oficial en sus canchas. Los ganadores resultaron ser Trocha, Estudiantes, La Tijera, Atl\u00e9tico Marcos Paz, El Front\u00f3n y Juventud de Suipacha. Tambi\u00e9n jugaron en las canchas de Luj\u00e1n y Marcos Paz. Los resultados. <\/p>\n\n\n\n<div class=\"wp-block-image\"><figure class=\"aligncenter size-large\"><img decoding=\"async\" data-attachment-id=\"126302\" data-permalink=\"https:\/\/www.hoymercedes.com.ar\/principal\/2021\/03\/15\/volvio-en-futbol-de-la-liga-mercedina-resultados-de-primera-y-reserva\/15-liga-primera-division\/#main\" data-orig-file=\"https:\/\/www.hoymercedes.com.ar\/principal\/wp-content\/uploads\/2021\/03\/15-liga-primera-division-e1615839895644.jpg\" data-orig-size=\"800,800\" data-comments-opened=\"0\" data-image-meta=\"{&quot;aperture&quot;:&quot;0&quot;,&quot;credit&quot;:&quot;&quot;,&quot;camera&quot;:&quot;&quot;,&quot;caption&quot;:&quot;&quot;,&quot;created_timestamp&quot;:&quot;0&quot;,&quot;copyright&quot;:&quot;&quot;,&quot;focal_length&quot;:&quot;0&quot;,&quot;iso&quot;:&quot;0&quot;,&quot;shutter_speed&quot;:&quot;0&quot;,&quot;title&quot;:&quot;&quot;,&quot;orientation&quot;:&quot;0&quot;}\" data-image-title=\"15 liga primera division\" data-image-description=\"\" data-image-caption=\"\" data-large-file=\"https:\/\/www.hoymercedes.com.ar\/principal\/wp-content\/uploads\/2021\/03\/15-liga-primera-division-e1615839895644.jpg\" src=\"https:\/\/www.hoymercedes.com.ar\/principal\/wp-content\/uploads\/2021\/03\/15-liga-primera-division.jpg\" alt=\"\" class=\"wp-image-126302\"\/><\/figure><\/div>\n\n\n\n<div class=\"wp-block-image\"><figure class=\"aligncenter size-large\"><img decoding=\"async\" data-attachment-id=\"126301\" data-permalink=\"https:\/\/www.hoymercedes.com.ar\/principal\/2021\/03\/15\/volvio-en-futbol-de-la-liga-mercedina-resultados-de-primera-y-reserva\/15-liga-reserva\/#main\" data-orig-file=\"https:\/\/www.hoymercedes.com.ar\/principal\/wp-content\/uploads\/2021\/03\/15-liga-reserva-e1615839873207.jpg\" data-orig-size=\"800,800\" data-comments-opened=\"0\" data-image-meta=\"{&quot;aperture&quot;:&quot;0&quot;,&quot;credit&quot;:&quot;&quot;,&quot;camera&quot;:&quot;&quot;,&quot;caption&quot;:&quot;&quot;,&quot;created_timestamp&quot;:&quot;0&quot;,&quot;copyright&quot;:&quot;&quot;,&quot;focal_length&quot;:&quot;0&quot;,&quot;iso&quot;:&quot;0&quot;,&quot;shutter_speed&quot;:&quot;0&quot;,&quot;title&quot;:&quot;&quot;,&quot;orientation&quot;:&quot;0&quot;}\" data-image-title=\"15 liga reserva\" data-image-description=\"\" data-image-caption=\"\" data-large-file=\"https:\/\/www.hoymercedes.com.ar\/principal\/wp-content\/uploads\/2021\/03\/15-liga-reserva-e1615839873207.jpg\" src=\"https:\/\/www.hoymercedes.com.ar\/principal\/wp-content\/uploads\/2021\/03\/15-liga-reserva.jpg\" alt=\"\" class=\"wp-image-126301\"\/><\/figure><\/div>\n","protected":false},"excerpt":{"rendered":"<p>El fin de semana comenzaron a jugarse los partidos de la Liga Mercedina de Futbol, luego de un a\u00f1o sin &#8230; <a title=\"Volvi\u00f3 en futbol de la Liga Mercedina: Resultados de Primera y Reserva\" class=\"read-more\" href=\"https:\/\/www.hoymercedes.com.ar\/principal\/2021\/03\/15\/volvio-en-futbol-de-la-liga-mercedina-resultados-de-primera-y-reserva\/\" aria-label=\"Leer m\u00e1s sobre Volvi\u00f3 en futbol de la Liga Mercedina: Resultados de Primera y Reserva\">Leer m\u00e1s<\/a><\/p>\n","protected":false},"author":1,"featured_media":115616,"comment_status":"closed","ping_status":"open","sticky":false,"template":"","format":"standard","meta":{"_monsterinsights_skip_tracking":false,"_monsterinsights_sitenote_active":false,"_monsterinsights_sitenote_note":"","_monsterinsights_sitenote_category":0,"jetpack_post_was_ever_published":false,"_jetpack_newsletter_access":"","_jetpack_dont_email_post_to_subs":false,"_jetpack_newsletter_tier_id":0,"_jetpack_memberships_contains_paywalled_content":false,"_jetpack_memberships_contains_paid_content":false,"footnotes":"","jetpack_publicize_message":"","jetpack_publicize_feature_enabled":true,"jetpack_social_post_already_shared":true,"jetpack_social_options":{"image_generator_settings":{"template":"highway","default_image_id":0,"font":"","enabled":false},"version":2},"_wpas_customize_per_network":false},"categories":[21],"tags":[],"class_list":["post-126300","post","type-post","status-publish","format-standard","has-post-thumbnail","hentry","category-deportes","generate-columns","tablet-grid-50","mobile-grid-100","grid-parent","grid-50"],"jetpack_publicize_connections":[],"jetpack_featured_media_url":"https:\/\/www.hoymercedes.com.ar\/principal\/wp-content\/uploads\/2020\/08\/Estadio-Liga-Mercedina.jpg","wps_subtitle":"","jetpack_sharing_enabled":true,"jetpack-related-posts":[{"id":136519,"url":"https:\/\/www.hoymercedes.com.ar\/principal\/2021\/09\/03\/postergan-el-futbol-femenino-por-mal-estado-de-una-de-las-canchas\/","url_meta":{"origin":126300,"position":0},"title":"Postergan el futbol femenino por mal estado de una de las canchas","author":"hoymercedes","date":"3 septiembre, 2021","format":false,"excerpt":"Desde la Liga Mercedina de Futbol anunciaron la postergaci\u00f3n del inicio del Torneo \"Yanina Leiva\" del Futbol Femenino a ra\u00edz de que una de las canchas donde se disputaban los partidos est\u00e1 en \"mal estado\". Es por esto que se reprograman la primera jornada para el fin de semana siguiente.\u2026","rel":"","context":"En \u00abDeportes\u00bb","block_context":{"text":"Deportes","link":"https:\/\/www.hoymercedes.com.ar\/principal\/category\/deportes\/"},"img":{"alt_text":"","src":"https:\/\/i0.wp.com\/www.hoymercedes.com.ar\/principal\/wp-content\/uploads\/2021\/09\/liga-femenino.jpeg?resize=350%2C200&ssl=1","width":350,"height":200,"srcset":"https:\/\/i0.wp.com\/www.hoymercedes.com.ar\/principal\/wp-content\/uploads\/2021\/09\/liga-femenino.jpeg?resize=350%2C200&ssl=1 1x, https:\/\/i0.wp.com\/www.hoymercedes.com.ar\/principal\/wp-content\/uploads\/2021\/09\/liga-femenino.jpeg?resize=525%2C300&ssl=1 1.5x, https:\/\/i0.wp.com\/www.hoymercedes.com.ar\/principal\/wp-content\/uploads\/2021\/09\/liga-femenino.jpeg?resize=700%2C400&ssl=1 2x"},"classes":[]},{"id":146261,"url":"https:\/\/www.hoymercedes.com.ar\/principal\/2022\/04\/04\/futbol-femenino-comenzo-el-torneo-de-primera-division\/","url_meta":{"origin":126300,"position":1},"title":"Futbol Femenino: Comenz\u00f3 el torneo de Primera Divisi\u00f3n\u00a0","author":"hoymercedes","date":"4 abril, 2022","format":false,"excerpt":"Las chicas de la Liga Mercedina salieron a la cancha y disputaron la primera fecha del certamen 2022. Hubo partidos en Mercedes, J\u00e1uregui, Giles y Marcos Paz.\u00a0 Club Mercedes y Los Carteros no lograron romper le cero inicial.\u00a0\u00a0 Los clubes de la Liga Mercedina de Futbol dieron inicio al torneo\u2026","rel":"","context":"En \u00abDeportes\u00bb","block_context":{"text":"Deportes","link":"https:\/\/www.hoymercedes.com.ar\/principal\/category\/deportes\/"},"img":{"alt_text":"","src":"https:\/\/i0.wp.com\/www.hoymercedes.com.ar\/principal\/wp-content\/uploads\/2022\/04\/DFutFem-4.jpeg?resize=350%2C200&ssl=1","width":350,"height":200,"srcset":"https:\/\/i0.wp.com\/www.hoymercedes.com.ar\/principal\/wp-content\/uploads\/2022\/04\/DFutFem-4.jpeg?resize=350%2C200&ssl=1 1x, https:\/\/i0.wp.com\/www.hoymercedes.com.ar\/principal\/wp-content\/uploads\/2022\/04\/DFutFem-4.jpeg?resize=525%2C300&ssl=1 1.5x, https:\/\/i0.wp.com\/www.hoymercedes.com.ar\/principal\/wp-content\/uploads\/2022\/04\/DFutFem-4.jpeg?resize=700%2C400&ssl=1 2x"},"classes":[]},{"id":136359,"url":"https:\/\/www.hoymercedes.com.ar\/principal\/2021\/09\/02\/futbol-femenino-torneo-en-homenaje-a-yanina-leiva\/","url_meta":{"origin":126300,"position":2},"title":"Futbol Femenino: Torneo en homenaje a Yanina Leiva","author":"hoymercedes","date":"2 septiembre, 2021","format":false,"excerpt":"Desde la Liga Mercedina de F\u00fatbol comunicaron que en la reuni\u00f3n de comisi\u00f3n del martes \u00faltimo, definieron que el torneo de Primera Divisi\u00f3n de F\u00fatbol Femenino que comenzar\u00e1 el pr\u00f3ximo s\u00e1bado 4 de septiembre, se denominar\u00e1 \"Torneo Yanina Leiva\", una forma de homenajear a la futbolista integrante de la liga\u2026","rel":"","context":"En \u00abDeportes\u00bb","block_context":{"text":"Deportes","link":"https:\/\/www.hoymercedes.com.ar\/principal\/category\/deportes\/"},"img":{"alt_text":"","src":"https:\/\/i0.wp.com\/www.hoymercedes.com.ar\/principal\/wp-content\/uploads\/2021\/09\/liga-femenino.jpeg?resize=350%2C200&ssl=1","width":350,"height":200,"srcset":"https:\/\/i0.wp.com\/www.hoymercedes.com.ar\/principal\/wp-content\/uploads\/2021\/09\/liga-femenino.jpeg?resize=350%2C200&ssl=1 1x, https:\/\/i0.wp.com\/www.hoymercedes.com.ar\/principal\/wp-content\/uploads\/2021\/09\/liga-femenino.jpeg?resize=525%2C300&ssl=1 1.5x, https:\/\/i0.wp.com\/www.hoymercedes.com.ar\/principal\/wp-content\/uploads\/2021\/09\/liga-femenino.jpeg?resize=700%2C400&ssl=1 2x"},"classes":[]},{"id":146617,"url":"https:\/\/www.hoymercedes.com.ar\/principal\/2022\/04\/11\/futbol-femenino-las-chicas-coparon-la-liga-mercedina\/","url_meta":{"origin":126300,"position":3},"title":"Futbol Femenino: Las chicas coparon la Liga Mercedina\u00a0","author":"hoymercedes","date":"11 abril, 2022","format":false,"excerpt":"Varios partidos de la primera divisi\u00f3n se llevaron a cabo en el Estadio de H\u00e9roes de Malvinas y 64. Tambi\u00e9n hubo encuentros en Marcos Paz y J\u00e1uregui.\u00a0 Por la segunda fecha del torneo de primera divisi\u00f3n de la Liga Mercedina de Futbol, los conjuntos del futbol femenino vivieron una soleada\u2026","rel":"","context":"En \u00abDeportes\u00bb","block_context":{"text":"Deportes","link":"https:\/\/www.hoymercedes.com.ar\/principal\/category\/deportes\/"},"img":{"alt_text":"","src":"https:\/\/i0.wp.com\/www.hoymercedes.com.ar\/principal\/wp-content\/uploads\/2022\/04\/WhatsApp-Image-2022-04-11-at-9.59.05-AM.jpeg?resize=350%2C200&ssl=1","width":350,"height":200,"srcset":"https:\/\/i0.wp.com\/www.hoymercedes.com.ar\/principal\/wp-content\/uploads\/2022\/04\/WhatsApp-Image-2022-04-11-at-9.59.05-AM.jpeg?resize=350%2C200&ssl=1 1x, https:\/\/i0.wp.com\/www.hoymercedes.com.ar\/principal\/wp-content\/uploads\/2022\/04\/WhatsApp-Image-2022-04-11-at-9.59.05-AM.jpeg?resize=525%2C300&ssl=1 1.5x, https:\/\/i0.wp.com\/www.hoymercedes.com.ar\/principal\/wp-content\/uploads\/2022\/04\/WhatsApp-Image-2022-04-11-at-9.59.05-AM.jpeg?resize=700%2C400&ssl=1 2x"},"classes":[]},{"id":145836,"url":"https:\/\/www.hoymercedes.com.ar\/principal\/2022\/03\/26\/futbol-femenino-se-suspende-el-inicio-de-la-primera\/","url_meta":{"origin":126300,"position":4},"title":"Futbol Femenino: Se suspende el inicio de la Primera","author":"hoymercedes","date":"26 marzo, 2022","format":false,"excerpt":"Desde la Liga Mercedina de Futbol anunciaron que el mal estado de las canchas por las \u00faltimas tormentas determin\u00f3 la suspenci\u00f3n de las actividades programadas para la Primera Divisi\u00f3n del Futbol Femenino. Los encuentros se reprograman para el pr\u00f3ximo s\u00e1bado. \"Atento a las comunicaciones de los distintos clubes donde estaba\u2026","rel":"","context":"En \u00abDeportes\u00bb","block_context":{"text":"Deportes","link":"https:\/\/www.hoymercedes.com.ar\/principal\/category\/deportes\/"},"img":{"alt_text":"","src":"https:\/\/i0.wp.com\/www.hoymercedes.com.ar\/principal\/wp-content\/uploads\/2021\/09\/liga-femenino.jpeg?resize=350%2C200&ssl=1","width":350,"height":200,"srcset":"https:\/\/i0.wp.com\/www.hoymercedes.com.ar\/principal\/wp-content\/uploads\/2021\/09\/liga-femenino.jpeg?resize=350%2C200&ssl=1 1x, https:\/\/i0.wp.com\/www.hoymercedes.com.ar\/principal\/wp-content\/uploads\/2021\/09\/liga-femenino.jpeg?resize=525%2C300&ssl=1 1.5x, https:\/\/i0.wp.com\/www.hoymercedes.com.ar\/principal\/wp-content\/uploads\/2021\/09\/liga-femenino.jpeg?resize=700%2C400&ssl=1 2x"},"classes":[]},{"id":189789,"url":"https:\/\/www.hoymercedes.com.ar\/principal\/2025\/11\/25\/pabellon-de-marcos-paz-campeon-de-primera-del-femenino-de-la-liga-mercedina\/","url_meta":{"origin":126300,"position":5},"title":"Pabell\u00f3n de Marcos Paz, campe\u00f3n de Primera del Femenino de la Liga Mercedina","author":"hoymercedes","date":"25 noviembre, 2025","format":false,"excerpt":"Pabell\u00f3n Argentino de Marcos Paz se coron\u00f3 tricampe\u00f3n del F\u00fatbol Femenino de la Liga Mercedina de F\u00fatbol en la categor\u00eda Primera Divisi\u00f3n tras jugarse la segunda fecha de la Ronda Final del Torneo de Primera Divisi\u00f3n, Pabell\u00f3n Argentino se consagr\u00f3 campe\u00f3n del Torneo Clausura. Venci\u00f3 a Defensores 4 a 1,\u2026","rel":"","context":"En \u00abDeportes\u00bb","block_context":{"text":"Deportes","link":"https:\/\/www.hoymercedes.com.ar\/principal\/category\/deportes\/"},"img":{"alt_text":"","src":"https:\/\/i0.wp.com\/www.hoymercedes.com.ar\/principal\/wp-content\/uploads\/2025\/11\/sapa.jpeg?resize=350%2C200&ssl=1","width":350,"height":200,"srcset":"https:\/\/i0.wp.com\/www.hoymercedes.com.ar\/principal\/wp-content\/uploads\/2025\/11\/sapa.jpeg?resize=350%2C200&ssl=1 1x, https:\/\/i0.wp.com\/www.hoymercedes.com.ar\/principal\/wp-content\/uploads\/2025\/11\/sapa.jpeg?resize=525%2C300&ssl=1 1.5x, https:\/\/i0.wp.com\/www.hoymercedes.com.ar\/principal\/wp-content\/uploads\/2025\/11\/sapa.jpeg?resize=700%2C400&ssl=1 2x, https:\/\/i0.wp.com\/www.hoymercedes.com.ar\/principal\/wp-content\/uploads\/2025\/11\/sapa.jpeg?resize=1050%2C600&ssl=1 3x"},"classes":[]}],"_links":{"self":[{"href":"https:\/\/www.hoymercedes.com.ar\/principal\/wp-json\/wp\/v2\/posts\/126300","targetHints":{"allow":["GET"]}}],"collection":[{"href":"https:\/\/www.hoymercedes.com.ar\/principal\/wp-json\/wp\/v2\/posts"}],"about":[{"href":"https:\/\/www.hoymercedes.com.ar\/principal\/wp-json\/wp\/v2\/types\/post"}],"author":[{"embeddable":true,"href":"https:\/\/www.hoymercedes.com.ar\/principal\/wp-json\/wp\/v2\/users\/1"}],"replies":[{"embeddable":true,"href":"https:\/\/www.hoymercedes.com.ar\/principal\/wp-json\/wp\/v2\/comments?post=126300"}],"version-history":[{"count":0,"href":"https:\/\/www.hoymercedes.com.ar\/principal\/wp-json\/wp\/v2\/posts\/126300\/revisions"}],"wp:featuredmedia":[{"embeddable":true,"href":"https:\/\/www.hoymercedes.com.ar\/principal\/wp-json\/wp\/v2\/media\/115616"}],"wp:attachment":[{"href":"https:\/\/www.hoymercedes.com.ar\/principal\/wp-json\/wp\/v2\/media?parent=126300"}],"wp:term":[{"taxonomy":"category","embeddable":true,"href":"https:\/\/www.hoymercedes.com.ar\/principal\/wp-json\/wp\/v2\/categories?post=126300"},{"taxonomy":"post_tag","embeddable":true,"href":"https:\/\/www.hoymercedes.com.ar\/principal\/wp-json\/wp\/v2\/tags?post=126300"}],"curies":[{"name":"wp","href":"https:\/\/api.w.org\/{rel}","templated":true}]}}