{"id":126308,"date":"2021-03-15T13:48:00","date_gmt":"2021-03-15T16:48:00","guid":{"rendered":"https:\/\/www.hoymercedes.com.ar\/principal\/?p=126308"},"modified":"2021-03-15T17:50:16","modified_gmt":"2021-03-15T20:50:16","slug":"ustarroz-continua-gestionando-obras-para-mercedes-ante-enhosa","status":"publish","type":"post","link":"https:\/\/www.hoymercedes.com.ar\/principal\/2021\/03\/15\/ustarroz-continua-gestionando-obras-para-mercedes-ante-enhosa\/","title":{"rendered":"Ustarroz contin\u00faa gestionando obras para Mercedes ante Enhosa"},"content":{"rendered":"\n<p>Prensa Municipal &#8211; El intendente Juan I. Ustarroz mantuvo un importante encuentro con representantes de \u201cEnhosa\u201d con el objetivo de continuar realizando gestiones en pos de obras e intervenciones en nuestra ciudad, como tantas se est\u00e1n observando en los \u00faltimos meses concretadas por el gobierno nacional. \u00a0<\/p>\n\n\n\n<div class=\"wp-block-image\"><figure class=\"aligncenter size-large\"><img loading=\"lazy\" decoding=\"async\" width=\"800\" height=\"533\" data-attachment-id=\"126309\" data-permalink=\"https:\/\/www.hoymercedes.com.ar\/principal\/2021\/03\/15\/ustarroz-continua-gestionando-obras-para-mercedes-ante-enhosa\/enhosa-ustarroz\/#main\" data-orig-file=\"https:\/\/www.hoymercedes.com.ar\/principal\/wp-content\/uploads\/2021\/03\/Enhosa-Ustarroz.jpg\" data-orig-size=\"800,533\" data-comments-opened=\"0\" data-image-meta=\"{&quot;aperture&quot;:&quot;0&quot;,&quot;credit&quot;:&quot;&quot;,&quot;camera&quot;:&quot;&quot;,&quot;caption&quot;:&quot;&quot;,&quot;created_timestamp&quot;:&quot;0&quot;,&quot;copyright&quot;:&quot;&quot;,&quot;focal_length&quot;:&quot;0&quot;,&quot;iso&quot;:&quot;0&quot;,&quot;shutter_speed&quot;:&quot;0&quot;,&quot;title&quot;:&quot;&quot;,&quot;orientation&quot;:&quot;0&quot;}\" data-image-title=\"Enhosa-Ustarroz\" data-image-description=\"\" data-image-caption=\"\" data-large-file=\"https:\/\/www.hoymercedes.com.ar\/principal\/wp-content\/uploads\/2021\/03\/Enhosa-Ustarroz.jpg\" src=\"https:\/\/www.hoymercedes.com.ar\/principal\/wp-content\/uploads\/2021\/03\/Enhosa-Ustarroz.jpg\" alt=\"\" class=\"wp-image-126309\" srcset=\"https:\/\/www.hoymercedes.com.ar\/principal\/wp-content\/uploads\/2021\/03\/Enhosa-Ustarroz.jpg 800w, https:\/\/www.hoymercedes.com.ar\/principal\/wp-content\/uploads\/2021\/03\/Enhosa-Ustarroz-630x420.jpg 630w, https:\/\/www.hoymercedes.com.ar\/principal\/wp-content\/uploads\/2021\/03\/Enhosa-Ustarroz-150x100.jpg 150w, https:\/\/www.hoymercedes.com.ar\/principal\/wp-content\/uploads\/2021\/03\/Enhosa-Ustarroz-700x465.jpg 700w\" sizes=\"auto, (max-width: 800px) 100vw, 800px\" \/><\/figure><\/div>\n\n\n\n<p>En Capital Federal se reuni\u00f3 en una extensa mesa de trabajo, gesti\u00f3n e intercambio de informaciones y documentaci\u00f3n con Enrique Tom\u00e1s Cresto,&nbsp;Administrador del Ente Nacional de Obras H\u00eddricas de Saneamiento y el Sub Administrador, N\u00e9stor \u00c1lvarez. Vale recordar que meses atr\u00e1s los funcionarios hab\u00edan estado en Mercedes proyectando obras que finalmente se efectuaron. &nbsp;<\/p>\n\n\n\n<p>Estas instancias cuentan con el apoyo, adem\u00e1s, del Ministerio de Obras P\u00fablicas de la Naci\u00f3n a cargo del Gabriel Katopodis, qui\u00e9n tambi\u00e9n ha visitado nuestra localidad, impulsando obras como ser los nuevos pozos de agua y la ampliaci\u00f3n de la red cloacal para Villa Industrial Oeste, Lomas del Pac\u00edfico y Villa Industrial Este, adem\u00e1s de pavimento o mejoras en la seguridad vial. &nbsp;<\/p>\n\n\n\n<p>Las tareas de fortalecimiento de los v\u00ednculos y ejecuci\u00f3n de obras son fundamentales en las localidades del interior y Mercedes no es la excepci\u00f3n. &nbsp;<\/p>\n\n\n\n<p>\u201cEstamos muy agradecidos por el constante apoyo que recibimos del gobierno nacional a trav\u00e9s de distintas \u00e1reas de gesti\u00f3n\u201d mencion\u00f3 Ustarroz y remarc\u00f3 que con \u201cEnrique y N\u00e9stor vemos trabajando desde hace tiempo en diversas planificaciones y programas\u201d entre otros conceptos sin dejar de agradecer al \u201cministro Katopodis, que constantemente est\u00e1 incluyendo a Mercedes en los planes federales de obra p\u00fablica\u201d.&nbsp;&nbsp;&nbsp;&nbsp;<\/p>\n","protected":false},"excerpt":{"rendered":"<p>Prensa Municipal &#8211; El intendente Juan I. Ustarroz mantuvo un importante encuentro con representantes de \u201cEnhosa\u201d con el objetivo de &#8230; <a title=\"Ustarroz contin\u00faa gestionando obras para Mercedes ante Enhosa\" class=\"read-more\" href=\"https:\/\/www.hoymercedes.com.ar\/principal\/2021\/03\/15\/ustarroz-continua-gestionando-obras-para-mercedes-ante-enhosa\/\" aria-label=\"Leer m\u00e1s sobre Ustarroz contin\u00faa gestionando obras para Mercedes ante Enhosa\">Leer m\u00e1s<\/a><\/p>\n","protected":false},"author":1,"featured_media":126309,"comment_status":"closed","ping_status":"open","sticky":false,"template":"","format":"standard","meta":{"_monsterinsights_skip_tracking":false,"_monsterinsights_sitenote_active":false,"_monsterinsights_sitenote_note":"","_monsterinsights_sitenote_category":0,"jetpack_post_was_ever_published":false,"_jetpack_newsletter_access":"","_jetpack_dont_email_post_to_subs":false,"_jetpack_newsletter_tier_id":0,"_jetpack_memberships_contains_paywalled_content":false,"_jetpack_memberships_contains_paid_content":false,"footnotes":"","jetpack_publicize_message":"","jetpack_publicize_feature_enabled":true,"jetpack_social_post_already_shared":true,"jetpack_social_options":{"image_generator_settings":{"template":"highway","default_image_id":0,"font":"","enabled":false},"version":2},"_wpas_customize_per_network":false},"categories":[30],"tags":[],"class_list":["post-126308","post","type-post","status-publish","format-standard","has-post-thumbnail","hentry","category-municipio","generate-columns","tablet-grid-50","mobile-grid-100","grid-parent","grid-50"],"jetpack_publicize_connections":[],"jetpack_featured_media_url":"https:\/\/www.hoymercedes.com.ar\/principal\/wp-content\/uploads\/2021\/03\/Enhosa-Ustarroz.jpg","wps_subtitle":"","jetpack_sharing_enabled":true,"jetpack-related-posts":[{"id":144123,"url":"https:\/\/www.hoymercedes.com.ar\/principal\/2022\/02\/19\/municipio-y-nacion-construyen-un-nuevo-pozo-de-agua\/","url_meta":{"origin":126308,"position":0},"title":"Municipio y Naci\u00f3n construyen un nuevo pozo de agua\u00a0","author":"hoymercedes","date":"19 febrero, 2022","format":false,"excerpt":"Ustarroz recorri\u00f3 el avance de obra del 5\u00ba pozo de agua que se construye en los \u00faltimos meses. Apunta a buscar soluciones a la distribuci\u00f3n de agua corriente, no sin ello dejar en claro lo necesario del compromiso vecinal para su cuidado y buen uso. Su construcci\u00f3n es en Avenida\u2026","rel":"","context":"En \u00abMunicipio\u00bb","block_context":{"text":"Municipio","link":"https:\/\/www.hoymercedes.com.ar\/principal\/category\/municipio\/"},"img":{"alt_text":"","src":"https:\/\/i0.wp.com\/www.hoymercedes.com.ar\/principal\/wp-content\/uploads\/2022\/02\/DSC08131.jpg?resize=350%2C200&ssl=1","width":350,"height":200,"srcset":"https:\/\/i0.wp.com\/www.hoymercedes.com.ar\/principal\/wp-content\/uploads\/2022\/02\/DSC08131.jpg?resize=350%2C200&ssl=1 1x, https:\/\/i0.wp.com\/www.hoymercedes.com.ar\/principal\/wp-content\/uploads\/2022\/02\/DSC08131.jpg?resize=525%2C300&ssl=1 1.5x, https:\/\/i0.wp.com\/www.hoymercedes.com.ar\/principal\/wp-content\/uploads\/2022\/02\/DSC08131.jpg?resize=700%2C400&ssl=1 2x"},"classes":[]},{"id":157475,"url":"https:\/\/www.hoymercedes.com.ar\/principal\/2023\/01\/20\/comenzo-la-construccion-de-la-autovia-mercedes-suipacha\/","url_meta":{"origin":126308,"position":1},"title":"Comenz\u00f3 la construcci\u00f3n de la autov\u00eda Mercedes &#8211; Suipacha","author":"hoymercedes","date":"20 enero, 2023","format":false,"excerpt":"Con la presencia de ministros nacionales y el intendente Ustarroz se inici\u00f3 el trabajo de las m\u00e1quinas para la construcci\u00f3n de la autov\u00eda entre Mercedes y Suipacha. Es una gran noticia para la ciudad y toda la zona que mejorar\u00e1 la seguridad y optimizar\u00e1 las perspectivas econ\u00f3micas de la regi\u00f3n.\u2026","rel":"","context":"En \u00abNaci\u00f3n\u00bb","block_context":{"text":"Naci\u00f3n","link":"https:\/\/www.hoymercedes.com.ar\/principal\/category\/nacion\/"},"img":{"alt_text":"","src":"https:\/\/i0.wp.com\/www.hoymercedes.com.ar\/principal\/wp-content\/uploads\/2023\/01\/1M5A3146.jpg?resize=350%2C200&ssl=1","width":350,"height":200,"srcset":"https:\/\/i0.wp.com\/www.hoymercedes.com.ar\/principal\/wp-content\/uploads\/2023\/01\/1M5A3146.jpg?resize=350%2C200&ssl=1 1x, https:\/\/i0.wp.com\/www.hoymercedes.com.ar\/principal\/wp-content\/uploads\/2023\/01\/1M5A3146.jpg?resize=525%2C300&ssl=1 1.5x, https:\/\/i0.wp.com\/www.hoymercedes.com.ar\/principal\/wp-content\/uploads\/2023\/01\/1M5A3146.jpg?resize=700%2C400&ssl=1 2x, https:\/\/i0.wp.com\/www.hoymercedes.com.ar\/principal\/wp-content\/uploads\/2023\/01\/1M5A3146.jpg?resize=1050%2C600&ssl=1 3x"},"classes":[]},{"id":117096,"url":"https:\/\/www.hoymercedes.com.ar\/principal\/2020\/09\/18\/municipio-y-enohsa-firman-convenio-para-obras-hidricas\/","url_meta":{"origin":126308,"position":2},"title":"Municipio y ENOHSA firman convenio para obras h\u00eddricas","author":"Clarisa Altieri","date":"18 septiembre, 2020","format":false,"excerpt":"El Municipio de Mercedes y ENOHSA (Ente Nacional De Obras h\u00eddricas De Saneamiento) convenieron un plan de saneamiento y fortalecimiento de las redes de agua y cloacas en la ciudad. Iniciaron la planificaci\u00f3n para la soluci\u00f3n de estas problem\u00e1ticas. \u00a0 El intendente Juan Ignacio Ustarroz manifest\u00f3 \u201cestamos muy contentos y\u2026","rel":"","context":"En \u00abMunicipio\u00bb","block_context":{"text":"Municipio","link":"https:\/\/www.hoymercedes.com.ar\/principal\/category\/municipio\/"},"img":{"alt_text":"","src":"https:\/\/i0.wp.com\/www.hoymercedes.com.ar\/principal\/wp-content\/uploads\/2020\/09\/DSC08506.jpg?resize=350%2C200&ssl=1","width":350,"height":200,"srcset":"https:\/\/i0.wp.com\/www.hoymercedes.com.ar\/principal\/wp-content\/uploads\/2020\/09\/DSC08506.jpg?resize=350%2C200&ssl=1 1x, https:\/\/i0.wp.com\/www.hoymercedes.com.ar\/principal\/wp-content\/uploads\/2020\/09\/DSC08506.jpg?resize=525%2C300&ssl=1 1.5x, https:\/\/i0.wp.com\/www.hoymercedes.com.ar\/principal\/wp-content\/uploads\/2020\/09\/DSC08506.jpg?resize=700%2C400&ssl=1 2x"},"classes":[]},{"id":129533,"url":"https:\/\/www.hoymercedes.com.ar\/principal\/2021\/05\/04\/obra-cloacal-para-barrios-villa-industrial-este-villa-industrial-oeste-lomas-del-pacifico-y-parque-oeste\/","url_meta":{"origin":126308,"position":3},"title":"Obra cloacal para barrios Villa industrial Este, Villa industrial Oeste, Lomas del Pac\u00edfico y Parque Oeste","author":"hoymercedes","date":"4 mayo, 2021","format":false,"excerpt":"El Municipio de Mercedes anunci\u00f3 la expansi\u00f3n de la red cloacal, una obra que \"beneficiar\u00e1 a 1200 domicilios\" de los barrios Villa industrial Este, Villa industrial Oeste, Lomas del Pac\u00edfico y Parque Oeste. El intendente Juan Ignacio Ustarroz, junto al Secretario de Obras P\u00fablicas, Emanuel P\u00e9rez Carrera, estuvieron recorriendo la\u2026","rel":"","context":"En \u00abMunicipio\u00bb","block_context":{"text":"Municipio","link":"https:\/\/www.hoymercedes.com.ar\/principal\/category\/municipio\/"},"img":{"alt_text":"","src":"https:\/\/i0.wp.com\/www.hoymercedes.com.ar\/principal\/wp-content\/uploads\/2021\/05\/05-muni-obras-publicas.jpg?resize=350%2C200&ssl=1","width":350,"height":200,"srcset":"https:\/\/i0.wp.com\/www.hoymercedes.com.ar\/principal\/wp-content\/uploads\/2021\/05\/05-muni-obras-publicas.jpg?resize=350%2C200&ssl=1 1x, https:\/\/i0.wp.com\/www.hoymercedes.com.ar\/principal\/wp-content\/uploads\/2021\/05\/05-muni-obras-publicas.jpg?resize=525%2C300&ssl=1 1.5x, https:\/\/i0.wp.com\/www.hoymercedes.com.ar\/principal\/wp-content\/uploads\/2021\/05\/05-muni-obras-publicas.jpg?resize=700%2C400&ssl=1 2x"},"classes":[]},{"id":133277,"url":"https:\/\/www.hoymercedes.com.ar\/principal\/2021\/07\/13\/ustarroz-y-arrieta-realizaron-historico-anuncio-de-obra-para-mejorar-el-principal-acceso-a-mercedes\/","url_meta":{"origin":126308,"position":4},"title":"Ustarroz y Arrieta realizaron hist\u00f3rico anuncio de obra para mejorar el principal acceso a Mercedes","author":"hoymercedes","date":"13 julio, 2021","format":false,"excerpt":"Con una importante planificaci\u00f3n el intendente Ustarroz y el Administrador General de Vialidad Nacional, Gustavo Arrieta, anunciaron la obra para que permitir\u00e1 realizar completamente en primera calidad la Avenida de los Inmigrantes, principal acceso a Mercedes. Permitir\u00e1 jerarquizar, embellecer y dar mayor seguridad vial. Incluye diversas infraestructuras que nos dar\u00e1\u2026","rel":"","context":"En \u00abMunicipio\u00bb","block_context":{"text":"Municipio","link":"https:\/\/www.hoymercedes.com.ar\/principal\/category\/municipio\/"},"img":{"alt_text":"","src":"https:\/\/i0.wp.com\/www.hoymercedes.com.ar\/principal\/wp-content\/uploads\/2021\/07\/DSC08363.jpg?resize=350%2C200&ssl=1","width":350,"height":200,"srcset":"https:\/\/i0.wp.com\/www.hoymercedes.com.ar\/principal\/wp-content\/uploads\/2021\/07\/DSC08363.jpg?resize=350%2C200&ssl=1 1x, https:\/\/i0.wp.com\/www.hoymercedes.com.ar\/principal\/wp-content\/uploads\/2021\/07\/DSC08363.jpg?resize=525%2C300&ssl=1 1.5x, https:\/\/i0.wp.com\/www.hoymercedes.com.ar\/principal\/wp-content\/uploads\/2021\/07\/DSC08363.jpg?resize=700%2C400&ssl=1 2x"},"classes":[]},{"id":158947,"url":"https:\/\/www.hoymercedes.com.ar\/principal\/2023\/03\/02\/ustarroz-firmo-convenio-para-plan-de-agua-y-cloaca-con-universidad-tecnologica-banco-iberoamericano-y-enohsa\/","url_meta":{"origin":126308,"position":5},"title":"Ustarroz firm\u00f3 convenio para plan de agua y cloaca con Universidad Tecnol\u00f3gica, Banco Iberoamericano y Enohsa","author":"hoymercedes","date":"2 marzo, 2023","format":false,"excerpt":"Se inicia el proceso de planificaci\u00f3n para el 100% de cobertura de agua y cloaca en la ciudad. Tras firma de convenio marco entre Municipio, ENOSHA y Banco Iberoamericano de Desarrollo ahora se rubric\u00f3 el comiendo del Plan Director de Agua y Cloacas que estar\u00e1 a cargo de la Universidad\u2026","rel":"","context":"En \u00abMunicipio\u00bb","block_context":{"text":"Municipio","link":"https:\/\/www.hoymercedes.com.ar\/principal\/category\/municipio\/"},"img":{"alt_text":"","src":"https:\/\/i0.wp.com\/www.hoymercedes.com.ar\/principal\/wp-content\/uploads\/2023\/03\/UTN-BID-ENOSHA-Mercedes.jpg?resize=350%2C200&ssl=1","width":350,"height":200,"srcset":"https:\/\/i0.wp.com\/www.hoymercedes.com.ar\/principal\/wp-content\/uploads\/2023\/03\/UTN-BID-ENOSHA-Mercedes.jpg?resize=350%2C200&ssl=1 1x, https:\/\/i0.wp.com\/www.hoymercedes.com.ar\/principal\/wp-content\/uploads\/2023\/03\/UTN-BID-ENOSHA-Mercedes.jpg?resize=525%2C300&ssl=1 1.5x, https:\/\/i0.wp.com\/www.hoymercedes.com.ar\/principal\/wp-content\/uploads\/2023\/03\/UTN-BID-ENOSHA-Mercedes.jpg?resize=700%2C400&ssl=1 2x, https:\/\/i0.wp.com\/www.hoymercedes.com.ar\/principal\/wp-content\/uploads\/2023\/03\/UTN-BID-ENOSHA-Mercedes.jpg?resize=1050%2C600&ssl=1 3x"},"classes":[]}],"_links":{"self":[{"href":"https:\/\/www.hoymercedes.com.ar\/principal\/wp-json\/wp\/v2\/posts\/126308","targetHints":{"allow":["GET"]}}],"collection":[{"href":"https:\/\/www.hoymercedes.com.ar\/principal\/wp-json\/wp\/v2\/posts"}],"about":[{"href":"https:\/\/www.hoymercedes.com.ar\/principal\/wp-json\/wp\/v2\/types\/post"}],"author":[{"embeddable":true,"href":"https:\/\/www.hoymercedes.com.ar\/principal\/wp-json\/wp\/v2\/users\/1"}],"replies":[{"embeddable":true,"href":"https:\/\/www.hoymercedes.com.ar\/principal\/wp-json\/wp\/v2\/comments?post=126308"}],"version-history":[{"count":0,"href":"https:\/\/www.hoymercedes.com.ar\/principal\/wp-json\/wp\/v2\/posts\/126308\/revisions"}],"wp:featuredmedia":[{"embeddable":true,"href":"https:\/\/www.hoymercedes.com.ar\/principal\/wp-json\/wp\/v2\/media\/126309"}],"wp:attachment":[{"href":"https:\/\/www.hoymercedes.com.ar\/principal\/wp-json\/wp\/v2\/media?parent=126308"}],"wp:term":[{"taxonomy":"category","embeddable":true,"href":"https:\/\/www.hoymercedes.com.ar\/principal\/wp-json\/wp\/v2\/categories?post=126308"},{"taxonomy":"post_tag","embeddable":true,"href":"https:\/\/www.hoymercedes.com.ar\/principal\/wp-json\/wp\/v2\/tags?post=126308"}],"curies":[{"name":"wp","href":"https:\/\/api.w.org\/{rel}","templated":true}]}}