{"id":126318,"date":"2021-03-15T20:10:41","date_gmt":"2021-03-15T23:10:41","guid":{"rendered":"https:\/\/www.hoymercedes.com.ar\/principal\/?p=126318"},"modified":"2021-03-15T20:49:13","modified_gmt":"2021-03-15T23:49:13","slug":"grave-accidente-entre-san-andres-de-giles-y-carmen-de-areco","status":"publish","type":"post","link":"https:\/\/www.hoymercedes.com.ar\/principal\/2021\/03\/15\/grave-accidente-entre-san-andres-de-giles-y-carmen-de-areco\/","title":{"rendered":"Grave accidente entre San Andr\u00e9s de Giles y Carmen de Areco."},"content":{"rendered":"\n<p>A las 16.05 horas de hoy, un tremendo accidente conmocion\u00f3 a la comunidad de San Andr\u00e9s de Giles. En el kil\u00f3metro 135 de la AU. 7, que une a nuestra ciudad con Carmen de Areco, tres vecinos de Giles fueron v\u00edctimas fatales del siniestro.<\/p>\n\n\n\n<div class=\"wp-block-image\"><figure class=\"aligncenter size-large\"><img loading=\"lazy\" decoding=\"async\" width=\"696\" height=\"459\" data-attachment-id=\"126319\" data-permalink=\"https:\/\/www.hoymercedes.com.ar\/principal\/2021\/03\/15\/grave-accidente-entre-san-andres-de-giles-y-carmen-de-areco\/camion-696x459\/#main\" data-orig-file=\"https:\/\/www.hoymercedes.com.ar\/principal\/wp-content\/uploads\/2021\/03\/camion-696x459-1.png\" data-orig-size=\"696,459\" data-comments-opened=\"0\" data-image-meta=\"{&quot;aperture&quot;:&quot;0&quot;,&quot;credit&quot;:&quot;&quot;,&quot;camera&quot;:&quot;&quot;,&quot;caption&quot;:&quot;&quot;,&quot;created_timestamp&quot;:&quot;0&quot;,&quot;copyright&quot;:&quot;&quot;,&quot;focal_length&quot;:&quot;0&quot;,&quot;iso&quot;:&quot;0&quot;,&quot;shutter_speed&quot;:&quot;0&quot;,&quot;title&quot;:&quot;&quot;,&quot;orientation&quot;:&quot;0&quot;}\" data-image-title=\"camion-696&amp;#215;459\" data-image-description=\"\" data-image-caption=\"\" data-large-file=\"https:\/\/www.hoymercedes.com.ar\/principal\/wp-content\/uploads\/2021\/03\/camion-696x459-1.png\" src=\"https:\/\/www.hoymercedes.com.ar\/principal\/wp-content\/uploads\/2021\/03\/camion-696x459-1.png\" alt=\"\" class=\"wp-image-126319\" srcset=\"https:\/\/www.hoymercedes.com.ar\/principal\/wp-content\/uploads\/2021\/03\/camion-696x459-1.png 696w, https:\/\/www.hoymercedes.com.ar\/principal\/wp-content\/uploads\/2021\/03\/camion-696x459-1-630x415.png 630w, https:\/\/www.hoymercedes.com.ar\/principal\/wp-content\/uploads\/2021\/03\/camion-696x459-1-150x99.png 150w\" sizes=\"auto, (max-width: 696px) 100vw, 696px\" \/><\/figure><\/div>\n\n\n\n<p>Seg\u00fan contaron medios de Carmen de Areco, una camioneta Toyota Hilux blanca, tripulada por tres gilenses, impact\u00f3 con la parte trasera de un cami\u00f3n. El fuerte choque provoc\u00f3 el inmediato fallecimiento de los ocupantes del utilitario menor.<\/p>\n\n\n\n<p>En el lugar trabajaron Bomberos, el SAME y la Polic\u00eda para articular el tr\u00e1nsito. Por el momento se desconoce la mec\u00e1nica del fuerte accidente, algo que los peritos est\u00e1n analizando en este momento con la ruta cortada hacia San Andr\u00e9s de Giles.<\/p>\n\n\n\n<p>Los vecinos se dedicaban al rubro de la carne, siendo personas reconocidas de la comunidad de San Andr\u00e9s de Giles. Esta terrible situaci\u00f3n conmueve y entristece a la ciudad.<\/p>\n\n\n\n<p>Fuente: Infociudad de San Andr\u00e9s de Giles<\/p>\n","protected":false},"excerpt":{"rendered":"<p>A las 16.05 horas de hoy, un tremendo accidente conmocion\u00f3 a la comunidad de San Andr\u00e9s de Giles. En el &#8230; <a title=\"Grave accidente entre San Andr\u00e9s de Giles y Carmen de Areco.\" class=\"read-more\" href=\"https:\/\/www.hoymercedes.com.ar\/principal\/2021\/03\/15\/grave-accidente-entre-san-andres-de-giles-y-carmen-de-areco\/\" aria-label=\"Leer m\u00e1s sobre Grave accidente entre San Andr\u00e9s de Giles y Carmen de Areco.\">Leer m\u00e1s<\/a><\/p>\n","protected":false},"author":1,"featured_media":126319,"comment_status":"closed","ping_status":"open","sticky":false,"template":"","format":"standard","meta":{"_monsterinsights_skip_tracking":false,"_monsterinsights_sitenote_active":false,"_monsterinsights_sitenote_note":"","_monsterinsights_sitenote_category":0,"jetpack_post_was_ever_published":false,"_jetpack_newsletter_access":"","_jetpack_dont_email_post_to_subs":false,"_jetpack_newsletter_tier_id":0,"_jetpack_memberships_contains_paywalled_content":false,"_jetpack_memberships_contains_paid_content":false,"footnotes":"","jetpack_publicize_message":"","jetpack_publicize_feature_enabled":true,"jetpack_social_post_already_shared":true,"jetpack_social_options":{"image_generator_settings":{"template":"highway","default_image_id":0,"font":"","enabled":false},"version":2},"_wpas_customize_per_network":false},"categories":[5501],"tags":[96,2123,10395],"class_list":["post-126318","post","type-post","status-publish","format-standard","has-post-thumbnail","hentry","category-region","tag-policial-2","tag-san-andres-de-giles","tag-siniestro-vial","generate-columns","tablet-grid-50","mobile-grid-100","grid-parent","grid-50"],"jetpack_publicize_connections":[],"jetpack_featured_media_url":"https:\/\/www.hoymercedes.com.ar\/principal\/wp-content\/uploads\/2021\/03\/camion-696x459-1.png","wps_subtitle":"Sobre ruta 7","jetpack_sharing_enabled":true,"jetpack-related-posts":[{"id":142832,"url":"https:\/\/www.hoymercedes.com.ar\/principal\/2022\/01\/18\/siniestro-vial-en-la-ruta-7-fallece-turista-extranjera\/","url_meta":{"origin":126318,"position":0},"title":"Siniestro vial en la Ruta 7: fallece turista extranjera","author":"hoymercedes","date":"18 enero, 2022","format":false,"excerpt":"Esta tarde, un brutal accidente se registr\u00f3 en la AU. 7, justo en el l\u00edmite entre San Andr\u00e9s de Giles y Carmen de Areco. Un colectivo de larga distancia y un cami\u00f3n que transportaba bebidas fueron los protagonistas de una colisi\u00f3n que dej\u00f3 como triste saldo el fallecimiento de una\u2026","rel":"","context":"En \u00abRegi\u00f3n\u00bb","block_context":{"text":"Regi\u00f3n","link":"https:\/\/www.hoymercedes.com.ar\/principal\/category\/region\/"},"img":{"alt_text":"","src":"https:\/\/i0.wp.com\/www.hoymercedes.com.ar\/principal\/wp-content\/uploads\/2022\/01\/colectivo_accidente-e1642539886400.png?resize=350%2C200&ssl=1","width":350,"height":200,"srcset":"https:\/\/i0.wp.com\/www.hoymercedes.com.ar\/principal\/wp-content\/uploads\/2022\/01\/colectivo_accidente-e1642539886400.png?resize=350%2C200&ssl=1 1x, https:\/\/i0.wp.com\/www.hoymercedes.com.ar\/principal\/wp-content\/uploads\/2022\/01\/colectivo_accidente-e1642539886400.png?resize=525%2C300&ssl=1 1.5x, https:\/\/i0.wp.com\/www.hoymercedes.com.ar\/principal\/wp-content\/uploads\/2022\/01\/colectivo_accidente-e1642539886400.png?resize=700%2C400&ssl=1 2x"},"classes":[]},{"id":109086,"url":"https:\/\/www.hoymercedes.com.ar\/principal\/2020\/04\/06\/ruta-7-un-fallecido-en-siniestro-vial-entre-s-a-de-giles-y-c-de-areco\/","url_meta":{"origin":126318,"position":1},"title":"Ruta 7: un fallecido en siniestro vial entre S.A. de Giles y C. de Areco","author":"hoymercedes","date":"6 abril, 2020","format":false,"excerpt":"Promediando la tarde de este lunes 6 de abril, se produjo un siniestro vial en la Ruta Nacional N\u00b0 7 que se cobr\u00f3 la vida de una persona. Entre San Andr\u00e9s de Giles y Carmen de Areco, una camioneta impact\u00f3 con la parte trasera de un cami\u00f3n. El conductor del\u2026","rel":"","context":"En \u00abPolicial\u00bb","block_context":{"text":"Policial","link":"https:\/\/www.hoymercedes.com.ar\/principal\/category\/policial\/"},"img":{"alt_text":"","src":"https:\/\/i0.wp.com\/www.hoymercedes.com.ar\/principal\/wp-content\/uploads\/2020\/04\/06-siniestro-giles.jpeg?resize=350%2C200&ssl=1","width":350,"height":200,"srcset":"https:\/\/i0.wp.com\/www.hoymercedes.com.ar\/principal\/wp-content\/uploads\/2020\/04\/06-siniestro-giles.jpeg?resize=350%2C200&ssl=1 1x, https:\/\/i0.wp.com\/www.hoymercedes.com.ar\/principal\/wp-content\/uploads\/2020\/04\/06-siniestro-giles.jpeg?resize=525%2C300&ssl=1 1.5x"},"classes":[]},{"id":119649,"url":"https:\/\/www.hoymercedes.com.ar\/principal\/2020\/11\/05\/fallece-un-joven-en-la-autovia-7\/","url_meta":{"origin":126318,"position":2},"title":"Fallece un joven en la Autov\u00eda 7","author":"Clarisa Altieri","date":"5 noviembre, 2020","format":false,"excerpt":"En la tarde del jueves se produjo un accidente en la Autov\u00eda 7 a la altura del puente peatonal. Un Volswagen Vento transitaba en direcci\u00f3n a Carmen de Areco y embisti\u00f3 a una bicicleta que cruzaba la autopista. Lamentablemente, el joven de 17 a\u00f1os que se trasladaba en bici perdi\u00f3\u2026","rel":"","context":"En \u00abPolicial\u00bb","block_context":{"text":"Policial","link":"https:\/\/www.hoymercedes.com.ar\/principal\/category\/policial\/"},"img":{"alt_text":"","src":"https:\/\/i0.wp.com\/www.hoymercedes.com.ar\/principal\/wp-content\/uploads\/2020\/11\/Diseno-sin-titulo-4.png?resize=350%2C200&ssl=1","width":350,"height":200,"srcset":"https:\/\/i0.wp.com\/www.hoymercedes.com.ar\/principal\/wp-content\/uploads\/2020\/11\/Diseno-sin-titulo-4.png?resize=350%2C200&ssl=1 1x, https:\/\/i0.wp.com\/www.hoymercedes.com.ar\/principal\/wp-content\/uploads\/2020\/11\/Diseno-sin-titulo-4.png?resize=525%2C300&ssl=1 1.5x, https:\/\/i0.wp.com\/www.hoymercedes.com.ar\/principal\/wp-content\/uploads\/2020\/11\/Diseno-sin-titulo-4.png?resize=700%2C400&ssl=1 2x"},"classes":[]},{"id":143034,"url":"https:\/\/www.hoymercedes.com.ar\/principal\/2022\/01\/24\/intentaron-liberar-a-un-preso-en-c-de-areco-y-fueron-detenidos-en-el-peaje-de-s-a-de-giles\/","url_meta":{"origin":126318,"position":3},"title":"Intentaron liberar a un preso en C. de Areco y fueron detenidos en el peaje de S.A. de Giles","author":"hoymercedes","date":"24 enero, 2022","format":false,"excerpt":"Este lunes, una banda delictiva intent\u00f3 liberar a un preso que se encontraba en la comisar\u00eda de Carmen de Areco. El hecho fue desarticulado por la Polic\u00eda Bonaerense cuando los encontraron en el peaje de la Ruta N\u00b0 7 en San Andr\u00e9s de Giles. Seg\u00fan contaron fuentes oficiales a\u00a0Infociudad, el\u2026","rel":"","context":"En \u00abPolicial\u00bb","block_context":{"text":"Policial","link":"https:\/\/www.hoymercedes.com.ar\/principal\/category\/policial\/"},"img":{"alt_text":"","src":"https:\/\/i0.wp.com\/www.hoymercedes.com.ar\/principal\/wp-content\/uploads\/2022\/01\/policial-giles-1.jpeg?resize=350%2C200&ssl=1","width":350,"height":200,"srcset":"https:\/\/i0.wp.com\/www.hoymercedes.com.ar\/principal\/wp-content\/uploads\/2022\/01\/policial-giles-1.jpeg?resize=350%2C200&ssl=1 1x, https:\/\/i0.wp.com\/www.hoymercedes.com.ar\/principal\/wp-content\/uploads\/2022\/01\/policial-giles-1.jpeg?resize=525%2C300&ssl=1 1.5x, https:\/\/i0.wp.com\/www.hoymercedes.com.ar\/principal\/wp-content\/uploads\/2022\/01\/policial-giles-1.jpeg?resize=700%2C400&ssl=1 2x, https:\/\/i0.wp.com\/www.hoymercedes.com.ar\/principal\/wp-content\/uploads\/2022\/01\/policial-giles-1.jpeg?resize=1050%2C600&ssl=1 3x, https:\/\/i0.wp.com\/www.hoymercedes.com.ar\/principal\/wp-content\/uploads\/2022\/01\/policial-giles-1.jpeg?resize=1400%2C800&ssl=1 4x"},"classes":[]},{"id":150262,"url":"https:\/\/www.hoymercedes.com.ar\/principal\/2022\/07\/04\/ajedrez-tercera-ronda-en-san-andres-de-giles\/","url_meta":{"origin":126318,"position":4},"title":"Ajedrez: Tercera ronda en San Andr\u00e9s de Giles\u00a0","author":"hoymercedes","date":"4 julio, 2022","format":false,"excerpt":"Ajedrez: Tercera ronda en San Andr\u00e9s de Giles, El mercedino Facundo Mazzochi encabeza el certamen junto al local Sebasti\u00e1n Rocha","rel":"","context":"En \u00abDeportes\u00bb","block_context":{"text":"Deportes","link":"https:\/\/www.hoymercedes.com.ar\/principal\/category\/deportes\/"},"img":{"alt_text":"","src":"https:\/\/i0.wp.com\/www.hoymercedes.com.ar\/principal\/wp-content\/uploads\/2022\/07\/ajedrez-0407.jpeg?resize=350%2C200&ssl=1","width":350,"height":200,"srcset":"https:\/\/i0.wp.com\/www.hoymercedes.com.ar\/principal\/wp-content\/uploads\/2022\/07\/ajedrez-0407.jpeg?resize=350%2C200&ssl=1 1x, https:\/\/i0.wp.com\/www.hoymercedes.com.ar\/principal\/wp-content\/uploads\/2022\/07\/ajedrez-0407.jpeg?resize=525%2C300&ssl=1 1.5x, https:\/\/i0.wp.com\/www.hoymercedes.com.ar\/principal\/wp-content\/uploads\/2022\/07\/ajedrez-0407.jpeg?resize=700%2C400&ssl=1 2x"},"classes":[]},{"id":190319,"url":"https:\/\/www.hoymercedes.com.ar\/principal\/2025\/12\/18\/mercedinos-a-las-pinas-en-san-andres-de-giles-video\/","url_meta":{"origin":126318,"position":5},"title":"Mercedinos a las pi\u00f1as en San Andr\u00e9s de Giles (Video)","author":"hoymercedes","date":"18 diciembre, 2025","format":false,"excerpt":"Ver esta publicaci\u00f3n en Instagram Una publicaci\u00f3n compartida por HoyMercedes (@hoymercedes) Hace casi una semana sucedi\u00f3 el grav\u00edsimo acontecimiento. J\u00f3venes de San Andr\u00e9s de Giles, Mercedes y San Antonio de Areco protagonizaron una pelea de importantes dimensiones a la salida de un boliche. Fue el comisario Cristian Racazano de la\u2026","rel":"","context":"En \u00abSociedad\u00bb","block_context":{"text":"Sociedad","link":"https:\/\/www.hoymercedes.com.ar\/principal\/category\/sociedad\/"},"img":{"alt_text":"Pelea en Giles","src":"https:\/\/i0.wp.com\/www.hoymercedes.com.ar\/principal\/wp-content\/uploads\/2025\/12\/Captura-de-pantalla-2025-12-18-210909.png?resize=350%2C200&ssl=1","width":350,"height":200},"classes":[]}],"_links":{"self":[{"href":"https:\/\/www.hoymercedes.com.ar\/principal\/wp-json\/wp\/v2\/posts\/126318","targetHints":{"allow":["GET"]}}],"collection":[{"href":"https:\/\/www.hoymercedes.com.ar\/principal\/wp-json\/wp\/v2\/posts"}],"about":[{"href":"https:\/\/www.hoymercedes.com.ar\/principal\/wp-json\/wp\/v2\/types\/post"}],"author":[{"embeddable":true,"href":"https:\/\/www.hoymercedes.com.ar\/principal\/wp-json\/wp\/v2\/users\/1"}],"replies":[{"embeddable":true,"href":"https:\/\/www.hoymercedes.com.ar\/principal\/wp-json\/wp\/v2\/comments?post=126318"}],"version-history":[{"count":0,"href":"https:\/\/www.hoymercedes.com.ar\/principal\/wp-json\/wp\/v2\/posts\/126318\/revisions"}],"wp:featuredmedia":[{"embeddable":true,"href":"https:\/\/www.hoymercedes.com.ar\/principal\/wp-json\/wp\/v2\/media\/126319"}],"wp:attachment":[{"href":"https:\/\/www.hoymercedes.com.ar\/principal\/wp-json\/wp\/v2\/media?parent=126318"}],"wp:term":[{"taxonomy":"category","embeddable":true,"href":"https:\/\/www.hoymercedes.com.ar\/principal\/wp-json\/wp\/v2\/categories?post=126318"},{"taxonomy":"post_tag","embeddable":true,"href":"https:\/\/www.hoymercedes.com.ar\/principal\/wp-json\/wp\/v2\/tags?post=126318"}],"curies":[{"name":"wp","href":"https:\/\/api.w.org\/{rel}","templated":true}]}}