{"id":126335,"date":"2021-03-16T09:22:00","date_gmt":"2021-03-16T12:22:00","guid":{"rendered":"http:\/\/www.hoymercedes.com.ar\/principal\/?p=126335"},"modified":"2021-03-16T10:30:44","modified_gmt":"2021-03-16T13:30:44","slug":"municipio-realiza-trabajos-de-entoscado-cuneteo-y-piedras-a-los-caminos-rurales","status":"publish","type":"post","link":"https:\/\/www.hoymercedes.com.ar\/principal\/2021\/03\/16\/municipio-realiza-trabajos-de-entoscado-cuneteo-y-piedras-a-los-caminos-rurales\/","title":{"rendered":"Municipio realiza trabajos de entoscado, cuneteo y piedras a los caminos rurales"},"content":{"rendered":"\n<p>Por Prensa Municipal &#8211; La Municipalidad de Mercedes est\u00e1 llevando adelante una gran obra, previamente planificada, que tiene como finalidad mejorar la transitabilidad en caminos rurales que llegan a las escuelas.<\/p>\n\n\n\n<div class=\"wp-block-image\"><figure class=\"aligncenter size-large\"><img loading=\"lazy\" decoding=\"async\" width=\"800\" height=\"533\" data-attachment-id=\"126336\" data-permalink=\"https:\/\/www.hoymercedes.com.ar\/principal\/2021\/03\/16\/municipio-realiza-trabajos-de-entoscado-cuneteo-y-piedras-a-los-caminos-rurales\/16-caminos-rurales\/#main\" data-orig-file=\"https:\/\/www.hoymercedes.com.ar\/principal\/wp-content\/uploads\/2021\/03\/16-caminos-rurales.jpeg\" data-orig-size=\"800,533\" data-comments-opened=\"0\" data-image-meta=\"{&quot;aperture&quot;:&quot;0&quot;,&quot;credit&quot;:&quot;&quot;,&quot;camera&quot;:&quot;&quot;,&quot;caption&quot;:&quot;&quot;,&quot;created_timestamp&quot;:&quot;0&quot;,&quot;copyright&quot;:&quot;&quot;,&quot;focal_length&quot;:&quot;0&quot;,&quot;iso&quot;:&quot;0&quot;,&quot;shutter_speed&quot;:&quot;0&quot;,&quot;title&quot;:&quot;&quot;,&quot;orientation&quot;:&quot;0&quot;}\" data-image-title=\"16 caminos rurales\" data-image-description=\"\" data-image-caption=\"\" data-large-file=\"https:\/\/www.hoymercedes.com.ar\/principal\/wp-content\/uploads\/2021\/03\/16-caminos-rurales.jpeg\" src=\"https:\/\/www.hoymercedes.com.ar\/principal\/wp-content\/uploads\/2021\/03\/16-caminos-rurales.jpeg\" alt=\"\" class=\"wp-image-126336\" srcset=\"https:\/\/www.hoymercedes.com.ar\/principal\/wp-content\/uploads\/2021\/03\/16-caminos-rurales.jpeg 800w, https:\/\/www.hoymercedes.com.ar\/principal\/wp-content\/uploads\/2021\/03\/16-caminos-rurales-630x420.jpeg 630w, https:\/\/www.hoymercedes.com.ar\/principal\/wp-content\/uploads\/2021\/03\/16-caminos-rurales-150x100.jpeg 150w, https:\/\/www.hoymercedes.com.ar\/principal\/wp-content\/uploads\/2021\/03\/16-caminos-rurales-700x465.jpeg 700w\" sizes=\"auto, (max-width: 800px) 100vw, 800px\" \/><\/figure><\/div>\n\n\n\n<p>La prioridad de la gesti\u00f3n de Juan Ustarroz es la educaci\u00f3n. Una de las formas de lograr este cometido es generar una igualdad de oportunidades a quienes tienen un dif\u00edcil acceso a sus establecimientos educativos.<\/p>\n\n\n\n<p>Este es el caso puntual de las escuelas rurales del partido, que en muchas ocasiones sus alumnos y familias tienen inconvenientes para llegar debido al estado de los caminos. Ustarroz tom\u00f3 nota de esta situaci\u00f3n y articul\u00f3 con un programa llamado FIM de Naci\u00f3n y que tiene su ejecuci\u00f3n en manos de Luis Ponce, subsecretario de Servicios P\u00fablicos.<\/p>\n\n\n\n<p>\u201cSe trata de un plan de mejoras de caminos rurales que conecten a escuelas. Son recursos econ\u00f3micos que aporta el municipio y es luego reintegrado por el programa FIM del \u00a0Ministerio de Infraestructura de Naci\u00f3n\u201d, cont\u00f3 Ponce sobre la obra que se empez\u00f3 a concretar.En esta semana se empezaron los trabajos de cuneteo, entoscado y colocaci\u00f3n de piedras en la calle 4 desde la 91 hasta la entrada de la Primaria  N\u00b0 14.  <\/p>\n\n\n\n<p>Se trata de una medida excepcional que se concret\u00f3 con la mano de obra del equipo vial de la Subsecretar\u00eda de Servicios P\u00fablicos. \u201cEsto se da gracias a las gestiones de nuestro intendente y del vecino y ministro De Pedro. Adem\u00e1s del buen v\u00ednculo que tenemos con el ministro de Infraestructura, Gabriel Katopodis\u201d, agreg\u00f3 Luis Ponce. <\/p>\n\n\n\n<p>\u201cEste programa tiene tres etapas de concreci\u00f3n: una es el camino que llega a la Escuela 14 y luego vendr\u00e1n dos m\u00e1s. Una de ellas ser\u00e1 el acceso a la Escuela Agraria N\u00b0 1 y la escuela Sol de Invierno y la otra es la llegada a la Escuela 21\u201d, afirm\u00f3 el funcionario municipal.<\/p>\n","protected":false},"excerpt":{"rendered":"<p>Por Prensa Municipal &#8211; La Municipalidad de Mercedes est\u00e1 llevando adelante una gran obra, previamente planificada, que tiene como finalidad &#8230; <a title=\"Municipio realiza trabajos de entoscado, cuneteo y piedras a los caminos rurales\" class=\"read-more\" href=\"https:\/\/www.hoymercedes.com.ar\/principal\/2021\/03\/16\/municipio-realiza-trabajos-de-entoscado-cuneteo-y-piedras-a-los-caminos-rurales\/\" aria-label=\"Leer m\u00e1s sobre Municipio realiza trabajos de entoscado, cuneteo y piedras a los caminos rurales\">Leer m\u00e1s<\/a><\/p>\n","protected":false},"author":1,"featured_media":126336,"comment_status":"closed","ping_status":"open","sticky":false,"template":"","format":"standard","meta":{"_monsterinsights_skip_tracking":false,"_monsterinsights_sitenote_active":false,"_monsterinsights_sitenote_note":"","_monsterinsights_sitenote_category":0,"jetpack_post_was_ever_published":false,"_jetpack_newsletter_access":"","_jetpack_dont_email_post_to_subs":false,"_jetpack_newsletter_tier_id":0,"_jetpack_memberships_contains_paywalled_content":false,"_jetpack_memberships_contains_paid_content":false,"footnotes":"","jetpack_publicize_message":"","jetpack_publicize_feature_enabled":true,"jetpack_social_post_already_shared":true,"jetpack_social_options":{"image_generator_settings":{"template":"highway","default_image_id":0,"font":"","enabled":false},"version":2},"_wpas_customize_per_network":false},"categories":[30],"tags":[],"class_list":["post-126335","post","type-post","status-publish","format-standard","has-post-thumbnail","hentry","category-municipio","generate-columns","tablet-grid-50","mobile-grid-100","grid-parent","grid-50"],"jetpack_publicize_connections":[],"jetpack_featured_media_url":"https:\/\/www.hoymercedes.com.ar\/principal\/wp-content\/uploads\/2021\/03\/16-caminos-rurales.jpeg","wps_subtitle":"","jetpack_sharing_enabled":true,"_links":{"self":[{"href":"https:\/\/www.hoymercedes.com.ar\/principal\/wp-json\/wp\/v2\/posts\/126335","targetHints":{"allow":["GET"]}}],"collection":[{"href":"https:\/\/www.hoymercedes.com.ar\/principal\/wp-json\/wp\/v2\/posts"}],"about":[{"href":"https:\/\/www.hoymercedes.com.ar\/principal\/wp-json\/wp\/v2\/types\/post"}],"author":[{"embeddable":true,"href":"https:\/\/www.hoymercedes.com.ar\/principal\/wp-json\/wp\/v2\/users\/1"}],"replies":[{"embeddable":true,"href":"https:\/\/www.hoymercedes.com.ar\/principal\/wp-json\/wp\/v2\/comments?post=126335"}],"version-history":[{"count":0,"href":"https:\/\/www.hoymercedes.com.ar\/principal\/wp-json\/wp\/v2\/posts\/126335\/revisions"}],"wp:featuredmedia":[{"embeddable":true,"href":"https:\/\/www.hoymercedes.com.ar\/principal\/wp-json\/wp\/v2\/media\/126336"}],"wp:attachment":[{"href":"https:\/\/www.hoymercedes.com.ar\/principal\/wp-json\/wp\/v2\/media?parent=126335"}],"wp:term":[{"taxonomy":"category","embeddable":true,"href":"https:\/\/www.hoymercedes.com.ar\/principal\/wp-json\/wp\/v2\/categories?post=126335"},{"taxonomy":"post_tag","embeddable":true,"href":"https:\/\/www.hoymercedes.com.ar\/principal\/wp-json\/wp\/v2\/tags?post=126335"}],"curies":[{"name":"wp","href":"https:\/\/api.w.org\/{rel}","templated":true}]}}