{"id":126338,"date":"2021-03-16T12:28:00","date_gmt":"2021-03-16T15:28:00","guid":{"rendered":"https:\/\/www.hoymercedes.com.ar\/principal\/?p=126338"},"modified":"2021-03-16T13:39:29","modified_gmt":"2021-03-16T16:39:29","slug":"chacabuco-cansada-del-maltrato-prendio-fuego-a-su-pareja","status":"publish","type":"post","link":"https:\/\/www.hoymercedes.com.ar\/principal\/2021\/03\/16\/chacabuco-cansada-del-maltrato-prendio-fuego-a-su-pareja\/","title":{"rendered":"Chacabuco: Cansada del maltrato, prendi\u00f3 fuego a su pareja"},"content":{"rendered":"\n<p>En la localidad bonaerense de Chacabuco, una mujer, cansada de los malos tratos de su pareja, lo roci\u00f3 con alcohol y lo prendi\u00f3 fuego. Por el hecho, la v\u00edctima sufri\u00f3 graves quemaduras, pero ninguna puso en riesgo su vida.<\/p>\n\n\n\n<p>\u00abSe lo merece, es una porquer\u00eda\u00bb, dijo la hija de la mujer (38) que tom\u00f3 justicia por mano propia ante su maltratador (43).<\/p>\n\n\n\n<p>Cabe destacar que al dar intervenci\u00f3n al 911, la mujer ten\u00eda heridas en los brazos y hematomas de car\u00e1cter leve, lo que podr\u00eda ser indicio de los maltratos que le inflig\u00eda el hombre que fue asistido m\u00e9dicamente.<\/p>\n\n\n\n<p>Seg\u00fan los relatos de los vecinos, el hecho se habr\u00eda dado tras una fuerte discusi\u00f3n de pareja, de la que fue alertada la polic\u00eda local con un llamado al 911.<\/p>\n\n\n\n<p>\u00abNadie cuenta lo que en realidad fue, todos preocupados por \u00e9l, pero mi vieja se canso de tanto maltrato, se lo merece es una porquer\u00eda, capaz que \u00e9l tenia que matarla para que cuenten la verdad. Si nadie hace nada lo vamos hacer nosotros!\u00bb, dijo la hija de la mujer, Yami Mart\u00ednez, en las redes sociales.<\/p>\n\n\n\n<p>Caber destacar que la justicia ya trabaja en el esclarecimiento del hecho, siendo la UFI N\u00ba11 de Jun\u00edn, la encargada de la investigaci\u00f3n del hecho<\/p>\n\n\n\n<p>Fuente: Redacci\u00f3n GLP<\/p>\n","protected":false},"excerpt":{"rendered":"<p>En la localidad bonaerense de Chacabuco, una mujer, cansada de los malos tratos de su pareja, lo roci\u00f3 con alcohol &#8230; <a title=\"Chacabuco: Cansada del maltrato, prendi\u00f3 fuego a su pareja\" class=\"read-more\" href=\"https:\/\/www.hoymercedes.com.ar\/principal\/2021\/03\/16\/chacabuco-cansada-del-maltrato-prendio-fuego-a-su-pareja\/\" aria-label=\"Leer m\u00e1s sobre Chacabuco: Cansada del maltrato, prendi\u00f3 fuego a su pareja\">Leer m\u00e1s<\/a><\/p>\n","protected":false},"author":1,"featured_media":126339,"comment_status":"closed","ping_status":"open","sticky":false,"template":"","format":"standard","meta":{"_monsterinsights_skip_tracking":false,"_monsterinsights_sitenote_active":false,"_monsterinsights_sitenote_note":"","_monsterinsights_sitenote_category":0,"jetpack_post_was_ever_published":false,"_jetpack_newsletter_access":"","_jetpack_dont_email_post_to_subs":false,"_jetpack_newsletter_tier_id":0,"_jetpack_memberships_contains_paywalled_content":false,"_jetpack_memberships_contains_paid_content":false,"footnotes":"","jetpack_publicize_message":"","jetpack_publicize_feature_enabled":true,"jetpack_social_post_already_shared":true,"jetpack_social_options":{"image_generator_settings":{"template":"highway","default_image_id":0,"font":"","enabled":false},"version":2},"_wpas_customize_per_network":false},"categories":[85],"tags":[96,16012],"class_list":["post-126338","post","type-post","status-publish","format-standard","has-post-thumbnail","hentry","category-policial","tag-policial-2","tag-violencia-de-genero-2","generate-columns","tablet-grid-50","mobile-grid-100","grid-parent","grid-50"],"jetpack_publicize_connections":[],"jetpack_featured_media_url":"https:\/\/www.hoymercedes.com.ar\/principal\/wp-content\/uploads\/2021\/03\/16-chacabuco.png","wps_subtitle":"Informaci\u00f3n regional","jetpack_sharing_enabled":true,"jetpack-related-posts":[{"id":177530,"url":"https:\/\/www.hoymercedes.com.ar\/principal\/2024\/07\/28\/lujan-rocio-con-nafta-y-quiso-quemar-a-su-pareja\/","url_meta":{"origin":126338,"position":0},"title":"Luj\u00e1n: roci\u00f3 con nafta y quiso quemar a su pareja","author":"hoymercedes","date":"28 julio, 2024","format":false,"excerpt":"Un hombre fue detenido tras el grav\u00edsimo hecho. Interviene la Comisar\u00eda de la Mujer de la vecina localidad. Fue en el barrio Ameghino y el detenido tiene 45 a\u00f1os de edad. Seg\u00fan se supo, el violento acontecimiento incluy\u00f3 que el agresor rociara con nafta a una mujer de 31 a\u00f1os\u2026","rel":"","context":"En \u00abPolicial\u00bb","block_context":{"text":"Policial","link":"https:\/\/www.hoymercedes.com.ar\/principal\/category\/policial\/"},"img":{"alt_text":"Luj\u00e1n: roci\u00f3 con nafta y quiso quemar a su pareja","src":"https:\/\/i0.wp.com\/www.hoymercedes.com.ar\/principal\/wp-content\/uploads\/2024\/07\/Detenido-ViolenciadeGenero-Lujan.jpg?resize=350%2C200&ssl=1","width":350,"height":200,"srcset":"https:\/\/i0.wp.com\/www.hoymercedes.com.ar\/principal\/wp-content\/uploads\/2024\/07\/Detenido-ViolenciadeGenero-Lujan.jpg?resize=350%2C200&ssl=1 1x, https:\/\/i0.wp.com\/www.hoymercedes.com.ar\/principal\/wp-content\/uploads\/2024\/07\/Detenido-ViolenciadeGenero-Lujan.jpg?resize=525%2C300&ssl=1 1.5x, https:\/\/i0.wp.com\/www.hoymercedes.com.ar\/principal\/wp-content\/uploads\/2024\/07\/Detenido-ViolenciadeGenero-Lujan.jpg?resize=700%2C400&ssl=1 2x"},"classes":[]},{"id":172369,"url":"https:\/\/www.hoymercedes.com.ar\/principal\/2024\/01\/31\/prendio-fuego-un-contenedor-y-fue-detenido\/","url_meta":{"origin":126338,"position":1},"title":"Prendi\u00f3 fuego un contenedor y fue detenido","author":"hoymercedes","date":"31 enero, 2024","format":false,"excerpt":"Un hombre de 35 a\u00f1os de edad cometi\u00f3 un acto de vandalismo peligroso al prender fuego uno de los contenedores ubicados en el radio c\u00e9ntrico. El sujeto domiciliado en nuestra localidad intent\u00f3 hacer el acto de destrucci\u00f3n de bien p\u00fablico en calle 27 entre 26 y 28 donde fue observado\u2026","rel":"","context":"En \u00abPolicial\u00bb","block_context":{"text":"Policial","link":"https:\/\/www.hoymercedes.com.ar\/principal\/category\/policial\/"},"img":{"alt_text":"Prendi\u00f3 fuego un contenedor en Mercedes y termin\u00f3 detenido","src":"https:\/\/i0.wp.com\/www.hoymercedes.com.ar\/principal\/wp-content\/uploads\/2024\/01\/PrendioFuego-1.jpeg?resize=350%2C200&ssl=1","width":350,"height":200,"srcset":"https:\/\/i0.wp.com\/www.hoymercedes.com.ar\/principal\/wp-content\/uploads\/2024\/01\/PrendioFuego-1.jpeg?resize=350%2C200&ssl=1 1x, https:\/\/i0.wp.com\/www.hoymercedes.com.ar\/principal\/wp-content\/uploads\/2024\/01\/PrendioFuego-1.jpeg?resize=525%2C300&ssl=1 1.5x, https:\/\/i0.wp.com\/www.hoymercedes.com.ar\/principal\/wp-content\/uploads\/2024\/01\/PrendioFuego-1.jpeg?resize=700%2C400&ssl=1 2x"},"classes":[]},{"id":157809,"url":"https:\/\/www.hoymercedes.com.ar\/principal\/2023\/01\/30\/hombre-detenido-por-intento-de-femicidio\/","url_meta":{"origin":126338,"position":2},"title":"Hombre detenido por intento de femicidio","author":"hoymercedes","date":"30 enero, 2023","format":false,"excerpt":"D\u00edas pasados fue detenido un sujeto mayor de edad, tendr\u00eda 29 a\u00f1os y ser\u00eda de Chacabuco, tras atacar a su pareja (de 27 a\u00f1os oriunda de Chivilcoy) con un arma blanca y provocarle heridas que pusieron en riesgo su vida.","rel":"","context":"En \u00abPolicial\u00bb","block_context":{"text":"Policial","link":"https:\/\/www.hoymercedes.com.ar\/principal\/category\/policial\/"},"img":{"alt_text":"","src":"https:\/\/i0.wp.com\/www.hoymercedes.com.ar\/principal\/wp-content\/uploads\/2023\/01\/2023-01-30-2.png?resize=350%2C200&ssl=1","width":350,"height":200,"srcset":"https:\/\/i0.wp.com\/www.hoymercedes.com.ar\/principal\/wp-content\/uploads\/2023\/01\/2023-01-30-2.png?resize=350%2C200&ssl=1 1x, https:\/\/i0.wp.com\/www.hoymercedes.com.ar\/principal\/wp-content\/uploads\/2023\/01\/2023-01-30-2.png?resize=525%2C300&ssl=1 1.5x"},"classes":[]},{"id":2827,"url":"https:\/\/www.hoymercedes.com.ar\/principal\/2011\/03\/16\/los-maridos-o-parejas-queman-a-las-mujeres-para-ganar-tiempo-y-cambiar-la-escena-del-crimen\/","url_meta":{"origin":126338,"position":3},"title":"Los maridos o parejas queman a las mujeres para ganar tiempo y cambiar la escena del crimen","author":"hoymercedes","date":"16 marzo, 2011","format":false,"excerpt":"Durante su visita a nuestra ciudad, la Diputada Nacional Fernanda Gil Lozano, (CC-ARI) se refiri\u00f3 adem\u00e1s del problema general de la trata de personas, a las situaciones de violencia de g\u00e9nero y especialmente ante la consulta efectuada por\u00a0 HOYMERCEDES.COM.AR acerca de las causas que imp0ulsaban a los hombres a intentar\u2026","rel":"","context":"En \u00abOpini\u00f3n\u00bb","block_context":{"text":"Opini\u00f3n","link":"https:\/\/www.hoymercedes.com.ar\/principal\/category\/opinion\/"},"img":{"alt_text":"","src":"","width":0,"height":0},"classes":[]},{"id":125581,"url":"https:\/\/www.hoymercedes.com.ar\/principal\/2021\/03\/01\/acciono-el-boton-de-panico-y-logro-detengan-a-su-ex-pareja-que-la-habia-amenazado\/","url_meta":{"origin":126338,"position":4},"title":"Accion\u00f3 el bot\u00f3n de p\u00e1nico y logr\u00f3 detengan a su ex pareja que la hab\u00eda amenazado","author":"hoymercedes","date":"1 marzo, 2021","format":false,"excerpt":"Una vecina de nuestra localidad, tras activar el bot\u00f3n de p\u00e1nico, logr\u00f3 que se detenga a su ex pareja que la hab\u00eda amenazado con matarla y prenderle fuego la vivienda. Ahora el hombre est\u00e1 detenido por incumplimiento de la orden judicial. La situaci\u00f3n demand\u00f3 la intervenci\u00f3n de la Comisar\u00eda de\u2026","rel":"","context":"En \u00abPolicial\u00bb","block_context":{"text":"Policial","link":"https:\/\/www.hoymercedes.com.ar\/principal\/category\/policial\/"},"img":{"alt_text":"","src":"https:\/\/i0.wp.com\/www.hoymercedes.com.ar\/principal\/wp-content\/uploads\/2019\/12\/28-policial-moreno.jpg?resize=350%2C200&ssl=1","width":350,"height":200,"srcset":"https:\/\/i0.wp.com\/www.hoymercedes.com.ar\/principal\/wp-content\/uploads\/2019\/12\/28-policial-moreno.jpg?resize=350%2C200&ssl=1 1x, https:\/\/i0.wp.com\/www.hoymercedes.com.ar\/principal\/wp-content\/uploads\/2019\/12\/28-policial-moreno.jpg?resize=525%2C300&ssl=1 1.5x, https:\/\/i0.wp.com\/www.hoymercedes.com.ar\/principal\/wp-content\/uploads\/2019\/12\/28-policial-moreno.jpg?resize=700%2C400&ssl=1 2x"},"classes":[]},{"id":156700,"url":"https:\/\/www.hoymercedes.com.ar\/principal\/2022\/12\/19\/lujan-baleo-a-su-pareja-y-luego-se-quito-la-vida\/","url_meta":{"origin":126338,"position":5},"title":"Luj\u00e1n: bale\u00f3 a su pareja y luego se quit\u00f3 la vida","author":"hoymercedes","date":"19 diciembre, 2022","format":false,"excerpt":"Durante la noche del domingo 18 un hombre cometi\u00f3 un tr\u00e1gico hecho de violencia de g\u00e9nero al balear a su mujer y luego quitarse la vida. \u00a0Seg\u00fan se supo sucedi\u00f3 alrededor de las 21 horas en la vieja ruta 7 cerca del puesto policial del acceso al barrio Los Laureles.\u2026","rel":"","context":"En \u00abPolicial\u00bb","block_context":{"text":"Policial","link":"https:\/\/www.hoymercedes.com.ar\/principal\/category\/policial\/"},"img":{"alt_text":"","src":"https:\/\/i0.wp.com\/www.hoymercedes.com.ar\/principal\/wp-content\/uploads\/2022\/12\/Lujan-femicidio.jpg?resize=350%2C200&ssl=1","width":350,"height":200,"srcset":"https:\/\/i0.wp.com\/www.hoymercedes.com.ar\/principal\/wp-content\/uploads\/2022\/12\/Lujan-femicidio.jpg?resize=350%2C200&ssl=1 1x, https:\/\/i0.wp.com\/www.hoymercedes.com.ar\/principal\/wp-content\/uploads\/2022\/12\/Lujan-femicidio.jpg?resize=525%2C300&ssl=1 1.5x"},"classes":[]}],"_links":{"self":[{"href":"https:\/\/www.hoymercedes.com.ar\/principal\/wp-json\/wp\/v2\/posts\/126338","targetHints":{"allow":["GET"]}}],"collection":[{"href":"https:\/\/www.hoymercedes.com.ar\/principal\/wp-json\/wp\/v2\/posts"}],"about":[{"href":"https:\/\/www.hoymercedes.com.ar\/principal\/wp-json\/wp\/v2\/types\/post"}],"author":[{"embeddable":true,"href":"https:\/\/www.hoymercedes.com.ar\/principal\/wp-json\/wp\/v2\/users\/1"}],"replies":[{"embeddable":true,"href":"https:\/\/www.hoymercedes.com.ar\/principal\/wp-json\/wp\/v2\/comments?post=126338"}],"version-history":[{"count":0,"href":"https:\/\/www.hoymercedes.com.ar\/principal\/wp-json\/wp\/v2\/posts\/126338\/revisions"}],"wp:featuredmedia":[{"embeddable":true,"href":"https:\/\/www.hoymercedes.com.ar\/principal\/wp-json\/wp\/v2\/media\/126339"}],"wp:attachment":[{"href":"https:\/\/www.hoymercedes.com.ar\/principal\/wp-json\/wp\/v2\/media?parent=126338"}],"wp:term":[{"taxonomy":"category","embeddable":true,"href":"https:\/\/www.hoymercedes.com.ar\/principal\/wp-json\/wp\/v2\/categories?post=126338"},{"taxonomy":"post_tag","embeddable":true,"href":"https:\/\/www.hoymercedes.com.ar\/principal\/wp-json\/wp\/v2\/tags?post=126338"}],"curies":[{"name":"wp","href":"https:\/\/api.w.org\/{rel}","templated":true}]}}