{"id":126346,"date":"2021-03-16T14:55:55","date_gmt":"2021-03-16T17:55:55","guid":{"rendered":"https:\/\/www.hoymercedes.com.ar\/principal\/?p=126346"},"modified":"2021-03-16T14:56:01","modified_gmt":"2021-03-16T17:56:01","slug":"provincia-expreso-preocupacion-ante-aumento-de-cantidad-de-casos","status":"publish","type":"post","link":"https:\/\/www.hoymercedes.com.ar\/principal\/2021\/03\/16\/provincia-expreso-preocupacion-ante-aumento-de-cantidad-de-casos\/","title":{"rendered":"Provincia expres\u00f3 preocupaci\u00f3n ante aumento de cantidad de casos"},"content":{"rendered":"\n<p>El jefe de Gabinete, Carlos Bianco, y el ministro de Salud, Daniel Gollan, brindaron detalles sobre la situaci\u00f3n epidemiol\u00f3gica y sanitaria en la provincia de Buenos Aires y el esquema de fases de aislamiento y distanciamiento social, preventivo y obligatorio en los 135 distritos bonaerenses. Los funcionarios instaron a reforzar los cuidados y las medidas de prevenci\u00f3n mientras avanza el plan Buenos Aires Vacunate, que ya super\u00f3 el mill\u00f3n de aplicaciones.<\/p>\n\n\n\n<div class=\"wp-block-image\"><figure class=\"aligncenter size-large\"><img loading=\"lazy\" decoding=\"async\" width=\"800\" height=\"532\" data-attachment-id=\"126347\" data-permalink=\"https:\/\/www.hoymercedes.com.ar\/principal\/2021\/03\/16\/provincia-expreso-preocupacion-ante-aumento-de-cantidad-de-casos\/2021_03_16_cb_conferencia-de-prensa-saludsge_1568\/#main\" data-orig-file=\"https:\/\/www.hoymercedes.com.ar\/principal\/wp-content\/uploads\/2021\/03\/2021_03_16_CB_Conferencia-de-prensa-SaludSGE_1568.jpg\" data-orig-size=\"800,532\" data-comments-opened=\"0\" data-image-meta=\"{&quot;aperture&quot;:&quot;0&quot;,&quot;credit&quot;:&quot;&quot;,&quot;camera&quot;:&quot;&quot;,&quot;caption&quot;:&quot;&quot;,&quot;created_timestamp&quot;:&quot;1615885983&quot;,&quot;copyright&quot;:&quot;&quot;,&quot;focal_length&quot;:&quot;0&quot;,&quot;iso&quot;:&quot;0&quot;,&quot;shutter_speed&quot;:&quot;0&quot;,&quot;title&quot;:&quot;&quot;,&quot;orientation&quot;:&quot;0&quot;}\" data-image-title=\"2021_03_16_CB_Conferencia de prensa SaludSGE_1568\" data-image-description=\"\" data-image-caption=\"\" data-large-file=\"https:\/\/www.hoymercedes.com.ar\/principal\/wp-content\/uploads\/2021\/03\/2021_03_16_CB_Conferencia-de-prensa-SaludSGE_1568.jpg\" src=\"https:\/\/www.hoymercedes.com.ar\/principal\/wp-content\/uploads\/2021\/03\/2021_03_16_CB_Conferencia-de-prensa-SaludSGE_1568.jpg\" alt=\"\" class=\"wp-image-126347\" srcset=\"https:\/\/www.hoymercedes.com.ar\/principal\/wp-content\/uploads\/2021\/03\/2021_03_16_CB_Conferencia-de-prensa-SaludSGE_1568.jpg 800w, https:\/\/www.hoymercedes.com.ar\/principal\/wp-content\/uploads\/2021\/03\/2021_03_16_CB_Conferencia-de-prensa-SaludSGE_1568-630x419.jpg 630w, https:\/\/www.hoymercedes.com.ar\/principal\/wp-content\/uploads\/2021\/03\/2021_03_16_CB_Conferencia-de-prensa-SaludSGE_1568-150x100.jpg 150w, https:\/\/www.hoymercedes.com.ar\/principal\/wp-content\/uploads\/2021\/03\/2021_03_16_CB_Conferencia-de-prensa-SaludSGE_1568-700x465.jpg 700w\" sizes=\"auto, (max-width: 800px) 100vw, 800px\" \/><\/figure><\/div>\n\n\n\n<p>En la conferencia de prensa realizada en el Sal\u00f3n Dorado de la Gobernaci\u00f3n bonaerense, el ministro Gollan indic\u00f3 que en la \u00faltima semana se registr\u00f3 un nuevo aumento en la cantidad de casos, que se ubicaron en un promedio diario de 2.763 (frente a los 2.594 de la semana previa). <\/p>\n\n\n\n<p>Gollan explic\u00f3 que en las \u00faltimas dos semanas se produjo un incremento sostenido en el \u00c1rea Metropolitana de Buenos Aires (AMBA) y se\u00f1al\u00f3 la preocupaci\u00f3n por que el aumento se traslade en las pr\u00f3ximas semanas al interior de la provincia. Si bien por ahora el nivel de ocupaci\u00f3n de camas de cuidados intensivos se mantiene estable, \u201ces necesario recordar que el aumento de casos repercute hasta dos y tres semanas despu\u00e9s en el sistema sanitario\u201d, afirm\u00f3 el ministro.<\/p>\n\n\n\n<p>En referencia al avance del plan Buenos Aires Vacunate, Gollan destac\u00f3 que se ha superado el mill\u00f3n de dosis aplicadas, de las cuales 830.704 corresponden al componente uno y 188.862 al componente dos. \u201cEsta campa\u00f1a est\u00e1 siendo muy ordenada y ejecutada de una manera excelente, no solo en cuanto a calidad, sino en cuanto a calidez\u201d, afirm\u00f3 el ministro.<\/p>\n\n\n\n<p>Por otro lado, Gollan advirti\u00f3 sobre las nuevas cepas que aparecen en pa\u00edses de la regi\u00f3n, como el caso de la conocida como \u201cManaos\u201d. El ministro se\u00f1al\u00f3 que \u201ctrabajamos fuertemente para ver c\u00f3mo se restringe al m\u00e1ximo la posibilidad de que esa cepa ingrese al territorio bonaerense\u201d. \u201cSi no cuidamos mucho todo lo que logramos y aparece una variante mucho m\u00e1s contagiosa, lo podemos llegar a perder. Trabajemos para que eso no suceda, mantengamos los cuidados, no nos podemos relajar\u201d, concluy\u00f3 Gollan.<\/p>\n\n\n\n<p>Bianco, por su parte, present\u00f3 la situaci\u00f3n del esquema de fases en la provincia: 109 municipios se encuentran en fase 4 y 26 en fase 5. El Jefe de Gabinete se refiri\u00f3, asimismo, a la reuni\u00f3n que mantuvo ayer con el presidente de la Asociaci\u00f3n del F\u00fatbol Argentino, Claudio Tapia, en la que se trat\u00f3 la posibilidad de habilitar, a partir del 1\u00b0 de abril, el f\u00fatbol federado de las ligas regionales bonaerenses, siguiendo estrictos cuidados y sin p\u00fablico. <\/p>\n\n\n\n<p><\/p>\n","protected":false},"excerpt":{"rendered":"<p>El jefe de Gabinete, Carlos Bianco, y el ministro de Salud, Daniel Gollan, brindaron detalles sobre la situaci\u00f3n epidemiol\u00f3gica y &#8230; <a title=\"Provincia expres\u00f3 preocupaci\u00f3n ante aumento de cantidad de casos\" class=\"read-more\" href=\"https:\/\/www.hoymercedes.com.ar\/principal\/2021\/03\/16\/provincia-expreso-preocupacion-ante-aumento-de-cantidad-de-casos\/\" aria-label=\"Leer m\u00e1s sobre Provincia expres\u00f3 preocupaci\u00f3n ante aumento de cantidad de casos\">Leer m\u00e1s<\/a><\/p>\n","protected":false},"author":1,"featured_media":126347,"comment_status":"closed","ping_status":"open","sticky":false,"template":"","format":"standard","meta":{"_monsterinsights_skip_tracking":false,"_monsterinsights_sitenote_active":false,"_monsterinsights_sitenote_note":"","_monsterinsights_sitenote_category":0,"jetpack_post_was_ever_published":false,"_jetpack_newsletter_access":"","_jetpack_dont_email_post_to_subs":false,"_jetpack_newsletter_tier_id":0,"_jetpack_memberships_contains_paywalled_content":false,"_jetpack_memberships_contains_paid_content":false,"footnotes":"","jetpack_publicize_message":"","jetpack_publicize_feature_enabled":true,"jetpack_social_post_already_shared":true,"jetpack_social_options":{"image_generator_settings":{"template":"highway","default_image_id":0,"font":"","enabled":false},"version":2},"_wpas_customize_per_network":false},"categories":[8881],"tags":[1803,17592],"class_list":["post-126346","post","type-post","status-publish","format-standard","has-post-thumbnail","hentry","category-provincia","tag-provincia","tag-situacion-epidemiologica-2","generate-columns","tablet-grid-50","mobile-grid-100","grid-parent","grid-50"],"jetpack_publicize_connections":[],"jetpack_featured_media_url":"https:\/\/www.hoymercedes.com.ar\/principal\/wp-content\/uploads\/2021\/03\/2021_03_16_CB_Conferencia-de-prensa-SaludSGE_1568.jpg","wps_subtitle":"Situaci\u00f3n epidemiol\u00f3gica","jetpack_sharing_enabled":true,"jetpack-related-posts":[{"id":116263,"url":"https:\/\/www.hoymercedes.com.ar\/principal\/2020\/09\/07\/bianco-y-gollan-confirman-crecimiento-de-casos-positivos-en-el-interior-de-la-provincia\/","url_meta":{"origin":126346,"position":0},"title":"Bianco y Gollan confirman crecimiento de casos positivos en el interior de la provincia","author":"hoymercedes","date":"7 septiembre, 2020","format":false,"excerpt":"En la ma\u00f1ana de este lunes, el jefe de Gabinete, Carlos Bianco, y el ministro de Salud, Daniel Gollan, brindaron detalles sobre la situaci\u00f3n epidemiol\u00f3gica en la provincia de Buenos Aires en el marco de la pandemia y el esquema de fases de aislamiento y distanciamiento social, preventivo y obligatorio\u2026","rel":"","context":"En \u00abProvincia\u00bb","block_context":{"text":"Provincia","link":"https:\/\/www.hoymercedes.com.ar\/principal\/category\/provincia\/"},"img":{"alt_text":"","src":"https:\/\/i0.wp.com\/www.hoymercedes.com.ar\/principal\/wp-content\/uploads\/2020\/09\/07-provincia-fases.jpg?resize=350%2C200&ssl=1","width":350,"height":200,"srcset":"https:\/\/i0.wp.com\/www.hoymercedes.com.ar\/principal\/wp-content\/uploads\/2020\/09\/07-provincia-fases.jpg?resize=350%2C200&ssl=1 1x, https:\/\/i0.wp.com\/www.hoymercedes.com.ar\/principal\/wp-content\/uploads\/2020\/09\/07-provincia-fases.jpg?resize=525%2C300&ssl=1 1.5x, https:\/\/i0.wp.com\/www.hoymercedes.com.ar\/principal\/wp-content\/uploads\/2020\/09\/07-provincia-fases.jpg?resize=700%2C400&ssl=1 2x"},"classes":[]},{"id":121812,"url":"https:\/\/www.hoymercedes.com.ar\/principal\/2020\/12\/15\/gollan-notamos-un-gran-relajamiento-generalizado-y-un-aumento-de-la-cantidad-de-casos\/","url_meta":{"origin":126346,"position":1},"title":"Gollan: \u00abNotamos un gran relajamiento generalizado y un aumento de la cantidad de casos","author":"hoymercedes","date":"15 diciembre, 2020","format":false,"excerpt":"Carlos Bianco y Daniel Gollan expresaron preocupaci\u00f3n por las se\u00f1ales de aumento de casos y llamaron a la responsabilidad de las y los bonaerenses para seguir cumpliendo con los cuidados necesarios. El jefe de Gabinete, Carlos Bianco, y el ministro de Salud, Daniel Gollan, brindaron informaci\u00f3n actualizada sobre la situaci\u00f3n\u2026","rel":"","context":"En \u00abProvincia\u00bb","block_context":{"text":"Provincia","link":"https:\/\/www.hoymercedes.com.ar\/principal\/category\/provincia\/"},"img":{"alt_text":"","src":"https:\/\/i0.wp.com\/www.hoymercedes.com.ar\/principal\/wp-content\/uploads\/2020\/12\/2020_12_15_Situacion-Epidemiologica_sge_5531.jpg?resize=350%2C200&ssl=1","width":350,"height":200,"srcset":"https:\/\/i0.wp.com\/www.hoymercedes.com.ar\/principal\/wp-content\/uploads\/2020\/12\/2020_12_15_Situacion-Epidemiologica_sge_5531.jpg?resize=350%2C200&ssl=1 1x, https:\/\/i0.wp.com\/www.hoymercedes.com.ar\/principal\/wp-content\/uploads\/2020\/12\/2020_12_15_Situacion-Epidemiologica_sge_5531.jpg?resize=525%2C300&ssl=1 1.5x, https:\/\/i0.wp.com\/www.hoymercedes.com.ar\/principal\/wp-content\/uploads\/2020\/12\/2020_12_15_Situacion-Epidemiologica_sge_5531.jpg?resize=700%2C400&ssl=1 2x"},"classes":[]},{"id":130307,"url":"https:\/\/www.hoymercedes.com.ar\/principal\/2021\/05\/18\/aumento-el-35-el-promedio-diario-de-casos\/","url_meta":{"origin":126346,"position":2},"title":"Aument\u00f3 el 3,5% el promedio diario de casos","author":"hoymercedes","date":"18 mayo, 2021","format":false,"excerpt":"El jefe de Gabinete de Ministros de la Provincia, Carlos Bianco, y el ministro de Salud, Daniel Gollan, brindaron en conferencia de prensa detalles sobre la situaci\u00f3n epidemiol\u00f3gica y sanitaria y el estado del esquema de fases de aislamiento y distanciamiento social, preventivo y obligatorio en los 135 municipios bonaerenses.\u2026","rel":"","context":"En \u00abProvincia\u00bb","block_context":{"text":"Provincia","link":"https:\/\/www.hoymercedes.com.ar\/principal\/category\/provincia\/"},"img":{"alt_text":"","src":"https:\/\/i0.wp.com\/www.hoymercedes.com.ar\/principal\/wp-content\/uploads\/2021\/05\/7.jpg?resize=350%2C200&ssl=1","width":350,"height":200,"srcset":"https:\/\/i0.wp.com\/www.hoymercedes.com.ar\/principal\/wp-content\/uploads\/2021\/05\/7.jpg?resize=350%2C200&ssl=1 1x, https:\/\/i0.wp.com\/www.hoymercedes.com.ar\/principal\/wp-content\/uploads\/2021\/05\/7.jpg?resize=525%2C300&ssl=1 1.5x, https:\/\/i0.wp.com\/www.hoymercedes.com.ar\/principal\/wp-content\/uploads\/2021\/05\/7.jpg?resize=700%2C400&ssl=1 2x"},"classes":[]},{"id":128116,"url":"https:\/\/www.hoymercedes.com.ar\/principal\/2021\/04\/13\/gollan-la-cantidad-de-casos-viene-en-un-ritmo-de-crecimiento-muy-fuerte\/","url_meta":{"origin":126346,"position":3},"title":"Gollan: \u201cLa cantidad de casos viene en un ritmo de crecimiento muy fuerte\u201d","author":"hoymercedes","date":"13 abril, 2021","format":false,"excerpt":"Provincia PBA - El jefe de Gabinete de Ministros de la Provincia, Carlos Bianco, y el ministro de Salud, Daniel Gollan, presentaron detalles sobre la situaci\u00f3n epidemiol\u00f3gica y sanitaria y el estado del esquema de fases de aislamiento y distanciamiento social, preventivo y obligatorio en los 135 municipios bonaerenses. Fue\u2026","rel":"","context":"En \u00abProvincia\u00bb","block_context":{"text":"Provincia","link":"https:\/\/www.hoymercedes.com.ar\/principal\/category\/provincia\/"},"img":{"alt_text":"","src":"https:\/\/i0.wp.com\/www.hoymercedes.com.ar\/principal\/wp-content\/uploads\/2021\/04\/13-provincia.jpg?resize=350%2C200&ssl=1","width":350,"height":200,"srcset":"https:\/\/i0.wp.com\/www.hoymercedes.com.ar\/principal\/wp-content\/uploads\/2021\/04\/13-provincia.jpg?resize=350%2C200&ssl=1 1x, https:\/\/i0.wp.com\/www.hoymercedes.com.ar\/principal\/wp-content\/uploads\/2021\/04\/13-provincia.jpg?resize=525%2C300&ssl=1 1.5x, https:\/\/i0.wp.com\/www.hoymercedes.com.ar\/principal\/wp-content\/uploads\/2021\/04\/13-provincia.jpg?resize=700%2C400&ssl=1 2x"},"classes":[]},{"id":118774,"url":"https:\/\/www.hoymercedes.com.ar\/principal\/2020\/10\/19\/baja-el-promedio-de-los-casos-en-la-provincia-pero-aumentan-en-el-interior\/","url_meta":{"origin":126346,"position":4},"title":"Baja el promedio de los casos en la provincia pero aumentan en el interior","author":"hoymercedes","date":"19 octubre, 2020","format":false,"excerpt":"El jefe de Gabinete, Carlos Bianco, y el ministro de Salud, Daniel Gollan, expusieron en conferencia de prensa las cifras sobre la situaci\u00f3n epidemiol\u00f3gica y sanitaria en la provincia de Buenos Aires y el esquema de fases de aislamiento y distanciamiento social, preventivo y obligatorio en los 135 distritos bonaerenses.\u2026","rel":"","context":"En \u00abProvincia\u00bb","block_context":{"text":"Provincia","link":"https:\/\/www.hoymercedes.com.ar\/principal\/category\/provincia\/"},"img":{"alt_text":"","src":"https:\/\/i0.wp.com\/www.hoymercedes.com.ar\/principal\/wp-content\/uploads\/2020\/10\/19-provincia.jpg?resize=350%2C200&ssl=1","width":350,"height":200,"srcset":"https:\/\/i0.wp.com\/www.hoymercedes.com.ar\/principal\/wp-content\/uploads\/2020\/10\/19-provincia.jpg?resize=350%2C200&ssl=1 1x, https:\/\/i0.wp.com\/www.hoymercedes.com.ar\/principal\/wp-content\/uploads\/2020\/10\/19-provincia.jpg?resize=525%2C300&ssl=1 1.5x, https:\/\/i0.wp.com\/www.hoymercedes.com.ar\/principal\/wp-content\/uploads\/2020\/10\/19-provincia.jpg?resize=700%2C400&ssl=1 2x"},"classes":[]},{"id":126031,"url":"https:\/\/www.hoymercedes.com.ar\/principal\/2021\/03\/09\/gollan-el-proceso-de-vacunacion-viene-avanzando-fuertemente-en-la-provincia\/","url_meta":{"origin":126346,"position":5},"title":"Gollan: \u201cEl proceso de vacunaci\u00f3n viene avanzando fuertemente en la provincia\u201d","author":"hoymercedes","date":"9 marzo, 2021","format":false,"excerpt":"Informaci\u00f3n oficial PBA - El ministro Daniel Gollan y el jefe de Gabinete Carlos Bianco presentaron la situaci\u00f3n epidemiol\u00f3gica y sanitaria en la provincia de Buenos Aires y el esquema de fases de aislamiento y distanciamiento social, preventivo y obligatorio en todo el territorio provincial. Fue en la habitual conferencia\u2026","rel":"","context":"En \u00abProvincia\u00bb","block_context":{"text":"Provincia","link":"https:\/\/www.hoymercedes.com.ar\/principal\/category\/provincia\/"},"img":{"alt_text":"","src":"https:\/\/i0.wp.com\/www.hoymercedes.com.ar\/principal\/wp-content\/uploads\/2021\/03\/1-1.jpg?resize=350%2C200&ssl=1","width":350,"height":200,"srcset":"https:\/\/i0.wp.com\/www.hoymercedes.com.ar\/principal\/wp-content\/uploads\/2021\/03\/1-1.jpg?resize=350%2C200&ssl=1 1x, https:\/\/i0.wp.com\/www.hoymercedes.com.ar\/principal\/wp-content\/uploads\/2021\/03\/1-1.jpg?resize=525%2C300&ssl=1 1.5x, https:\/\/i0.wp.com\/www.hoymercedes.com.ar\/principal\/wp-content\/uploads\/2021\/03\/1-1.jpg?resize=700%2C400&ssl=1 2x"},"classes":[]}],"_links":{"self":[{"href":"https:\/\/www.hoymercedes.com.ar\/principal\/wp-json\/wp\/v2\/posts\/126346","targetHints":{"allow":["GET"]}}],"collection":[{"href":"https:\/\/www.hoymercedes.com.ar\/principal\/wp-json\/wp\/v2\/posts"}],"about":[{"href":"https:\/\/www.hoymercedes.com.ar\/principal\/wp-json\/wp\/v2\/types\/post"}],"author":[{"embeddable":true,"href":"https:\/\/www.hoymercedes.com.ar\/principal\/wp-json\/wp\/v2\/users\/1"}],"replies":[{"embeddable":true,"href":"https:\/\/www.hoymercedes.com.ar\/principal\/wp-json\/wp\/v2\/comments?post=126346"}],"version-history":[{"count":0,"href":"https:\/\/www.hoymercedes.com.ar\/principal\/wp-json\/wp\/v2\/posts\/126346\/revisions"}],"wp:featuredmedia":[{"embeddable":true,"href":"https:\/\/www.hoymercedes.com.ar\/principal\/wp-json\/wp\/v2\/media\/126347"}],"wp:attachment":[{"href":"https:\/\/www.hoymercedes.com.ar\/principal\/wp-json\/wp\/v2\/media?parent=126346"}],"wp:term":[{"taxonomy":"category","embeddable":true,"href":"https:\/\/www.hoymercedes.com.ar\/principal\/wp-json\/wp\/v2\/categories?post=126346"},{"taxonomy":"post_tag","embeddable":true,"href":"https:\/\/www.hoymercedes.com.ar\/principal\/wp-json\/wp\/v2\/tags?post=126346"}],"curies":[{"name":"wp","href":"https:\/\/api.w.org\/{rel}","templated":true}]}}