{"id":126367,"date":"2021-03-16T17:03:00","date_gmt":"2021-03-16T20:03:00","guid":{"rendered":"https:\/\/www.hoymercedes.com.ar\/principal\/?p=126367"},"modified":"2021-03-16T19:07:16","modified_gmt":"2021-03-16T22:07:16","slug":"semana-por-el-dia-mundial-de-los-derechos-de-las-y-los-consumidores","status":"publish","type":"post","link":"https:\/\/www.hoymercedes.com.ar\/principal\/2021\/03\/16\/semana-por-el-dia-mundial-de-los-derechos-de-las-y-los-consumidores\/","title":{"rendered":"Semana por el D\u00eda Mundial de los Derechos de las y los Consumidores"},"content":{"rendered":"\n<p>Defensa del Consumidor estar\u00e1 realizando operativos barriales, tr\u00e1mites y controles bromatol\u00f3gicos de precios. &nbsp;<\/p>\n\n\n\n<p>El 15 de marzo se celebr\u00f3 el D\u00eda Mundial de los Derechos de las y los Consumidores. Con ese motivo, la Sub Direcci\u00f3n de Defensa del Consumidor municipal diagram\u00f3 una semana de trabajo distinta. &nbsp;<\/p>\n\n\n\n<p>Estar\u00e1n realizando operativos barriales y tr\u00e1mites vinculados al Plan B\u00e1sico Universal (telefon\u00eda fija, m\u00f3vil e internet), Tarjeta SUBE (Tarifa Social), Boleto Estudiantil Gratuito, Luz (Tarifa Social) y Becas PROGRESAR. El horario de atenci\u00f3n ser\u00e1 de 9 a 14 hs y los puntos de encuentro ser\u00e1n los siguientes: &nbsp;<\/p>\n\n\n\n<p>MARTES 16 DE MARZO \u2013 C.I.C. (calle 10 y 65) &nbsp;<\/p>\n\n\n\n<p>JUEVES 18 DE MARZO \u2013 GOWLAND (Sociedad de Fomento, calle 511 entre 504 y 506) &nbsp;<\/p>\n\n\n\n<p>VIERNES 19 DE MARZO \u2013 UNZU\u00c9 (Desarrollo Social, calle 26 esquina 47) &nbsp;<\/p>\n\n\n\n<p>Adem\u00e1s, estar\u00e1n realizando controles bromatol\u00f3gicos de precios y productos en los supermercados de la ciudad. &nbsp;<\/p>\n\n\n\n<p>Este lunes, ya hubo un operativo especial de la Sub Direcci\u00f3n de Defensa del Consumidor junto con la Defensor\u00eda Del Pueblo, la Mesa Sindical y el \u00e1rea de Bromatolog\u00eda de la Municipalidad de Mercedes. El objetivo fue garantizar el cumplimiento del Programa \u201cPrecios Cuidados\u201d en los supermercados adheridos: An\u00f3nima, Vea y D\u00eda. &nbsp;<\/p>\n\n\n\n<p>Para asesoramiento y\/o reclamos dirigirse a la calle 30 entre 29 y 27. Contactarse por tel\u00e9fono al 427645. Llamar al 147. Enviar correo electr\u00f3nico a&nbsp;<a rel=\"noreferrer noopener\" target=\"_blank\" href=\"mailto:omicmercedes@gmail.com\">omicmercedes@gmail.com<\/a>. &nbsp;<\/p>\n","protected":false},"excerpt":{"rendered":"<p>Defensa del Consumidor estar\u00e1 realizando operativos barriales, tr\u00e1mites y controles bromatol\u00f3gicos de precios. &nbsp; El 15 de marzo se celebr\u00f3 &#8230; <a title=\"Semana por el D\u00eda Mundial de los Derechos de las y los Consumidores\" class=\"read-more\" href=\"https:\/\/www.hoymercedes.com.ar\/principal\/2021\/03\/16\/semana-por-el-dia-mundial-de-los-derechos-de-las-y-los-consumidores\/\" aria-label=\"Leer m\u00e1s sobre Semana por el D\u00eda Mundial de los Derechos de las y los Consumidores\">Leer m\u00e1s<\/a><\/p>\n","protected":false},"author":1,"featured_media":126368,"comment_status":"closed","ping_status":"open","sticky":false,"template":"","format":"standard","meta":{"_monsterinsights_skip_tracking":false,"_monsterinsights_sitenote_active":false,"_monsterinsights_sitenote_note":"","_monsterinsights_sitenote_category":0,"jetpack_post_was_ever_published":false,"_jetpack_newsletter_access":"","_jetpack_dont_email_post_to_subs":false,"_jetpack_newsletter_tier_id":0,"_jetpack_memberships_contains_paywalled_content":false,"_jetpack_memberships_contains_paid_content":false,"footnotes":"","jetpack_publicize_message":"","jetpack_publicize_feature_enabled":true,"jetpack_social_post_already_shared":true,"jetpack_social_options":{"image_generator_settings":{"template":"highway","default_image_id":0,"font":"","enabled":false},"version":2},"_wpas_customize_per_network":false},"categories":[30],"tags":[],"class_list":["post-126367","post","type-post","status-publish","format-standard","has-post-thumbnail","hentry","category-municipio","generate-columns","tablet-grid-50","mobile-grid-100","grid-parent","grid-50"],"jetpack_publicize_connections":[],"jetpack_featured_media_url":"https:\/\/www.hoymercedes.com.ar\/principal\/wp-content\/uploads\/2021\/03\/161833014_1398000377244627_4644698396682661846_n.jpg","wps_subtitle":"Durante esta semana","jetpack_sharing_enabled":true,"jetpack-related-posts":[{"id":126489,"url":"https:\/\/www.hoymercedes.com.ar\/principal\/2021\/03\/18\/campana-de-concientizacion-de-derechos-al-consumidor-en-gowland\/","url_meta":{"origin":126367,"position":0},"title":"Campa\u00f1a de concientizaci\u00f3n de derechos al consumidor en Gowland","author":"hoymercedes","date":"18 marzo, 2021","format":false,"excerpt":"Por Prensa Municipal - La Subdirecci\u00f3n de Defensa del Consumidor de Mercedes estuvo realizando una jornada de trabajo este jueves por la ma\u00f1ana en la localidad de Gowland. \u00a0En la semana de los Derechos de las y los Consumidores, la subdirecci\u00f3n de Defensa del Consumidor est\u00e1 llevando acciones concretas en\u2026","rel":"","context":"En \u00abMunicipio\u00bb","block_context":{"text":"Municipio","link":"https:\/\/www.hoymercedes.com.ar\/principal\/category\/municipio\/"},"img":{"alt_text":"","src":"https:\/\/i0.wp.com\/www.hoymercedes.com.ar\/principal\/wp-content\/uploads\/2021\/03\/A1.jpeg?resize=350%2C200&ssl=1","width":350,"height":200,"srcset":"https:\/\/i0.wp.com\/www.hoymercedes.com.ar\/principal\/wp-content\/uploads\/2021\/03\/A1.jpeg?resize=350%2C200&ssl=1 1x, https:\/\/i0.wp.com\/www.hoymercedes.com.ar\/principal\/wp-content\/uploads\/2021\/03\/A1.jpeg?resize=525%2C300&ssl=1 1.5x, https:\/\/i0.wp.com\/www.hoymercedes.com.ar\/principal\/wp-content\/uploads\/2021\/03\/A1.jpeg?resize=700%2C400&ssl=1 2x"},"classes":[]},{"id":60848,"url":"https:\/\/www.hoymercedes.com.ar\/principal\/2017\/03\/19\/realizaron-campana-de-difusion-por-los-derechos-de-los-consumidores\/","url_meta":{"origin":126367,"position":1},"title":"Realizaron campa\u00f1a de difusi\u00f3n por los Derechos de los Consumidores","author":"hoymercedes","date":"19 marzo, 2017","format":false,"excerpt":"En la ma\u00f1ana del s\u00e1bado la Oficina de Defensa del Consumidor desde un puesto en la v\u00eda p\u00fablica se acerc\u00f3 a los vecinos. Mart\u00edn Boragno, su responsable y todo el equipo del OMIC estuvieron informando y atendiendo descentralizadamente a los vecinos. \u201cEl 15 de marzo fue el d\u00eda internacional de\u2026","rel":"","context":"En \u00abMunicipio\u00bb","block_context":{"text":"Municipio","link":"https:\/\/www.hoymercedes.com.ar\/principal\/category\/municipio\/"},"img":{"alt_text":"","src":"https:\/\/i0.wp.com\/www.hoymercedes.com.ar\/principal\/wp-content\/uploads\/2017\/03\/19-omic.jpg?resize=350%2C200&ssl=1","width":350,"height":200,"srcset":"https:\/\/i0.wp.com\/www.hoymercedes.com.ar\/principal\/wp-content\/uploads\/2017\/03\/19-omic.jpg?resize=350%2C200&ssl=1 1x, https:\/\/i0.wp.com\/www.hoymercedes.com.ar\/principal\/wp-content\/uploads\/2017\/03\/19-omic.jpg?resize=525%2C300&ssl=1 1.5x"},"classes":[]},{"id":52204,"url":"https:\/\/www.hoymercedes.com.ar\/principal\/2016\/07\/06\/charla-sobre-derechos-al-consumidor\/","url_meta":{"origin":126367,"position":2},"title":"Charla sobre Derechos al Consumidor","author":"hoymercedes","date":"6 julio, 2016","format":false,"excerpt":"Desde el Municipio de Mercedes\u00a0invitan a participar de la charla que se estar\u00e1 realizando sobre los Derechos de los Consumidores y Usuarios. La propuesta la organiza la Oficina Municipal de Informaci\u00f3n al Consumidor (OMIC), en el marco de la celebraci\u00f3n que la Municipalidad concretar\u00e1 este fin de semana, con motivo\u2026","rel":"","context":"En \u00abCiudad\u00bb","block_context":{"text":"Ciudad","link":"https:\/\/www.hoymercedes.com.ar\/principal\/category\/ciudad\/"},"img":{"alt_text":"","src":"","width":0,"height":0},"classes":[]},{"id":60735,"url":"https:\/\/www.hoymercedes.com.ar\/principal\/2017\/03\/16\/anticipan-la-firma-de-un-convenio-para-una-mejor-defensa-al-consumidor\/","url_meta":{"origin":126367,"position":3},"title":"Anticipan la firma de un convenio para una mejor defensa al Consumidor","author":"hoymercedes","date":"16 marzo, 2017","format":false,"excerpt":"En el marco del D\u00eda Mundial de los Derechos del Consumidor, los representantes de la OMIC Mercedes y la delegaci\u00f3n local de la Defensor\u00eda del Pueblo de la provincia de Buenos Aires participaron de una firma de convenio en la localidad de San Mart\u00edn con la intenci\u00f3n de que este\u2026","rel":"","context":"En \u00abMunicipio\u00bb","block_context":{"text":"Municipio","link":"https:\/\/www.hoymercedes.com.ar\/principal\/category\/municipio\/"},"img":{"alt_text":"","src":"https:\/\/i0.wp.com\/www.hoymercedes.com.ar\/principal\/wp-content\/uploads\/2017\/03\/15-omic-2.jpg?resize=350%2C200&ssl=1","width":350,"height":200,"srcset":"https:\/\/i0.wp.com\/www.hoymercedes.com.ar\/principal\/wp-content\/uploads\/2017\/03\/15-omic-2.jpg?resize=350%2C200&ssl=1 1x, https:\/\/i0.wp.com\/www.hoymercedes.com.ar\/principal\/wp-content\/uploads\/2017\/03\/15-omic-2.jpg?resize=525%2C300&ssl=1 1.5x"},"classes":[]},{"id":151164,"url":"https:\/\/www.hoymercedes.com.ar\/principal\/2022\/07\/25\/defensa-del-consumidor-local-colabora-en-los-tramites-para-subsidios\/","url_meta":{"origin":126367,"position":4},"title":"Defensa del Consumidor local colabora en los tr\u00e1mites para subsidios","author":"hoymercedes","date":"25 julio, 2022","format":false,"excerpt":"Desde el Municipio de Mercedes anunciaron que el \u00e1rea de Defensar del Consumidor dispuso de espacios de atenci\u00f3n a los vecinos que requieran ayuda t\u00e9cnica para hacer los tr\u00e1mites necesarios para continuar con los subsidios de luz y gas.","rel":"","context":"En \u00abSociedad\u00bb","block_context":{"text":"Sociedad","link":"https:\/\/www.hoymercedes.com.ar\/principal\/category\/sociedad\/"},"img":{"alt_text":"","src":"https:\/\/i0.wp.com\/www.hoymercedes.com.ar\/principal\/wp-content\/uploads\/2016\/02\/Eugenia-Codega-Coordinaci%C3%B3nPol%C3%ADticasJuveniles.jpg?resize=350%2C200&ssl=1","width":350,"height":200,"srcset":"https:\/\/i0.wp.com\/www.hoymercedes.com.ar\/principal\/wp-content\/uploads\/2016\/02\/Eugenia-Codega-Coordinaci%C3%B3nPol%C3%ADticasJuveniles.jpg?resize=350%2C200&ssl=1 1x, https:\/\/i0.wp.com\/www.hoymercedes.com.ar\/principal\/wp-content\/uploads\/2016\/02\/Eugenia-Codega-Coordinaci%C3%B3nPol%C3%ADticasJuveniles.jpg?resize=525%2C300&ssl=1 1.5x"},"classes":[]},{"id":56199,"url":"https:\/\/www.hoymercedes.com.ar\/principal\/2016\/10\/21\/nuevas-herramientas-para-denuncias-y-tramites-en-defensa-de-los-consumidores\/","url_meta":{"origin":126367,"position":5},"title":"Nuevas herramientas para denuncias y tr\u00e1mites en defensa de los consumidores","author":"hoymercedes","date":"21 octubre, 2016","format":false,"excerpt":"A trav\u00e9s del sitio web municipal, los vecinos podr\u00e1n denunciar el incumplimiento de la ley de defensa del consumidor o conocer el estado de sus tr\u00e1mites. Asimismo, la OMIC brind\u00f3 informaci\u00f3n estad\u00edstica del corriente a\u00f1o.\u00a0 A trav\u00e9s de un encuentro con los medios de comunicaci\u00f3n, la Municipalidad de Mercedes anunci\u00f3\u2026","rel":"","context":"En \u00abMunicipio\u00bb","block_context":{"text":"Municipio","link":"https:\/\/www.hoymercedes.com.ar\/principal\/category\/municipio\/"},"img":{"alt_text":"","src":"https:\/\/i0.wp.com\/www.hoymercedes.com.ar\/principal\/wp-content\/uploads\/2016\/10\/21-OMIC-4.jpg?resize=350%2C200&ssl=1","width":350,"height":200,"srcset":"https:\/\/i0.wp.com\/www.hoymercedes.com.ar\/principal\/wp-content\/uploads\/2016\/10\/21-OMIC-4.jpg?resize=350%2C200&ssl=1 1x, https:\/\/i0.wp.com\/www.hoymercedes.com.ar\/principal\/wp-content\/uploads\/2016\/10\/21-OMIC-4.jpg?resize=525%2C300&ssl=1 1.5x"},"classes":[]}],"_links":{"self":[{"href":"https:\/\/www.hoymercedes.com.ar\/principal\/wp-json\/wp\/v2\/posts\/126367","targetHints":{"allow":["GET"]}}],"collection":[{"href":"https:\/\/www.hoymercedes.com.ar\/principal\/wp-json\/wp\/v2\/posts"}],"about":[{"href":"https:\/\/www.hoymercedes.com.ar\/principal\/wp-json\/wp\/v2\/types\/post"}],"author":[{"embeddable":true,"href":"https:\/\/www.hoymercedes.com.ar\/principal\/wp-json\/wp\/v2\/users\/1"}],"replies":[{"embeddable":true,"href":"https:\/\/www.hoymercedes.com.ar\/principal\/wp-json\/wp\/v2\/comments?post=126367"}],"version-history":[{"count":0,"href":"https:\/\/www.hoymercedes.com.ar\/principal\/wp-json\/wp\/v2\/posts\/126367\/revisions"}],"wp:featuredmedia":[{"embeddable":true,"href":"https:\/\/www.hoymercedes.com.ar\/principal\/wp-json\/wp\/v2\/media\/126368"}],"wp:attachment":[{"href":"https:\/\/www.hoymercedes.com.ar\/principal\/wp-json\/wp\/v2\/media?parent=126367"}],"wp:term":[{"taxonomy":"category","embeddable":true,"href":"https:\/\/www.hoymercedes.com.ar\/principal\/wp-json\/wp\/v2\/categories?post=126367"},{"taxonomy":"post_tag","embeddable":true,"href":"https:\/\/www.hoymercedes.com.ar\/principal\/wp-json\/wp\/v2\/tags?post=126367"}],"curies":[{"name":"wp","href":"https:\/\/api.w.org\/{rel}","templated":true}]}}