{"id":12640,"date":"2012-05-03T12:19:06","date_gmt":"2012-05-03T12:19:06","guid":{"rendered":"http:\/\/www.hoymercedes.com.ar\/principal\/?p=12640"},"modified":"2012-05-03T12:19:06","modified_gmt":"2012-05-03T12:19:06","slug":"salomone-viaja-por-barrio-favaloro-a-encuentro-con-el-estado-nacional","status":"publish","type":"post","link":"https:\/\/www.hoymercedes.com.ar\/principal\/2012\/05\/03\/salomone-viaja-por-barrio-favaloro-a-encuentro-con-el-estado-nacional\/","title":{"rendered":"Salomone viaja por Barrio Favaloro a encuentro con el Estado Nacional"},"content":{"rendered":"<p><a href=\"https:\/\/www.hoymercedes.com.ar\/principal\/wp-content\/uploads\/2012\/05\/Salomone.jpg\"><img loading=\"lazy\" decoding=\"async\" data-attachment-id=\"12642\" data-permalink=\"https:\/\/www.hoymercedes.com.ar\/principal\/2012\/05\/03\/salomone-viaja-por-barrio-favaloro-a-encuentro-con-el-estado-nacional\/salomone-5\/#main\" data-orig-file=\"https:\/\/www.hoymercedes.com.ar\/principal\/wp-content\/uploads\/2012\/05\/Salomone.jpg\" data-orig-size=\"612,287\" data-comments-opened=\"1\" data-image-meta=\"{&quot;aperture&quot;:&quot;2.8&quot;,&quot;credit&quot;:&quot;&quot;,&quot;camera&quot;:&quot;COOLPIX L10&quot;,&quot;caption&quot;:&quot;&quot;,&quot;created_timestamp&quot;:&quot;1335684624&quot;,&quot;copyright&quot;:&quot;Copyright 2006&quot;,&quot;focal_length&quot;:&quot;6.2&quot;,&quot;iso&quot;:&quot;100&quot;,&quot;shutter_speed&quot;:&quot;0.016666666666667&quot;,&quot;title&quot;:&quot;&quot;}\" data-image-title=\"Salomone\" data-image-description=\"\" data-image-caption=\"\" data-large-file=\"https:\/\/www.hoymercedes.com.ar\/principal\/wp-content\/uploads\/2012\/05\/Salomone.jpg\" class=\"aligncenter size-full wp-image-12642\" title=\"Salomone\" src=\"https:\/\/www.hoymercedes.com.ar\/principal\/wp-content\/uploads\/2012\/05\/Salomone.jpg\" alt=\"\" width=\"612\" height=\"287\" \/><\/a><\/p>\n<p>Tal como se anunci\u00f3 la semana pasada hoy debe concurrir al Ministerio de Infraestructura y Obras el Ingeniero Gustavo Salomone para reunirse con t\u00e9cnicos del \u00e1rea viviendas. Se aguarda una soluci\u00f3n para el conflicto del Barrio Favaloro<\/p>\n<p>Tal como oficilamente se anunciara a lo largo de la \u00faltima sesi\u00f3n ordinaria del Concejo Deliberante, durante la jornada de hoy debi\u00f3 viajar a cap\u00edtal federal el Secretario de Obras de la comuna, Ingeniero Gustavo Salomone para reunirse con t\u00e9cnico de lo que nosotros conocemos como Ministerio de Obras P\u00fablicas de la Naci\u00f3n.<\/p>\n<p>Salomone respondi\u00f3 al ser consultado sobre la posibilidad concreta de destrabar el tema Barrio Favaloro<em> \u201che sido convocado para participar de una reuni\u00f3n con los responsables de la Secretar\u00eda de Viviendas de la Naci\u00f3n que depende del Ministerio que tiene a su cargo la ejecuci\u00f3n de las viviendas en el barrio Favaloro.<\/em><\/p>\n<p><em>Luego que pasara el acto eleccionario de octubre del a\u00f1o pasado comenzaron, aunque lentamente, a mejorarse las relaciones entre integrante del gobierno nacional y la Municipalidad de Mercedes y as\u00ed pudimos comenzar otra vez con las conversaciones y negociaciones para ver de que manera se pod\u00eda destrabar la situaci\u00f3n de la construcci\u00f3n de la viviendas ya comenzadas en la zona del Acceso Manuel Sanmart\u00edn y calle 132.<\/em><\/p>\n<p><em>Nosotros, es decir el municipio, present\u00f3 concretamente el 12 de diciembre del a\u00f1o pasado una propuesta ante el Ministerio para poder terminar las casas bajo nuestra supervizaci\u00f3n y control, lo cual en principio fue aceptado conla cndici\u00f3n que nosotros procedi\u00e9ramos a desafectar las empresas que estaban trabajando, en realidad no lo hac\u00edan porque las obras estaban paradas y asi se hiso.<\/em><\/p>\n<p><em>Ahora entiendo que esta citaci\u00f3n que nos hicieron es seguramente para darnos una respuesta definitiva acerca de la metodolog\u00eda que se emplear\u00e1 para poder terminar de una vez por todas dichas viviendas, en lo personal estimo que nos van a entregar los convenios nuevos para que nosotros los firmemos y as\u00ed llegar al final de la obra.<\/em><\/p>\n<p><em>Otra causa posible de la citaci\u00f3n seria explicarnos como est\u00e1 en la actualidad la situaci\u00f3n y que es lo que ellos piensan hacer, por eso es que vamos con muchas expectativas, sabemos que algo vamos a traer, lamentablemente lo que no conocemos es que nos van a otorgar.<\/em><\/p>\n<p><em>La verdad es que hay mucha bronca entre los vecinos adjudicados y porque negarlo, entre nosotros los integrantes el municipio tambi\u00e9n, as\u00ed que ojala que haya una soluci\u00f3n y que no formulen una propuesta para adoptar un camino cierto y sobre todo r\u00e1pido porque recordamos que entre idas y vueltas esto ya lleva siete a\u00f1os de espera y es natural la molestia que tienen los adjudicatarios.<\/em><\/p>\n<p><em>En principio se nos inform\u00f3 que se trataba de una reuni\u00f3n t\u00e9cnica, de ah\u00ed puedo deducir que se nos explicar\u00e1n cuales son los pasos a seguir, al menos eso es lo que personalmente espero. En un principio iba a concurrir acompa\u00f1ado por el propio intendente pero como aun se encuentra el pleno restablecimiento de su intervenci\u00f3n quir\u00fargica no se si vendr\u00e1, es un tema que no lo he podido conversar as\u00ed que por el momento viajo solo, es decir con mi equipo t\u00e9cnico pero sin ning\u00fan otro funcionario<\/em><\/p>\n<p><em>Conf\u00edo realmente en que se nos haga entrega de las planillas correspondientes a los nuevos montos que se han asignado para poder de una vez por todas terminar con el Plan para eta gente que realmente ya no sabe que hacer, son siete a\u00f1os de espera y realmente es un lapso de tiempo muy grande, as\u00ed que voy confiado que a mi regreso en horas de la tarde poder traer alguna novedad buena para todos\u00bb<\/em><\/p>\n","protected":false},"excerpt":{"rendered":"<p>Tal como se anunci\u00f3 la semana pasada hoy debe concurrir al Ministerio de Infraestructura y Obras el Ingeniero Gustavo Salomone &#8230; <a title=\"Salomone viaja por Barrio Favaloro a encuentro con el Estado Nacional\" class=\"read-more\" href=\"https:\/\/www.hoymercedes.com.ar\/principal\/2012\/05\/03\/salomone-viaja-por-barrio-favaloro-a-encuentro-con-el-estado-nacional\/\" aria-label=\"Leer m\u00e1s sobre Salomone viaja por Barrio Favaloro a encuentro con el Estado Nacional\">Leer m\u00e1s<\/a><\/p>\n","protected":false},"author":1,"featured_media":0,"comment_status":"open","ping_status":"open","sticky":false,"template":"","format":"standard","meta":{"_monsterinsights_skip_tracking":false,"_monsterinsights_sitenote_active":false,"_monsterinsights_sitenote_note":"","_monsterinsights_sitenote_category":0,"jetpack_post_was_ever_published":false,"_jetpack_newsletter_access":"","_jetpack_dont_email_post_to_subs":false,"_jetpack_newsletter_tier_id":0,"_jetpack_memberships_contains_paywalled_content":false,"_jetpack_memberships_contains_paid_content":false,"footnotes":"","jetpack_publicize_message":"","jetpack_publicize_feature_enabled":true,"jetpack_social_post_already_shared":false,"jetpack_social_options":{"image_generator_settings":{"template":"highway","default_image_id":0,"font":"","enabled":false},"version":2},"_wpas_customize_per_network":false},"categories":[5],"tags":[1792,229],"class_list":["post-12640","post","type-post","status-publish","format-standard","hentry","category-politica","tag-barrio-favaloro-mercedes","tag-gustavo-salomone","generate-columns","tablet-grid-50","mobile-grid-100","grid-parent","grid-50"],"jetpack_publicize_connections":[],"jetpack_featured_media_url":"","wps_subtitle":"","jetpack_sharing_enabled":true,"_links":{"self":[{"href":"https:\/\/www.hoymercedes.com.ar\/principal\/wp-json\/wp\/v2\/posts\/12640","targetHints":{"allow":["GET"]}}],"collection":[{"href":"https:\/\/www.hoymercedes.com.ar\/principal\/wp-json\/wp\/v2\/posts"}],"about":[{"href":"https:\/\/www.hoymercedes.com.ar\/principal\/wp-json\/wp\/v2\/types\/post"}],"author":[{"embeddable":true,"href":"https:\/\/www.hoymercedes.com.ar\/principal\/wp-json\/wp\/v2\/users\/1"}],"replies":[{"embeddable":true,"href":"https:\/\/www.hoymercedes.com.ar\/principal\/wp-json\/wp\/v2\/comments?post=12640"}],"version-history":[{"count":0,"href":"https:\/\/www.hoymercedes.com.ar\/principal\/wp-json\/wp\/v2\/posts\/12640\/revisions"}],"wp:attachment":[{"href":"https:\/\/www.hoymercedes.com.ar\/principal\/wp-json\/wp\/v2\/media?parent=12640"}],"wp:term":[{"taxonomy":"category","embeddable":true,"href":"https:\/\/www.hoymercedes.com.ar\/principal\/wp-json\/wp\/v2\/categories?post=12640"},{"taxonomy":"post_tag","embeddable":true,"href":"https:\/\/www.hoymercedes.com.ar\/principal\/wp-json\/wp\/v2\/tags?post=12640"}],"curies":[{"name":"wp","href":"https:\/\/api.w.org\/{rel}","templated":true}]}}