{"id":126403,"date":"2021-03-17T14:23:11","date_gmt":"2021-03-17T17:23:11","guid":{"rendered":"https:\/\/www.hoymercedes.com.ar\/principal\/?p=126403"},"modified":"2021-03-17T14:23:18","modified_gmt":"2021-03-17T17:23:18","slug":"avanza-en-formalizar-convenio-para-oferta-educativa-superior","status":"publish","type":"post","link":"https:\/\/www.hoymercedes.com.ar\/principal\/2021\/03\/17\/avanza-en-formalizar-convenio-para-oferta-educativa-superior\/","title":{"rendered":"Avanza en formalizar convenio para oferta educativa superior"},"content":{"rendered":"\n<p>Por Prensa Municipal &#8211; El jefe comunal Juan Ignacio Ustarroz, encabez\u00f3 un importante encuentro con el rector de la Universidad Pedag\u00f3gica Nacional, Adri\u00e1n Canellotto, funcionarios de la Secretar\u00eda de Pol\u00edticas Universitarias de la Naci\u00f3n, Consejo Escolar y \u00e1reas de gesti\u00f3n comunal. Se busca articular nuevas intervenciones pedag\u00f3gicas formativas para la ciudad a nivel universitario. \u00a0<\/p>\n\n\n\n<div class=\"wp-block-image\"><figure class=\"aligncenter size-large\"><img loading=\"lazy\" decoding=\"async\" width=\"800\" height=\"533\" data-attachment-id=\"126404\" data-permalink=\"https:\/\/www.hoymercedes.com.ar\/principal\/2021\/03\/17\/avanza-en-formalizar-convenio-para-oferta-educativa-superior\/161329790_3804210693006061_1564607399703134303_o\/#main\" data-orig-file=\"https:\/\/www.hoymercedes.com.ar\/principal\/wp-content\/uploads\/2021\/03\/161329790_3804210693006061_1564607399703134303_o.jpg\" data-orig-size=\"800,533\" data-comments-opened=\"0\" data-image-meta=\"{&quot;aperture&quot;:&quot;0&quot;,&quot;credit&quot;:&quot;&quot;,&quot;camera&quot;:&quot;&quot;,&quot;caption&quot;:&quot;&quot;,&quot;created_timestamp&quot;:&quot;1615989584&quot;,&quot;copyright&quot;:&quot;&quot;,&quot;focal_length&quot;:&quot;0&quot;,&quot;iso&quot;:&quot;0&quot;,&quot;shutter_speed&quot;:&quot;0&quot;,&quot;title&quot;:&quot;&quot;,&quot;orientation&quot;:&quot;1&quot;}\" data-image-title=\"161329790_3804210693006061_1564607399703134303_o\" data-image-description=\"\" data-image-caption=\"\" data-large-file=\"https:\/\/www.hoymercedes.com.ar\/principal\/wp-content\/uploads\/2021\/03\/161329790_3804210693006061_1564607399703134303_o.jpg\" src=\"https:\/\/www.hoymercedes.com.ar\/principal\/wp-content\/uploads\/2021\/03\/161329790_3804210693006061_1564607399703134303_o.jpg\" alt=\"\" class=\"wp-image-126404\" srcset=\"https:\/\/www.hoymercedes.com.ar\/principal\/wp-content\/uploads\/2021\/03\/161329790_3804210693006061_1564607399703134303_o.jpg 800w, https:\/\/www.hoymercedes.com.ar\/principal\/wp-content\/uploads\/2021\/03\/161329790_3804210693006061_1564607399703134303_o-630x420.jpg 630w, https:\/\/www.hoymercedes.com.ar\/principal\/wp-content\/uploads\/2021\/03\/161329790_3804210693006061_1564607399703134303_o-150x100.jpg 150w, https:\/\/www.hoymercedes.com.ar\/principal\/wp-content\/uploads\/2021\/03\/161329790_3804210693006061_1564607399703134303_o-700x465.jpg 700w\" sizes=\"auto, (max-width: 800px) 100vw, 800px\" \/><\/figure><\/div>\n\n\n\n<p>Del encuentro participaron el mencionado rector Adri\u00e1n Canellotto,&nbsp;&nbsp;Mariano Fontao, Secretario Extensi\u00f3n y Ariel Notta, Director de la Escuela de Gobierno UNIPe, mientras que desde la Secretar\u00eda de Pol\u00edticas Universitarias estuvieron presentes Leandro Quiroga, Subsecretario de Fortalecimiento de las Trayectorias Estudiantiles, Alejandro Ades, Director Nacional de Desarrollo Universitario y Voluntariado, Juan Bud\u00f3, Asesor Subsecretar\u00eda de&nbsp;&nbsp;Fortalecimiento de las Trayectorias Estudiantiles acompa\u00f1ados de Presidente del Consejo Escolar, Jos\u00e9 Lu\u00eds Pisano y la Secretaria de Gobierno, Mar\u00eda Clara Zunino. &nbsp;<\/p>\n\n\n\n<p>El intendente Ustarroz agradeci\u00f3 \u201cla presencia del rector que nos acompa\u00f1a en esta nueva e importante gesti\u00f3n y planificaci\u00f3n por nuestra ciudad, a cada funcionario nacional que nuevamente exponen la decisi\u00f3n del gobierno nacional de ampliar las fronteras y solidificar la educaci\u00f3n universitaria en el interior del pa\u00eds, con una mirada federal, inclusiva\u201d coment\u00f3 y sostuvo que \u201cdesde hace tiempo junto a la Universidad Pedag\u00f3gica Nacional venimos articulando gestiones, intervenciones en la ciudad y este encuentro es sumamente valioso para avanzar en otras tem\u00e1ticas y proyectos\u201d coment\u00f3 y record\u00f3 que adem\u00e1s \u201ctrabajamos con muchas instituciones de educaci\u00f3n superior, como UNLu, UNLz, UNSAdA, UnaHur, UNQ, siempre pensando en la formaci\u00f3n de las y los mercedinos y creando oportunidades y condiciones reales de desarrollo de los procesos de ense\u00f1anza aprendizaje, estando muy agradecidos a cada una de ellas\u201d afirm\u00f3 entre otros conceptos. &nbsp;<\/p>\n\n\n\n<p>\u201cEstuvimos reunidos con funcionarios del Ministerio de Educaci\u00f3n de Naci\u00f3n y con la conducci\u00f3n de la Universidad Pedag\u00f3gica Nacional con dos objetivos claros: uno es el programa REDES, que viene a fortalecer al Proeba que a su vez nutre al otro programa nacional, que tiene como finalidad fortalecer las tres sedes del Proeba en equipamiento, recursos pedag\u00f3gicos y econ\u00f3micos. Hay que garantizar espacios de fortalecimiento de la continuidad pedag\u00f3gica\u201d, expres\u00f3 al t\u00e9rmino del encuentro Jos\u00e9 Pisano. &nbsp;<\/p>\n\n\n\n<p>La secretaria de Gobierno tambi\u00e9n fue parte de la reuni\u00f3n y destac\u00f3 el trabajo que ya viene realizando el municipio en materia educativa con la implementaci\u00f3n de convenios y programas. \u201cFue una reuni\u00f3n muy positiva porque estas pol\u00edticas p\u00fablicas que llegan desde Naci\u00f3n vienen a fortalecer programas que ya estamos implementando desde el municipio hace a\u00f1os. Ya tenemos vigente un convenio con UNIPE y vamos a reforzarlo con la llegada de financiamiento y capacitaciones, que en este caso tambi\u00e9n estar\u00e1 involucrado el Centro Universitario Regional\u201d, afirm\u00f3 Clara Zunino. &nbsp;<\/p>\n\n\n\n<p>M\u00e1s all\u00e1 de lo ya expresado, Pisano tambi\u00e9n destac\u00f3 la futura implementaci\u00f3n de m\u00e1s herramientas de trabajo para los docentes y estudiantes terciarios. \u201cEl otro tema que estamos tratando de cerrar es la creaci\u00f3n de un Observatorio de la Educaci\u00f3n en nuestro municipio que nos permita fortalecer los an\u00e1lisis que hoy tenemos y proyectar pol\u00edticas p\u00fablicas para la educaci\u00f3n a largo plazo. Tambi\u00e9n avanzamos para la concreci\u00f3n de diplomaturas para docentes mercedinos, capacitaciones tambi\u00e9n para ellos y estudiantes terciarios\u201d, coment\u00f3 Josi Pisano. &nbsp;<\/p>\n\n\n\n<p>Como se observa hay un abanico importantes de gestiones y posibles intervenciones por parte del municipio con la UNIPe y la Secretar\u00eda de Pol\u00edticas Universitarias, cuyo m\u00e1ximo responsable, Jayme Pasik, ha mantenido reuniones con Ustarroz tanto en CABA como en nuestra ciudad, incluso siendo parte tiempo atr\u00e1s del lanzamiento de nuevas carreras universitarias que arrancan este a\u00f1o y que han tenido una excelente recepci\u00f3n por parte del estudiantado. &nbsp;<\/p>\n","protected":false},"excerpt":{"rendered":"<p>Por Prensa Municipal &#8211; El jefe comunal Juan Ignacio Ustarroz, encabez\u00f3 un importante encuentro con el rector de la Universidad &#8230; <a title=\"Avanza en formalizar convenio para oferta educativa superior\" class=\"read-more\" href=\"https:\/\/www.hoymercedes.com.ar\/principal\/2021\/03\/17\/avanza-en-formalizar-convenio-para-oferta-educativa-superior\/\" aria-label=\"Leer m\u00e1s sobre Avanza en formalizar convenio para oferta educativa superior\">Leer m\u00e1s<\/a><\/p>\n","protected":false},"author":1,"featured_media":126404,"comment_status":"closed","ping_status":"open","sticky":false,"template":"","format":"standard","meta":{"_monsterinsights_skip_tracking":false,"_monsterinsights_sitenote_active":false,"_monsterinsights_sitenote_note":"","_monsterinsights_sitenote_category":0,"jetpack_post_was_ever_published":false,"_jetpack_newsletter_access":"","_jetpack_dont_email_post_to_subs":false,"_jetpack_newsletter_tier_id":0,"_jetpack_memberships_contains_paywalled_content":false,"_jetpack_memberships_contains_paid_content":false,"footnotes":"","jetpack_publicize_message":"","jetpack_publicize_feature_enabled":true,"jetpack_social_post_already_shared":true,"jetpack_social_options":{"image_generator_settings":{"template":"highway","default_image_id":0,"font":"","enabled":false},"version":2},"_wpas_customize_per_network":false},"categories":[30],"tags":[],"class_list":["post-126403","post","type-post","status-publish","format-standard","has-post-thumbnail","hentry","category-municipio","generate-columns","tablet-grid-50","mobile-grid-100","grid-parent","grid-50"],"jetpack_publicize_connections":[],"jetpack_featured_media_url":"https:\/\/www.hoymercedes.com.ar\/principal\/wp-content\/uploads\/2021\/03\/161329790_3804210693006061_1564607399703134303_o.jpg","wps_subtitle":"","jetpack_sharing_enabled":true,"jetpack-related-posts":[{"id":120619,"url":"https:\/\/www.hoymercedes.com.ar\/principal\/2020\/11\/22\/ustarroz-se-reunion-con-el-secretario-de-politicas-universitarias-jaime-perczyk\/","url_meta":{"origin":126403,"position":0},"title":"Ustarroz se reuni\u00f3n con el Secretario de Pol\u00edticas Universitarias Jaime Perczyk","author":"Clarisa Altieri","date":"22 noviembre, 2020","format":false,"excerpt":"(Prensa Municipal) El intendente Juan Ignacio Ustarroz se reuni\u00f3 con el Secretario de Pol\u00edticas Universitarias de la Naci\u00f3n, Jaime Perczyk, con quien dialog\u00f3 e intercambiaron visiones, proyectos y planificaciones en torno a la Educaci\u00f3n Superior en Mercedes. El encuentro fue en Capital Federal. \u00a0 El jefe comunal expres\u00f3 su agradecimiento\u2026","rel":"","context":"En \u00abMunicipio\u00bb","block_context":{"text":"Municipio","link":"https:\/\/www.hoymercedes.com.ar\/principal\/category\/municipio\/"},"img":{"alt_text":"","src":"https:\/\/i0.wp.com\/www.hoymercedes.com.ar\/principal\/wp-content\/uploads\/2020\/11\/Ustarroz-SPUN.jpeg?resize=350%2C200&ssl=1","width":350,"height":200,"srcset":"https:\/\/i0.wp.com\/www.hoymercedes.com.ar\/principal\/wp-content\/uploads\/2020\/11\/Ustarroz-SPUN.jpeg?resize=350%2C200&ssl=1 1x, https:\/\/i0.wp.com\/www.hoymercedes.com.ar\/principal\/wp-content\/uploads\/2020\/11\/Ustarroz-SPUN.jpeg?resize=525%2C300&ssl=1 1.5x, https:\/\/i0.wp.com\/www.hoymercedes.com.ar\/principal\/wp-content\/uploads\/2020\/11\/Ustarroz-SPUN.jpeg?resize=700%2C400&ssl=1 2x"},"classes":[]},{"id":71015,"url":"https:\/\/www.hoymercedes.com.ar\/principal\/2017\/12\/21\/asumieron-las-autoridades-electas-de-la-unlu\/","url_meta":{"origin":126403,"position":1},"title":"Asumieron las autoridades electas de la UNLu","author":"hoymercedes","date":"21 diciembre, 2017","format":false,"excerpt":"Se realiz\u00f3 hoy el Acto de Asunci\u00f3n de Autoridades de la UNLu para el per\u00edodo 2017-2021 en el que tomaron posesi\u00f3n de sus cargos el Rector electo Mg. Antonio Lapolla, la Vicerrectora electa Ing. Anabella Gei, y los Directores y Vice Directores Decanos electos de los cuatro Departamentos Acad\u00e9micos. Finalizaron\u2026","rel":"","context":"En \u00abEducaci\u00f3n\u00bb","block_context":{"text":"Educaci\u00f3n","link":"https:\/\/www.hoymercedes.com.ar\/principal\/category\/educacion\/"},"img":{"alt_text":"","src":"https:\/\/i0.wp.com\/www.hoymercedes.com.ar\/principal\/wp-content\/uploads\/2017\/12\/21-unlu-autoridades-1.jpg?resize=350%2C200&ssl=1","width":350,"height":200,"srcset":"https:\/\/i0.wp.com\/www.hoymercedes.com.ar\/principal\/wp-content\/uploads\/2017\/12\/21-unlu-autoridades-1.jpg?resize=350%2C200&ssl=1 1x, https:\/\/i0.wp.com\/www.hoymercedes.com.ar\/principal\/wp-content\/uploads\/2017\/12\/21-unlu-autoridades-1.jpg?resize=525%2C300&ssl=1 1.5x, https:\/\/i0.wp.com\/www.hoymercedes.com.ar\/principal\/wp-content\/uploads\/2017\/12\/21-unlu-autoridades-1.jpg?resize=700%2C400&ssl=1 2x"},"classes":[]},{"id":46224,"url":"https:\/\/www.hoymercedes.com.ar\/principal\/2015\/12\/02\/adunlu-rechaza-designacion-de-productor-de-tv-en-la-secretaria-de-politicas-universitarias\/","url_meta":{"origin":126403,"position":2},"title":"ADUNLu rechaza designaci\u00f3n de productor de tv en la Secretaria de Pol\u00edticas Universitarias","author":"hoymercedes","date":"2 diciembre, 2015","format":false,"excerpt":"El presidente Mauricio Macri no asumi\u00f3 y sus designaciones ya generan pol\u00e9mica. El designado Ministro de Educaci\u00f3n Esteban Bullrich anunci\u00f3 que un productor de televisi\u00f3n, Juan Cruz \u00c1vila, sin carrera universitaria y sin experiencia en el espacio educativo, cuyo m\u00e1ximo m\u00e9rito es ser productor de Alejandro Fantino y de la\u2026","rel":"","context":"En \u00abEducaci\u00f3n\u00bb","block_context":{"text":"Educaci\u00f3n","link":"https:\/\/www.hoymercedes.com.ar\/principal\/category\/educacion\/"},"img":{"alt_text":"","src":"https:\/\/i0.wp.com\/www.hoymercedes.com.ar\/principal\/wp-content\/uploads\/2015\/12\/adunlu.png?resize=350%2C200&ssl=1","width":350,"height":200,"srcset":"https:\/\/i0.wp.com\/www.hoymercedes.com.ar\/principal\/wp-content\/uploads\/2015\/12\/adunlu.png?resize=350%2C200&ssl=1 1x, https:\/\/i0.wp.com\/www.hoymercedes.com.ar\/principal\/wp-content\/uploads\/2015\/12\/adunlu.png?resize=525%2C300&ssl=1 1.5x"},"classes":[]},{"id":80098,"url":"https:\/\/www.hoymercedes.com.ar\/principal\/2018\/08\/20\/rectorado-unlu-adhiere-a-la-marca-educativa\/","url_meta":{"origin":126403,"position":3},"title":"Rectorado UNLu adhiere a la marca educativa","author":"hoymercedes","date":"20 agosto, 2018","format":false,"excerpt":"En un comunicado oficial se inform\u00f3 que el rectorado de la Universidad Nacional de Luj\u00e1n adhiere a la marcha en la que se busca poner nuevamente en evidencia el ajuste que el gobierno nacional busca implementar hacia las universidades nacionales. Tiempo atr\u00e1s hab\u00eda realizado tambi\u00e9n adhesi\u00f3n al rechazo de las\u2026","rel":"","context":"En \u00abEducaci\u00f3n\u00bb","block_context":{"text":"Educaci\u00f3n","link":"https:\/\/www.hoymercedes.com.ar\/principal\/category\/educacion\/"},"img":{"alt_text":"","src":"https:\/\/i0.wp.com\/www.hoymercedes.com.ar\/principal\/wp-content\/uploads\/2017\/12\/21-unlu-autoridades-3.jpg?resize=350%2C200&ssl=1","width":350,"height":200,"srcset":"https:\/\/i0.wp.com\/www.hoymercedes.com.ar\/principal\/wp-content\/uploads\/2017\/12\/21-unlu-autoridades-3.jpg?resize=350%2C200&ssl=1 1x, https:\/\/i0.wp.com\/www.hoymercedes.com.ar\/principal\/wp-content\/uploads\/2017\/12\/21-unlu-autoridades-3.jpg?resize=525%2C300&ssl=1 1.5x, https:\/\/i0.wp.com\/www.hoymercedes.com.ar\/principal\/wp-content\/uploads\/2017\/12\/21-unlu-autoridades-3.jpg?resize=700%2C400&ssl=1 2x"},"classes":[]},{"id":106448,"url":"https:\/\/www.hoymercedes.com.ar\/principal\/2020\/02\/20\/reunion-entre-municipio-y-unlu\/","url_meta":{"origin":126403,"position":4},"title":"Reuni\u00f3n entre Municipio y UNLu","author":"hoymercedes","date":"20 febrero, 2020","format":false,"excerpt":"El intendente Municipal de Mercedes Juan Ignacio Ustarroz recibi\u00f3 al rector de la Universidad Nacional de Luj\u00e1n, Mg. Antonio Lapolla para un encuentro que permiti\u00f3 trabajar en materia de educaci\u00f3n superior universitaria, y en intercambios acad\u00e9micos, de extensi\u00f3n y capacitaci\u00f3n. De la reuni\u00f3n particip\u00f3 tambi\u00e9n el Secretario Institucional de la\u2026","rel":"","context":"En \u00abMunicipio\u00bb","block_context":{"text":"Municipio","link":"https:\/\/www.hoymercedes.com.ar\/principal\/category\/municipio\/"},"img":{"alt_text":"","src":"https:\/\/i0.wp.com\/www.hoymercedes.com.ar\/principal\/wp-content\/uploads\/2020\/02\/20-muni-ustarroz-lapolla.jpg?resize=350%2C200&ssl=1","width":350,"height":200,"srcset":"https:\/\/i0.wp.com\/www.hoymercedes.com.ar\/principal\/wp-content\/uploads\/2020\/02\/20-muni-ustarroz-lapolla.jpg?resize=350%2C200&ssl=1 1x, https:\/\/i0.wp.com\/www.hoymercedes.com.ar\/principal\/wp-content\/uploads\/2020\/02\/20-muni-ustarroz-lapolla.jpg?resize=525%2C300&ssl=1 1.5x, https:\/\/i0.wp.com\/www.hoymercedes.com.ar\/principal\/wp-content\/uploads\/2020\/02\/20-muni-ustarroz-lapolla.jpg?resize=700%2C400&ssl=1 2x"},"classes":[]},{"id":38215,"url":"https:\/\/www.hoymercedes.com.ar\/principal\/2014\/12\/04\/ustarroz-trabajamos-para-ampliar-la-oferta-universitaria-en-la-ciudad\/","url_meta":{"origin":126403,"position":5},"title":"Ustarroz: \u00abtrabajamos para ampliar la oferta universitaria en la ciudad\u00bb","author":"hoymercedes","date":"4 diciembre, 2014","format":false,"excerpt":"El presidente del bloque de concejales del Frente Mercedino para la Victoria, Juan Ignacio Ustarroz, record\u00f3 su \u201ctrabajo permanente para ampliar la oferta acad\u00e9mica\u201d en nuestra ciudad, a prop\u00f3sito de un encuentro que mantuvo con el intendente, Carlos Selva, y el rector de la Universidad Nacional de Luj\u00e1n (UNLu), ingeniero\u2026","rel":"","context":"En \u00abEducaci\u00f3n\u00bb","block_context":{"text":"Educaci\u00f3n","link":"https:\/\/www.hoymercedes.com.ar\/principal\/category\/educacion\/"},"img":{"alt_text":"Carlos Selva, Juan Usatarroz, Fernando Pachiani, Osvaldo Arizio","src":"https:\/\/i0.wp.com\/www.hoymercedes.com.ar\/principal\/wp-content\/uploads\/2014\/12\/selva-arizio-ustarroz-.jpg?resize=350%2C200","width":350,"height":200,"srcset":"https:\/\/i0.wp.com\/www.hoymercedes.com.ar\/principal\/wp-content\/uploads\/2014\/12\/selva-arizio-ustarroz-.jpg?resize=350%2C200 1x, https:\/\/i0.wp.com\/www.hoymercedes.com.ar\/principal\/wp-content\/uploads\/2014\/12\/selva-arizio-ustarroz-.jpg?resize=525%2C300 1.5x"},"classes":[]}],"_links":{"self":[{"href":"https:\/\/www.hoymercedes.com.ar\/principal\/wp-json\/wp\/v2\/posts\/126403","targetHints":{"allow":["GET"]}}],"collection":[{"href":"https:\/\/www.hoymercedes.com.ar\/principal\/wp-json\/wp\/v2\/posts"}],"about":[{"href":"https:\/\/www.hoymercedes.com.ar\/principal\/wp-json\/wp\/v2\/types\/post"}],"author":[{"embeddable":true,"href":"https:\/\/www.hoymercedes.com.ar\/principal\/wp-json\/wp\/v2\/users\/1"}],"replies":[{"embeddable":true,"href":"https:\/\/www.hoymercedes.com.ar\/principal\/wp-json\/wp\/v2\/comments?post=126403"}],"version-history":[{"count":0,"href":"https:\/\/www.hoymercedes.com.ar\/principal\/wp-json\/wp\/v2\/posts\/126403\/revisions"}],"wp:featuredmedia":[{"embeddable":true,"href":"https:\/\/www.hoymercedes.com.ar\/principal\/wp-json\/wp\/v2\/media\/126404"}],"wp:attachment":[{"href":"https:\/\/www.hoymercedes.com.ar\/principal\/wp-json\/wp\/v2\/media?parent=126403"}],"wp:term":[{"taxonomy":"category","embeddable":true,"href":"https:\/\/www.hoymercedes.com.ar\/principal\/wp-json\/wp\/v2\/categories?post=126403"},{"taxonomy":"post_tag","embeddable":true,"href":"https:\/\/www.hoymercedes.com.ar\/principal\/wp-json\/wp\/v2\/tags?post=126403"}],"curies":[{"name":"wp","href":"https:\/\/api.w.org\/{rel}","templated":true}]}}