{"id":126453,"date":"2021-03-17T21:52:59","date_gmt":"2021-03-18T00:52:59","guid":{"rendered":"https:\/\/www.hoymercedes.com.ar\/principal\/?p=126453"},"modified":"2021-03-17T21:53:05","modified_gmt":"2021-03-18T00:53:05","slug":"migraciones-amplio-la-denuncia-para-que-la-justicia-investigue-posibles-pruebas-pcr-falsas-para-ingresar-al-pais","status":"publish","type":"post","link":"https:\/\/www.hoymercedes.com.ar\/principal\/2021\/03\/17\/migraciones-amplio-la-denuncia-para-que-la-justicia-investigue-posibles-pruebas-pcr-falsas-para-ingresar-al-pais\/","title":{"rendered":"Migraciones ampli\u00f3 la denuncia para que la justicia investigue posibles pruebas PCR falsas para ingresar al pa\u00eds"},"content":{"rendered":"\n<figure class=\"wp-block-image size-large\"><img loading=\"lazy\" decoding=\"async\" width=\"1024\" height=\"683\" data-attachment-id=\"126454\" data-permalink=\"https:\/\/www.hoymercedes.com.ar\/principal\/2021\/03\/17\/migraciones-amplio-la-denuncia-para-que-la-justicia-investigue-posibles-pruebas-pcr-falsas-para-ingresar-al-pais\/img_1004\/#main\" data-orig-file=\"https:\/\/www.hoymercedes.com.ar\/principal\/wp-content\/uploads\/2021\/03\/IMG_1004-scaled.jpeg\" data-orig-size=\"2560,1707\" data-comments-opened=\"0\" data-image-meta=\"{&quot;aperture&quot;:&quot;0&quot;,&quot;credit&quot;:&quot;&quot;,&quot;camera&quot;:&quot;&quot;,&quot;caption&quot;:&quot;&quot;,&quot;created_timestamp&quot;:&quot;0&quot;,&quot;copyright&quot;:&quot;&quot;,&quot;focal_length&quot;:&quot;0&quot;,&quot;iso&quot;:&quot;0&quot;,&quot;shutter_speed&quot;:&quot;0&quot;,&quot;title&quot;:&quot;&quot;,&quot;orientation&quot;:&quot;1&quot;}\" data-image-title=\"IMG_1004\" data-image-description=\"\" data-image-caption=\"\" data-large-file=\"https:\/\/www.hoymercedes.com.ar\/principal\/wp-content\/uploads\/2021\/03\/IMG_1004-1024x683.jpeg\" src=\"https:\/\/www.hoymercedes.com.ar\/principal\/wp-content\/uploads\/2021\/03\/IMG_1004-1024x683.jpeg\" alt=\"\" class=\"wp-image-126454\" srcset=\"https:\/\/www.hoymercedes.com.ar\/principal\/wp-content\/uploads\/2021\/03\/IMG_1004-1024x683.jpeg 1024w, https:\/\/www.hoymercedes.com.ar\/principal\/wp-content\/uploads\/2021\/03\/IMG_1004-630x420.jpeg 630w, https:\/\/www.hoymercedes.com.ar\/principal\/wp-content\/uploads\/2021\/03\/IMG_1004-150x100.jpeg 150w, https:\/\/www.hoymercedes.com.ar\/principal\/wp-content\/uploads\/2021\/03\/IMG_1004-1536x1024.jpeg 1536w, https:\/\/www.hoymercedes.com.ar\/principal\/wp-content\/uploads\/2021\/03\/IMG_1004-2048x1365.jpeg 2048w\" sizes=\"auto, (max-width: 1024px) 100vw, 1024px\" \/><\/figure>\n\n\n\n<p>La Directora Nacional de Migraciones, Florencia Carignano, present\u00f3 ante la justicia nuevos elementos para que se ampl\u00ede la investigaci\u00f3n por el delito emisi\u00f3n y presentaci\u00f3n de falsas pruebas de detecci\u00f3n de coronavirus (PCR). La nueva documentaci\u00f3n fue aportada por la madre de un adolescente que regres\u00f3 la semana pasada de Canc\u00fan, M\u00e9xico, en un contingente de viaje de egresados en el que se detectaron varios casos positivos.<\/p>\n\n\n\n<p>La presentaci\u00f3n judicial solicita que se esclarezca si los grupos de estudiantes que llegaron de M\u00e9xico durante los \u00faltimos d\u00edas, ingresaron al pa\u00eds con ex\u00e1menes ap\u00f3crifos que fueron adjuntados a la declaraci\u00f3n jurada obligatoria presentada ante Migraciones.<\/p>\n\n\n\n<p>D\u00edas atr\u00e1s, una mujer se contact\u00f3 v\u00eda redes sociales con la directora de Migraciones, primero a trav\u00e9s de un mensaje p\u00fablico en el que afirmaba tener pruebas de \u201cque los certificados fueron hechos en un laboratorio trucho\u201d en M\u00e9xico. Posteriormente, le envi\u00f3 un mensaje en privado y solicit\u00f3 contactarse con la funcionara nacional.<\/p>\n\n\n\n<p>La mujer ratific\u00f3 la denuncia p\u00fablica en forma telef\u00f3nica y aport\u00f3 documentaci\u00f3n y un certificado realizado a su hijo por una cl\u00ednica m\u00e9dica mexicana presuntamente contratada por la agencia tur\u00edstica que organiza los viajes de fin de curso.<\/p>\n\n\n\n<p>Seg\u00fan la madre del joven, \u201cgracias al contacto con periodistas de Canc\u00fan pude averiguar que el laboratorio que le extendi\u00f3 el certificado a mi hijo y sus compa\u00f1eros no existe en el domicilio que figura en sus papeles, que no tiene sede y que las autoridades sanitarias no la reconocen como afiliadas a los organismos de control\u201d.<\/p>\n\n\n\n<p>La Directora de Migraciones, cumpliendo con sus obligaciones de funcionaria p\u00fablica, inform\u00f3 al \u00e1rea de Salud y ampli\u00f3 ante la justicia la denuncia presentada dos meses atr\u00e1s.<\/p>\n\n\n\n<p>El 22 de enero, Migraciones realiz\u00f3 la primera presentaci\u00f3n ante la justicia luego que detect\u00f3 \u201cex\u00e1menes PCR de otra persona o vencido, o certificados m\u00e9dicos que nada ten\u00edan que ver con el PCR, o certificados de otro tipo de test o factura de realizaci\u00f3n del tr\u00e1mite y hasta facturas de compa\u00f1\u00edas de telefon\u00eda celular, un men\u00fa de bebidas e incluso, una Gu\u00eda de usos del Espacio P\u00fablico del Gobierno de la Ciudad\u201d, como documentos adjuntos en las DDJJ que se solicita de manera obligatoria para ingresar al pa\u00eds.<\/p>\n","protected":false},"excerpt":{"rendered":"<p>La Directora Nacional de Migraciones, Florencia Carignano, present\u00f3 ante la justicia nuevos elementos para que se ampl\u00ede la investigaci\u00f3n por &#8230; <a title=\"Migraciones ampli\u00f3 la denuncia para que la justicia investigue posibles pruebas PCR falsas para ingresar al pa\u00eds\" class=\"read-more\" href=\"https:\/\/www.hoymercedes.com.ar\/principal\/2021\/03\/17\/migraciones-amplio-la-denuncia-para-que-la-justicia-investigue-posibles-pruebas-pcr-falsas-para-ingresar-al-pais\/\" aria-label=\"Leer m\u00e1s sobre Migraciones ampli\u00f3 la denuncia para que la justicia investigue posibles pruebas PCR falsas para ingresar al pa\u00eds\">Leer m\u00e1s<\/a><\/p>\n","protected":false},"author":1,"featured_media":126454,"comment_status":"closed","ping_status":"open","sticky":false,"template":"","format":"standard","meta":{"_monsterinsights_skip_tracking":false,"_monsterinsights_sitenote_active":false,"_monsterinsights_sitenote_note":"","_monsterinsights_sitenote_category":0,"jetpack_post_was_ever_published":false,"_jetpack_newsletter_access":"","_jetpack_dont_email_post_to_subs":false,"_jetpack_newsletter_tier_id":0,"_jetpack_memberships_contains_paywalled_content":false,"_jetpack_memberships_contains_paid_content":false,"footnotes":"","jetpack_publicize_message":"","jetpack_publicize_feature_enabled":true,"jetpack_social_post_already_shared":true,"jetpack_social_options":{"image_generator_settings":{"template":"highway","default_image_id":0,"font":"","enabled":false},"version":2},"_wpas_customize_per_network":false},"categories":[5210],"tags":[17595],"class_list":["post-126453","post","type-post","status-publish","format-standard","has-post-thumbnail","hentry","category-politica-nacional","tag-pcr-falsos","generate-columns","tablet-grid-50","mobile-grid-100","grid-parent","grid-50"],"jetpack_publicize_connections":[],"jetpack_featured_media_url":"https:\/\/www.hoymercedes.com.ar\/principal\/wp-content\/uploads\/2021\/03\/IMG_1004-scaled.jpeg","wps_subtitle":"Cuidados","jetpack_sharing_enabled":true,"jetpack-related-posts":[{"id":75101,"url":"https:\/\/www.hoymercedes.com.ar\/principal\/2018\/04\/26\/allanan-supermercado-por-violacion-a-la-ley-de-migraciones\/","url_meta":{"origin":126453,"position":0},"title":"Allanan supermercado por violaci\u00f3n a la ley de migraciones","author":"hoymercedes","date":"26 abril, 2018","format":false,"excerpt":"Durante la jornada de este jueves la Polic\u00eda Federal fue parte de un procedimiento por violaci\u00f3n a las leyes vigentes de migraciones en nuestro pa\u00eds. Se dio lugar en un comercio ubicado en calle 18 entre 23 y 25 donde se logr\u00f3 detectar a una ciudadana de nacionalidad China que\u2026","rel":"","context":"En \u00abPolicial\u00bb","block_context":{"text":"Policial","link":"https:\/\/www.hoymercedes.com.ar\/principal\/category\/policial\/"},"img":{"alt_text":"","src":"https:\/\/i0.wp.com\/www.hoymercedes.com.ar\/principal\/wp-content\/uploads\/2018\/04\/allanaHM.jpeg?resize=350%2C200&ssl=1","width":350,"height":200,"srcset":"https:\/\/i0.wp.com\/www.hoymercedes.com.ar\/principal\/wp-content\/uploads\/2018\/04\/allanaHM.jpeg?resize=350%2C200&ssl=1 1x, https:\/\/i0.wp.com\/www.hoymercedes.com.ar\/principal\/wp-content\/uploads\/2018\/04\/allanaHM.jpeg?resize=525%2C300&ssl=1 1.5x, https:\/\/i0.wp.com\/www.hoymercedes.com.ar\/principal\/wp-content\/uploads\/2018\/04\/allanaHM.jpeg?resize=700%2C400&ssl=1 2x"},"classes":[]},{"id":133309,"url":"https:\/\/www.hoymercedes.com.ar\/principal\/2021\/07\/13\/vino-de-miami-contagiado-con-variente-delta-y-detecta-migraciones-rompio-el-aislamiento\/","url_meta":{"origin":126453,"position":1},"title":"Vino de Miami contagiado con variente Delta y detecta Migraciones rompi\u00f3 el aislamiento","author":"hoymercedes","date":"13 julio, 2021","format":false,"excerpt":"Luego de que el Ministerio de Salud de la Naci\u00f3n confirm\u00f3 nueve casos positivos de variante Delta en viajeros provenientes de Estados Unidos, M\u00e9xico y Paraguay, la Direcci\u00f3n Nacional de Migraciones inform\u00f3 que detect\u00f3 el incumplimiento de la cuarentena obligatoria de una de las personas reportadas por Salud durante un\u2026","rel":"","context":"En \u00abSociedad\u00bb","block_context":{"text":"Sociedad","link":"https:\/\/www.hoymercedes.com.ar\/principal\/category\/sociedad\/"},"img":{"alt_text":"","src":"https:\/\/i0.wp.com\/www.hoymercedes.com.ar\/principal\/wp-content\/uploads\/2021\/07\/FotoTelam.jpg?resize=350%2C200&ssl=1","width":350,"height":200,"srcset":"https:\/\/i0.wp.com\/www.hoymercedes.com.ar\/principal\/wp-content\/uploads\/2021\/07\/FotoTelam.jpg?resize=350%2C200&ssl=1 1x, https:\/\/i0.wp.com\/www.hoymercedes.com.ar\/principal\/wp-content\/uploads\/2021\/07\/FotoTelam.jpg?resize=525%2C300&ssl=1 1.5x, https:\/\/i0.wp.com\/www.hoymercedes.com.ar\/principal\/wp-content\/uploads\/2021\/07\/FotoTelam.jpg?resize=700%2C400&ssl=1 2x"},"classes":[]},{"id":59817,"url":"https:\/\/www.hoymercedes.com.ar\/principal\/2017\/02\/14\/selva-y-massa-reunidos-por-los-proyectos-de-art-migraciones-y-la-ley-penal-juvenil\/","url_meta":{"origin":126453,"position":2},"title":"Selva y Massa reunidos por los proyectos de ART, migraciones y la ley penal juvenil","author":"hoymercedes","date":"14 febrero, 2017","format":false,"excerpt":"El diputado se reuni\u00f3 con el m\u00e1ximo referente del Frente Renovador. ART, migraciones, y la ley penal juvenil, as\u00ed como la pol\u00e9mica del Correo, fueron parte de lo conversado. Adem\u00e1s, cuestion\u00f3 el piso que propone el gobierno en paritarias. El ex intendente de Mercedes y actual diputado nacional, Carlos Selva,\u2026","rel":"","context":"En \u00abPol\u00edtica Nacional\u00bb","block_context":{"text":"Pol\u00edtica Nacional","link":"https:\/\/www.hoymercedes.com.ar\/principal\/category\/politica-nacional\/"},"img":{"alt_text":"","src":"https:\/\/i0.wp.com\/www.hoymercedes.com.ar\/principal\/wp-content\/uploads\/2017\/02\/14-selva-massa.jpg?resize=350%2C200&ssl=1","width":350,"height":200},"classes":[]},{"id":132197,"url":"https:\/\/www.hoymercedes.com.ar\/principal\/2021\/06\/21\/migraciones-denunciara-penalmente-a-las-274-personas-que-se-detectaron-incumpliendo-el-aislamiento\/","url_meta":{"origin":126453,"position":3},"title":"Migraciones denunciar\u00e1 penalmente a las 274 personas que se detectaron incumpliendo el aislamiento","author":"hoymercedes","date":"21 junio, 2021","format":false,"excerpt":"\u00a0La Direcci\u00f3n Nacional de Migraciones, dependiente del Ministerio del Interior, denunciar\u00e1 penalmente en las pr\u00f3ximas horas a 274 personas que incumplieron la cuarentena obligatoria que deb\u00edan realizar tras ingresar al pa\u00eds, tras el operativo en el que se detect\u00f3 que el 38% de los ingresantes a la Argentina no cumplieron\u2026","rel":"","context":"En \u00abNaci\u00f3n\u00bb","block_context":{"text":"Naci\u00f3n","link":"https:\/\/www.hoymercedes.com.ar\/principal\/category\/nacion\/"},"img":{"alt_text":"","src":"https:\/\/i0.wp.com\/www.hoymercedes.com.ar\/principal\/wp-content\/uploads\/2021\/06\/5fdffa3f815a9_1004x565.jpg?resize=350%2C200&ssl=1","width":350,"height":200,"srcset":"https:\/\/i0.wp.com\/www.hoymercedes.com.ar\/principal\/wp-content\/uploads\/2021\/06\/5fdffa3f815a9_1004x565.jpg?resize=350%2C200&ssl=1 1x, https:\/\/i0.wp.com\/www.hoymercedes.com.ar\/principal\/wp-content\/uploads\/2021\/06\/5fdffa3f815a9_1004x565.jpg?resize=525%2C300&ssl=1 1.5x, https:\/\/i0.wp.com\/www.hoymercedes.com.ar\/principal\/wp-content\/uploads\/2021\/06\/5fdffa3f815a9_1004x565.jpg?resize=700%2C400&ssl=1 2x"},"classes":[]},{"id":145075,"url":"https:\/\/www.hoymercedes.com.ar\/principal\/2022\/03\/09\/a-traves-de-interior-se-otorgaran-visas-humanitarias-para-ciudadanos-ucranianos\/","url_meta":{"origin":126453,"position":4},"title":"A trav\u00e9s de Interior se otorgar\u00e1n visas humanitarias para ciudadanos ucranianos","author":"hoymercedes","date":"9 marzo, 2022","format":false,"excerpt":"La Direcci\u00f3n Nacional de Migraciones (DNM), organismo dependiente del Ministerio del Interior, dict\u00f3 una Disposici\u00f3n que autoriza el ingreso y la permanencia por razones humanitarias a la Argentina a ciudadanos ucranianos y sus familiares directos, independientemente de su nacionalidad, como respuesta a la crisis ocasionada por el conflicto b\u00e9lico que\u2026","rel":"","context":"En \u00abNaci\u00f3n\u00bb","block_context":{"text":"Naci\u00f3n","link":"https:\/\/www.hoymercedes.com.ar\/principal\/category\/nacion\/"},"img":{"alt_text":"","src":"https:\/\/i0.wp.com\/www.hoymercedes.com.ar\/principal\/wp-content\/uploads\/2022\/03\/621789aadb1db_900.jpg?resize=350%2C200&ssl=1","width":350,"height":200,"srcset":"https:\/\/i0.wp.com\/www.hoymercedes.com.ar\/principal\/wp-content\/uploads\/2022\/03\/621789aadb1db_900.jpg?resize=350%2C200&ssl=1 1x, https:\/\/i0.wp.com\/www.hoymercedes.com.ar\/principal\/wp-content\/uploads\/2022\/03\/621789aadb1db_900.jpg?resize=525%2C300&ssl=1 1.5x, https:\/\/i0.wp.com\/www.hoymercedes.com.ar\/principal\/wp-content\/uploads\/2022\/03\/621789aadb1db_900.jpg?resize=700%2C400&ssl=1 2x"},"classes":[]},{"id":110226,"url":"https:\/\/www.hoymercedes.com.ar\/principal\/2020\/05\/04\/el-laboratorio-de-virologia-molecular-comenzo-con-los-analisis-de-pcr-por-covid-19\/","url_meta":{"origin":126453,"position":5},"title":"El laboratorio de virolog\u00eda molecular comenz\u00f3 con los an\u00e1lisis de PCR por covid-19","author":"hoymercedes","date":"4 mayo, 2020","format":false,"excerpt":"Este lunes comenz\u00f3 oficialmente a realizar los estudios de PCR por COVID-19 el laboratorio de virolog\u00eda molecular en el Hospital Blas L. Dubarry. Desde que lo abrieron, fueron varias las pruebas y capacitaci\u00f3n por la que pasaron quienes estar\u00e1n a cargo con el fin de cumplir con los protocolos establecidos\u2026","rel":"","context":"En \u00abMunicipio\u00bb","block_context":{"text":"Municipio","link":"https:\/\/www.hoymercedes.com.ar\/principal\/category\/municipio\/"},"img":{"alt_text":"","src":"https:\/\/i0.wp.com\/www.hoymercedes.com.ar\/principal\/wp-content\/uploads\/2020\/04\/IMG_20200424_162509_copy_800x533.jpg?resize=350%2C200&ssl=1","width":350,"height":200,"srcset":"https:\/\/i0.wp.com\/www.hoymercedes.com.ar\/principal\/wp-content\/uploads\/2020\/04\/IMG_20200424_162509_copy_800x533.jpg?resize=350%2C200&ssl=1 1x, https:\/\/i0.wp.com\/www.hoymercedes.com.ar\/principal\/wp-content\/uploads\/2020\/04\/IMG_20200424_162509_copy_800x533.jpg?resize=525%2C300&ssl=1 1.5x, https:\/\/i0.wp.com\/www.hoymercedes.com.ar\/principal\/wp-content\/uploads\/2020\/04\/IMG_20200424_162509_copy_800x533.jpg?resize=700%2C400&ssl=1 2x"},"classes":[]}],"_links":{"self":[{"href":"https:\/\/www.hoymercedes.com.ar\/principal\/wp-json\/wp\/v2\/posts\/126453","targetHints":{"allow":["GET"]}}],"collection":[{"href":"https:\/\/www.hoymercedes.com.ar\/principal\/wp-json\/wp\/v2\/posts"}],"about":[{"href":"https:\/\/www.hoymercedes.com.ar\/principal\/wp-json\/wp\/v2\/types\/post"}],"author":[{"embeddable":true,"href":"https:\/\/www.hoymercedes.com.ar\/principal\/wp-json\/wp\/v2\/users\/1"}],"replies":[{"embeddable":true,"href":"https:\/\/www.hoymercedes.com.ar\/principal\/wp-json\/wp\/v2\/comments?post=126453"}],"version-history":[{"count":0,"href":"https:\/\/www.hoymercedes.com.ar\/principal\/wp-json\/wp\/v2\/posts\/126453\/revisions"}],"wp:featuredmedia":[{"embeddable":true,"href":"https:\/\/www.hoymercedes.com.ar\/principal\/wp-json\/wp\/v2\/media\/126454"}],"wp:attachment":[{"href":"https:\/\/www.hoymercedes.com.ar\/principal\/wp-json\/wp\/v2\/media?parent=126453"}],"wp:term":[{"taxonomy":"category","embeddable":true,"href":"https:\/\/www.hoymercedes.com.ar\/principal\/wp-json\/wp\/v2\/categories?post=126453"},{"taxonomy":"post_tag","embeddable":true,"href":"https:\/\/www.hoymercedes.com.ar\/principal\/wp-json\/wp\/v2\/tags?post=126453"}],"curies":[{"name":"wp","href":"https:\/\/api.w.org\/{rel}","templated":true}]}}