{"id":126460,"date":"2021-03-17T22:23:54","date_gmt":"2021-03-18T01:23:54","guid":{"rendered":"https:\/\/www.hoymercedes.com.ar\/principal\/?p=126460"},"modified":"2021-03-18T14:17:40","modified_gmt":"2021-03-18T17:17:40","slug":"buscan-a-maia-en-lujan-a-traves-de-la-camara-de-seguridad-barrio-por-barrio","status":"publish","type":"post","link":"https:\/\/www.hoymercedes.com.ar\/principal\/2021\/03\/17\/buscan-a-maia-en-lujan-a-traves-de-la-camara-de-seguridad-barrio-por-barrio\/","title":{"rendered":"Buscan a Maia en Luj\u00e1n a trav\u00e9s de la c\u00e1mara de seguridad, barrio por barrio"},"content":{"rendered":"\n<p>Los efectivos policiales se encuentran realizando rastrillajes en la ciudad de Luj\u00e1n. El centro de operaciones se mont\u00f3 en la zona de la Terminal. Asimismo, fuentes del municipio confirmaron que est\u00e1n analizando las c\u00e1maras de seguridad en busca da Maia (7a\u00f1os) y su captor luego de que se detectasen im\u00e1genes que demostraban que se sub\u00edan al colectivo 203 rumbo al centro de la ciudad. <\/p>\n\n\n\n<p>De acuerdo a la informaci\u00f3n publicada en El Civismo Digital de Luj\u00e1n, desde el Municipio de la vecina localidad confirmaron que \u00abanalizan exhaustivamente\u00bb las c\u00e1maras de seguridad. Ya que las \u00faltimas im\u00e1genes p\u00fablicias son del lunes 16:14 horas a metros de la intersecci\u00f3n de las rutas 7 y 6, cerca del Zoo de Luj\u00e1n sin la bicicleta que habr\u00eda utilizado para llegar a la vecina ciudad. <\/p>\n\n\n\n<p> Asimismo, en las \u00faltimas horas de la tarde de este mi\u00e9rcoles, el operativo policial se traslad\u00f3 hacia Luj\u00e1n , luego de que se realizaran rastrillajes en la zona de General Rodr\u00edguez. Los efectivos policiales se apostaron sobre la avenida Nuestra Se\u00f1ora de Luj\u00e1n, donde se mont\u00f3 el nuevo centro de operaciones, cerca de la Terminal, en donde se encuentra el COM.\u00a0<\/p>\n\n\n\n<p>\u00abVamos a empezar a rastrear barrio por barrio, casa por casa\u00bb, sostuvieron fuentes policiales a EL CIVISMO Digital.\u00a0Tambi\u00e9n hay una fuerte presencia policial en la zona del Acceso Oeste, donde se est\u00e1n realizando controles a veh\u00edculos.\u00a0Est\u00e1n trabajando en forma conjunta la Polic\u00eda de la Ciudad, la Polic\u00eda Federal y la Bonaerense.\u00a0<\/p>\n\n\n\n<p>Fuente: El Civismo de Luj\u00e1n <\/p>\n\n\n\n<figure class=\"wp-block-embed is-type-video is-provider-youtube wp-block-embed-youtube wp-embed-aspect-16-9 wp-has-aspect-ratio\"><div class=\"wp-block-embed__wrapper\">\n<span class=\"embed-youtube\" style=\"text-align:center; display: block;\"><iframe loading=\"lazy\" class=\"youtube-player\" width=\"1200\" height=\"675\" src=\"https:\/\/www.youtube.com\/embed\/fRU86OOjUaI?version=3&#038;rel=1&#038;showsearch=0&#038;showinfo=1&#038;iv_load_policy=1&#038;fs=1&#038;hl=es-ES&#038;autohide=2&#038;wmode=transparent\" allowfullscreen=\"true\" style=\"border:0;\" sandbox=\"allow-scripts allow-same-origin allow-popups allow-presentation allow-popups-to-escape-sandbox\"><\/iframe><\/span>\n<\/div><\/figure>\n","protected":false},"excerpt":{"rendered":"<p>Los efectivos policiales se encuentran realizando rastrillajes en la ciudad de Luj\u00e1n. El centro de operaciones se mont\u00f3 en la &#8230; <a title=\"Buscan a Maia en Luj\u00e1n a trav\u00e9s de la c\u00e1mara de seguridad, barrio por barrio\" class=\"read-more\" href=\"https:\/\/www.hoymercedes.com.ar\/principal\/2021\/03\/17\/buscan-a-maia-en-lujan-a-traves-de-la-camara-de-seguridad-barrio-por-barrio\/\" aria-label=\"Leer m\u00e1s sobre Buscan a Maia en Luj\u00e1n a trav\u00e9s de la c\u00e1mara de seguridad, barrio por barrio\">Leer m\u00e1s<\/a><\/p>\n","protected":false},"author":1,"featured_media":126461,"comment_status":"closed","ping_status":"open","sticky":false,"template":"","format":"standard","meta":{"_monsterinsights_skip_tracking":false,"_monsterinsights_sitenote_active":false,"_monsterinsights_sitenote_note":"","_monsterinsights_sitenote_category":0,"jetpack_post_was_ever_published":false,"_jetpack_newsletter_access":"","_jetpack_dont_email_post_to_subs":false,"_jetpack_newsletter_tier_id":0,"_jetpack_memberships_contains_paywalled_content":false,"_jetpack_memberships_contains_paid_content":false,"footnotes":"","jetpack_publicize_message":"","jetpack_publicize_feature_enabled":true,"jetpack_social_post_already_shared":true,"jetpack_social_options":{"image_generator_settings":{"template":"highway","default_image_id":0,"font":"","enabled":false},"version":2},"_wpas_customize_per_network":false},"categories":[201],"tags":[86,17596,96,9322,802],"class_list":["post-126460","post","type-post","status-publish","format-standard","has-post-thumbnail","hentry","category-lujan-2","tag-lujan","tag-maia","tag-policial-2","tag-region","tag-seguridad","generate-columns","tablet-grid-50","mobile-grid-100","grid-parent","grid-50"],"jetpack_publicize_connections":[],"jetpack_featured_media_url":"https:\/\/www.hoymercedes.com.ar\/principal\/wp-content\/uploads\/2021\/03\/17-lujan.png","wps_subtitle":"Informaci\u00f3n regional","jetpack_sharing_enabled":true,"_links":{"self":[{"href":"https:\/\/www.hoymercedes.com.ar\/principal\/wp-json\/wp\/v2\/posts\/126460","targetHints":{"allow":["GET"]}}],"collection":[{"href":"https:\/\/www.hoymercedes.com.ar\/principal\/wp-json\/wp\/v2\/posts"}],"about":[{"href":"https:\/\/www.hoymercedes.com.ar\/principal\/wp-json\/wp\/v2\/types\/post"}],"author":[{"embeddable":true,"href":"https:\/\/www.hoymercedes.com.ar\/principal\/wp-json\/wp\/v2\/users\/1"}],"replies":[{"embeddable":true,"href":"https:\/\/www.hoymercedes.com.ar\/principal\/wp-json\/wp\/v2\/comments?post=126460"}],"version-history":[{"count":0,"href":"https:\/\/www.hoymercedes.com.ar\/principal\/wp-json\/wp\/v2\/posts\/126460\/revisions"}],"wp:featuredmedia":[{"embeddable":true,"href":"https:\/\/www.hoymercedes.com.ar\/principal\/wp-json\/wp\/v2\/media\/126461"}],"wp:attachment":[{"href":"https:\/\/www.hoymercedes.com.ar\/principal\/wp-json\/wp\/v2\/media?parent=126460"}],"wp:term":[{"taxonomy":"category","embeddable":true,"href":"https:\/\/www.hoymercedes.com.ar\/principal\/wp-json\/wp\/v2\/categories?post=126460"},{"taxonomy":"post_tag","embeddable":true,"href":"https:\/\/www.hoymercedes.com.ar\/principal\/wp-json\/wp\/v2\/tags?post=126460"}],"curies":[{"name":"wp","href":"https:\/\/api.w.org\/{rel}","templated":true}]}}