{"id":126463,"date":"2021-03-17T23:15:00","date_gmt":"2021-03-18T02:15:00","guid":{"rendered":"https:\/\/www.hoymercedes.com.ar\/principal\/?p=126463"},"modified":"2021-03-17T22:40:06","modified_gmt":"2021-03-18T01:40:06","slug":"crecen-los-casos-positivos-de-covid-en-mercedes-20-nuevos","status":"publish","type":"post","link":"https:\/\/www.hoymercedes.com.ar\/principal\/2021\/03\/17\/crecen-los-casos-positivos-de-covid-en-mercedes-20-nuevos\/","title":{"rendered":"Crecen los casos positivos de covid en Mercedes: 20 nuevos"},"content":{"rendered":"\n<p>La informaci\u00f3n epidemiol\u00f3gica de Mercedes da cuenta de un incremento en los casos positivos. Este mi\u00e9rcoles se confirmaron 20 nuevos casos positivos de covid-19 entre los 72 an\u00e1lisis procesados. Adem\u00e1s, de informar que son 10 los pacientes que obtuvieron el alta. Con estos n\u00fameros con 82 los pacientes que transitan la enfermedad producida por el virus Sars-cov2.<\/p>\n\n\n\n<div class=\"wp-block-image\"><figure class=\"aligncenter size-large\"><img loading=\"lazy\" decoding=\"async\" width=\"800\" height=\"800\" data-attachment-id=\"126464\" data-permalink=\"https:\/\/www.hoymercedes.com.ar\/principal\/2021\/03\/17\/crecen-los-casos-positivos-de-covid-en-mercedes-20-nuevos\/whatsapp-image-2021-03-17-at-22-24-35\/#main\" data-orig-file=\"https:\/\/www.hoymercedes.com.ar\/principal\/wp-content\/uploads\/2021\/03\/WhatsApp-Image-2021-03-17-at-22.24.35.jpeg\" data-orig-size=\"800,800\" data-comments-opened=\"0\" data-image-meta=\"{&quot;aperture&quot;:&quot;0&quot;,&quot;credit&quot;:&quot;&quot;,&quot;camera&quot;:&quot;&quot;,&quot;caption&quot;:&quot;&quot;,&quot;created_timestamp&quot;:&quot;0&quot;,&quot;copyright&quot;:&quot;&quot;,&quot;focal_length&quot;:&quot;0&quot;,&quot;iso&quot;:&quot;0&quot;,&quot;shutter_speed&quot;:&quot;0&quot;,&quot;title&quot;:&quot;&quot;,&quot;orientation&quot;:&quot;0&quot;}\" data-image-title=\"WhatsApp-Image-2021-03-17-at-22.24.35\" data-image-description=\"\" data-image-caption=\"\" data-large-file=\"https:\/\/www.hoymercedes.com.ar\/principal\/wp-content\/uploads\/2021\/03\/WhatsApp-Image-2021-03-17-at-22.24.35.jpeg\" src=\"https:\/\/www.hoymercedes.com.ar\/principal\/wp-content\/uploads\/2021\/03\/WhatsApp-Image-2021-03-17-at-22.24.35.jpeg\" alt=\"\" class=\"wp-image-126464\" srcset=\"https:\/\/www.hoymercedes.com.ar\/principal\/wp-content\/uploads\/2021\/03\/WhatsApp-Image-2021-03-17-at-22.24.35.jpeg 800w, https:\/\/www.hoymercedes.com.ar\/principal\/wp-content\/uploads\/2021\/03\/WhatsApp-Image-2021-03-17-at-22.24.35-620x620.jpeg 620w, https:\/\/www.hoymercedes.com.ar\/principal\/wp-content\/uploads\/2021\/03\/WhatsApp-Image-2021-03-17-at-22.24.35-150x150.jpeg 150w\" sizes=\"auto, (max-width: 800px) 100vw, 800px\" \/><figcaption>+<\/figcaption><\/figure><\/div>\n","protected":false},"excerpt":{"rendered":"<p>La informaci\u00f3n epidemiol\u00f3gica de Mercedes da cuenta de un incremento en los casos positivos. Este mi\u00e9rcoles se confirmaron 20 nuevos &#8230; <a title=\"Crecen los casos positivos de covid en Mercedes: 20 nuevos\" class=\"read-more\" href=\"https:\/\/www.hoymercedes.com.ar\/principal\/2021\/03\/17\/crecen-los-casos-positivos-de-covid-en-mercedes-20-nuevos\/\" aria-label=\"Leer m\u00e1s sobre Crecen los casos positivos de covid en Mercedes: 20 nuevos\">Leer m\u00e1s<\/a><\/p>\n","protected":false},"author":1,"featured_media":126464,"comment_status":"closed","ping_status":"open","sticky":false,"template":"","format":"standard","meta":{"_monsterinsights_skip_tracking":false,"_monsterinsights_sitenote_active":false,"_monsterinsights_sitenote_note":"","_monsterinsights_sitenote_category":0,"jetpack_post_was_ever_published":false,"_jetpack_newsletter_access":"","_jetpack_dont_email_post_to_subs":false,"_jetpack_newsletter_tier_id":0,"_jetpack_memberships_contains_paywalled_content":false,"_jetpack_memberships_contains_paid_content":false,"footnotes":"","jetpack_publicize_message":"","jetpack_publicize_feature_enabled":true,"jetpack_social_post_already_shared":true,"jetpack_social_options":{"image_generator_settings":{"template":"highway","default_image_id":0,"font":"","enabled":false},"version":2},"_wpas_customize_per_network":false},"categories":[9791],"tags":[16175,17472,134],"class_list":["post-126463","post","type-post","status-publish","format-standard","has-post-thumbnail","hentry","category-salud","tag-coronavirus","tag-parte-diario","tag-salud","generate-columns","tablet-grid-50","mobile-grid-100","grid-parent","grid-50"],"jetpack_publicize_connections":[],"jetpack_featured_media_url":"https:\/\/www.hoymercedes.com.ar\/principal\/wp-content\/uploads\/2021\/03\/WhatsApp-Image-2021-03-17-at-22.24.35.jpeg","wps_subtitle":"Parte diario","jetpack_sharing_enabled":true,"jetpack-related-posts":[{"id":124922,"url":"https:\/\/www.hoymercedes.com.ar\/principal\/2021\/02\/16\/covid-son-21-los-nuevos-casos-positivos-en-mercedes\/","url_meta":{"origin":126463,"position":0},"title":"Covid: Son 21 los nuevos casos positivos en Mercedes","author":"hoymercedes","date":"16 febrero, 2021","format":false,"excerpt":"El parte diario con la informaci\u00f3n epidemiol\u00f3gica confirma que son 21 los pacientes con positivos de covid-19 en el d\u00eda de la fecha entre los 47 nuevos an\u00e1lisis procesados este martes. Asimismo, informan que son 11 los pacientes que obtuvieron el alta de acuerdo a los protocolos vigentes. Con estas\u2026","rel":"","context":"En \u00abSalud\u00bb","block_context":{"text":"Salud","link":"https:\/\/www.hoymercedes.com.ar\/principal\/category\/salud\/"},"img":{"alt_text":"","src":"https:\/\/i0.wp.com\/www.hoymercedes.com.ar\/principal\/wp-content\/uploads\/2021\/02\/WhatsApp-Image-2021-02-16-at-21.51.51.jpeg?resize=350%2C200&ssl=1","width":350,"height":200,"srcset":"https:\/\/i0.wp.com\/www.hoymercedes.com.ar\/principal\/wp-content\/uploads\/2021\/02\/WhatsApp-Image-2021-02-16-at-21.51.51.jpeg?resize=350%2C200&ssl=1 1x, https:\/\/i0.wp.com\/www.hoymercedes.com.ar\/principal\/wp-content\/uploads\/2021\/02\/WhatsApp-Image-2021-02-16-at-21.51.51.jpeg?resize=525%2C300&ssl=1 1.5x, https:\/\/i0.wp.com\/www.hoymercedes.com.ar\/principal\/wp-content\/uploads\/2021\/02\/WhatsApp-Image-2021-02-16-at-21.51.51.jpeg?resize=700%2C400&ssl=1 2x, https:\/\/i0.wp.com\/www.hoymercedes.com.ar\/principal\/wp-content\/uploads\/2021\/02\/WhatsApp-Image-2021-02-16-at-21.51.51.jpeg?resize=1050%2C600&ssl=1 3x"},"classes":[]},{"id":141569,"url":"https:\/\/www.hoymercedes.com.ar\/principal\/2021\/12\/16\/covid-en-mercedes-cuatro-nuevos-casos-positivos\/","url_meta":{"origin":126463,"position":1},"title":"Covid en Mercedes: Cuatro nuevos casos positivos","author":"hoymercedes","date":"16 diciembre, 2021","format":false,"excerpt":"El informe epidemiol\u00f3gico oficial confirma que entre 25 nuevos an\u00e1lisis, cuatro resultaron positivo de covid-19. Asimismo, comunicaron que dieron de alta a cuatro pacientes, por lo tanto, son 20 los casos activos en Mercedes de pacientes que tienen el virus que preocupa al mundo.","rel":"","context":"En \u00abSalud\u00bb","block_context":{"text":"Salud","link":"https:\/\/www.hoymercedes.com.ar\/principal\/category\/salud\/"},"img":{"alt_text":"","src":"https:\/\/i0.wp.com\/www.hoymercedes.com.ar\/principal\/wp-content\/uploads\/2021\/12\/WhatsApp-Image-2021-12-16-at-22.08.33.jpeg?resize=350%2C200&ssl=1","width":350,"height":200,"srcset":"https:\/\/i0.wp.com\/www.hoymercedes.com.ar\/principal\/wp-content\/uploads\/2021\/12\/WhatsApp-Image-2021-12-16-at-22.08.33.jpeg?resize=350%2C200&ssl=1 1x, https:\/\/i0.wp.com\/www.hoymercedes.com.ar\/principal\/wp-content\/uploads\/2021\/12\/WhatsApp-Image-2021-12-16-at-22.08.33.jpeg?resize=525%2C300&ssl=1 1.5x, https:\/\/i0.wp.com\/www.hoymercedes.com.ar\/principal\/wp-content\/uploads\/2021\/12\/WhatsApp-Image-2021-12-16-at-22.08.33.jpeg?resize=700%2C400&ssl=1 2x"},"classes":[]},{"id":143124,"url":"https:\/\/www.hoymercedes.com.ar\/principal\/2022\/01\/27\/covid-en-mercedes-se-suman-133-nuevos-casos-positivos\/","url_meta":{"origin":126463,"position":2},"title":"Covid en Mercedes: se suman 133 nuevos casos positivos","author":"hoymercedes","date":"27 enero, 2022","format":false,"excerpt":"El informe epidemiol\u00f3gico brindado por las autoridades sanitarias de Mercedes comunicaron que entre 170 an\u00e1lisis procesados en el d\u00eda de hoy 133 resultaron positivos. Asimismo, 101 pacientes fueron dados de alta m\u00e9dica este mi\u00e9rcoles. Es as\u00ed que son 1252 los pacientes que est\u00e1n transitando por la enfermedad covid-19","rel":"","context":"En \u00abSalud\u00bb","block_context":{"text":"Salud","link":"https:\/\/www.hoymercedes.com.ar\/principal\/category\/salud\/"},"img":{"alt_text":"","src":"https:\/\/i0.wp.com\/www.hoymercedes.com.ar\/principal\/wp-content\/uploads\/2022\/01\/WhatsApp-Image-2022-01-26-at-22.00.35.jpeg?resize=350%2C200&ssl=1","width":350,"height":200,"srcset":"https:\/\/i0.wp.com\/www.hoymercedes.com.ar\/principal\/wp-content\/uploads\/2022\/01\/WhatsApp-Image-2022-01-26-at-22.00.35.jpeg?resize=350%2C200&ssl=1 1x, https:\/\/i0.wp.com\/www.hoymercedes.com.ar\/principal\/wp-content\/uploads\/2022\/01\/WhatsApp-Image-2022-01-26-at-22.00.35.jpeg?resize=525%2C300&ssl=1 1.5x, https:\/\/i0.wp.com\/www.hoymercedes.com.ar\/principal\/wp-content\/uploads\/2022\/01\/WhatsApp-Image-2022-01-26-at-22.00.35.jpeg?resize=700%2C400&ssl=1 2x, https:\/\/i0.wp.com\/www.hoymercedes.com.ar\/principal\/wp-content\/uploads\/2022\/01\/WhatsApp-Image-2022-01-26-at-22.00.35.jpeg?resize=1050%2C600&ssl=1 3x"},"classes":[]},{"id":123213,"url":"https:\/\/www.hoymercedes.com.ar\/principal\/2021\/01\/12\/veinte-nuevos-positivos-de-covid-en-mercedes\/","url_meta":{"origin":126463,"position":3},"title":"Veinte nuevos positivos de covid en Mercedes","author":"hoymercedes","date":"12 enero, 2021","format":false,"excerpt":"El parte diario del martes 12 confirma 20 nuevos casos positivos en la ciudad entre los 88 nuevos test. Adem\u00e1s, 15 pacientes recibieron el alta tras pasar los d\u00edas que protocolo deben estar confinados. Con estas cifras son 295 los pacientes que transitan la enfermedad producida por el virus Sars-cov2.","rel":"","context":"En \u00abSalud\u00bb","block_context":{"text":"Salud","link":"https:\/\/www.hoymercedes.com.ar\/principal\/category\/salud\/"},"img":{"alt_text":"","src":"https:\/\/i0.wp.com\/www.hoymercedes.com.ar\/principal\/wp-content\/uploads\/2021\/01\/WhatsApp-Image-2021-01-12-at-22.02.04.jpeg?resize=350%2C200&ssl=1","width":350,"height":200,"srcset":"https:\/\/i0.wp.com\/www.hoymercedes.com.ar\/principal\/wp-content\/uploads\/2021\/01\/WhatsApp-Image-2021-01-12-at-22.02.04.jpeg?resize=350%2C200&ssl=1 1x, https:\/\/i0.wp.com\/www.hoymercedes.com.ar\/principal\/wp-content\/uploads\/2021\/01\/WhatsApp-Image-2021-01-12-at-22.02.04.jpeg?resize=525%2C300&ssl=1 1.5x, https:\/\/i0.wp.com\/www.hoymercedes.com.ar\/principal\/wp-content\/uploads\/2021\/01\/WhatsApp-Image-2021-01-12-at-22.02.04.jpeg?resize=700%2C400&ssl=1 2x"},"classes":[]},{"id":119984,"url":"https:\/\/www.hoymercedes.com.ar\/principal\/2020\/11\/11\/coronavirus-3-nuevos-casos-positivos-de-covid-19\/","url_meta":{"origin":126463,"position":4},"title":"Coronavirus: 3 nuevos casos positivos de covid-19","author":"Clarisa Altieri","date":"11 noviembre, 2020","format":false,"excerpt":"Informe sanitario de Mercedes - En el d\u00eda de la fecha el Laboratorio de Virolog\u00eda Molecular Municipal por medio de los procesos cient\u00edficos que lleva adelante cotidianamente detect\u00f3 3 nuevos casos positivos de covid-19.Al d\u00eda de la fecha tenemos 53 casos activos. Por su parte 1653 casos se registraron desde\u2026","rel":"","context":"En \u00abSalud\u00bb","block_context":{"text":"Salud","link":"https:\/\/www.hoymercedes.com.ar\/principal\/category\/salud\/"},"img":{"alt_text":"","src":"https:\/\/i0.wp.com\/www.hoymercedes.com.ar\/principal\/wp-content\/uploads\/2020\/11\/WhatsApp-Image-2020-11-11-at-21.32.29.jpeg?resize=350%2C200&ssl=1","width":350,"height":200,"srcset":"https:\/\/i0.wp.com\/www.hoymercedes.com.ar\/principal\/wp-content\/uploads\/2020\/11\/WhatsApp-Image-2020-11-11-at-21.32.29.jpeg?resize=350%2C200&ssl=1 1x, https:\/\/i0.wp.com\/www.hoymercedes.com.ar\/principal\/wp-content\/uploads\/2020\/11\/WhatsApp-Image-2020-11-11-at-21.32.29.jpeg?resize=525%2C300&ssl=1 1.5x, https:\/\/i0.wp.com\/www.hoymercedes.com.ar\/principal\/wp-content\/uploads\/2020\/11\/WhatsApp-Image-2020-11-11-at-21.32.29.jpeg?resize=700%2C400&ssl=1 2x"},"classes":[]},{"id":122015,"url":"https:\/\/www.hoymercedes.com.ar\/principal\/2020\/12\/18\/incremento-en-los-casos-5-nuevos-positivos-de-covid-19e\/","url_meta":{"origin":126463,"position":5},"title":"Incremento en los casos: 5 nuevos positivos de covid-19","author":"hoymercedes","date":"18 diciembre, 2020","format":false,"excerpt":"La informaci\u00f3n oficial que da cuenta de la situaci\u00f3n epidemiol\u00f3gica en Mercedes da cuenta de 5 nuevos casos positivos de covid-19 entre los 44 test realizados en la jornada del viernes. Con esta cifra, son 34 los pacientes que tienen activo el virus, ya que 4 pacientes fueron dados de\u2026","rel":"","context":"En \u00abSalud\u00bb","block_context":{"text":"Salud","link":"https:\/\/www.hoymercedes.com.ar\/principal\/category\/salud\/"},"img":{"alt_text":"","src":"https:\/\/i0.wp.com\/www.hoymercedes.com.ar\/principal\/wp-content\/uploads\/2020\/12\/WhatsApp-Image-2020-12-18-at-21.52.44.jpeg?resize=350%2C200&ssl=1","width":350,"height":200,"srcset":"https:\/\/i0.wp.com\/www.hoymercedes.com.ar\/principal\/wp-content\/uploads\/2020\/12\/WhatsApp-Image-2020-12-18-at-21.52.44.jpeg?resize=350%2C200&ssl=1 1x, https:\/\/i0.wp.com\/www.hoymercedes.com.ar\/principal\/wp-content\/uploads\/2020\/12\/WhatsApp-Image-2020-12-18-at-21.52.44.jpeg?resize=525%2C300&ssl=1 1.5x, https:\/\/i0.wp.com\/www.hoymercedes.com.ar\/principal\/wp-content\/uploads\/2020\/12\/WhatsApp-Image-2020-12-18-at-21.52.44.jpeg?resize=700%2C400&ssl=1 2x"},"classes":[]}],"_links":{"self":[{"href":"https:\/\/www.hoymercedes.com.ar\/principal\/wp-json\/wp\/v2\/posts\/126463","targetHints":{"allow":["GET"]}}],"collection":[{"href":"https:\/\/www.hoymercedes.com.ar\/principal\/wp-json\/wp\/v2\/posts"}],"about":[{"href":"https:\/\/www.hoymercedes.com.ar\/principal\/wp-json\/wp\/v2\/types\/post"}],"author":[{"embeddable":true,"href":"https:\/\/www.hoymercedes.com.ar\/principal\/wp-json\/wp\/v2\/users\/1"}],"replies":[{"embeddable":true,"href":"https:\/\/www.hoymercedes.com.ar\/principal\/wp-json\/wp\/v2\/comments?post=126463"}],"version-history":[{"count":0,"href":"https:\/\/www.hoymercedes.com.ar\/principal\/wp-json\/wp\/v2\/posts\/126463\/revisions"}],"wp:featuredmedia":[{"embeddable":true,"href":"https:\/\/www.hoymercedes.com.ar\/principal\/wp-json\/wp\/v2\/media\/126464"}],"wp:attachment":[{"href":"https:\/\/www.hoymercedes.com.ar\/principal\/wp-json\/wp\/v2\/media?parent=126463"}],"wp:term":[{"taxonomy":"category","embeddable":true,"href":"https:\/\/www.hoymercedes.com.ar\/principal\/wp-json\/wp\/v2\/categories?post=126463"},{"taxonomy":"post_tag","embeddable":true,"href":"https:\/\/www.hoymercedes.com.ar\/principal\/wp-json\/wp\/v2\/tags?post=126463"}],"curies":[{"name":"wp","href":"https:\/\/api.w.org\/{rel}","templated":true}]}}