{"id":126500,"date":"2021-03-18T17:24:00","date_gmt":"2021-03-18T20:24:00","guid":{"rendered":"https:\/\/www.hoymercedes.com.ar\/principal\/?p=126500"},"modified":"2021-03-18T14:53:28","modified_gmt":"2021-03-18T17:53:28","slug":"cine-mercedes-dos-peliculas-en-su-segunda-semana-de-reapertura","status":"publish","type":"post","link":"https:\/\/www.hoymercedes.com.ar\/principal\/2021\/03\/18\/cine-mercedes-dos-peliculas-en-su-segunda-semana-de-reapertura\/","title":{"rendered":"Cine Mercedes: dos pel\u00edculas en su segunda semana de reapertura"},"content":{"rendered":"\n<p>En su segunda semana de apertura, luego de un a\u00f1o de estar cerrado por la pandemia, el Cine Mercedes ofrece desde el viernes 19 hasta el martes 23 de marzo dos pel\u00edculas. Para los m\u00e1s peque\u00f1os, contin\u00faa la pel\u00edcula animada \u00abRaya y el \u00daltimo Drag\u00f3n\u00bb. En tanto, para los m\u00e1s grandes se presenta una de las pel\u00edculas argentina de reciente estreno: \u00abLa Noche M\u00e1gica\u00bb protagonizada por Natalia Oreiro y Diego Peretti. Cabe recordar que por protocolo, la sala de cine local est\u00e1 funcionando al 30% de su capacidad, por lo tanto, es recomensable anticipar la compra de entradas. <\/p>\n\n\n\n<div class=\"wp-block-image\"><figure class=\"aligncenter size-large\"><img loading=\"lazy\" decoding=\"async\" width=\"1024\" height=\"999\" data-attachment-id=\"126427\" data-permalink=\"https:\/\/www.hoymercedes.com.ar\/principal\/2021\/03\/17\/camara-economica-organiza-capacitacion-en-herramientas-de-facebook\/gacetilla-cine-mercedes-1-2\/#main\" data-orig-file=\"https:\/\/www.hoymercedes.com.ar\/principal\/wp-content\/uploads\/2021\/03\/Gacetilla-Cine-Mercedes-1-e1616023111876.jpg\" data-orig-size=\"900,878\" data-comments-opened=\"0\" data-image-meta=\"{&quot;aperture&quot;:&quot;0&quot;,&quot;credit&quot;:&quot;&quot;,&quot;camera&quot;:&quot;&quot;,&quot;caption&quot;:&quot;&quot;,&quot;created_timestamp&quot;:&quot;0&quot;,&quot;copyright&quot;:&quot;&quot;,&quot;focal_length&quot;:&quot;0&quot;,&quot;iso&quot;:&quot;0&quot;,&quot;shutter_speed&quot;:&quot;0&quot;,&quot;title&quot;:&quot;&quot;,&quot;orientation&quot;:&quot;1&quot;}\" data-image-title=\"Gacetilla Cine Mercedes (1)\" data-image-description=\"\" data-image-caption=\"\" data-large-file=\"https:\/\/www.hoymercedes.com.ar\/principal\/wp-content\/uploads\/2021\/03\/Gacetilla-Cine-Mercedes-1-1024x999.jpg\" src=\"https:\/\/www.hoymercedes.com.ar\/principal\/wp-content\/uploads\/2021\/03\/Gacetilla-Cine-Mercedes-1-1024x999.jpg\" alt=\"\" class=\"wp-image-126427\"\/><\/figure><\/div>\n","protected":false},"excerpt":{"rendered":"<p>En su segunda semana de apertura, luego de un a\u00f1o de estar cerrado por la pandemia, el Cine Mercedes ofrece &#8230; <a title=\"Cine Mercedes: dos pel\u00edculas en su segunda semana de reapertura\" class=\"read-more\" href=\"https:\/\/www.hoymercedes.com.ar\/principal\/2021\/03\/18\/cine-mercedes-dos-peliculas-en-su-segunda-semana-de-reapertura\/\" aria-label=\"Leer m\u00e1s sobre Cine Mercedes: dos pel\u00edculas en su segunda semana de reapertura\">Leer m\u00e1s<\/a><\/p>\n","protected":false},"author":1,"featured_media":126427,"comment_status":"closed","ping_status":"open","sticky":false,"template":"","format":"standard","meta":{"_monsterinsights_skip_tracking":false,"_monsterinsights_sitenote_active":false,"_monsterinsights_sitenote_note":"","_monsterinsights_sitenote_category":0,"jetpack_post_was_ever_published":false,"_jetpack_newsletter_access":"","_jetpack_dont_email_post_to_subs":false,"_jetpack_newsletter_tier_id":0,"_jetpack_memberships_contains_paywalled_content":false,"_jetpack_memberships_contains_paid_content":false,"footnotes":"","jetpack_publicize_message":"","jetpack_publicize_feature_enabled":true,"jetpack_social_post_already_shared":true,"jetpack_social_options":{"image_generator_settings":{"template":"highway","default_image_id":0,"font":"","enabled":false},"version":2},"_wpas_customize_per_network":false},"categories":[104],"tags":[8770,984,7805],"class_list":["post-126500","post","type-post","status-publish","format-standard","has-post-thumbnail","hentry","category-cultura","tag-cartelera","tag-cine-mercedes","tag-cultura","generate-columns","tablet-grid-50","mobile-grid-100","grid-parent","grid-50"],"jetpack_publicize_connections":[],"jetpack_featured_media_url":"https:\/\/www.hoymercedes.com.ar\/principal\/wp-content\/uploads\/2021\/03\/Gacetilla-Cine-Mercedes-1-e1616023111876.jpg","wps_subtitle":"Pantalla grande local","jetpack_sharing_enabled":true,"_links":{"self":[{"href":"https:\/\/www.hoymercedes.com.ar\/principal\/wp-json\/wp\/v2\/posts\/126500","targetHints":{"allow":["GET"]}}],"collection":[{"href":"https:\/\/www.hoymercedes.com.ar\/principal\/wp-json\/wp\/v2\/posts"}],"about":[{"href":"https:\/\/www.hoymercedes.com.ar\/principal\/wp-json\/wp\/v2\/types\/post"}],"author":[{"embeddable":true,"href":"https:\/\/www.hoymercedes.com.ar\/principal\/wp-json\/wp\/v2\/users\/1"}],"replies":[{"embeddable":true,"href":"https:\/\/www.hoymercedes.com.ar\/principal\/wp-json\/wp\/v2\/comments?post=126500"}],"version-history":[{"count":0,"href":"https:\/\/www.hoymercedes.com.ar\/principal\/wp-json\/wp\/v2\/posts\/126500\/revisions"}],"wp:featuredmedia":[{"embeddable":true,"href":"https:\/\/www.hoymercedes.com.ar\/principal\/wp-json\/wp\/v2\/media\/126427"}],"wp:attachment":[{"href":"https:\/\/www.hoymercedes.com.ar\/principal\/wp-json\/wp\/v2\/media?parent=126500"}],"wp:term":[{"taxonomy":"category","embeddable":true,"href":"https:\/\/www.hoymercedes.com.ar\/principal\/wp-json\/wp\/v2\/categories?post=126500"},{"taxonomy":"post_tag","embeddable":true,"href":"https:\/\/www.hoymercedes.com.ar\/principal\/wp-json\/wp\/v2\/tags?post=126500"}],"curies":[{"name":"wp","href":"https:\/\/api.w.org\/{rel}","templated":true}]}}