{"id":126514,"date":"2021-03-18T19:29:49","date_gmt":"2021-03-18T22:29:49","guid":{"rendered":"https:\/\/www.hoymercedes.com.ar\/principal\/?p=126514"},"modified":"2021-03-18T19:29:56","modified_gmt":"2021-03-18T22:29:56","slug":"diputado-selva-celebra-lanzamiento-de-una-sala-inclusiva-de-teatro-en-el-congreso","status":"publish","type":"post","link":"https:\/\/www.hoymercedes.com.ar\/principal\/2021\/03\/18\/diputado-selva-celebra-lanzamiento-de-una-sala-inclusiva-de-teatro-en-el-congreso\/","title":{"rendered":"Diputado Selva celebra lanzamiento de una sala inclusiva de teatro en el Congreso"},"content":{"rendered":"\n<p>La Biblioteca del Congreso de la Naci\u00f3n presenta el pr\u00f3ximo martes 23 de marzo a las 18 horas \u00abSapo de otro pozo, un vuelo a ciegas\u00bb, obra a cargo de Teatro Ciego, compa\u00f1\u00eda experta en contar historias en absoluta oscuridad, en lo que ser\u00e1 el anuncio oficial de la Sala Marrakech, una sala p\u00fablica e inclusiva para usuarios con discapacidad.<\/p>\n\n\n\n<p>La Sala Marrakech contar\u00e1 con obras accesibles, acceso al fondo documental de Tiflonexos, esc\u00e1ner rob\u00f3tico en espa\u00f1ol e ingl\u00e9s, lectores de pantalla, aro magn\u00e9tico y material en braille, que el personal especialmente capacitado pondr\u00e1 a disposici\u00f3n del usuario.<\/p>\n\n\n\n<p>La presentaci\u00f3n se realizar\u00e1 en el auditorio Leonardo Favio del Espacio Cultural (Alsina 1835, Ciudad de Buenos Aires) y estar\u00e1 encabezada por el Diputado Nacional Carlos Selva, Presidente de la Comisi\u00f3n Bicameral Administrativa de la BCN, quien contar\u00e1 detalles del nuevo espacio en la Biblioteca del Congreso.<\/p>\n\n\n\n<p>Al respecto el diputado nacional Carlos Selva se manifest\u00f3 \u00abmuy contento de poder sumar este tipo de propuestas en el marco de todo el trabajo que viene llevando a cabo el equipo de trabajadores, trabajadoras y autoridades por tener una Biblioteca cada vez m\u00e1s inclusiva y accesible para todos\u00bb.<\/p>\n\n\n\n<p>La creaci\u00f3n de la sala Marrakech es una pol\u00edtica de gesti\u00f3n que busca la implementaci\u00f3n del Tratado que desde el a\u00f1o 2013 impulsa la Organizaci\u00f3n Mundial de la Propiedad Intelectual (OMPI), acuerdo que establece una serie de limitaciones y excepciones al derecho de autor en beneficio de las personas en situaci\u00f3n de discapacidad que les dificulte el acceso a los textos impresos.<\/p>\n\n\n\n<p>El Tratado de Marrakech, con su aplicaci\u00f3n vigente, da el marco legal para seguir trabajando en esta l\u00ednea, reafirmando el compromiso de un acceso universal a la informaci\u00f3n, con una mirada desde la Convenci\u00f3n sobre los Derechos para las Personas con Discapacidad.<\/p>\n\n\n\n<p>El proyecto de ley que exime del pago de derecho de autor la reproducci\u00f3n, distribuci\u00f3n y puesta a disposici\u00f3n del p\u00fablico de obras en formatos accesibles fue aprobado\u00a0 por unanimidad\u00a0 el pasado mes de noviembre por la Honorable C\u00e1mara de Diputados de la Naci\u00f3n con 233 votos positivos.<\/p>\n\n\n\n<p>Fuente: Prensa Carlos Selva<\/p>\n","protected":false},"excerpt":{"rendered":"<p>La Biblioteca del Congreso de la Naci\u00f3n presenta el pr\u00f3ximo martes 23 de marzo a las 18 horas \u00abSapo de &#8230; <a title=\"Diputado Selva celebra lanzamiento de una sala inclusiva de teatro en el Congreso\" class=\"read-more\" href=\"https:\/\/www.hoymercedes.com.ar\/principal\/2021\/03\/18\/diputado-selva-celebra-lanzamiento-de-una-sala-inclusiva-de-teatro-en-el-congreso\/\" aria-label=\"Leer m\u00e1s sobre Diputado Selva celebra lanzamiento de una sala inclusiva de teatro en el Congreso\">Leer m\u00e1s<\/a><\/p>\n","protected":false},"author":1,"featured_media":126515,"comment_status":"closed","ping_status":"open","sticky":false,"template":"","format":"standard","meta":{"_monsterinsights_skip_tracking":false,"_monsterinsights_sitenote_active":false,"_monsterinsights_sitenote_note":"","_monsterinsights_sitenote_category":0,"jetpack_post_was_ever_published":false,"_jetpack_newsletter_access":"","_jetpack_dont_email_post_to_subs":false,"_jetpack_newsletter_tier_id":0,"_jetpack_memberships_contains_paywalled_content":false,"_jetpack_memberships_contains_paid_content":false,"footnotes":"","jetpack_publicize_message":"","jetpack_publicize_feature_enabled":true,"jetpack_social_post_already_shared":true,"jetpack_social_options":{"image_generator_settings":{"template":"highway","default_image_id":0,"font":"","enabled":false},"version":2},"_wpas_customize_per_network":false},"categories":[5210],"tags":[],"class_list":["post-126514","post","type-post","status-publish","format-standard","has-post-thumbnail","hentry","category-politica-nacional","generate-columns","tablet-grid-50","mobile-grid-100","grid-parent","grid-50"],"jetpack_publicize_connections":[],"jetpack_featured_media_url":"https:\/\/www.hoymercedes.com.ar\/principal\/wp-content\/uploads\/2021\/03\/teatro-ciego.jpg","wps_subtitle":"Actividad legislativa","jetpack_sharing_enabled":true,"_links":{"self":[{"href":"https:\/\/www.hoymercedes.com.ar\/principal\/wp-json\/wp\/v2\/posts\/126514","targetHints":{"allow":["GET"]}}],"collection":[{"href":"https:\/\/www.hoymercedes.com.ar\/principal\/wp-json\/wp\/v2\/posts"}],"about":[{"href":"https:\/\/www.hoymercedes.com.ar\/principal\/wp-json\/wp\/v2\/types\/post"}],"author":[{"embeddable":true,"href":"https:\/\/www.hoymercedes.com.ar\/principal\/wp-json\/wp\/v2\/users\/1"}],"replies":[{"embeddable":true,"href":"https:\/\/www.hoymercedes.com.ar\/principal\/wp-json\/wp\/v2\/comments?post=126514"}],"version-history":[{"count":0,"href":"https:\/\/www.hoymercedes.com.ar\/principal\/wp-json\/wp\/v2\/posts\/126514\/revisions"}],"wp:featuredmedia":[{"embeddable":true,"href":"https:\/\/www.hoymercedes.com.ar\/principal\/wp-json\/wp\/v2\/media\/126515"}],"wp:attachment":[{"href":"https:\/\/www.hoymercedes.com.ar\/principal\/wp-json\/wp\/v2\/media?parent=126514"}],"wp:term":[{"taxonomy":"category","embeddable":true,"href":"https:\/\/www.hoymercedes.com.ar\/principal\/wp-json\/wp\/v2\/categories?post=126514"},{"taxonomy":"post_tag","embeddable":true,"href":"https:\/\/www.hoymercedes.com.ar\/principal\/wp-json\/wp\/v2\/tags?post=126514"}],"curies":[{"name":"wp","href":"https:\/\/api.w.org\/{rel}","templated":true}]}}