{"id":126572,"date":"2021-03-19T22:13:35","date_gmt":"2021-03-20T01:13:35","guid":{"rendered":"https:\/\/www.hoymercedes.com.ar\/principal\/?p=126572"},"modified":"2021-03-19T22:13:39","modified_gmt":"2021-03-20T01:13:39","slug":"dos-fallecimientos-en-mercedes-y-siete-nuevos-casos-de-covid","status":"publish","type":"post","link":"https:\/\/www.hoymercedes.com.ar\/principal\/2021\/03\/19\/dos-fallecimientos-en-mercedes-y-siete-nuevos-casos-de-covid\/","title":{"rendered":"Dos fallecimientos en Mercedes y siete nuevos casos de covid"},"content":{"rendered":"\n<p>La informaci\u00f3n epidemiol\u00f3gica de Mercedes informa el fallecimiento de dos pacientes masculinos. Uno de 70 a\u00f1os y otro de 63 a\u00f1os. Ambos portadores del virus SARS-cov2 que produce la enfermedad que preocupa al mundo. Asimismo, confirman que entre los 34 an\u00e1lisis procesados en el d\u00eda de la fecha, son 7 los resultados positivos. En tanto, 8 pacientes obtuvieron el alta. Con estas cifras hay 82 pacientes que transitan la enfermedad.<\/p>\n\n\n\n<div class=\"wp-block-image\"><figure class=\"aligncenter size-large\"><img loading=\"lazy\" decoding=\"async\" width=\"800\" height=\"800\" data-attachment-id=\"126573\" data-permalink=\"https:\/\/www.hoymercedes.com.ar\/principal\/2021\/03\/19\/dos-fallecimientos-en-mercedes-y-siete-nuevos-casos-de-covid\/whatsapp-image-2021-03-19-at-22-01-06\/#main\" data-orig-file=\"https:\/\/www.hoymercedes.com.ar\/principal\/wp-content\/uploads\/2021\/03\/WhatsApp-Image-2021-03-19-at-22.01.06.jpeg\" data-orig-size=\"800,800\" data-comments-opened=\"0\" data-image-meta=\"{&quot;aperture&quot;:&quot;0&quot;,&quot;credit&quot;:&quot;&quot;,&quot;camera&quot;:&quot;&quot;,&quot;caption&quot;:&quot;&quot;,&quot;created_timestamp&quot;:&quot;0&quot;,&quot;copyright&quot;:&quot;&quot;,&quot;focal_length&quot;:&quot;0&quot;,&quot;iso&quot;:&quot;0&quot;,&quot;shutter_speed&quot;:&quot;0&quot;,&quot;title&quot;:&quot;&quot;,&quot;orientation&quot;:&quot;0&quot;}\" data-image-title=\"WhatsApp Image 2021-03-19 at 22.01.06\" data-image-description=\"\" data-image-caption=\"\" data-large-file=\"https:\/\/www.hoymercedes.com.ar\/principal\/wp-content\/uploads\/2021\/03\/WhatsApp-Image-2021-03-19-at-22.01.06.jpeg\" src=\"https:\/\/www.hoymercedes.com.ar\/principal\/wp-content\/uploads\/2021\/03\/WhatsApp-Image-2021-03-19-at-22.01.06.jpeg\" alt=\"\" class=\"wp-image-126573\" srcset=\"https:\/\/www.hoymercedes.com.ar\/principal\/wp-content\/uploads\/2021\/03\/WhatsApp-Image-2021-03-19-at-22.01.06.jpeg 800w, https:\/\/www.hoymercedes.com.ar\/principal\/wp-content\/uploads\/2021\/03\/WhatsApp-Image-2021-03-19-at-22.01.06-620x620.jpeg 620w, https:\/\/www.hoymercedes.com.ar\/principal\/wp-content\/uploads\/2021\/03\/WhatsApp-Image-2021-03-19-at-22.01.06-150x150.jpeg 150w\" sizes=\"auto, (max-width: 800px) 100vw, 800px\" \/><\/figure><\/div>\n","protected":false},"excerpt":{"rendered":"<p>La informaci\u00f3n epidemiol\u00f3gica de Mercedes informa el fallecimiento de dos pacientes masculinos. Uno de 70 a\u00f1os y otro de 63 &#8230; <a title=\"Dos fallecimientos en Mercedes y siete nuevos casos de covid\" class=\"read-more\" href=\"https:\/\/www.hoymercedes.com.ar\/principal\/2021\/03\/19\/dos-fallecimientos-en-mercedes-y-siete-nuevos-casos-de-covid\/\" aria-label=\"Leer m\u00e1s sobre Dos fallecimientos en Mercedes y siete nuevos casos de covid\">Leer m\u00e1s<\/a><\/p>\n","protected":false},"author":1,"featured_media":126573,"comment_status":"closed","ping_status":"open","sticky":false,"template":"","format":"standard","meta":{"_monsterinsights_skip_tracking":false,"_monsterinsights_sitenote_active":false,"_monsterinsights_sitenote_note":"","_monsterinsights_sitenote_category":0,"jetpack_post_was_ever_published":false,"_jetpack_newsletter_access":"","_jetpack_dont_email_post_to_subs":false,"_jetpack_newsletter_tier_id":0,"_jetpack_memberships_contains_paywalled_content":false,"_jetpack_memberships_contains_paid_content":false,"footnotes":"","jetpack_publicize_message":"","jetpack_publicize_feature_enabled":true,"jetpack_social_post_already_shared":true,"jetpack_social_options":{"image_generator_settings":{"template":"highway","default_image_id":0,"font":"","enabled":false},"version":2},"_wpas_customize_per_network":false},"categories":[9791],"tags":[],"class_list":["post-126572","post","type-post","status-publish","format-standard","has-post-thumbnail","hentry","category-salud","generate-columns","tablet-grid-50","mobile-grid-100","grid-parent","grid-50"],"jetpack_publicize_connections":[],"jetpack_featured_media_url":"https:\/\/www.hoymercedes.com.ar\/principal\/wp-content\/uploads\/2021\/03\/WhatsApp-Image-2021-03-19-at-22.01.06.jpeg","wps_subtitle":"Parte diario local","jetpack_sharing_enabled":true,"jetpack-related-posts":[{"id":123157,"url":"https:\/\/www.hoymercedes.com.ar\/principal\/2021\/01\/11\/dos-pacientes-fallecieron-con-covid-y-confirman-otros-29-nuevos-casos\/","url_meta":{"origin":126572,"position":0},"title":"Dos pacientes fallecieron con covid y confirman otros 29 nuevos casos","author":"hoymercedes","date":"11 enero, 2021","format":false,"excerpt":"El parte diario del lunes 11 de enero confirma que cerca de 300 personas transitan la enfermedad producida por el Sars-cov2 en Mercedes. En esta jornada, confirmaron el fallecimientos de dos pacientes. Un hombre de 92 a\u00f1os y una mujer de 86 a\u00f1os. Ambos estaban internados en el Hospital Dubarry.\u2026","rel":"","context":"En \u00abSalud\u00bb","block_context":{"text":"Salud","link":"https:\/\/www.hoymercedes.com.ar\/principal\/category\/salud\/"},"img":{"alt_text":"","src":"https:\/\/i0.wp.com\/www.hoymercedes.com.ar\/principal\/wp-content\/uploads\/2021\/01\/WhatsApp-Image-2021-01-11-at-21.34.32.jpeg?resize=350%2C200&ssl=1","width":350,"height":200,"srcset":"https:\/\/i0.wp.com\/www.hoymercedes.com.ar\/principal\/wp-content\/uploads\/2021\/01\/WhatsApp-Image-2021-01-11-at-21.34.32.jpeg?resize=350%2C200&ssl=1 1x, https:\/\/i0.wp.com\/www.hoymercedes.com.ar\/principal\/wp-content\/uploads\/2021\/01\/WhatsApp-Image-2021-01-11-at-21.34.32.jpeg?resize=525%2C300&ssl=1 1.5x, https:\/\/i0.wp.com\/www.hoymercedes.com.ar\/principal\/wp-content\/uploads\/2021\/01\/WhatsApp-Image-2021-01-11-at-21.34.32.jpeg?resize=700%2C400&ssl=1 2x"},"classes":[]},{"id":125413,"url":"https:\/\/www.hoymercedes.com.ar\/principal\/2021\/02\/25\/covid-en-mercedes-un-fallecimiento-y-8-casos-nuevos-positivos\/","url_meta":{"origin":126572,"position":1},"title":"Covid en Mercedes: Un fallecimiento y 8 casos nuevos positivos","author":"hoymercedes","date":"25 febrero, 2021","format":false,"excerpt":"El parte diario con la informaci\u00f3n epidemiol\u00f3gica confirma el fallecimiento de una mujer de 62 a\u00f1os que era portadora del virus Sars-cov2 que produce el covid-19. Adem\u00e1s, informan que 8 pacientes recibieron su resulatado positivo y se suman a los pacientes que deber\u00e1n estar aislados transitando la enfermedad. Con los\u2026","rel":"","context":"En \u00abSalud\u00bb","block_context":{"text":"Salud","link":"https:\/\/www.hoymercedes.com.ar\/principal\/category\/salud\/"},"img":{"alt_text":"","src":"https:\/\/i0.wp.com\/www.hoymercedes.com.ar\/principal\/wp-content\/uploads\/2021\/02\/WhatsApp-Image-2021-02-25-at-21.26.01.jpeg?resize=350%2C200&ssl=1","width":350,"height":200,"srcset":"https:\/\/i0.wp.com\/www.hoymercedes.com.ar\/principal\/wp-content\/uploads\/2021\/02\/WhatsApp-Image-2021-02-25-at-21.26.01.jpeg?resize=350%2C200&ssl=1 1x, https:\/\/i0.wp.com\/www.hoymercedes.com.ar\/principal\/wp-content\/uploads\/2021\/02\/WhatsApp-Image-2021-02-25-at-21.26.01.jpeg?resize=525%2C300&ssl=1 1.5x, https:\/\/i0.wp.com\/www.hoymercedes.com.ar\/principal\/wp-content\/uploads\/2021\/02\/WhatsApp-Image-2021-02-25-at-21.26.01.jpeg?resize=700%2C400&ssl=1 2x, https:\/\/i0.wp.com\/www.hoymercedes.com.ar\/principal\/wp-content\/uploads\/2021\/02\/WhatsApp-Image-2021-02-25-at-21.26.01.jpeg?resize=1050%2C600&ssl=1 3x"},"classes":[]},{"id":138511,"url":"https:\/\/www.hoymercedes.com.ar\/principal\/2021\/10\/11\/covid-en-mercedes-una-persona-fallecio-y-tres-recibieron-su-positivo\/","url_meta":{"origin":126572,"position":2},"title":"Covid en Mercedes: Una persona falleci\u00f3 y tres recibieron su positivo","author":"hoymercedes","date":"11 octubre, 2021","format":false,"excerpt":"La informaci\u00f3n brindada por las autoridades de la ciudd da cuenta del fallecimiento de un paciente de 80 a\u00f1os que era portador del virus. Asimismo, confirm\u00f3 que tres personas recibieron el resultado positivo de sus an\u00e1lisis, mientras que dos pacientes recibieron el alta. Es as\u00ed que son 16 los pacientes\u2026","rel":"","context":"En \u00abSalud\u00bb","block_context":{"text":"Salud","link":"https:\/\/www.hoymercedes.com.ar\/principal\/category\/salud\/"},"img":{"alt_text":"","src":"https:\/\/i0.wp.com\/www.hoymercedes.com.ar\/principal\/wp-content\/uploads\/2021\/10\/WhatsApp-Image-2021-10-11-at-21.24.54.jpeg?resize=350%2C200&ssl=1","width":350,"height":200,"srcset":"https:\/\/i0.wp.com\/www.hoymercedes.com.ar\/principal\/wp-content\/uploads\/2021\/10\/WhatsApp-Image-2021-10-11-at-21.24.54.jpeg?resize=350%2C200&ssl=1 1x, https:\/\/i0.wp.com\/www.hoymercedes.com.ar\/principal\/wp-content\/uploads\/2021\/10\/WhatsApp-Image-2021-10-11-at-21.24.54.jpeg?resize=525%2C300&ssl=1 1.5x, https:\/\/i0.wp.com\/www.hoymercedes.com.ar\/principal\/wp-content\/uploads\/2021\/10\/WhatsApp-Image-2021-10-11-at-21.24.54.jpeg?resize=700%2C400&ssl=1 2x"},"classes":[]},{"id":138891,"url":"https:\/\/www.hoymercedes.com.ar\/principal\/2021\/10\/19\/covid-en-mercedes-dos-nuevos-positivos\/","url_meta":{"origin":126572,"position":3},"title":"Covid en Mercedes: Dos nuevos positivos","author":"hoymercedes","date":"19 octubre, 2021","format":false,"excerpt":"Entre los 34 test procesados este martes 19 de octubre, dos resultaron positivos de covid-19. Asimismo, el informe brindado por las autoridades sanitarias locales, dan cuenta de que cuatro pacientes obtuvieron el alta en el d\u00eda de la fecha, siendo 12 los pacientes que est\u00e1n transitando la enfermedad de acuerdo\u2026","rel":"","context":"En \u00abSalud\u00bb","block_context":{"text":"Salud","link":"https:\/\/www.hoymercedes.com.ar\/principal\/category\/salud\/"},"img":{"alt_text":"","src":"https:\/\/i0.wp.com\/www.hoymercedes.com.ar\/principal\/wp-content\/uploads\/2021\/10\/WhatsApp-Image-2021-10-19-at-21.47.18.jpeg?resize=350%2C200&ssl=1","width":350,"height":200,"srcset":"https:\/\/i0.wp.com\/www.hoymercedes.com.ar\/principal\/wp-content\/uploads\/2021\/10\/WhatsApp-Image-2021-10-19-at-21.47.18.jpeg?resize=350%2C200&ssl=1 1x, https:\/\/i0.wp.com\/www.hoymercedes.com.ar\/principal\/wp-content\/uploads\/2021\/10\/WhatsApp-Image-2021-10-19-at-21.47.18.jpeg?resize=525%2C300&ssl=1 1.5x, https:\/\/i0.wp.com\/www.hoymercedes.com.ar\/principal\/wp-content\/uploads\/2021\/10\/WhatsApp-Image-2021-10-19-at-21.47.18.jpeg?resize=700%2C400&ssl=1 2x"},"classes":[]},{"id":138475,"url":"https:\/\/www.hoymercedes.com.ar\/principal\/2021\/10\/10\/covid-en-mercedes-dos-positivos-entre-15-test-procesados\/","url_meta":{"origin":126572,"position":4},"title":"Covid en Mercedes: Dos positivos entre 15 test procesados","author":"hoymercedes","date":"10 octubre, 2021","format":false,"excerpt":"Las autoridades sanitarias confirmaron este domingo que son dos los resultados positivos entre los 15 an\u00e1lisis procesados en el d\u00eda de la fecha. Asimismo, informaron que son 5 los pacientes que recibieron el alta y por lo tanto, son 16 los pacientes que transitan la enfermedad covid-19.","rel":"","context":"En \u00abSalud\u00bb","block_context":{"text":"Salud","link":"https:\/\/www.hoymercedes.com.ar\/principal\/category\/salud\/"},"img":{"alt_text":"","src":"https:\/\/i0.wp.com\/www.hoymercedes.com.ar\/principal\/wp-content\/uploads\/2021\/10\/WhatsApp-Image-2021-10-10-at-22.12.10.jpeg?resize=350%2C200&ssl=1","width":350,"height":200,"srcset":"https:\/\/i0.wp.com\/www.hoymercedes.com.ar\/principal\/wp-content\/uploads\/2021\/10\/WhatsApp-Image-2021-10-10-at-22.12.10.jpeg?resize=350%2C200&ssl=1 1x, https:\/\/i0.wp.com\/www.hoymercedes.com.ar\/principal\/wp-content\/uploads\/2021\/10\/WhatsApp-Image-2021-10-10-at-22.12.10.jpeg?resize=525%2C300&ssl=1 1.5x, https:\/\/i0.wp.com\/www.hoymercedes.com.ar\/principal\/wp-content\/uploads\/2021\/10\/WhatsApp-Image-2021-10-10-at-22.12.10.jpeg?resize=700%2C400&ssl=1 2x"},"classes":[]},{"id":136920,"url":"https:\/\/www.hoymercedes.com.ar\/principal\/2021\/09\/08\/covid-en-mercedes-dos-nuevos-casos-entre-los-33-test-procesados-en-la-jornada\/","url_meta":{"origin":126572,"position":5},"title":"Covid en Mercedes: dos nuevos casos entre los 33 test procesados en la jornada","author":"hoymercedes","date":"8 septiembre, 2021","format":false,"excerpt":"La informaci\u00f3n brindada sobre el covid por parte de las autoridades sanitarias confirma que este mi\u00e9rcoles entre los 33 test procesados, dos resultaron positivos para pacientes de Mercedes. Asimismo, informan que cinco pacientes recibieron el alta este d\u00eda llegando a 7196 los pacientes que se recuperaron de covid-19 desde el\u2026","rel":"","context":"En \u00abSalud\u00bb","block_context":{"text":"Salud","link":"https:\/\/www.hoymercedes.com.ar\/principal\/category\/salud\/"},"img":{"alt_text":"","src":"https:\/\/i0.wp.com\/www.hoymercedes.com.ar\/principal\/wp-content\/uploads\/2021\/09\/WhatsApp-Image-2021-09-08-at-21.31.53.jpeg?resize=350%2C200&ssl=1","width":350,"height":200,"srcset":"https:\/\/i0.wp.com\/www.hoymercedes.com.ar\/principal\/wp-content\/uploads\/2021\/09\/WhatsApp-Image-2021-09-08-at-21.31.53.jpeg?resize=350%2C200&ssl=1 1x, https:\/\/i0.wp.com\/www.hoymercedes.com.ar\/principal\/wp-content\/uploads\/2021\/09\/WhatsApp-Image-2021-09-08-at-21.31.53.jpeg?resize=525%2C300&ssl=1 1.5x, https:\/\/i0.wp.com\/www.hoymercedes.com.ar\/principal\/wp-content\/uploads\/2021\/09\/WhatsApp-Image-2021-09-08-at-21.31.53.jpeg?resize=700%2C400&ssl=1 2x"},"classes":[]}],"_links":{"self":[{"href":"https:\/\/www.hoymercedes.com.ar\/principal\/wp-json\/wp\/v2\/posts\/126572","targetHints":{"allow":["GET"]}}],"collection":[{"href":"https:\/\/www.hoymercedes.com.ar\/principal\/wp-json\/wp\/v2\/posts"}],"about":[{"href":"https:\/\/www.hoymercedes.com.ar\/principal\/wp-json\/wp\/v2\/types\/post"}],"author":[{"embeddable":true,"href":"https:\/\/www.hoymercedes.com.ar\/principal\/wp-json\/wp\/v2\/users\/1"}],"replies":[{"embeddable":true,"href":"https:\/\/www.hoymercedes.com.ar\/principal\/wp-json\/wp\/v2\/comments?post=126572"}],"version-history":[{"count":0,"href":"https:\/\/www.hoymercedes.com.ar\/principal\/wp-json\/wp\/v2\/posts\/126572\/revisions"}],"wp:featuredmedia":[{"embeddable":true,"href":"https:\/\/www.hoymercedes.com.ar\/principal\/wp-json\/wp\/v2\/media\/126573"}],"wp:attachment":[{"href":"https:\/\/www.hoymercedes.com.ar\/principal\/wp-json\/wp\/v2\/media?parent=126572"}],"wp:term":[{"taxonomy":"category","embeddable":true,"href":"https:\/\/www.hoymercedes.com.ar\/principal\/wp-json\/wp\/v2\/categories?post=126572"},{"taxonomy":"post_tag","embeddable":true,"href":"https:\/\/www.hoymercedes.com.ar\/principal\/wp-json\/wp\/v2\/tags?post=126572"}],"curies":[{"name":"wp","href":"https:\/\/api.w.org\/{rel}","templated":true}]}}