{"id":126587,"date":"2021-03-20T14:57:00","date_gmt":"2021-03-20T17:57:00","guid":{"rendered":"https:\/\/www.hoymercedes.com.ar\/principal\/?p=126587"},"modified":"2021-03-20T13:02:25","modified_gmt":"2021-03-20T16:02:25","slug":"mercedes-crece-en-oferta-educativa-y-busca-ser-ciudad-educadora","status":"publish","type":"post","link":"https:\/\/www.hoymercedes.com.ar\/principal\/2021\/03\/20\/mercedes-crece-en-oferta-educativa-y-busca-ser-ciudad-educadora\/","title":{"rendered":"Mercedes crece en oferta educativa y busca ser \u201cciudad educadora\u201d"},"content":{"rendered":"\n<p>Por Prensa Municipal &#8211; Esta semana el intendente Juan Ustarroz tuvo importantes reuniones que generar\u00e1n m\u00e1s condiciones \u00f3ptimas para la capacitaci\u00f3n de los mercedinos. \u00a0<\/p>\n\n\n\n<p>Unos de los pilares de la gesti\u00f3n actual es la educaci\u00f3n. Por un lado, est\u00e1 la inversi\u00f3n en infraestructura que lleva adelante en escuelas de la ciudad, pero por el otro est\u00e1 el pedag\u00f3gico. Ustarroz siempre le ha dado preponderancia al tema educativo y un ejemplo de ello es el funcionamiento que ha tenido el PROEBA. \u00a0<\/p>\n\n\n\n<div class=\"wp-block-image\"><figure class=\"aligncenter size-large\"><img loading=\"lazy\" decoding=\"async\" width=\"800\" height=\"533\" data-attachment-id=\"126588\" data-permalink=\"https:\/\/www.hoymercedes.com.ar\/principal\/2021\/03\/20\/mercedes-crece-en-oferta-educativa-y-busca-ser-ciudad-educadora\/sja_1520\/#main\" data-orig-file=\"https:\/\/www.hoymercedes.com.ar\/principal\/wp-content\/uploads\/2021\/03\/SJA_1520.jpg\" data-orig-size=\"800,533\" data-comments-opened=\"0\" data-image-meta=\"{&quot;aperture&quot;:&quot;0&quot;,&quot;credit&quot;:&quot;&quot;,&quot;camera&quot;:&quot;&quot;,&quot;caption&quot;:&quot;&quot;,&quot;created_timestamp&quot;:&quot;0&quot;,&quot;copyright&quot;:&quot;&quot;,&quot;focal_length&quot;:&quot;0&quot;,&quot;iso&quot;:&quot;0&quot;,&quot;shutter_speed&quot;:&quot;0&quot;,&quot;title&quot;:&quot;&quot;,&quot;orientation&quot;:&quot;0&quot;}\" data-image-title=\"SJA_1520\" data-image-description=\"\" data-image-caption=\"\" data-large-file=\"https:\/\/www.hoymercedes.com.ar\/principal\/wp-content\/uploads\/2021\/03\/SJA_1520.jpg\" src=\"https:\/\/www.hoymercedes.com.ar\/principal\/wp-content\/uploads\/2021\/03\/SJA_1520.jpg\" alt=\"\" class=\"wp-image-126588\" srcset=\"https:\/\/www.hoymercedes.com.ar\/principal\/wp-content\/uploads\/2021\/03\/SJA_1520.jpg 800w, https:\/\/www.hoymercedes.com.ar\/principal\/wp-content\/uploads\/2021\/03\/SJA_1520-630x420.jpg 630w, https:\/\/www.hoymercedes.com.ar\/principal\/wp-content\/uploads\/2021\/03\/SJA_1520-150x100.jpg 150w, https:\/\/www.hoymercedes.com.ar\/principal\/wp-content\/uploads\/2021\/03\/SJA_1520-700x465.jpg 700w\" sizes=\"auto, (max-width: 800px) 100vw, 800px\" \/><\/figure><\/div>\n\n\n\n<p>Ya para este a\u00f1o las reuniones y gestiones ante universidades nacionales y los gobiernos de Axel Kicillof y Alberto Fern\u00e1ndez han generado mayor oferta en carreras terciarias. \u201cPara este ciclo lectivo 2021 hemos logrado presentar en Mercedes dos carreras: tecnicatura en mantenimiento industrial y Agrocolog\u00eda. Lo importante es que son carreras que se inician ac\u00e1 y se terminan ac\u00e1. A eso hay que sumarle la carrera de enfermer\u00eda que se dicta en el Hospital Dubarry\u201d, afirm\u00f3 el intendente municipal Juan Ustarroz. &nbsp;<\/p>\n\n\n\n<p>Para el primer mandatario local la llegada de nuevas carreras no son un fin en s\u00ed mismo, sino m\u00e1s bien son parte de un concepto m\u00e1s amplio y ambicioso: convertir a Mercedes en \u201cciudad educadora\u201d. \u201cSeguimos avanzando en el rol de ciudad educadora. Estamos trabajando tambi\u00e9n en la posibilidad de ofrecer cursos de grados y posgrado para nuestros docentes.&nbsp;&nbsp;Adem\u00e1s, en breve vamos a lanzar toda una plataforma de acompa\u00f1amiento en el proceso de ense\u00f1anza &#8211; aprendizaje en este momento tan particular. Estamos elaborando un plan junto con universidades nacionales y los gobiernos Nacional y Provincial para ofrecer esta posibilidad\u201d, cont\u00f3 Ustarroz. &nbsp;<\/p>\n\n\n\n<p>El intendente tambi\u00e9n se mostr\u00f3 ocupado con la situaci\u00f3n educativa actual en medio de la pandemia, donde preponderan las \u201cburbujas\u201d en los cursos y la virtualidad sigue con fuerza. \u201cEl a\u00f1o pasado fue muy dif\u00edcil para la educaci\u00f3n y hubo un gran esfuerzo de parte de los docentes y tambi\u00e9n de los alumnos y sus familias. Este a\u00f1o se sigue con esta perspectiva, m\u00e1s all\u00e1 de las burbujas escolares, y por eso estamos trabajando para generar m\u00e1s herramientas para poder concretar la virtualidad de manera \u00f3ptima\u201d, dijo. &nbsp;<\/p>\n\n\n\n<p>Sobre el final Ustarroz tambi\u00e9n se mostr\u00f3 satisfecho con la decisi\u00f3n del gobierno nacional de ampliar la oferta de becas para estudiantes, m\u00e1s que nada en este contexto de crisis social. \u201cEl Estado Nacional ha generado m\u00e1s becas del programa Progresar y es un aporte importante para los estudiantes para poder seguir adelante con su formaci\u00f3n\u201d, inform\u00f3 el intendente de todos los mercedinos. &nbsp;<\/p>\n","protected":false},"excerpt":{"rendered":"<p>Por Prensa Municipal &#8211; Esta semana el intendente Juan Ustarroz tuvo importantes reuniones que generar\u00e1n m\u00e1s condiciones \u00f3ptimas para la &#8230; <a title=\"Mercedes crece en oferta educativa y busca ser \u201cciudad educadora\u201d\" class=\"read-more\" href=\"https:\/\/www.hoymercedes.com.ar\/principal\/2021\/03\/20\/mercedes-crece-en-oferta-educativa-y-busca-ser-ciudad-educadora\/\" aria-label=\"Leer m\u00e1s sobre Mercedes crece en oferta educativa y busca ser \u201cciudad educadora\u201d\">Leer m\u00e1s<\/a><\/p>\n","protected":false},"author":1,"featured_media":126588,"comment_status":"closed","ping_status":"open","sticky":false,"template":"","format":"standard","meta":{"_monsterinsights_skip_tracking":false,"_monsterinsights_sitenote_active":false,"_monsterinsights_sitenote_note":"","_monsterinsights_sitenote_category":0,"jetpack_post_was_ever_published":false,"_jetpack_newsletter_access":"","_jetpack_dont_email_post_to_subs":false,"_jetpack_newsletter_tier_id":0,"_jetpack_memberships_contains_paywalled_content":false,"_jetpack_memberships_contains_paid_content":false,"footnotes":"","jetpack_publicize_message":"","jetpack_publicize_feature_enabled":true,"jetpack_social_post_already_shared":true,"jetpack_social_options":{"image_generator_settings":{"template":"highway","default_image_id":0,"font":"","enabled":false},"version":2},"_wpas_customize_per_network":false},"categories":[30],"tags":[],"class_list":["post-126587","post","type-post","status-publish","format-standard","has-post-thumbnail","hentry","category-municipio","generate-columns","tablet-grid-50","mobile-grid-100","grid-parent","grid-50"],"jetpack_publicize_connections":[],"jetpack_featured_media_url":"https:\/\/www.hoymercedes.com.ar\/principal\/wp-content\/uploads\/2021\/03\/SJA_1520.jpg","wps_subtitle":"","jetpack_sharing_enabled":true,"jetpack-related-posts":[{"id":121894,"url":"https:\/\/www.hoymercedes.com.ar\/principal\/2020\/12\/17\/ultima-reunion-del-comite-de-crisis\/","url_meta":{"origin":126587,"position":0},"title":"\u00daltima reuni\u00f3n del Comit\u00e9 de Crisis","author":"hoymercedes","date":"17 diciembre, 2020","format":false,"excerpt":"Informe Municipal - El Comit\u00e9 de crisis de nuestra ciudad junto al intendente Juan Ignacio Ustarroz llevaron adelante la \u00faltima reuni\u00f3n de este 2020, donde lo que se destac\u00f3 fue la uni\u00f3n y el trabajo mancomunado que existi\u00f3 en la ciudad, como as\u00ed tambi\u00e9n, el especial cuidado que hay que\u2026","rel":"","context":"En \u00abMunicipio\u00bb","block_context":{"text":"Municipio","link":"https:\/\/www.hoymercedes.com.ar\/principal\/category\/municipio\/"},"img":{"alt_text":"","src":"https:\/\/i0.wp.com\/www.hoymercedes.com.ar\/principal\/wp-content\/uploads\/2020\/12\/17-Comite-de-Crisis.jpeg?resize=350%2C200&ssl=1","width":350,"height":200,"srcset":"https:\/\/i0.wp.com\/www.hoymercedes.com.ar\/principal\/wp-content\/uploads\/2020\/12\/17-Comite-de-Crisis.jpeg?resize=350%2C200&ssl=1 1x, https:\/\/i0.wp.com\/www.hoymercedes.com.ar\/principal\/wp-content\/uploads\/2020\/12\/17-Comite-de-Crisis.jpeg?resize=525%2C300&ssl=1 1.5x, https:\/\/i0.wp.com\/www.hoymercedes.com.ar\/principal\/wp-content\/uploads\/2020\/12\/17-Comite-de-Crisis.jpeg?resize=700%2C400&ssl=1 2x"},"classes":[]},{"id":178346,"url":"https:\/\/www.hoymercedes.com.ar\/principal\/2024\/08\/29\/encuentro-entre-katopodis-ustarroz-y-boto-por-obras-del-rio-lujan\/","url_meta":{"origin":126587,"position":1},"title":"Encuentro entre Katopodis, Ustarroz y Boto por obras del R\u00edo Luj\u00e1n","author":"hoymercedes","date":"29 agosto, 2024","format":false,"excerpt":"El intendente Ustarroz se reuni\u00f3 con el ministro Katopodis y el intendente Boto en Luj\u00e1n para efectuar un encuentro de trabajo en relaci\u00f3n a la Cuenca del R\u00edo Luj\u00e1n. La reuni\u00f3n fue en la vecina ciudad. En sus redes sociales el ministro Katopodis expres\u00f3 que \u201cla obra hidr\u00e1ulica de la\u2026","rel":"","context":"En \u00abProvincia\u00bb","block_context":{"text":"Provincia","link":"https:\/\/www.hoymercedes.com.ar\/principal\/category\/provincia\/"},"img":{"alt_text":"Obras en la cuenca del R\u00edo Luj\u00e1n","src":"https:\/\/i0.wp.com\/www.hoymercedes.com.ar\/principal\/wp-content\/uploads\/2024\/08\/Comilu-1.jpg?resize=350%2C200&ssl=1","width":350,"height":200,"srcset":"https:\/\/i0.wp.com\/www.hoymercedes.com.ar\/principal\/wp-content\/uploads\/2024\/08\/Comilu-1.jpg?resize=350%2C200&ssl=1 1x, https:\/\/i0.wp.com\/www.hoymercedes.com.ar\/principal\/wp-content\/uploads\/2024\/08\/Comilu-1.jpg?resize=525%2C300&ssl=1 1.5x, https:\/\/i0.wp.com\/www.hoymercedes.com.ar\/principal\/wp-content\/uploads\/2024\/08\/Comilu-1.jpg?resize=700%2C400&ssl=1 2x, https:\/\/i0.wp.com\/www.hoymercedes.com.ar\/principal\/wp-content\/uploads\/2024\/08\/Comilu-1.jpg?resize=1050%2C600&ssl=1 3x, https:\/\/i0.wp.com\/www.hoymercedes.com.ar\/principal\/wp-content\/uploads\/2024\/08\/Comilu-1.jpg?resize=1400%2C800&ssl=1 4x"},"classes":[]},{"id":109078,"url":"https:\/\/www.hoymercedes.com.ar\/principal\/2020\/04\/06\/municipio-y-cem-en-reuniones-para-ayudar-a-los-comercios-locales\/","url_meta":{"origin":126587,"position":2},"title":"Municipio y CEM en reuniones para ayudar a los comercios locales","author":"hoymercedes","date":"6 abril, 2020","format":false,"excerpt":"El intendente Ustarroz encabez\u00f3 un nuevo encuentro con la C\u00e1mara Econ\u00f3mica Mercedina. All\u00ed se trataron diversos aspectos del d\u00eda a d\u00eda de la ciudad y principalmente la Tasa de Seguridad e Higiene para comerciantes. \u201cEl intendente est\u00e1 muy preocupado por la realidad econ\u00f3mica de la ciudad, por el impacto en\u2026","rel":"","context":"En \u00abMunicipio\u00bb","block_context":{"text":"Municipio","link":"https:\/\/www.hoymercedes.com.ar\/principal\/category\/municipio\/"},"img":{"alt_text":"","src":"https:\/\/i0.wp.com\/www.hoymercedes.com.ar\/principal\/wp-content\/uploads\/2020\/04\/06-CEM3.jpg?resize=350%2C200&ssl=1","width":350,"height":200,"srcset":"https:\/\/i0.wp.com\/www.hoymercedes.com.ar\/principal\/wp-content\/uploads\/2020\/04\/06-CEM3.jpg?resize=350%2C200&ssl=1 1x, https:\/\/i0.wp.com\/www.hoymercedes.com.ar\/principal\/wp-content\/uploads\/2020\/04\/06-CEM3.jpg?resize=525%2C300&ssl=1 1.5x, https:\/\/i0.wp.com\/www.hoymercedes.com.ar\/principal\/wp-content\/uploads\/2020\/04\/06-CEM3.jpg?resize=700%2C400&ssl=1 2x"},"classes":[]},{"id":176049,"url":"https:\/\/www.hoymercedes.com.ar\/principal\/2024\/05\/29\/vecinos-contra-el-peaje-fueron-recibidos-por-ustarroz\/","url_meta":{"origin":126587,"position":3},"title":"Vecinos \u201ccontra el peaje\u201d fueron recibidos por Ustarroz","author":"hoymercedes","date":"29 mayo, 2024","format":false,"excerpt":"Vecinos \u201ccontra el peaje\u201d fueron recibidos por Ustarroz","rel":"","context":"En \u00abSociedad\u00bb","block_context":{"text":"Sociedad","link":"https:\/\/www.hoymercedes.com.ar\/principal\/category\/sociedad\/"},"img":{"alt_text":"Vecinos \u201ccontra el peaje\u201d fueron recibidos por Ustarroz","src":"https:\/\/i0.wp.com\/www.hoymercedes.com.ar\/principal\/wp-content\/uploads\/2024\/05\/DSC02524.jpg?resize=350%2C200&ssl=1","width":350,"height":200,"srcset":"https:\/\/i0.wp.com\/www.hoymercedes.com.ar\/principal\/wp-content\/uploads\/2024\/05\/DSC02524.jpg?resize=350%2C200&ssl=1 1x, https:\/\/i0.wp.com\/www.hoymercedes.com.ar\/principal\/wp-content\/uploads\/2024\/05\/DSC02524.jpg?resize=525%2C300&ssl=1 1.5x, https:\/\/i0.wp.com\/www.hoymercedes.com.ar\/principal\/wp-content\/uploads\/2024\/05\/DSC02524.jpg?resize=700%2C400&ssl=1 2x, https:\/\/i0.wp.com\/www.hoymercedes.com.ar\/principal\/wp-content\/uploads\/2024\/05\/DSC02524.jpg?resize=1050%2C600&ssl=1 3x"},"classes":[]},{"id":114586,"url":"https:\/\/www.hoymercedes.com.ar\/principal\/2020\/08\/04\/es-fundamental-la-conciencia-y-la-responsabilidad-por-parte-de-nuestros-vecinos\/","url_meta":{"origin":126587,"position":4},"title":"\u00abEs fundamental la conciencia y la responsabilidad por parte de nuestros vecinos\u00bb","author":"hoymercedes","date":"4 agosto, 2020","format":false,"excerpt":"El intendente Juan Ignacio Ustarroz junto al director del hospital Blas L. Dubarry dieron a conocer la realidad epidemiol\u00f3gica de nuestra ciudad en los \u00faltimos d\u00edas en el marco de la pandemia del COVID-19. Fue tras reunirse y debatir junto al Comit\u00e9 donde se decidi\u00f3 disponer nuevas medidas, ampliando el\u2026","rel":"","context":"En \u00abMunicipio\u00bb","block_context":{"text":"Municipio","link":"https:\/\/www.hoymercedes.com.ar\/principal\/category\/municipio\/"},"img":{"alt_text":"","src":"https:\/\/i0.wp.com\/www.hoymercedes.com.ar\/principal\/wp-content\/uploads\/2020\/08\/DSC05807.jpg?resize=350%2C200&ssl=1","width":350,"height":200,"srcset":"https:\/\/i0.wp.com\/www.hoymercedes.com.ar\/principal\/wp-content\/uploads\/2020\/08\/DSC05807.jpg?resize=350%2C200&ssl=1 1x, https:\/\/i0.wp.com\/www.hoymercedes.com.ar\/principal\/wp-content\/uploads\/2020\/08\/DSC05807.jpg?resize=525%2C300&ssl=1 1.5x, https:\/\/i0.wp.com\/www.hoymercedes.com.ar\/principal\/wp-content\/uploads\/2020\/08\/DSC05807.jpg?resize=700%2C400&ssl=1 2x, https:\/\/i0.wp.com\/www.hoymercedes.com.ar\/principal\/wp-content\/uploads\/2020\/08\/DSC05807.jpg?resize=1050%2C600&ssl=1 3x, https:\/\/i0.wp.com\/www.hoymercedes.com.ar\/principal\/wp-content\/uploads\/2020\/08\/DSC05807.jpg?resize=1400%2C800&ssl=1 4x"},"classes":[]},{"id":144773,"url":"https:\/\/www.hoymercedes.com.ar\/principal\/2022\/03\/05\/por-el-40-aniversario-de-malvinas-se-realizara-un-desfile\/","url_meta":{"origin":126587,"position":5},"title":"Por el 40 aniversario de Malvinas se realizar\u00e1 un desfile","author":"hoymercedes","date":"5 marzo, 2022","format":false,"excerpt":"D\u00edas atr\u00e1s se realiz\u00f3 una reuni\u00f3n entre el intendente Ustarroz, Mariana San Mart\u00edn y un grupo de Veteranos de Malvinas. De all\u00ed surgieron varias ideas en el intercambio participativo y se supo ahora que una de ellas es la realizaci\u00f3n de un desfile el 2 de abril. Sergio Cestari, presidente\u2026","rel":"","context":"En \u00abSociedad\u00bb","block_context":{"text":"Sociedad","link":"https:\/\/www.hoymercedes.com.ar\/principal\/category\/sociedad\/"},"img":{"alt_text":"","src":"https:\/\/i0.wp.com\/www.hoymercedes.com.ar\/principal\/wp-content\/uploads\/2022\/03\/VeteranosMalvinas.jpg?resize=350%2C200&ssl=1","width":350,"height":200,"srcset":"https:\/\/i0.wp.com\/www.hoymercedes.com.ar\/principal\/wp-content\/uploads\/2022\/03\/VeteranosMalvinas.jpg?resize=350%2C200&ssl=1 1x, https:\/\/i0.wp.com\/www.hoymercedes.com.ar\/principal\/wp-content\/uploads\/2022\/03\/VeteranosMalvinas.jpg?resize=525%2C300&ssl=1 1.5x, https:\/\/i0.wp.com\/www.hoymercedes.com.ar\/principal\/wp-content\/uploads\/2022\/03\/VeteranosMalvinas.jpg?resize=700%2C400&ssl=1 2x"},"classes":[]}],"_links":{"self":[{"href":"https:\/\/www.hoymercedes.com.ar\/principal\/wp-json\/wp\/v2\/posts\/126587","targetHints":{"allow":["GET"]}}],"collection":[{"href":"https:\/\/www.hoymercedes.com.ar\/principal\/wp-json\/wp\/v2\/posts"}],"about":[{"href":"https:\/\/www.hoymercedes.com.ar\/principal\/wp-json\/wp\/v2\/types\/post"}],"author":[{"embeddable":true,"href":"https:\/\/www.hoymercedes.com.ar\/principal\/wp-json\/wp\/v2\/users\/1"}],"replies":[{"embeddable":true,"href":"https:\/\/www.hoymercedes.com.ar\/principal\/wp-json\/wp\/v2\/comments?post=126587"}],"version-history":[{"count":0,"href":"https:\/\/www.hoymercedes.com.ar\/principal\/wp-json\/wp\/v2\/posts\/126587\/revisions"}],"wp:featuredmedia":[{"embeddable":true,"href":"https:\/\/www.hoymercedes.com.ar\/principal\/wp-json\/wp\/v2\/media\/126588"}],"wp:attachment":[{"href":"https:\/\/www.hoymercedes.com.ar\/principal\/wp-json\/wp\/v2\/media?parent=126587"}],"wp:term":[{"taxonomy":"category","embeddable":true,"href":"https:\/\/www.hoymercedes.com.ar\/principal\/wp-json\/wp\/v2\/categories?post=126587"},{"taxonomy":"post_tag","embeddable":true,"href":"https:\/\/www.hoymercedes.com.ar\/principal\/wp-json\/wp\/v2\/tags?post=126587"}],"curies":[{"name":"wp","href":"https:\/\/api.w.org\/{rel}","templated":true}]}}