{"id":126590,"date":"2021-03-20T16:30:00","date_gmt":"2021-03-20T19:30:00","guid":{"rendered":"https:\/\/www.hoymercedes.com.ar\/principal\/?p=126590"},"modified":"2021-03-20T13:06:04","modified_gmt":"2021-03-20T16:06:04","slug":"inauguraron-nuevo-caps-en-hipolito-yrigoyen","status":"publish","type":"post","link":"https:\/\/www.hoymercedes.com.ar\/principal\/2021\/03\/20\/inauguraron-nuevo-caps-en-hipolito-yrigoyen\/","title":{"rendered":"Inauguraron nuevo CAPS en Hip\u00f3lito Yrigoyen"},"content":{"rendered":"\n<p>Por Prensa Municipal &#8211; Se llev\u00f3 acabo la inauguraci\u00f3n de las obras de ampliaci\u00f3n y jerarquizaci\u00f3n del CAPS del\u00a0barrio Hip\u00f3lito Yrigoyen. Tendr\u00e9 especializaci\u00f3n en salud sexual, g\u00e9nero, inclusivo, multidisciplinario e interinstitucional. De esta manera, se articulan dispositivos que mejoran la atenci\u00f3n de los vecinos que asociadas a pol\u00edticas p\u00fablicas de inclusi\u00f3n permiten trabajar y pensar en una sociedad m\u00e1s justa para todos y todas.\u00a0<\/p>\n\n\n\n<div class=\"wp-block-image\"><figure class=\"aligncenter size-large\"><img loading=\"lazy\" decoding=\"async\" width=\"800\" height=\"533\" data-attachment-id=\"126591\" data-permalink=\"https:\/\/www.hoymercedes.com.ar\/principal\/2021\/03\/20\/inauguraron-nuevo-caps-en-hipolito-yrigoyen\/dsc04016\/#main\" data-orig-file=\"https:\/\/www.hoymercedes.com.ar\/principal\/wp-content\/uploads\/2021\/03\/DSC04016.jpg\" data-orig-size=\"800,533\" data-comments-opened=\"0\" data-image-meta=\"{&quot;aperture&quot;:&quot;0&quot;,&quot;credit&quot;:&quot;&quot;,&quot;camera&quot;:&quot;&quot;,&quot;caption&quot;:&quot;&quot;,&quot;created_timestamp&quot;:&quot;1616245334&quot;,&quot;copyright&quot;:&quot;&quot;,&quot;focal_length&quot;:&quot;0&quot;,&quot;iso&quot;:&quot;0&quot;,&quot;shutter_speed&quot;:&quot;0&quot;,&quot;title&quot;:&quot;&quot;,&quot;orientation&quot;:&quot;1&quot;}\" data-image-title=\"DSC04016\" data-image-description=\"\" data-image-caption=\"\" data-large-file=\"https:\/\/www.hoymercedes.com.ar\/principal\/wp-content\/uploads\/2021\/03\/DSC04016.jpg\" src=\"https:\/\/www.hoymercedes.com.ar\/principal\/wp-content\/uploads\/2021\/03\/DSC04016.jpg\" alt=\"\" class=\"wp-image-126591\" srcset=\"https:\/\/www.hoymercedes.com.ar\/principal\/wp-content\/uploads\/2021\/03\/DSC04016.jpg 800w, https:\/\/www.hoymercedes.com.ar\/principal\/wp-content\/uploads\/2021\/03\/DSC04016-630x420.jpg 630w, https:\/\/www.hoymercedes.com.ar\/principal\/wp-content\/uploads\/2021\/03\/DSC04016-150x100.jpg 150w, https:\/\/www.hoymercedes.com.ar\/principal\/wp-content\/uploads\/2021\/03\/DSC04016-700x465.jpg 700w\" sizes=\"auto, (max-width: 800px) 100vw, 800px\" \/><\/figure><\/div>\n\n\n\n<p>All\u00ed estuvo presente el intendente Juan Ignacio Ustarroz, qui\u00e9n en primer lugar, agradeci\u00f3 el acompa\u00f1amiento tanto del Estado Provincial como Nacional y celebr\u00f3 \u201cque, en estos tiempos tan dif\u00edciles de pandemia, post pandemia, crisis econ\u00f3mica, donde d\u00eda a d\u00eda se pone a prueba el Estado, la comunidad, estemos hoy ac\u00e1 con este marco, con este contexto de gente que tiene una alegr\u00eda y que expresa el reconocimiento a un logro, me parece muy importante\u201d.<\/p>\n\n\n\n<p>Asimismo, el Dr. Ustarroz apunt\u00f3 \u201ccreo que tiene que ver con lo esencial de un proyecto de vida que necesariamente debe articular con todos los actores de la comunidad para poder realizar esos proyectos que cada individuo elige, desde la sexualidad, o cuando planificar tener una familia y esos proyectos tienen que tener un contexto pol\u00edtico, de pol\u00edticas p\u00fablicas y de una comunidad que tambi\u00e9n acompa\u00f1e, integre y haga una convivencia sana, donde realmente se piense y sienta a la diversidad como un gran motor de desarrollo de las comunidades\u201d y \u201ccreemos que la manera de mejorar la realidad de cada una de las zonas, de los barrios de nuestra ciudad, es as\u00ed, en comunidad, de forma integrada, solidaria, con valores simples pero profundos y construyendo el d\u00eda a d\u00eda\u201d.<\/p>\n\n\n\n<p>Conjuntamente, el intendente Ustarroz recalc\u00f3 \u201cponer acciones concretas todos los d\u00edas para reafirmar la necesidad de construir una sociedad m\u00e1s justa\u201d e invit\u00f3 \u201ca todos a renovar y trabajar fuertemente por una comunidad que incluya, que sea solidaria, que promueva la diversidad y los derechos\u201d.<\/p>\n\n\n\n<p>Josefina Kelly, secretaria de Pol\u00edticas contra la Violencia por Razones de G\u00e9nero del Ministerio de G\u00e9neros, Mujeres y Diversidad, presente en nuestra ciudad se\u00f1al\u00f3 \u201cpara m\u00ed es muy importante poder resaltar el contexto, un a\u00f1o de pandemia, donde existe la voluntad de poder generar un dispositivo como en este\u201d y a\u00f1adi\u00f3 \u201choy seguimos reconociendo y ampliando derechos con el compromiso de todos\u201d.<\/p>\n\n\n\n<p>\u201cCuando uno habla de pol\u00edticas de g\u00e9nero y diversidad, est\u00e1 hablando de pol\u00edticas transversales y esto lo demuestra, demuestra que hay un compromiso enorme por parte de toda el \u00e1rea de g\u00e9nero de la municipalidad, pero tambi\u00e9n por el \u00e1rea de salud, la de Desarrollo Social en un trabajo mancomunado. Es un orgullo ver como se siguen fortaleciendo y creciendo las pol\u00edticas p\u00fablicas en nuestra ciudad\u201d destac\u00f3 Josefina Kelly, secretaria de Pol\u00edticas contra la Violencia por Razones de G\u00e9nero.&nbsp;<\/p>\n\n\n\n<p>Por su parte, Luc\u00eda Portos, Subsecretaria de Pol\u00edticas de G\u00e9nero y Diversidad Sexual expuso \u201cvenir a ser parte de esta nueva acci\u00f3n nos parece una pol\u00edtica central, acompa\u00f1adas desde los tres niveles de Gobierno me parece que realmente transforman las realidades de nuestras ciudades, porque sabemos que lo que no se pueda resolver desde Mercedes, lo vamos a poder acompa\u00f1ar desde la Provincia o desde la Naci\u00f3n\u201d y agreg\u00f3 \u201cdesde el Ministerio de Las Mujeres, Pol\u00edticas de G\u00e9nero y Diversidad sabemos que no podemos pensar en una pol\u00edtica integral de accesos a los derechos para las mujeres, lesbianas, gays, travestis y trans si no lo pensamos en conjunto con los Municipios y de manera transversal, articul\u00e1ndolo con el Ministerio de Salud, de Educaci\u00f3n, de Trabajo, etc\u201d.<\/p>\n\n\n\n<p>\u201cEn este caso, el acceso a la salud con la perspectiva de integralidad que le queremos dar a esto, necesita de dispositivos particularizados, especializados como lo ser\u00e1 este dispositivo, donde adem\u00e1s, habr\u00e1 una acci\u00f3n territorial para salir a buscar a personas que han sido expulsadas del sistema sanitario por muchos a\u00f1os de vulneraci\u00f3n\u201d subray\u00f3 Luc\u00eda Portos y apunt\u00f3 \u201cnada de esto ser\u00eda posible si no hubiera un intendente que piensa en que los derechos deben ser para todos, por eso lo felicitamos y acompa\u00f1amos desde la Provincia\u201d.&nbsp;&nbsp;&nbsp;&nbsp;<\/p>\n\n\n\n<p>La Subsecretaria del \u00e1rea de salud, Marianela Arenilla dijo \u201ces una gran felicidad poder inaugurar este CAPS que estar\u00e1 a disposici\u00f3n de todos los vecinos, mismo que tendr\u00e1 una impronta particular en lo que ser\u00eda Salud Sexual Integral\u201d y agradeci\u00f3 \u201cal intendente Ustarroz por formar este tipo de equipos y fortalecer las pol\u00edticas p\u00fablicas en este sentido; diversidad, g\u00e9nero, todo lo que tiene que ver con salud sexual integral\u201d.<\/p>\n\n\n\n<p>\u201cMismo que abarca muchos aspectos, que incluyen lo social, culturales, territoriales, historias familiares, etc y esto es lo que queremos desarrollar y poder cuidar en nuestros j\u00f3venes en la ciudad de Mercedes\u201d ratific\u00f3 Arenilla.&nbsp;<\/p>\n\n\n\n<p>Estuvieron presentes adem\u00e1s vecinos y vecinas, integrantes de distintas \u00e1reas de gesti\u00f3n y los profesionales y personal que son los grandes protagonistas de la novedad y que tendr\u00e1n a cargo del d\u00eda a d\u00eda del espacio que tendr\u00e1 la coordinaci\u00f3n de Candela Sarubbe.<\/p>\n","protected":false},"excerpt":{"rendered":"<p>Por Prensa Municipal &#8211; Se llev\u00f3 acabo la inauguraci\u00f3n de las obras de ampliaci\u00f3n y jerarquizaci\u00f3n del CAPS del\u00a0barrio Hip\u00f3lito &#8230; <a title=\"Inauguraron nuevo CAPS en Hip\u00f3lito Yrigoyen\" class=\"read-more\" href=\"https:\/\/www.hoymercedes.com.ar\/principal\/2021\/03\/20\/inauguraron-nuevo-caps-en-hipolito-yrigoyen\/\" aria-label=\"Leer m\u00e1s sobre Inauguraron nuevo CAPS en Hip\u00f3lito Yrigoyen\">Leer m\u00e1s<\/a><\/p>\n","protected":false},"author":1,"featured_media":126591,"comment_status":"closed","ping_status":"open","sticky":false,"template":"","format":"standard","meta":{"_monsterinsights_skip_tracking":false,"_monsterinsights_sitenote_active":false,"_monsterinsights_sitenote_note":"","_monsterinsights_sitenote_category":0,"jetpack_post_was_ever_published":false,"_jetpack_newsletter_access":"","_jetpack_dont_email_post_to_subs":false,"_jetpack_newsletter_tier_id":0,"_jetpack_memberships_contains_paywalled_content":false,"_jetpack_memberships_contains_paid_content":false,"footnotes":"","jetpack_publicize_message":"","jetpack_publicize_feature_enabled":true,"jetpack_social_post_already_shared":true,"jetpack_social_options":{"image_generator_settings":{"template":"highway","default_image_id":0,"font":"","enabled":false},"version":2},"_wpas_customize_per_network":false},"categories":[30],"tags":[],"class_list":["post-126590","post","type-post","status-publish","format-standard","has-post-thumbnail","hentry","category-municipio","generate-columns","tablet-grid-50","mobile-grid-100","grid-parent","grid-50"],"jetpack_publicize_connections":[],"jetpack_featured_media_url":"https:\/\/www.hoymercedes.com.ar\/principal\/wp-content\/uploads\/2021\/03\/DSC04016.jpg","wps_subtitle":"","jetpack_sharing_enabled":true,"jetpack-related-posts":[{"id":141738,"url":"https:\/\/www.hoymercedes.com.ar\/principal\/2021\/12\/20\/karina-rodriguez-fue-elegida-como-presidenta-del-hipolito-yrigoyen\/","url_meta":{"origin":126590,"position":0},"title":"Karina Rodriguez fue elegida como Presidenta del Hip\u00f3lito Yrigoyen","author":"hoymercedes","date":"20 diciembre, 2021","format":false,"excerpt":"En Barrio Hip\u00f3lito Yrigoyen se llev\u00f3 a cabo un encuentro para definir las nuevas autoridades de la Sociedad de Fomento. La flamante Comisi\u00f3n Directiva se renov\u00f3 con un acto efectuado en calle 14 N\u00ba1343 contando con el apoyo vecinal y con el correspondiente veedor. La lista a cargo es la\u2026","rel":"","context":"En \u00abSociedad\u00bb","block_context":{"text":"Sociedad","link":"https:\/\/www.hoymercedes.com.ar\/principal\/category\/sociedad\/"},"img":{"alt_text":"","src":"https:\/\/i0.wp.com\/www.hoymercedes.com.ar\/principal\/wp-content\/uploads\/2021\/12\/HipolitoYrigoyen.jpg?resize=350%2C200&ssl=1","width":350,"height":200,"srcset":"https:\/\/i0.wp.com\/www.hoymercedes.com.ar\/principal\/wp-content\/uploads\/2021\/12\/HipolitoYrigoyen.jpg?resize=350%2C200&ssl=1 1x, https:\/\/i0.wp.com\/www.hoymercedes.com.ar\/principal\/wp-content\/uploads\/2021\/12\/HipolitoYrigoyen.jpg?resize=525%2C300&ssl=1 1.5x, https:\/\/i0.wp.com\/www.hoymercedes.com.ar\/principal\/wp-content\/uploads\/2021\/12\/HipolitoYrigoyen.jpg?resize=700%2C400&ssl=1 2x, https:\/\/i0.wp.com\/www.hoymercedes.com.ar\/principal\/wp-content\/uploads\/2021\/12\/HipolitoYrigoyen.jpg?resize=1050%2C600&ssl=1 3x"},"classes":[]},{"id":92759,"url":"https:\/\/www.hoymercedes.com.ar\/principal\/2019\/05\/11\/ampliacion-en-el-caps-del-barrio-hipolito-yrigoyen\/","url_meta":{"origin":126590,"position":1},"title":"Ampliaci\u00f3n en el CAPS del Barrio Hip\u00f3lito Yrigoyen","author":"hoymercedes","date":"11 mayo, 2019","format":false,"excerpt":"En el marco de las mejoras en las infraestructura de los Centro de Atenci\u00f3n Primaria a la Salud, la comuna est\u00e1 ampliando el CAPS del Barrio Hip\u00f3lito Yrigoyen, sumando as\u00ed a las obras que se realizan en los CAPS de los barrios Los Robles, San Mart\u00edn y San Francisco y\u2026","rel":"","context":"En \u00abMunicipio\u00bb","block_context":{"text":"Municipio","link":"https:\/\/www.hoymercedes.com.ar\/principal\/category\/municipio\/"},"img":{"alt_text":"","src":"https:\/\/i0.wp.com\/www.hoymercedes.com.ar\/principal\/wp-content\/uploads\/2019\/05\/11-caps-yrigoyen.jpg?resize=350%2C200&ssl=1","width":350,"height":200,"srcset":"https:\/\/i0.wp.com\/www.hoymercedes.com.ar\/principal\/wp-content\/uploads\/2019\/05\/11-caps-yrigoyen.jpg?resize=350%2C200&ssl=1 1x, https:\/\/i0.wp.com\/www.hoymercedes.com.ar\/principal\/wp-content\/uploads\/2019\/05\/11-caps-yrigoyen.jpg?resize=525%2C300&ssl=1 1.5x, https:\/\/i0.wp.com\/www.hoymercedes.com.ar\/principal\/wp-content\/uploads\/2019\/05\/11-caps-yrigoyen.jpg?resize=700%2C400&ssl=1 2x"},"classes":[]},{"id":150097,"url":"https:\/\/www.hoymercedes.com.ar\/principal\/2022\/06\/30\/jornada-de-testeo-de-vih-y-sifilis-en-cic-y-caps-de-hipolito-yirigoyen\/","url_meta":{"origin":126590,"position":2},"title":"Jornada de testeo de VIH y s\u00edfilis en CIC y CAPS de Hip\u00f3lito Yirigoyen","author":"hoymercedes","date":"30 junio, 2022","format":false,"excerpt":"30 de junio: Jornada de testeo de VIH y s\u00edfilis en CIC y CAPS de Hip\u00f3lito Yirigoyen","rel":"","context":"En \u00abMunicipio\u00bb","block_context":{"text":"Municipio","link":"https:\/\/www.hoymercedes.com.ar\/principal\/category\/municipio\/"},"img":{"alt_text":"","src":"https:\/\/i0.wp.com\/www.hoymercedes.com.ar\/principal\/wp-content\/uploads\/2022\/06\/Arenillas.jpg?resize=350%2C200&ssl=1","width":350,"height":200,"srcset":"https:\/\/i0.wp.com\/www.hoymercedes.com.ar\/principal\/wp-content\/uploads\/2022\/06\/Arenillas.jpg?resize=350%2C200&ssl=1 1x, https:\/\/i0.wp.com\/www.hoymercedes.com.ar\/principal\/wp-content\/uploads\/2022\/06\/Arenillas.jpg?resize=525%2C300&ssl=1 1.5x, https:\/\/i0.wp.com\/www.hoymercedes.com.ar\/principal\/wp-content\/uploads\/2022\/06\/Arenillas.jpg?resize=700%2C400&ssl=1 2x"},"classes":[]},{"id":148400,"url":"https:\/\/www.hoymercedes.com.ar\/principal\/2022\/05\/24\/organizan-actividades-en-la-semana-de-la-salud-para-mujeres-y-diversidades\/","url_meta":{"origin":126590,"position":3},"title":"Organizan actividades en la semana de la salud para mujeres y diversidades","author":"hoymercedes","date":"24 mayo, 2022","format":false,"excerpt":"A partir del 28 de mayo, D\u00eda Internacional de Acci\u00f3n por la salud de las Mujeres y Diversidades, se realizar\u00e1 en Mercedes una serie de actividades organizadas en conjunto por el Servicio de \u00c1rea Program\u00e1tica y Redes (SAPS) del Hospital Blas L Dubarry y la Secretar\u00eda de Salud del municipio.\u00a0\u2026","rel":"","context":"En \u00abSalud\u00bb","block_context":{"text":"Salud","link":"https:\/\/www.hoymercedes.com.ar\/principal\/category\/salud\/"},"img":{"alt_text":"Hospital Dubarry Mercedes","src":"https:\/\/i0.wp.com\/www.hoymercedes.com.ar\/principal\/wp-content\/uploads\/2021\/01\/Hospital.Blas_.L.Dubarry.2021.jpg?resize=350%2C200&ssl=1","width":350,"height":200,"srcset":"https:\/\/i0.wp.com\/www.hoymercedes.com.ar\/principal\/wp-content\/uploads\/2021\/01\/Hospital.Blas_.L.Dubarry.2021.jpg?resize=350%2C200&ssl=1 1x, https:\/\/i0.wp.com\/www.hoymercedes.com.ar\/principal\/wp-content\/uploads\/2021\/01\/Hospital.Blas_.L.Dubarry.2021.jpg?resize=525%2C300&ssl=1 1.5x, https:\/\/i0.wp.com\/www.hoymercedes.com.ar\/principal\/wp-content\/uploads\/2021\/01\/Hospital.Blas_.L.Dubarry.2021.jpg?resize=700%2C400&ssl=1 2x, https:\/\/i0.wp.com\/www.hoymercedes.com.ar\/principal\/wp-content\/uploads\/2021\/01\/Hospital.Blas_.L.Dubarry.2021.jpg?resize=1050%2C600&ssl=1 3x"},"classes":[]},{"id":13712,"url":"https:\/\/www.hoymercedes.com.ar\/principal\/2012\/06\/15\/selva-se-reunio-con-vecinos-del-hipolito-yrigoyen\/","url_meta":{"origin":126590,"position":4},"title":"Selva se reuni\u00f3 con vecinos del Hip\u00f3lito Yrigoyen","author":"hoymercedes","date":"15 junio, 2012","format":false,"excerpt":"Carlos Selva continu\u00f3 con su habitual recorrida barrial llevando a cabo encuentros con los vecinos de nuestra ciudad. Este jueves 14, el intendente Carlos Selva acompa\u00f1ado por la representante del Barrio San Antonio, Nora Alvarado, se hizo presente en el Barrio Hip\u00f3lito Yrigoyen para llevar adelante un encuentro con los\u2026","rel":"","context":"En \u00abPol\u00edtica\u00bb","block_context":{"text":"Pol\u00edtica","link":"https:\/\/www.hoymercedes.com.ar\/principal\/category\/politica\/"},"img":{"alt_text":"","src":"https:\/\/i0.wp.com\/www.hoymercedes.com.ar\/principal\/wp-content\/uploads\/2012\/06\/Selva-Barrio-Hip%C3%B3litoYrigoyen1.jpg?resize=350%2C200","width":350,"height":200,"srcset":"https:\/\/i0.wp.com\/www.hoymercedes.com.ar\/principal\/wp-content\/uploads\/2012\/06\/Selva-Barrio-Hip%C3%B3litoYrigoyen1.jpg?resize=350%2C200 1x, https:\/\/i0.wp.com\/www.hoymercedes.com.ar\/principal\/wp-content\/uploads\/2012\/06\/Selva-Barrio-Hip%C3%B3litoYrigoyen1.jpg?resize=525%2C300 1.5x"},"classes":[]},{"id":24568,"url":"https:\/\/www.hoymercedes.com.ar\/principal\/2013\/08\/05\/anahi-cabrera-nueva-presidenta-del-hipolito-yrigoyen\/","url_meta":{"origin":126590,"position":5},"title":"Anah\u00ed Cabrera nueva presidenta del Hip\u00f3lito Yrigoyen","author":"hoymercedes","date":"5 agosto, 2013","format":false,"excerpt":"La lista \u00fanica encabezada por Anah\u00ed Cabrera fue oficializada como la nueva conducci\u00f3n de la sociedad de fomento del barrio Hip\u00f3lito Yrigoyen, en una asamblea desarrollada el pasado domingo. Aunque originalmente estaba previsto que el acto se realizara en la escuela 30 se termin\u00f3 realizando en el domicilio de una\u2026","rel":"","context":"En \u00abPol\u00edtica\u00bb","block_context":{"text":"Pol\u00edtica","link":"https:\/\/www.hoymercedes.com.ar\/principal\/category\/politica\/"},"img":{"alt_text":"yrigoyenbarriomercedes","src":"https:\/\/i0.wp.com\/www.hoymercedes.com.ar\/principal\/wp-content\/uploads\/2013\/08\/yrigoyenbarriomercedes.jpg?resize=350%2C200","width":350,"height":200,"srcset":"https:\/\/i0.wp.com\/www.hoymercedes.com.ar\/principal\/wp-content\/uploads\/2013\/08\/yrigoyenbarriomercedes.jpg?resize=350%2C200 1x, https:\/\/i0.wp.com\/www.hoymercedes.com.ar\/principal\/wp-content\/uploads\/2013\/08\/yrigoyenbarriomercedes.jpg?resize=525%2C300 1.5x"},"classes":[]}],"_links":{"self":[{"href":"https:\/\/www.hoymercedes.com.ar\/principal\/wp-json\/wp\/v2\/posts\/126590","targetHints":{"allow":["GET"]}}],"collection":[{"href":"https:\/\/www.hoymercedes.com.ar\/principal\/wp-json\/wp\/v2\/posts"}],"about":[{"href":"https:\/\/www.hoymercedes.com.ar\/principal\/wp-json\/wp\/v2\/types\/post"}],"author":[{"embeddable":true,"href":"https:\/\/www.hoymercedes.com.ar\/principal\/wp-json\/wp\/v2\/users\/1"}],"replies":[{"embeddable":true,"href":"https:\/\/www.hoymercedes.com.ar\/principal\/wp-json\/wp\/v2\/comments?post=126590"}],"version-history":[{"count":0,"href":"https:\/\/www.hoymercedes.com.ar\/principal\/wp-json\/wp\/v2\/posts\/126590\/revisions"}],"wp:featuredmedia":[{"embeddable":true,"href":"https:\/\/www.hoymercedes.com.ar\/principal\/wp-json\/wp\/v2\/media\/126591"}],"wp:attachment":[{"href":"https:\/\/www.hoymercedes.com.ar\/principal\/wp-json\/wp\/v2\/media?parent=126590"}],"wp:term":[{"taxonomy":"category","embeddable":true,"href":"https:\/\/www.hoymercedes.com.ar\/principal\/wp-json\/wp\/v2\/categories?post=126590"},{"taxonomy":"post_tag","embeddable":true,"href":"https:\/\/www.hoymercedes.com.ar\/principal\/wp-json\/wp\/v2\/tags?post=126590"}],"curies":[{"name":"wp","href":"https:\/\/api.w.org\/{rel}","templated":true}]}}