{"id":126613,"date":"2021-03-20T22:06:04","date_gmt":"2021-03-21T01:06:04","guid":{"rendered":"https:\/\/www.hoymercedes.com.ar\/principal\/?p=126613"},"modified":"2021-03-20T22:06:10","modified_gmt":"2021-03-21T01:06:10","slug":"un-camion-volco-sobre-la-ruta-n-5","status":"publish","type":"post","link":"https:\/\/www.hoymercedes.com.ar\/principal\/2021\/03\/20\/un-camion-volco-sobre-la-ruta-n-5\/","title":{"rendered":"Un cami\u00f3n volc\u00f3 sobre la ruta N\u00b0 5"},"content":{"rendered":"\n<p>A las 15:20 horas de la tarde de este s\u00e1bado 20 de marzo de produjo el vuelco de un cami\u00f3n de gran porte a la altura del km136, 250 de la ruta 5, jurisdicci\u00f3n del partido de Suipacha. El siniestro se produjo cuando el cami\u00f3n Mercedes Benz Atron 1634, color blanco, dominio OYE-456 , con semirremolque batea cargado con arena, que circulaba en sentido Suipacha-Chivilcoy, conducido por Gerardo Luis Martin.<\/p>\n\n\n\n<div class=\"wp-block-image\"><figure class=\"aligncenter size-large\"><img loading=\"lazy\" decoding=\"async\" width=\"800\" height=\"533\" data-attachment-id=\"126615\" data-permalink=\"https:\/\/www.hoymercedes.com.ar\/principal\/2021\/03\/20\/un-camion-volco-sobre-la-ruta-n-5\/20-vuelvo-r5-1\/#main\" data-orig-file=\"https:\/\/www.hoymercedes.com.ar\/principal\/wp-content\/uploads\/2021\/03\/20-vuelvo-r5-1.jpg\" data-orig-size=\"800,533\" data-comments-opened=\"0\" data-image-meta=\"{&quot;aperture&quot;:&quot;0&quot;,&quot;credit&quot;:&quot;&quot;,&quot;camera&quot;:&quot;&quot;,&quot;caption&quot;:&quot;&quot;,&quot;created_timestamp&quot;:&quot;1616277600&quot;,&quot;copyright&quot;:&quot;&quot;,&quot;focal_length&quot;:&quot;0&quot;,&quot;iso&quot;:&quot;0&quot;,&quot;shutter_speed&quot;:&quot;0&quot;,&quot;title&quot;:&quot;&quot;,&quot;orientation&quot;:&quot;1&quot;}\" data-image-title=\"20 vuelvo r5 1\" data-image-description=\"\" data-image-caption=\"\" data-large-file=\"https:\/\/www.hoymercedes.com.ar\/principal\/wp-content\/uploads\/2021\/03\/20-vuelvo-r5-1.jpg\" src=\"https:\/\/www.hoymercedes.com.ar\/principal\/wp-content\/uploads\/2021\/03\/20-vuelvo-r5-1.jpg\" alt=\"\" class=\"wp-image-126615\" srcset=\"https:\/\/www.hoymercedes.com.ar\/principal\/wp-content\/uploads\/2021\/03\/20-vuelvo-r5-1.jpg 800w, https:\/\/www.hoymercedes.com.ar\/principal\/wp-content\/uploads\/2021\/03\/20-vuelvo-r5-1-630x420.jpg 630w, https:\/\/www.hoymercedes.com.ar\/principal\/wp-content\/uploads\/2021\/03\/20-vuelvo-r5-1-150x100.jpg 150w, https:\/\/www.hoymercedes.com.ar\/principal\/wp-content\/uploads\/2021\/03\/20-vuelvo-r5-1-700x465.jpg 700w\" sizes=\"auto, (max-width: 800px) 100vw, 800px\" \/><\/figure><\/div>\n\n\n\n<p>De acuerdo a la informaci\u00f3n trascendida el cami\u00f3n descendi\u00f3 al sector de banquina donde pierde en control del veh\u00edculo, debido al mal estado de las misma producto de las \u00faltimas lluvias, volcando sobre su lateral derecho en la zona de pr\u00e9stamo. <\/p>\n\n\n\n<p>El chofer del cami\u00f3n siniestrado result\u00f3 ileso y habr\u00eda bajado al sector de banquina a auxiliar a otro cami\u00f3n de un compa\u00f1ero que unos metros m\u00e1s atr\u00e1s se hallaba detenido sin gasoil Ambos camiones se dirig\u00edan desde San Pedro, Provincia de Buenos Aires, cargados con arena de uso industrial destinada a trabajos en pozos petroleros en la localidad de A\u00f1elo , Provincia de Neuqu\u00e9n.<\/p>\n\n\n\n<p>Si bien el siniestro es jurisdicci\u00f3n de Suipacha, acudieron al lugar dos dotaciones de Bomberos Voluntarios de Chivilcoy , a cargo del 1er. Ayudante Marcelo Serrano debido a que en primer momento se inform\u00f3 que el siniestro era jurisdicci\u00f3n de Chivilcoy .<br>Intervino Polic\u00eda Comunal, CPR de Suipacha, Polic\u00eda Vial y Bomberos Voluntarios de Chivilcoy y m\u00f3viles del concesionario Vial Corredores Viales.<\/p>\n\n\n\n<p>Colaboraci\u00f3n: Jorge Lasala de Suipacha<\/p>\n\n\n\n<div class=\"wp-block-image\"><figure class=\"aligncenter size-large\"><img loading=\"lazy\" decoding=\"async\" width=\"800\" height=\"533\" data-attachment-id=\"126614\" data-permalink=\"https:\/\/www.hoymercedes.com.ar\/principal\/2021\/03\/20\/un-camion-volco-sobre-la-ruta-n-5\/20-vuelvo-r5-0\/#main\" data-orig-file=\"https:\/\/www.hoymercedes.com.ar\/principal\/wp-content\/uploads\/2021\/03\/20-vuelvo-r5-0.jpg\" data-orig-size=\"800,533\" data-comments-opened=\"0\" data-image-meta=\"{&quot;aperture&quot;:&quot;0&quot;,&quot;credit&quot;:&quot;&quot;,&quot;camera&quot;:&quot;&quot;,&quot;caption&quot;:&quot;&quot;,&quot;created_timestamp&quot;:&quot;1616277584&quot;,&quot;copyright&quot;:&quot;&quot;,&quot;focal_length&quot;:&quot;0&quot;,&quot;iso&quot;:&quot;0&quot;,&quot;shutter_speed&quot;:&quot;0&quot;,&quot;title&quot;:&quot;&quot;,&quot;orientation&quot;:&quot;1&quot;}\" data-image-title=\"20 vuelvo r5 0\" data-image-description=\"\" data-image-caption=\"\" data-large-file=\"https:\/\/www.hoymercedes.com.ar\/principal\/wp-content\/uploads\/2021\/03\/20-vuelvo-r5-0.jpg\" src=\"https:\/\/www.hoymercedes.com.ar\/principal\/wp-content\/uploads\/2021\/03\/20-vuelvo-r5-0.jpg\" alt=\"\" class=\"wp-image-126614\" srcset=\"https:\/\/www.hoymercedes.com.ar\/principal\/wp-content\/uploads\/2021\/03\/20-vuelvo-r5-0.jpg 800w, https:\/\/www.hoymercedes.com.ar\/principal\/wp-content\/uploads\/2021\/03\/20-vuelvo-r5-0-630x420.jpg 630w, https:\/\/www.hoymercedes.com.ar\/principal\/wp-content\/uploads\/2021\/03\/20-vuelvo-r5-0-150x100.jpg 150w, https:\/\/www.hoymercedes.com.ar\/principal\/wp-content\/uploads\/2021\/03\/20-vuelvo-r5-0-700x465.jpg 700w\" sizes=\"auto, (max-width: 800px) 100vw, 800px\" \/><\/figure><\/div>\n","protected":false},"excerpt":{"rendered":"<p>A las 15:20 horas de la tarde de este s\u00e1bado 20 de marzo de produjo el vuelco de un cami\u00f3n &#8230; <a title=\"Un cami\u00f3n volc\u00f3 sobre la ruta N\u00b0 5\" class=\"read-more\" href=\"https:\/\/www.hoymercedes.com.ar\/principal\/2021\/03\/20\/un-camion-volco-sobre-la-ruta-n-5\/\" aria-label=\"Leer m\u00e1s sobre Un cami\u00f3n volc\u00f3 sobre la ruta N\u00b0 5\">Leer m\u00e1s<\/a><\/p>\n","protected":false},"author":1,"featured_media":126614,"comment_status":"closed","ping_status":"open","sticky":false,"template":"","format":"standard","meta":{"_monsterinsights_skip_tracking":false,"_monsterinsights_sitenote_active":false,"_monsterinsights_sitenote_note":"","_monsterinsights_sitenote_category":0,"jetpack_post_was_ever_published":false,"_jetpack_newsletter_access":"","_jetpack_dont_email_post_to_subs":false,"_jetpack_newsletter_tier_id":0,"_jetpack_memberships_contains_paywalled_content":false,"_jetpack_memberships_contains_paid_content":false,"footnotes":"","jetpack_publicize_message":"","jetpack_publicize_feature_enabled":true,"jetpack_social_post_already_shared":true,"jetpack_social_options":{"image_generator_settings":{"template":"highway","default_image_id":0,"font":"","enabled":false},"version":2},"_wpas_customize_per_network":false},"categories":[85],"tags":[],"class_list":["post-126613","post","type-post","status-publish","format-standard","has-post-thumbnail","hentry","category-policial","generate-columns","tablet-grid-50","mobile-grid-100","grid-parent","grid-50"],"jetpack_publicize_connections":[],"jetpack_featured_media_url":"https:\/\/www.hoymercedes.com.ar\/principal\/wp-content\/uploads\/2021\/03\/20-vuelvo-r5-0.jpg","wps_subtitle":"","jetpack_sharing_enabled":true,"jetpack-related-posts":[{"id":123565,"url":"https:\/\/www.hoymercedes.com.ar\/principal\/2021\/01\/19\/ruta-5-choque-entre-un-camion-y-un-auto\/","url_meta":{"origin":126613,"position":0},"title":"Ruta 5: choque entre un cami\u00f3n y un auto","author":"hoymercedes","date":"19 enero, 2021","format":false,"excerpt":"A las 13:30 horas de la tarde de este martes 19 de enero se produjo una violenta colisi\u00f3n entre un auto y un cami\u00f3n, a la altura del km 128,700 de la ruta nacional 5 , jurisdicci\u00f3n del partido de Suipacha. El sinestro se produjo cuando un autom\u00f3vil Peugeot 308,\u2026","rel":"","context":"En \u00abPolicial\u00bb","block_context":{"text":"Policial","link":"https:\/\/www.hoymercedes.com.ar\/principal\/category\/policial\/"},"img":{"alt_text":"","src":"https:\/\/i0.wp.com\/www.hoymercedes.com.ar\/principal\/wp-content\/uploads\/2021\/01\/19-choque-3.jpg?resize=350%2C200&ssl=1","width":350,"height":200,"srcset":"https:\/\/i0.wp.com\/www.hoymercedes.com.ar\/principal\/wp-content\/uploads\/2021\/01\/19-choque-3.jpg?resize=350%2C200&ssl=1 1x, https:\/\/i0.wp.com\/www.hoymercedes.com.ar\/principal\/wp-content\/uploads\/2021\/01\/19-choque-3.jpg?resize=525%2C300&ssl=1 1.5x, https:\/\/i0.wp.com\/www.hoymercedes.com.ar\/principal\/wp-content\/uploads\/2021\/01\/19-choque-3.jpg?resize=700%2C400&ssl=1 2x"},"classes":[]},{"id":151175,"url":"https:\/\/www.hoymercedes.com.ar\/principal\/2022\/07\/25\/choque-en-ruta-5-entre-auto-y-camion\/","url_meta":{"origin":126613,"position":1},"title":"Choque en ruta 5 entre auto y cami\u00f3n","author":"hoymercedes","date":"25 julio, 2022","format":false,"excerpt":"En la tarde de este lunes se produjo una violenta colisi\u00f3n vehicular sobre el trazado de la ruta nacional 5","rel":"","context":"En \u00abPolicial\u00bb","block_context":{"text":"Policial","link":"https:\/\/www.hoymercedes.com.ar\/principal\/category\/policial\/"},"img":{"alt_text":"","src":"https:\/\/i0.wp.com\/www.hoymercedes.com.ar\/principal\/wp-content\/uploads\/2022\/07\/IMG_20220724_222231241_copy_800x533.jpg?resize=350%2C200&ssl=1","width":350,"height":200,"srcset":"https:\/\/i0.wp.com\/www.hoymercedes.com.ar\/principal\/wp-content\/uploads\/2022\/07\/IMG_20220724_222231241_copy_800x533.jpg?resize=350%2C200&ssl=1 1x, https:\/\/i0.wp.com\/www.hoymercedes.com.ar\/principal\/wp-content\/uploads\/2022\/07\/IMG_20220724_222231241_copy_800x533.jpg?resize=525%2C300&ssl=1 1.5x, https:\/\/i0.wp.com\/www.hoymercedes.com.ar\/principal\/wp-content\/uploads\/2022\/07\/IMG_20220724_222231241_copy_800x533.jpg?resize=700%2C400&ssl=1 2x"},"classes":[]},{"id":161836,"url":"https:\/\/www.hoymercedes.com.ar\/principal\/2023\/05\/06\/despiste-de-camion-sobre-ruta-5\/","url_meta":{"origin":126613,"position":2},"title":"Despiste de cami\u00f3n sobre Ruta 5","author":"hoymercedes","date":"6 mayo, 2023","format":false,"excerpt":"En la \u00f1 ma\u00f1ana de este sabado se produjo el despiste del un camion a la altura del kilometro 129,200 de la Ruta Nacional N\u00b0 5. Se trat\u00f3 de un cami\u00f3n Scania P114, dominio DOH211, conducido por Enzo Gabriel Musri , que circulaba en sentido Suipacha-Chivilcoy. De acuerdo a la\u2026","rel":"","context":"En \u00abPolicial\u00bb","block_context":{"text":"Policial","link":"https:\/\/www.hoymercedes.com.ar\/principal\/category\/policial\/"},"img":{"alt_text":"","src":"https:\/\/i0.wp.com\/www.hoymercedes.com.ar\/principal\/wp-content\/uploads\/2023\/05\/FB_IMG_1683422153871_copy_800x534.jpg?resize=350%2C200&ssl=1","width":350,"height":200,"srcset":"https:\/\/i0.wp.com\/www.hoymercedes.com.ar\/principal\/wp-content\/uploads\/2023\/05\/FB_IMG_1683422153871_copy_800x534.jpg?resize=350%2C200&ssl=1 1x, https:\/\/i0.wp.com\/www.hoymercedes.com.ar\/principal\/wp-content\/uploads\/2023\/05\/FB_IMG_1683422153871_copy_800x534.jpg?resize=525%2C300&ssl=1 1.5x, https:\/\/i0.wp.com\/www.hoymercedes.com.ar\/principal\/wp-content\/uploads\/2023\/05\/FB_IMG_1683422153871_copy_800x534.jpg?resize=700%2C400&ssl=1 2x"},"classes":[]},{"id":173359,"url":"https:\/\/www.hoymercedes.com.ar\/principal\/2024\/02\/26\/camion-con-vacunos-despista-y-vuelca-ruta-5\/","url_meta":{"origin":126613,"position":3},"title":"Cami\u00f3n con vacunos despista y vuelca Ruta 5","author":"hoymercedes","date":"26 febrero, 2024","format":false,"excerpt":"Alrededor de las 09:20 horas de la lluviosa ma\u00f1ana del lunes 26 de febrero se produjo el despiste y posterior vuelco del un cami\u00f3n cargado con animales vacunos en pie , sobre el trazado de la ruta 5 , jurisdicci\u00f3n del partido de Suipacha. El siniestro ocurri\u00f3 a la altura\u2026","rel":"","context":"En \u00abPolicial\u00bb","block_context":{"text":"Policial","link":"https:\/\/www.hoymercedes.com.ar\/principal\/category\/policial\/"},"img":{"alt_text":"","src":"https:\/\/i0.wp.com\/www.hoymercedes.com.ar\/principal\/wp-content\/uploads\/2024\/02\/facebook_1708971617959_7167946493094466727_copy_800x534.jpg?resize=350%2C200&ssl=1","width":350,"height":200,"srcset":"https:\/\/i0.wp.com\/www.hoymercedes.com.ar\/principal\/wp-content\/uploads\/2024\/02\/facebook_1708971617959_7167946493094466727_copy_800x534.jpg?resize=350%2C200&ssl=1 1x, https:\/\/i0.wp.com\/www.hoymercedes.com.ar\/principal\/wp-content\/uploads\/2024\/02\/facebook_1708971617959_7167946493094466727_copy_800x534.jpg?resize=525%2C300&ssl=1 1.5x, https:\/\/i0.wp.com\/www.hoymercedes.com.ar\/principal\/wp-content\/uploads\/2024\/02\/facebook_1708971617959_7167946493094466727_copy_800x534.jpg?resize=700%2C400&ssl=1 2x"},"classes":[]},{"id":103970,"url":"https:\/\/www.hoymercedes.com.ar\/principal\/2019\/12\/12\/siniestro-entre-camion-y-automovil-sobre-ruta-5\/","url_meta":{"origin":126613,"position":4},"title":"Siniestro entre cami\u00f3n y autom\u00f3vil sobre ruta 5","author":"hoymercedes","date":"12 diciembre, 2019","format":false,"excerpt":"Alrededor de las 14:15 horas de este jueves, se produjo un siniestro vial en Ruta Nacional N\u00b0 5. Un cami\u00f3n con acoplado y un autom\u00f3vil a la altura del km 130,100, impactaron. Los ocupantes de los veh\u00edculos no sufrieron lesiones. En la Ruta 5, un autom\u00f3vil Peugeot 206, color gris,\u2026","rel":"","context":"En \u00abPolicial\u00bb","block_context":{"text":"Policial","link":"https:\/\/www.hoymercedes.com.ar\/principal\/category\/policial\/"},"img":{"alt_text":"","src":"https:\/\/i0.wp.com\/www.hoymercedes.com.ar\/principal\/wp-content\/uploads\/2019\/12\/12-siniestro12.jpg?resize=350%2C200&ssl=1","width":350,"height":200,"srcset":"https:\/\/i0.wp.com\/www.hoymercedes.com.ar\/principal\/wp-content\/uploads\/2019\/12\/12-siniestro12.jpg?resize=350%2C200&ssl=1 1x, https:\/\/i0.wp.com\/www.hoymercedes.com.ar\/principal\/wp-content\/uploads\/2019\/12\/12-siniestro12.jpg?resize=525%2C300&ssl=1 1.5x, https:\/\/i0.wp.com\/www.hoymercedes.com.ar\/principal\/wp-content\/uploads\/2019\/12\/12-siniestro12.jpg?resize=700%2C400&ssl=1 2x"},"classes":[]},{"id":139944,"url":"https:\/\/www.hoymercedes.com.ar\/principal\/2021\/11\/11\/siniestro-vial-camion-perdio-su-carga-sobre-la-ruta-5\/","url_meta":{"origin":126613,"position":5},"title":"Siniestro vial: cami\u00f3n perdi\u00f3 su carga sobre la ruta 5","author":"hoymercedes","date":"11 noviembre, 2021","format":false,"excerpt":"Alrededor de las 19:40 horas de la tarde del jueves, un cami\u00f3n de gran porte derram\u00f3 parte de su carga sobre ruta 5, jurisdicci\u00f3n del partido de Suipacha. El hecho se produjo cuando, aparentemente a ra\u00edz de un desperfecto mec\u00e1nico, se desprendi\u00f3 de sus anclajes el eje direccional de un\u2026","rel":"","context":"En \u00abPolicial\u00bb","block_context":{"text":"Policial","link":"https:\/\/www.hoymercedes.com.ar\/principal\/category\/policial\/"},"img":{"alt_text":"","src":"https:\/\/i0.wp.com\/www.hoymercedes.com.ar\/principal\/wp-content\/uploads\/2021\/11\/255658832_4818415398192751_1394971505274229313_n.jpg?resize=350%2C200&ssl=1","width":350,"height":200,"srcset":"https:\/\/i0.wp.com\/www.hoymercedes.com.ar\/principal\/wp-content\/uploads\/2021\/11\/255658832_4818415398192751_1394971505274229313_n.jpg?resize=350%2C200&ssl=1 1x, https:\/\/i0.wp.com\/www.hoymercedes.com.ar\/principal\/wp-content\/uploads\/2021\/11\/255658832_4818415398192751_1394971505274229313_n.jpg?resize=525%2C300&ssl=1 1.5x, https:\/\/i0.wp.com\/www.hoymercedes.com.ar\/principal\/wp-content\/uploads\/2021\/11\/255658832_4818415398192751_1394971505274229313_n.jpg?resize=700%2C400&ssl=1 2x"},"classes":[]}],"_links":{"self":[{"href":"https:\/\/www.hoymercedes.com.ar\/principal\/wp-json\/wp\/v2\/posts\/126613","targetHints":{"allow":["GET"]}}],"collection":[{"href":"https:\/\/www.hoymercedes.com.ar\/principal\/wp-json\/wp\/v2\/posts"}],"about":[{"href":"https:\/\/www.hoymercedes.com.ar\/principal\/wp-json\/wp\/v2\/types\/post"}],"author":[{"embeddable":true,"href":"https:\/\/www.hoymercedes.com.ar\/principal\/wp-json\/wp\/v2\/users\/1"}],"replies":[{"embeddable":true,"href":"https:\/\/www.hoymercedes.com.ar\/principal\/wp-json\/wp\/v2\/comments?post=126613"}],"version-history":[{"count":0,"href":"https:\/\/www.hoymercedes.com.ar\/principal\/wp-json\/wp\/v2\/posts\/126613\/revisions"}],"wp:featuredmedia":[{"embeddable":true,"href":"https:\/\/www.hoymercedes.com.ar\/principal\/wp-json\/wp\/v2\/media\/126614"}],"wp:attachment":[{"href":"https:\/\/www.hoymercedes.com.ar\/principal\/wp-json\/wp\/v2\/media?parent=126613"}],"wp:term":[{"taxonomy":"category","embeddable":true,"href":"https:\/\/www.hoymercedes.com.ar\/principal\/wp-json\/wp\/v2\/categories?post=126613"},{"taxonomy":"post_tag","embeddable":true,"href":"https:\/\/www.hoymercedes.com.ar\/principal\/wp-json\/wp\/v2\/tags?post=126613"}],"curies":[{"name":"wp","href":"https:\/\/api.w.org\/{rel}","templated":true}]}}