{"id":126623,"date":"2021-03-20T22:30:00","date_gmt":"2021-03-21T01:30:00","guid":{"rendered":"https:\/\/www.hoymercedes.com.ar\/principal\/?p=126623"},"modified":"2021-03-20T22:17:32","modified_gmt":"2021-03-21T01:17:32","slug":"covid-en-mercedes-fallece-un-paciente-portador-del-virus","status":"publish","type":"post","link":"https:\/\/www.hoymercedes.com.ar\/principal\/2021\/03\/20\/covid-en-mercedes-fallece-un-paciente-portador-del-virus\/","title":{"rendered":"Covid en Mercedes: Fallece un paciente portador del virus"},"content":{"rendered":"\n<p>El parte diario de este s\u00e1bado, informa que en Mercedes un hombre de 59 a\u00f1os falleci\u00f3 siendo portador del virus que produce la enfermedad covid-19. Adem\u00e1s, confirmaron que 5 pacientes recibieron el resultado positivo entre los 22 an\u00e1lisis procesados en el d\u00eda de la fecha. Adem\u00e1s, dan  cuenta de que el 50% de las camas reservadas para la atenci\u00f3n de la enfermedad que preocupa al mundo est\u00e1n ocupadas. <\/p>\n\n\n\n<div class=\"wp-block-image\"><figure class=\"aligncenter size-large\"><img loading=\"lazy\" decoding=\"async\" width=\"800\" height=\"800\" data-attachment-id=\"126609\" data-permalink=\"https:\/\/www.hoymercedes.com.ar\/principal\/2021\/03\/21\/por-oscar-dinova-escritor-no-te-adelantes-en-la-fila\/whatsapp-image-2021-03-20-at-21-48-46\/#main\" data-orig-file=\"https:\/\/www.hoymercedes.com.ar\/principal\/wp-content\/uploads\/2021\/03\/WhatsApp-Image-2021-03-20-at-21.48.46.jpeg\" data-orig-size=\"800,800\" data-comments-opened=\"0\" data-image-meta=\"{&quot;aperture&quot;:&quot;0&quot;,&quot;credit&quot;:&quot;&quot;,&quot;camera&quot;:&quot;&quot;,&quot;caption&quot;:&quot;&quot;,&quot;created_timestamp&quot;:&quot;0&quot;,&quot;copyright&quot;:&quot;&quot;,&quot;focal_length&quot;:&quot;0&quot;,&quot;iso&quot;:&quot;0&quot;,&quot;shutter_speed&quot;:&quot;0&quot;,&quot;title&quot;:&quot;&quot;,&quot;orientation&quot;:&quot;0&quot;}\" data-image-title=\"WhatsApp Image 2021-03-20 at 21.48.46\" data-image-description=\"\" data-image-caption=\"\" data-large-file=\"https:\/\/www.hoymercedes.com.ar\/principal\/wp-content\/uploads\/2021\/03\/WhatsApp-Image-2021-03-20-at-21.48.46.jpeg\" src=\"https:\/\/www.hoymercedes.com.ar\/principal\/wp-content\/uploads\/2021\/03\/WhatsApp-Image-2021-03-20-at-21.48.46.jpeg\" alt=\"\" class=\"wp-image-126609\" srcset=\"https:\/\/www.hoymercedes.com.ar\/principal\/wp-content\/uploads\/2021\/03\/WhatsApp-Image-2021-03-20-at-21.48.46.jpeg 800w, https:\/\/www.hoymercedes.com.ar\/principal\/wp-content\/uploads\/2021\/03\/WhatsApp-Image-2021-03-20-at-21.48.46-620x620.jpeg 620w, https:\/\/www.hoymercedes.com.ar\/principal\/wp-content\/uploads\/2021\/03\/WhatsApp-Image-2021-03-20-at-21.48.46-150x150.jpeg 150w\" sizes=\"auto, (max-width: 800px) 100vw, 800px\" \/><\/figure><\/div>\n","protected":false},"excerpt":{"rendered":"<p>El parte diario de este s\u00e1bado, informa que en Mercedes un hombre de 59 a\u00f1os falleci\u00f3 siendo portador del virus &#8230; <a title=\"Covid en Mercedes: Fallece un paciente portador del virus\" class=\"read-more\" href=\"https:\/\/www.hoymercedes.com.ar\/principal\/2021\/03\/20\/covid-en-mercedes-fallece-un-paciente-portador-del-virus\/\" aria-label=\"Leer m\u00e1s sobre Covid en Mercedes: Fallece un paciente portador del virus\">Leer m\u00e1s<\/a><\/p>\n","protected":false},"author":1,"featured_media":126609,"comment_status":"closed","ping_status":"open","sticky":false,"template":"","format":"standard","meta":{"_monsterinsights_skip_tracking":false,"_monsterinsights_sitenote_active":false,"_monsterinsights_sitenote_note":"","_monsterinsights_sitenote_category":0,"jetpack_post_was_ever_published":false,"_jetpack_newsletter_access":"","_jetpack_dont_email_post_to_subs":false,"_jetpack_newsletter_tier_id":0,"_jetpack_memberships_contains_paywalled_content":false,"_jetpack_memberships_contains_paid_content":false,"footnotes":"","jetpack_publicize_message":"","jetpack_publicize_feature_enabled":true,"jetpack_social_post_already_shared":true,"jetpack_social_options":{"image_generator_settings":{"template":"highway","default_image_id":0,"font":"","enabled":false},"version":2},"_wpas_customize_per_network":false},"categories":[9791],"tags":[],"class_list":["post-126623","post","type-post","status-publish","format-standard","has-post-thumbnail","hentry","category-salud","generate-columns","tablet-grid-50","mobile-grid-100","grid-parent","grid-50"],"jetpack_publicize_connections":[],"jetpack_featured_media_url":"https:\/\/www.hoymercedes.com.ar\/principal\/wp-content\/uploads\/2021\/03\/WhatsApp-Image-2021-03-20-at-21.48.46.jpeg","wps_subtitle":"Parte diario","jetpack_sharing_enabled":true,"jetpack-related-posts":[{"id":143056,"url":"https:\/\/www.hoymercedes.com.ar\/principal\/2022\/01\/24\/covid-en-mercedes-fallecio-un-paciente-y-confirman-117-nuevos-positivos\/","url_meta":{"origin":126623,"position":0},"title":"Covid en Mercedes: falleci\u00f3 un paciente y confirman 117 nuevos positivos","author":"hoymercedes","date":"24 enero, 2022","format":false,"excerpt":"La informaci\u00f3n epidemiol\u00f3gica brindada por las autoridades sanitarias de Mercedes confirma el fallecimiento de un paciente de 65 a\u00f1os que era portador del virus que produce covid-19. Asimismo, informan que entre 183 test procesados en el d\u00eda de la fecha, 117 dieron positivos, mientras que 159 pacientes recibieron el alta\u2026","rel":"","context":"En \u00abSalud\u00bb","block_context":{"text":"Salud","link":"https:\/\/www.hoymercedes.com.ar\/principal\/category\/salud\/"},"img":{"alt_text":"","src":"https:\/\/i0.wp.com\/www.hoymercedes.com.ar\/principal\/wp-content\/uploads\/2022\/01\/WhatsApp-Image-2022-01-24-at-22.15.05.jpeg?resize=350%2C200&ssl=1","width":350,"height":200,"srcset":"https:\/\/i0.wp.com\/www.hoymercedes.com.ar\/principal\/wp-content\/uploads\/2022\/01\/WhatsApp-Image-2022-01-24-at-22.15.05.jpeg?resize=350%2C200&ssl=1 1x, https:\/\/i0.wp.com\/www.hoymercedes.com.ar\/principal\/wp-content\/uploads\/2022\/01\/WhatsApp-Image-2022-01-24-at-22.15.05.jpeg?resize=525%2C300&ssl=1 1.5x, https:\/\/i0.wp.com\/www.hoymercedes.com.ar\/principal\/wp-content\/uploads\/2022\/01\/WhatsApp-Image-2022-01-24-at-22.15.05.jpeg?resize=700%2C400&ssl=1 2x, https:\/\/i0.wp.com\/www.hoymercedes.com.ar\/principal\/wp-content\/uploads\/2022\/01\/WhatsApp-Image-2022-01-24-at-22.15.05.jpeg?resize=1050%2C600&ssl=1 3x"},"classes":[]},{"id":138511,"url":"https:\/\/www.hoymercedes.com.ar\/principal\/2021\/10\/11\/covid-en-mercedes-una-persona-fallecio-y-tres-recibieron-su-positivo\/","url_meta":{"origin":126623,"position":1},"title":"Covid en Mercedes: Una persona falleci\u00f3 y tres recibieron su positivo","author":"hoymercedes","date":"11 octubre, 2021","format":false,"excerpt":"La informaci\u00f3n brindada por las autoridades de la ciudd da cuenta del fallecimiento de un paciente de 80 a\u00f1os que era portador del virus. Asimismo, confirm\u00f3 que tres personas recibieron el resultado positivo de sus an\u00e1lisis, mientras que dos pacientes recibieron el alta. Es as\u00ed que son 16 los pacientes\u2026","rel":"","context":"En \u00abSalud\u00bb","block_context":{"text":"Salud","link":"https:\/\/www.hoymercedes.com.ar\/principal\/category\/salud\/"},"img":{"alt_text":"","src":"https:\/\/i0.wp.com\/www.hoymercedes.com.ar\/principal\/wp-content\/uploads\/2021\/10\/WhatsApp-Image-2021-10-11-at-21.24.54.jpeg?resize=350%2C200&ssl=1","width":350,"height":200,"srcset":"https:\/\/i0.wp.com\/www.hoymercedes.com.ar\/principal\/wp-content\/uploads\/2021\/10\/WhatsApp-Image-2021-10-11-at-21.24.54.jpeg?resize=350%2C200&ssl=1 1x, https:\/\/i0.wp.com\/www.hoymercedes.com.ar\/principal\/wp-content\/uploads\/2021\/10\/WhatsApp-Image-2021-10-11-at-21.24.54.jpeg?resize=525%2C300&ssl=1 1.5x, https:\/\/i0.wp.com\/www.hoymercedes.com.ar\/principal\/wp-content\/uploads\/2021\/10\/WhatsApp-Image-2021-10-11-at-21.24.54.jpeg?resize=700%2C400&ssl=1 2x"},"classes":[]},{"id":126195,"url":"https:\/\/www.hoymercedes.com.ar\/principal\/2021\/03\/12\/confirman-un-fallecimiento-y-5-nuevos-casos-de-covid\/","url_meta":{"origin":126623,"position":2},"title":"Confirman un fallecimiento y 5 nuevos casos de covid","author":"hoymercedes","date":"12 marzo, 2021","format":false,"excerpt":"La informaci\u00f3n epidemiol\u00f3gica de Mercedes confirma el fallecimiento de un paciente de 62 a\u00f1os portador del virus. Adem\u00e1s, informan que son 5 nuevos casos entre los 30 an\u00e1lisis procesados en el d\u00eda de la fecha y 16 pacientes son los que obtuvieron el alta m\u00e9dica.","rel":"","context":"En \u00abSalud\u00bb","block_context":{"text":"Salud","link":"https:\/\/www.hoymercedes.com.ar\/principal\/category\/salud\/"},"img":{"alt_text":"","src":"https:\/\/i0.wp.com\/www.hoymercedes.com.ar\/principal\/wp-content\/uploads\/2021\/03\/WhatsApp-Image-2021-03-12-at-22.07.30.jpeg?resize=350%2C200&ssl=1","width":350,"height":200,"srcset":"https:\/\/i0.wp.com\/www.hoymercedes.com.ar\/principal\/wp-content\/uploads\/2021\/03\/WhatsApp-Image-2021-03-12-at-22.07.30.jpeg?resize=350%2C200&ssl=1 1x, https:\/\/i0.wp.com\/www.hoymercedes.com.ar\/principal\/wp-content\/uploads\/2021\/03\/WhatsApp-Image-2021-03-12-at-22.07.30.jpeg?resize=525%2C300&ssl=1 1.5x, https:\/\/i0.wp.com\/www.hoymercedes.com.ar\/principal\/wp-content\/uploads\/2021\/03\/WhatsApp-Image-2021-03-12-at-22.07.30.jpeg?resize=700%2C400&ssl=1 2x"},"classes":[]},{"id":144217,"url":"https:\/\/www.hoymercedes.com.ar\/principal\/2022\/02\/21\/parte-semana-de-covid-19-y-situacion-epidemiologica-en-mercedes\/","url_meta":{"origin":126623,"position":3},"title":"Parte semanal de covid-19 y situaci\u00f3n epidemiol\u00f3gica en Mercedes","author":"hoymercedes","date":"21 febrero, 2022","format":false,"excerpt":"El informe semanal covid-19 determin\u00f3 que hubo 4 nuevos positivos en la ciudad 1 un fallecido portador del virus. A su vez se arrib\u00f3 a los 154.321 dosis aplicadas en todo el Partido de Mercedes.","rel":"","context":"En \u00abSociedad\u00bb","block_context":{"text":"Sociedad","link":"https:\/\/www.hoymercedes.com.ar\/principal\/category\/sociedad\/"},"img":{"alt_text":"","src":"https:\/\/i0.wp.com\/www.hoymercedes.com.ar\/principal\/wp-content\/uploads\/2022\/02\/ParteSemanal-21.02.2020.jpg?resize=350%2C200&ssl=1","width":350,"height":200,"srcset":"https:\/\/i0.wp.com\/www.hoymercedes.com.ar\/principal\/wp-content\/uploads\/2022\/02\/ParteSemanal-21.02.2020.jpg?resize=350%2C200&ssl=1 1x, https:\/\/i0.wp.com\/www.hoymercedes.com.ar\/principal\/wp-content\/uploads\/2022\/02\/ParteSemanal-21.02.2020.jpg?resize=525%2C300&ssl=1 1.5x, https:\/\/i0.wp.com\/www.hoymercedes.com.ar\/principal\/wp-content\/uploads\/2022\/02\/ParteSemanal-21.02.2020.jpg?resize=700%2C400&ssl=1 2x"},"classes":[]},{"id":143311,"url":"https:\/\/www.hoymercedes.com.ar\/principal\/2022\/01\/30\/covid-en-mercedes-un-fallecimiento-y-34-test-positivos\/","url_meta":{"origin":126623,"position":4},"title":"Covid en Mercedes: un fallecimiento y 34 test positivos","author":"hoymercedes","date":"30 enero, 2022","format":false,"excerpt":"La informaci\u00f3n oficial brindada por las autoridades sanitarias de Mercedes confirma el fallecimiento de un paciente portador del virus. Asimismo, informan que entre los 47 an\u00e1lisis procesados en el d\u00eda de la fecha, 34 resultaron positivos.","rel":"","context":"En \u00abSalud\u00bb","block_context":{"text":"Salud","link":"https:\/\/www.hoymercedes.com.ar\/principal\/category\/salud\/"},"img":{"alt_text":"","src":"https:\/\/i0.wp.com\/www.hoymercedes.com.ar\/principal\/wp-content\/uploads\/2022\/01\/IMG-20220130-WA0003.jpg?resize=350%2C200&ssl=1","width":350,"height":200,"srcset":"https:\/\/i0.wp.com\/www.hoymercedes.com.ar\/principal\/wp-content\/uploads\/2022\/01\/IMG-20220130-WA0003.jpg?resize=350%2C200&ssl=1 1x, https:\/\/i0.wp.com\/www.hoymercedes.com.ar\/principal\/wp-content\/uploads\/2022\/01\/IMG-20220130-WA0003.jpg?resize=525%2C300&ssl=1 1.5x, https:\/\/i0.wp.com\/www.hoymercedes.com.ar\/principal\/wp-content\/uploads\/2022\/01\/IMG-20220130-WA0003.jpg?resize=700%2C400&ssl=1 2x, https:\/\/i0.wp.com\/www.hoymercedes.com.ar\/principal\/wp-content\/uploads\/2022\/01\/IMG-20220130-WA0003.jpg?resize=1050%2C600&ssl=1 3x"},"classes":[]},{"id":122282,"url":"https:\/\/www.hoymercedes.com.ar\/principal\/2020\/12\/22\/coronavirs-un-fallecido-y-y-14-nuevos-casos-en-mercedes\/","url_meta":{"origin":126623,"position":5},"title":"Coronavirs: Un fallecido y y 14 nuevos casos en Mercedes","author":"hoymercedes","date":"22 diciembre, 2020","format":false,"excerpt":"El informe sanitario enviado por las autoridades sanitarias de Mercedes confirma el fallecimiento de un paciente de 79 a\u00f1os portador del virus SARS-Cov2, llegando a 38 las personas confirmadas que fallecieron con el virus desde marzo a la fecha. Adem\u00e1s sumaron 14 nuevos positivos entre los 78 test realizados. Asimismo,\u2026","rel":"","context":"En \u00abSalud\u00bb","block_context":{"text":"Salud","link":"https:\/\/www.hoymercedes.com.ar\/principal\/category\/salud\/"},"img":{"alt_text":"","src":"https:\/\/i0.wp.com\/www.hoymercedes.com.ar\/principal\/wp-content\/uploads\/2020\/12\/WhatsApp-Image-2020-12-22-at-21.35.51.jpeg?resize=350%2C200&ssl=1","width":350,"height":200,"srcset":"https:\/\/i0.wp.com\/www.hoymercedes.com.ar\/principal\/wp-content\/uploads\/2020\/12\/WhatsApp-Image-2020-12-22-at-21.35.51.jpeg?resize=350%2C200&ssl=1 1x, https:\/\/i0.wp.com\/www.hoymercedes.com.ar\/principal\/wp-content\/uploads\/2020\/12\/WhatsApp-Image-2020-12-22-at-21.35.51.jpeg?resize=525%2C300&ssl=1 1.5x, https:\/\/i0.wp.com\/www.hoymercedes.com.ar\/principal\/wp-content\/uploads\/2020\/12\/WhatsApp-Image-2020-12-22-at-21.35.51.jpeg?resize=700%2C400&ssl=1 2x"},"classes":[]}],"_links":{"self":[{"href":"https:\/\/www.hoymercedes.com.ar\/principal\/wp-json\/wp\/v2\/posts\/126623","targetHints":{"allow":["GET"]}}],"collection":[{"href":"https:\/\/www.hoymercedes.com.ar\/principal\/wp-json\/wp\/v2\/posts"}],"about":[{"href":"https:\/\/www.hoymercedes.com.ar\/principal\/wp-json\/wp\/v2\/types\/post"}],"author":[{"embeddable":true,"href":"https:\/\/www.hoymercedes.com.ar\/principal\/wp-json\/wp\/v2\/users\/1"}],"replies":[{"embeddable":true,"href":"https:\/\/www.hoymercedes.com.ar\/principal\/wp-json\/wp\/v2\/comments?post=126623"}],"version-history":[{"count":0,"href":"https:\/\/www.hoymercedes.com.ar\/principal\/wp-json\/wp\/v2\/posts\/126623\/revisions"}],"wp:featuredmedia":[{"embeddable":true,"href":"https:\/\/www.hoymercedes.com.ar\/principal\/wp-json\/wp\/v2\/media\/126609"}],"wp:attachment":[{"href":"https:\/\/www.hoymercedes.com.ar\/principal\/wp-json\/wp\/v2\/media?parent=126623"}],"wp:term":[{"taxonomy":"category","embeddable":true,"href":"https:\/\/www.hoymercedes.com.ar\/principal\/wp-json\/wp\/v2\/categories?post=126623"},{"taxonomy":"post_tag","embeddable":true,"href":"https:\/\/www.hoymercedes.com.ar\/principal\/wp-json\/wp\/v2\/tags?post=126623"}],"curies":[{"name":"wp","href":"https:\/\/api.w.org\/{rel}","templated":true}]}}