{"id":126626,"date":"2021-03-21T14:09:43","date_gmt":"2021-03-21T17:09:43","guid":{"rendered":"https:\/\/www.hoymercedes.com.ar\/principal\/?p=126626"},"modified":"2021-03-21T14:09:50","modified_gmt":"2021-03-21T17:09:50","slug":"reunion-por-obras-desde-presupuesto-participativo-en-agote-junto-a-nacion","status":"publish","type":"post","link":"https:\/\/www.hoymercedes.com.ar\/principal\/2021\/03\/21\/reunion-por-obras-desde-presupuesto-participativo-en-agote-junto-a-nacion\/","title":{"rendered":"Reuni\u00f3n por obras desde presupuesto participativo en Agote junto a Naci\u00f3n"},"content":{"rendered":"\n<p>El pasado viernes el jefe comunal, con integrantes de su gabinete e integrantes del equipo t\u00e9cnico del \u00e1rea de \u00abObras Tempranas\u00bb de la Secretaria de Interacci\u00f3n Socio Urbana del Ministerio de Desarrollo Social, mantuvieron un encuentro con vecinos de la localidad de Agote para avanzar en la planificaci\u00f3n de obras de infraestructura y mejora del espacio p\u00fablico compartido.<\/p>\n\n\n\n<div class=\"wp-block-image\"><figure class=\"aligncenter size-large\"><img loading=\"lazy\" decoding=\"async\" width=\"800\" height=\"534\" data-attachment-id=\"126627\" data-permalink=\"https:\/\/www.hoymercedes.com.ar\/principal\/2021\/03\/21\/reunion-por-obras-desde-presupuesto-participativo-en-agote-junto-a-nacion\/26-6\/#main\" data-orig-file=\"https:\/\/www.hoymercedes.com.ar\/principal\/wp-content\/uploads\/2021\/03\/26.jpeg\" data-orig-size=\"800,534\" data-comments-opened=\"0\" data-image-meta=\"{&quot;aperture&quot;:&quot;0&quot;,&quot;credit&quot;:&quot;&quot;,&quot;camera&quot;:&quot;&quot;,&quot;caption&quot;:&quot;&quot;,&quot;created_timestamp&quot;:&quot;1616335398&quot;,&quot;copyright&quot;:&quot;&quot;,&quot;focal_length&quot;:&quot;0&quot;,&quot;iso&quot;:&quot;0&quot;,&quot;shutter_speed&quot;:&quot;0&quot;,&quot;title&quot;:&quot;&quot;,&quot;orientation&quot;:&quot;1&quot;}\" data-image-title=\"26\" data-image-description=\"\" data-image-caption=\"\" data-large-file=\"https:\/\/www.hoymercedes.com.ar\/principal\/wp-content\/uploads\/2021\/03\/26.jpeg\" src=\"https:\/\/www.hoymercedes.com.ar\/principal\/wp-content\/uploads\/2021\/03\/26.jpeg\" alt=\"\" class=\"wp-image-126627\" srcset=\"https:\/\/www.hoymercedes.com.ar\/principal\/wp-content\/uploads\/2021\/03\/26.jpeg 800w, https:\/\/www.hoymercedes.com.ar\/principal\/wp-content\/uploads\/2021\/03\/26-630x421.jpeg 630w, https:\/\/www.hoymercedes.com.ar\/principal\/wp-content\/uploads\/2021\/03\/26-150x100.jpeg 150w\" sizes=\"auto, (max-width: 800px) 100vw, 800px\" \/><\/figure><\/div>\n\n\n\n<p>Federico Hult del mencionado ministerio, acompa\u00f1\u00f3 al intendente Ustarroz con el objetivo de presentar a las y los vecinos un nuevo programa de \u201cgesti\u00f3n participativa\u201d donde a partir de determinados fondos nacionales se \u201cconstruye colectivamente su aplicaci\u00f3n en beneficio de las comunidades\u201d contaron. Se trata de una modalidad de presupuesto participativo donde los protagonistas de las obras son las y los vecinos.<\/p>\n\n\n\n<p>Nicol\u00e1s Zeballos del CDR Naci\u00f3n, Miguel Brady, subsecretario de obras p\u00fablicas, Javier Guevara, subsecretario de vivienda y h\u00e1bitat desde donde se inici\u00f3 el proceso de vinculaci\u00f3n institucional con Naci\u00f3n, la Sociedad de Fomento Gowland \u2013 Agote, el edil Juli\u00e1n Insaurgarat y el MTE fueron parte del encuentro donde se narr\u00f3 el programa, la modalidad de trabajo, la forma de debatir y c\u00f3mo beneficiar\u00e1 a la comunidad.<\/p>\n\n\n\n<p>El di\u00e1logo, al aire libre y con distanciamiento, permiti\u00f3 exponer tanto desde nivel local como nacional el asunto.<\/p>\n\n\n\n<p>\u201cEstamos muy agradecidos del acompa\u00f1amiento del gobierno nacional y de poder implementar estas pol\u00edticas participativas, inclusivas y de debatir como comunidad organizada qu\u00e9 uso le damos al espacio p\u00fablico compartido\u201d afirm\u00f3 el jefe comunal y destac\u00f3 que \u201ces muy valioso, adem\u00e1s, el trabajo interdisciplinario e interinstitucional que se da en beneficio de nuestro pueblo\u201d<\/p>\n\n\n\n<p>De esta manera se dio el primer paso de una acci\u00f3n que tendr\u00e1 su primera experiencia en Agote, pero que a medida que se implemente se espera y desea avance hacia otros puntos del Partido.<\/p>\n\n\n\n<p>Fuente: Prensa Municipal<\/p>\n","protected":false},"excerpt":{"rendered":"<p>El pasado viernes el jefe comunal, con integrantes de su gabinete e integrantes del equipo t\u00e9cnico del \u00e1rea de \u00abObras &#8230; <a title=\"Reuni\u00f3n por obras desde presupuesto participativo en Agote junto a Naci\u00f3n\" class=\"read-more\" href=\"https:\/\/www.hoymercedes.com.ar\/principal\/2021\/03\/21\/reunion-por-obras-desde-presupuesto-participativo-en-agote-junto-a-nacion\/\" aria-label=\"Leer m\u00e1s sobre Reuni\u00f3n por obras desde presupuesto participativo en Agote junto a Naci\u00f3n\">Leer m\u00e1s<\/a><\/p>\n","protected":false},"author":1,"featured_media":126627,"comment_status":"closed","ping_status":"open","sticky":false,"template":"","format":"standard","meta":{"_monsterinsights_skip_tracking":false,"_monsterinsights_sitenote_active":false,"_monsterinsights_sitenote_note":"","_monsterinsights_sitenote_category":0,"jetpack_post_was_ever_published":false,"_jetpack_newsletter_access":"","_jetpack_dont_email_post_to_subs":false,"_jetpack_newsletter_tier_id":0,"_jetpack_memberships_contains_paywalled_content":false,"_jetpack_memberships_contains_paid_content":false,"footnotes":"","jetpack_publicize_message":"","jetpack_publicize_feature_enabled":true,"jetpack_social_post_already_shared":true,"jetpack_social_options":{"image_generator_settings":{"template":"highway","default_image_id":0,"font":"","enabled":false},"version":2},"_wpas_customize_per_network":false},"categories":[30],"tags":[],"class_list":["post-126626","post","type-post","status-publish","format-standard","has-post-thumbnail","hentry","category-municipio","generate-columns","tablet-grid-50","mobile-grid-100","grid-parent","grid-50"],"jetpack_publicize_connections":[],"jetpack_featured_media_url":"https:\/\/www.hoymercedes.com.ar\/principal\/wp-content\/uploads\/2021\/03\/26.jpeg","wps_subtitle":"Informaci\u00f3n municipal","jetpack_sharing_enabled":true,"jetpack-related-posts":[{"id":128168,"url":"https:\/\/www.hoymercedes.com.ar\/principal\/2021\/04\/14\/obras-en-agote-junto-al-programa-potenciar-trabajo\/","url_meta":{"origin":126626,"position":0},"title":"Obras en Agote junto al programa \u00abPotenciar Trabajo\u00bb","author":"hoymercedes","date":"14 abril, 2021","format":false,"excerpt":"En articulaci\u00f3n entre la Subsecretar\u00eda y Direcci\u00f3n de H\u00e1bitat, Servicios P\u00fablicos, Planeamiento, Econom\u00eda, y el Centro de Referencia Mercedes del Ministerio de Desarrollo Social de Naci\u00f3n con su programa \"Potenciar Trabajo\", se est\u00e1 llevando a cabo obras de zanjeos, iluminaci\u00f3n y veredas en un barrio de la localidad rural Agote.\u2026","rel":"","context":"En \u00abMunicipio\u00bb","block_context":{"text":"Municipio","link":"https:\/\/www.hoymercedes.com.ar\/principal\/category\/municipio\/"},"img":{"alt_text":"","src":"https:\/\/i0.wp.com\/www.hoymercedes.com.ar\/principal\/wp-content\/uploads\/2021\/04\/14-agote-1.jpeg?resize=350%2C200&ssl=1","width":350,"height":200,"srcset":"https:\/\/i0.wp.com\/www.hoymercedes.com.ar\/principal\/wp-content\/uploads\/2021\/04\/14-agote-1.jpeg?resize=350%2C200&ssl=1 1x, https:\/\/i0.wp.com\/www.hoymercedes.com.ar\/principal\/wp-content\/uploads\/2021\/04\/14-agote-1.jpeg?resize=525%2C300&ssl=1 1.5x, https:\/\/i0.wp.com\/www.hoymercedes.com.ar\/principal\/wp-content\/uploads\/2021\/04\/14-agote-1.jpeg?resize=700%2C400&ssl=1 2x"},"classes":[]},{"id":147654,"url":"https:\/\/www.hoymercedes.com.ar\/principal\/2022\/05\/06\/trabajan-en-los-baches-de-gowland-y-agote\/","url_meta":{"origin":126626,"position":1},"title":"Trabajan en los baches de Gowland y Agote","author":"hoymercedes","date":"6 mayo, 2022","format":false,"excerpt":"El Municipio de Mercedes contin\u00faa con el Plan Integral de Bacheo en la ciudad, en esta oportunidad la maquinaria municipal se encuentra en la zona de Gowland y Agote. All\u00ed, estuvo el intendente Juan Ignacio Ustarroz recorriendo las obras que mejoran la transpirabilidad y seguridad vial de los vecinos. \u00a0\u2026","rel":"","context":"En \u00abMunicipio\u00bb","block_context":{"text":"Municipio","link":"https:\/\/www.hoymercedes.com.ar\/principal\/category\/municipio\/"},"img":{"alt_text":"","src":"https:\/\/i0.wp.com\/www.hoymercedes.com.ar\/principal\/wp-content\/uploads\/2022\/05\/DSC01331.jpg?resize=350%2C200&ssl=1","width":350,"height":200,"srcset":"https:\/\/i0.wp.com\/www.hoymercedes.com.ar\/principal\/wp-content\/uploads\/2022\/05\/DSC01331.jpg?resize=350%2C200&ssl=1 1x, https:\/\/i0.wp.com\/www.hoymercedes.com.ar\/principal\/wp-content\/uploads\/2022\/05\/DSC01331.jpg?resize=525%2C300&ssl=1 1.5x, https:\/\/i0.wp.com\/www.hoymercedes.com.ar\/principal\/wp-content\/uploads\/2022\/05\/DSC01331.jpg?resize=700%2C400&ssl=1 2x"},"classes":[]},{"id":128938,"url":"https:\/\/www.hoymercedes.com.ar\/principal\/2021\/04\/25\/realizan-obras-en-agote\/","url_meta":{"origin":126626,"position":2},"title":"Realizan obras en Agote","author":"hoymercedes","date":"25 abril, 2021","format":false,"excerpt":"Por Prensa Municipal - El Municipio de Mercedes en un trabajo mancomunado con el Ministerio de Desarrollo social y el MTE (movimiento de trabajadores excluidos) vienen realizando obras y mejoras en la localidad de Agote. De esta forma, y a pesar de la pandemia, contin\u00faan los trabajos y obras en\u2026","rel":"","context":"En \u00abMunicipio\u00bb","block_context":{"text":"Municipio","link":"https:\/\/www.hoymercedes.com.ar\/principal\/category\/municipio\/"},"img":{"alt_text":"","src":"https:\/\/i0.wp.com\/www.hoymercedes.com.ar\/principal\/wp-content\/uploads\/2021\/04\/DSC04179.jpg?resize=350%2C200&ssl=1","width":350,"height":200,"srcset":"https:\/\/i0.wp.com\/www.hoymercedes.com.ar\/principal\/wp-content\/uploads\/2021\/04\/DSC04179.jpg?resize=350%2C200&ssl=1 1x, https:\/\/i0.wp.com\/www.hoymercedes.com.ar\/principal\/wp-content\/uploads\/2021\/04\/DSC04179.jpg?resize=525%2C300&ssl=1 1.5x, https:\/\/i0.wp.com\/www.hoymercedes.com.ar\/principal\/wp-content\/uploads\/2021\/04\/DSC04179.jpg?resize=700%2C400&ssl=1 2x"},"classes":[]},{"id":116433,"url":"https:\/\/www.hoymercedes.com.ar\/principal\/2020\/09\/11\/ministros-de-justicia-y-obras-de-nacion-recorrieron-la-carcel-federal-de-agote\/","url_meta":{"origin":126626,"position":3},"title":"Ministros de Justicia y Obras de Naci\u00f3n recorrieron la C\u00e1rcel Federal de Agote","author":"hoymercedes","date":"11 septiembre, 2020","format":false,"excerpt":"La ministra de Justicia de Justicia, Marcela Losardo y el ministro de obras Gabriel Katopodis visitaron nuestra ciudad. Una recorrida por el avance de obras en la c\u00e1rcel federal de Agote. Estuvieron acompa\u00f1ados por el jefe de gabinete Juan Pablo L\u00f3pez Baggio. Por su parte, el Jefe Comunal, Juan Ignacio\u2026","rel":"","context":"En \u00abPol\u00edtica Nacional\u00bb","block_context":{"text":"Pol\u00edtica Nacional","link":"https:\/\/www.hoymercedes.com.ar\/principal\/category\/politica-nacional\/"},"img":{"alt_text":"","src":"https:\/\/i0.wp.com\/www.hoymercedes.com.ar\/principal\/wp-content\/uploads\/2020\/09\/11-carcel-federal-1.jpeg?resize=350%2C200&ssl=1","width":350,"height":200,"srcset":"https:\/\/i0.wp.com\/www.hoymercedes.com.ar\/principal\/wp-content\/uploads\/2020\/09\/11-carcel-federal-1.jpeg?resize=350%2C200&ssl=1 1x, https:\/\/i0.wp.com\/www.hoymercedes.com.ar\/principal\/wp-content\/uploads\/2020\/09\/11-carcel-federal-1.jpeg?resize=525%2C300&ssl=1 1.5x, https:\/\/i0.wp.com\/www.hoymercedes.com.ar\/principal\/wp-content\/uploads\/2020\/09\/11-carcel-federal-1.jpeg?resize=700%2C400&ssl=1 2x"},"classes":[]},{"id":181442,"url":"https:\/\/www.hoymercedes.com.ar\/principal\/2024\/12\/23\/se-realizo-la-consulta-publica-por-obra-de-cloacas-en-gowland-agote-y-jofre\/","url_meta":{"origin":126626,"position":4},"title":"Se realiz\u00f3 la consulta p\u00fablica por obra de cloacas en Gowland, Agote y Jofr\u00e9","author":"hoymercedes","date":"23 diciembre, 2024","format":false,"excerpt":"Se concret\u00f3 la consulta p\u00fablica previa al llamado a licitaci\u00f3n para la construcci\u00f3n de \u201cRedes Cloacales, Estaciones de Bombeo e Impulsi\u00f3n\", en Tom\u00e1s Jofr\u00e9, Agote y Gowland, con un presupuesto superior a los cuatro mil millones de pesos. Es una gesti\u00f3n de la Municipalidad y que realizar\u00e1 v\u00eda la Provincia\u2026","rel":"","context":"En \u00abMunicipio\u00bb","block_context":{"text":"Municipio","link":"https:\/\/www.hoymercedes.com.ar\/principal\/category\/municipio\/"},"img":{"alt_text":"Se realiz\u00f3 la consulta p\u00fablica por obra de cloacas en Gowland, Agote y Jofr\u00e9","src":"https:\/\/i0.wp.com\/www.hoymercedes.com.ar\/principal\/wp-content\/uploads\/2024\/12\/COmilu-Mercedes.jpg?resize=350%2C200&ssl=1","width":350,"height":200,"srcset":"https:\/\/i0.wp.com\/www.hoymercedes.com.ar\/principal\/wp-content\/uploads\/2024\/12\/COmilu-Mercedes.jpg?resize=350%2C200&ssl=1 1x, https:\/\/i0.wp.com\/www.hoymercedes.com.ar\/principal\/wp-content\/uploads\/2024\/12\/COmilu-Mercedes.jpg?resize=525%2C300&ssl=1 1.5x, https:\/\/i0.wp.com\/www.hoymercedes.com.ar\/principal\/wp-content\/uploads\/2024\/12\/COmilu-Mercedes.jpg?resize=700%2C400&ssl=1 2x, https:\/\/i0.wp.com\/www.hoymercedes.com.ar\/principal\/wp-content\/uploads\/2024\/12\/COmilu-Mercedes.jpg?resize=1050%2C600&ssl=1 3x"},"classes":[]},{"id":191059,"url":"https:\/\/www.hoymercedes.com.ar\/principal\/2026\/01\/20\/tras-eleccion-de-los-vecinos-el-municipio-sumo-una-4x4-para-gowland-y-agote\/","url_meta":{"origin":126626,"position":5},"title":"Tras elecci\u00f3n de los vecinos, el municipio sum\u00f3 una 4&#215;4 para Gowland y Agote","author":"hoymercedes","date":"20 enero, 2026","format":false,"excerpt":"La subdelegaci\u00f3n de Servicios P\u00fablicos de Gowland y Agote sum\u00f3 una camioneta 4x4 para cumplir con diferentes demandas de los vecinos, que fueron quienes impulsaron la adquisici\u00f3n del veh\u00edculo a trav\u00e9s del Presupuesto Participativo. \u201cLa llegada de esta nueva camioneta expresa todo lo que nosotros queremos para nuestra comunidad. Primero,\u2026","rel":"","context":"En \u00abSociedad\u00bb","block_context":{"text":"Sociedad","link":"https:\/\/www.hoymercedes.com.ar\/principal\/category\/sociedad\/"},"img":{"alt_text":"","src":"https:\/\/i0.wp.com\/www.hoymercedes.com.ar\/principal\/wp-content\/uploads\/2026\/01\/4x4uno.jpg?resize=350%2C200&ssl=1","width":350,"height":200,"srcset":"https:\/\/i0.wp.com\/www.hoymercedes.com.ar\/principal\/wp-content\/uploads\/2026\/01\/4x4uno.jpg?resize=350%2C200&ssl=1 1x, https:\/\/i0.wp.com\/www.hoymercedes.com.ar\/principal\/wp-content\/uploads\/2026\/01\/4x4uno.jpg?resize=525%2C300&ssl=1 1.5x, https:\/\/i0.wp.com\/www.hoymercedes.com.ar\/principal\/wp-content\/uploads\/2026\/01\/4x4uno.jpg?resize=700%2C400&ssl=1 2x"},"classes":[]}],"_links":{"self":[{"href":"https:\/\/www.hoymercedes.com.ar\/principal\/wp-json\/wp\/v2\/posts\/126626","targetHints":{"allow":["GET"]}}],"collection":[{"href":"https:\/\/www.hoymercedes.com.ar\/principal\/wp-json\/wp\/v2\/posts"}],"about":[{"href":"https:\/\/www.hoymercedes.com.ar\/principal\/wp-json\/wp\/v2\/types\/post"}],"author":[{"embeddable":true,"href":"https:\/\/www.hoymercedes.com.ar\/principal\/wp-json\/wp\/v2\/users\/1"}],"replies":[{"embeddable":true,"href":"https:\/\/www.hoymercedes.com.ar\/principal\/wp-json\/wp\/v2\/comments?post=126626"}],"version-history":[{"count":0,"href":"https:\/\/www.hoymercedes.com.ar\/principal\/wp-json\/wp\/v2\/posts\/126626\/revisions"}],"wp:featuredmedia":[{"embeddable":true,"href":"https:\/\/www.hoymercedes.com.ar\/principal\/wp-json\/wp\/v2\/media\/126627"}],"wp:attachment":[{"href":"https:\/\/www.hoymercedes.com.ar\/principal\/wp-json\/wp\/v2\/media?parent=126626"}],"wp:term":[{"taxonomy":"category","embeddable":true,"href":"https:\/\/www.hoymercedes.com.ar\/principal\/wp-json\/wp\/v2\/categories?post=126626"},{"taxonomy":"post_tag","embeddable":true,"href":"https:\/\/www.hoymercedes.com.ar\/principal\/wp-json\/wp\/v2\/tags?post=126626"}],"curies":[{"name":"wp","href":"https:\/\/api.w.org\/{rel}","templated":true}]}}