{"id":126640,"date":"2021-03-21T15:45:00","date_gmt":"2021-03-21T18:45:00","guid":{"rendered":"https:\/\/www.hoymercedes.com.ar\/principal\/?p=126640"},"modified":"2021-03-21T15:13:13","modified_gmt":"2021-03-21T18:13:13","slug":"detienen-a-hombre-acusado-de-abuso-y-amenazas","status":"publish","type":"post","link":"https:\/\/www.hoymercedes.com.ar\/principal\/2021\/03\/21\/detienen-a-hombre-acusado-de-abuso-y-amenazas\/","title":{"rendered":"Detienen a hombre acusado de abuso y amenazas"},"content":{"rendered":"\n<p>La Polic\u00eda Comunal detuvo a un hombre acusado de abuso sexual agravado, desobediencia y amenazas. En el hecho adem\u00e1s se incautaron los posibles elementos utilizados para la mencionada amenaza. Un autom\u00f3vil, un tel\u00e9fono m\u00f3vil y una caraba calibre 22 son objetos parte de la causa que lleva adelante la U.F.I N\u00ba 6. Su detenci\u00f3n se dio en calle 25 y 106. Las autoridades judiciales que investigan la causa, para no perjudicar la misma no dieron a conocer su identidad ni su imagen. <\/p>\n\n\n\n<div class=\"wp-block-image\"><figure class=\"aligncenter size-large\"><img loading=\"lazy\" decoding=\"async\" width=\"800\" height=\"532\" data-attachment-id=\"126604\" data-permalink=\"https:\/\/www.hoymercedes.com.ar\/principal\/abuso-25106\/\" data-orig-file=\"https:\/\/www.hoymercedes.com.ar\/principal\/wp-content\/uploads\/2021\/03\/Abuso.25106.jpg\" data-orig-size=\"800,532\" data-comments-opened=\"0\" data-image-meta=\"{&quot;aperture&quot;:&quot;0&quot;,&quot;credit&quot;:&quot;&quot;,&quot;camera&quot;:&quot;&quot;,&quot;caption&quot;:&quot;&quot;,&quot;created_timestamp&quot;:&quot;1616274880&quot;,&quot;copyright&quot;:&quot;&quot;,&quot;focal_length&quot;:&quot;0&quot;,&quot;iso&quot;:&quot;0&quot;,&quot;shutter_speed&quot;:&quot;0&quot;,&quot;title&quot;:&quot;&quot;,&quot;orientation&quot;:&quot;1&quot;}\" data-image-title=\"Abuso.25106\" data-image-description=\"\" data-image-caption=\"\" data-large-file=\"https:\/\/www.hoymercedes.com.ar\/principal\/wp-content\/uploads\/2021\/03\/Abuso.25106.jpg\" src=\"https:\/\/www.hoymercedes.com.ar\/principal\/wp-content\/uploads\/2021\/03\/Abuso.25106.jpg\" alt=\"\" class=\"wp-image-126604\" srcset=\"https:\/\/www.hoymercedes.com.ar\/principal\/wp-content\/uploads\/2021\/03\/Abuso.25106.jpg 800w, https:\/\/www.hoymercedes.com.ar\/principal\/wp-content\/uploads\/2021\/03\/Abuso.25106-630x419.jpg 630w, https:\/\/www.hoymercedes.com.ar\/principal\/wp-content\/uploads\/2021\/03\/Abuso.25106-150x100.jpg 150w, https:\/\/www.hoymercedes.com.ar\/principal\/wp-content\/uploads\/2021\/03\/Abuso.25106-700x465.jpg 700w\" sizes=\"auto, (max-width: 800px) 100vw, 800px\" \/><\/figure><\/div>\n","protected":false},"excerpt":{"rendered":"<p>La Polic\u00eda Comunal detuvo a un hombre acusado de abuso sexual agravado, desobediencia y amenazas. En el hecho adem\u00e1s se &#8230; <a title=\"Detienen a hombre acusado de abuso y amenazas\" class=\"read-more\" href=\"https:\/\/www.hoymercedes.com.ar\/principal\/2021\/03\/21\/detienen-a-hombre-acusado-de-abuso-y-amenazas\/\" aria-label=\"Leer m\u00e1s sobre Detienen a hombre acusado de abuso y amenazas\">Leer m\u00e1s<\/a><\/p>\n","protected":false},"author":1,"featured_media":126604,"comment_status":"closed","ping_status":"open","sticky":false,"template":"","format":"standard","meta":{"_monsterinsights_skip_tracking":false,"_monsterinsights_sitenote_active":false,"_monsterinsights_sitenote_note":"","_monsterinsights_sitenote_category":0,"jetpack_post_was_ever_published":false,"_jetpack_newsletter_access":"","_jetpack_dont_email_post_to_subs":false,"_jetpack_newsletter_tier_id":0,"_jetpack_memberships_contains_paywalled_content":false,"_jetpack_memberships_contains_paid_content":false,"footnotes":"","jetpack_publicize_message":"","jetpack_publicize_feature_enabled":true,"jetpack_social_post_already_shared":true,"jetpack_social_options":{"image_generator_settings":{"template":"highway","default_image_id":0,"font":"","enabled":false},"version":2},"_wpas_customize_per_network":false},"categories":[85],"tags":[11066,10352,96],"class_list":["post-126640","post","type-post","status-publish","format-standard","has-post-thumbnail","hentry","category-policial","tag-abuso","tag-detencion","tag-policial-2","generate-columns","tablet-grid-50","mobile-grid-100","grid-parent","grid-50"],"jetpack_publicize_connections":[],"jetpack_featured_media_url":"https:\/\/www.hoymercedes.com.ar\/principal\/wp-content\/uploads\/2021\/03\/Abuso.25106.jpg","wps_subtitle":"Investigaci\u00f3n judicial y policial","jetpack_sharing_enabled":true,"jetpack-related-posts":[{"id":23657,"url":"https:\/\/www.hoymercedes.com.ar\/principal\/2013\/07\/15\/detienen-a-hombre-acusado-de-abuso-sexual\/","url_meta":{"origin":126640,"position":0},"title":"Detienen a hombre acusado de abuso sexual","author":"hoymercedes","date":"15 julio, 2013","format":false,"excerpt":"El hecho se produjo d\u00edas atr\u00e1s tras una serie de instancias llevadas a cabo por la Polic\u00eda local que atendiera el caso tras conocer las circunstancias del hecho. El sujeto est\u00e1 bajo custodia policial y a la orden de la justicia. La detenci\u00f3n la realizaron sobre un vecino de nuestra\u2026","rel":"","context":"En \u00abPolicial\u00bb","block_context":{"text":"Policial","link":"https:\/\/www.hoymercedes.com.ar\/principal\/category\/policial\/"},"img":{"alt_text":"","src":"","width":0,"height":0},"classes":[]},{"id":159436,"url":"https:\/\/www.hoymercedes.com.ar\/principal\/2023\/03\/12\/detienen-a-hombre-acusado-de-abuso-sexual-2\/","url_meta":{"origin":126640,"position":1},"title":"Detienen a hombre acusado de abuso sexual","author":"hoymercedes","date":"12 marzo, 2023","format":false,"excerpt":"Un hombre de 43 a\u00f1os de edad fue aprendido tras solicitud de la justicia e investigaci\u00f3n policial acusado de cometer un \u201cabuso sexual gravemente ultrajante\u201d. Fue aprehendido en calles 14 y 105. Tras las actuaciones de los uniformados se pudo dar respuesta la solicitud emanada por la U.F.I N\u00ba 2\u2026","rel":"","context":"En \u00abPolicial\u00bb","block_context":{"text":"Policial","link":"https:\/\/www.hoymercedes.com.ar\/principal\/category\/policial\/"},"img":{"alt_text":"","src":"https:\/\/i0.wp.com\/www.hoymercedes.com.ar\/principal\/wp-content\/uploads\/2023\/03\/IMG-20230312-WA0000.jpg?resize=350%2C200&ssl=1","width":350,"height":200,"srcset":"https:\/\/i0.wp.com\/www.hoymercedes.com.ar\/principal\/wp-content\/uploads\/2023\/03\/IMG-20230312-WA0000.jpg?resize=350%2C200&ssl=1 1x, https:\/\/i0.wp.com\/www.hoymercedes.com.ar\/principal\/wp-content\/uploads\/2023\/03\/IMG-20230312-WA0000.jpg?resize=525%2C300&ssl=1 1.5x, https:\/\/i0.wp.com\/www.hoymercedes.com.ar\/principal\/wp-content\/uploads\/2023\/03\/IMG-20230312-WA0000.jpg?resize=700%2C400&ssl=1 2x"},"classes":[]},{"id":94595,"url":"https:\/\/www.hoymercedes.com.ar\/principal\/2019\/06\/06\/detectan-y-detienen-a-masculino-acusado-de-abuso-agravado\/","url_meta":{"origin":126640,"position":2},"title":"Detectan y detienen a masculino acusado de abuso agravado","author":"hoymercedes","date":"6 junio, 2019","format":false,"excerpt":"En el marco de los operativos \u201cCalles Seguras\u201d se efectu\u00f3 la detenci\u00f3n de un masculino acusado de \u201cabuso sexual doblemente agravado\u201d siendo el hecho mediante una causa motorizada desde el Juzgado de Garant\u00edas N\u00b03 de nuestra ciudad. Es importante tener presente que este tipo de hechos, que se concretan en\u2026","rel":"","context":"En \u00abPolicial\u00bb","block_context":{"text":"Policial","link":"https:\/\/www.hoymercedes.com.ar\/principal\/category\/policial\/"},"img":{"alt_text":"","src":"https:\/\/i0.wp.com\/www.hoymercedes.com.ar\/principal\/wp-content\/uploads\/2019\/05\/12-policia-patrulleros.jpg?resize=350%2C200&ssl=1","width":350,"height":200,"srcset":"https:\/\/i0.wp.com\/www.hoymercedes.com.ar\/principal\/wp-content\/uploads\/2019\/05\/12-policia-patrulleros.jpg?resize=350%2C200&ssl=1 1x, https:\/\/i0.wp.com\/www.hoymercedes.com.ar\/principal\/wp-content\/uploads\/2019\/05\/12-policia-patrulleros.jpg?resize=525%2C300&ssl=1 1.5x, https:\/\/i0.wp.com\/www.hoymercedes.com.ar\/principal\/wp-content\/uploads\/2019\/05\/12-policia-patrulleros.jpg?resize=700%2C400&ssl=1 2x"},"classes":[]},{"id":76497,"url":"https:\/\/www.hoymercedes.com.ar\/principal\/2018\/05\/28\/detienen-a-un-hombre-acusado-de-abusar-de-su-hijastra-menor-de-edad\/","url_meta":{"origin":126640,"position":3},"title":"Detienen a un hombre acusado de abusar de su hijastra menor de edad","author":"hoymercedes","date":"28 mayo, 2018","format":false,"excerpt":"D\u00edas atr\u00e1s se llev\u00f3 a cabo la aprehensi\u00f3n de un hombre por haber abusado sexualmente con acceso carnal a una menor de 18 a\u00f1os. El caso se denunci\u00f3 cuando la menor de 15 a\u00f1os ingres\u00f3 al hospital tras haberse realizado un aborto domiciliario. All\u00ed, la joven dice que de provoc\u00f3\u2026","rel":"","context":"En \u00abPolicial\u00bb","block_context":{"text":"Policial","link":"https:\/\/www.hoymercedes.com.ar\/principal\/category\/policial\/"},"img":{"alt_text":"","src":"","width":0,"height":0},"classes":[]},{"id":89779,"url":"https:\/\/www.hoymercedes.com.ar\/principal\/2019\/03\/20\/detienen-a-masculino-acusado-de-abuso-sexual\/","url_meta":{"origin":126640,"position":4},"title":"Detienen a masculino acusado de abuso sexual","author":"hoymercedes","date":"20 marzo, 2019","format":false,"excerpt":"La Polic\u00eda Comunal a cargo del Comisario Sergio Macedo fue part\u00edcipe de una importante investigaci\u00f3n que permiti\u00f3 detener a un masculino acusado de \u201cabuso sexual gravemente ultrajante\u201d. El operativo se concret\u00f3 en la Capital Federal y los uniformados trabajaron de manera encubierta. El Comisario Macedo destac\u00f3 \u201cel compromiso y dedicaci\u00f3n\u2026","rel":"","context":"En \u00abPolicial\u00bb","block_context":{"text":"Policial","link":"https:\/\/www.hoymercedes.com.ar\/principal\/category\/policial\/"},"img":{"alt_text":"","src":"https:\/\/i0.wp.com\/www.hoymercedes.com.ar\/principal\/wp-content\/uploads\/2019\/03\/20-detenci%C3%B3n-policial.jpg?resize=350%2C200&ssl=1","width":350,"height":200,"srcset":"https:\/\/i0.wp.com\/www.hoymercedes.com.ar\/principal\/wp-content\/uploads\/2019\/03\/20-detenci%C3%B3n-policial.jpg?resize=350%2C200&ssl=1 1x, https:\/\/i0.wp.com\/www.hoymercedes.com.ar\/principal\/wp-content\/uploads\/2019\/03\/20-detenci%C3%B3n-policial.jpg?resize=525%2C300&ssl=1 1.5x, https:\/\/i0.wp.com\/www.hoymercedes.com.ar\/principal\/wp-content\/uploads\/2019\/03\/20-detenci%C3%B3n-policial.jpg?resize=700%2C400&ssl=1 2x"},"classes":[]},{"id":137048,"url":"https:\/\/www.hoymercedes.com.ar\/principal\/2021\/09\/11\/detienen-a-hombre-acusado-de-abuso-sexual-agravado\/","url_meta":{"origin":126640,"position":5},"title":"Detienen a hombre acusado de abuso sexual agravado","author":"hoymercedes","date":"11 septiembre, 2021","format":false,"excerpt":"La Polic\u00eda Rural detuvo a un hombre acusado de abuso a una menor que en su momento se fug\u00f3 de su domicilio por este motivo. La menor al declarar expres\u00f3 que era abusada por su progenitor. El hecho se concretaba en la zona rural. A trav\u00e9s de la justicia de\u2026","rel":"","context":"En \u00abPolicial\u00bb","block_context":{"text":"Policial","link":"https:\/\/www.hoymercedes.com.ar\/principal\/category\/policial\/"},"img":{"alt_text":"","src":"https:\/\/i0.wp.com\/www.hoymercedes.com.ar\/principal\/wp-content\/uploads\/2021\/09\/WhatsApp-Image-2021-09-09-at-11.46.35-e1631379895623.jpeg?resize=350%2C200&ssl=1","width":350,"height":200,"srcset":"https:\/\/i0.wp.com\/www.hoymercedes.com.ar\/principal\/wp-content\/uploads\/2021\/09\/WhatsApp-Image-2021-09-09-at-11.46.35-e1631379895623.jpeg?resize=350%2C200&ssl=1 1x, https:\/\/i0.wp.com\/www.hoymercedes.com.ar\/principal\/wp-content\/uploads\/2021\/09\/WhatsApp-Image-2021-09-09-at-11.46.35-e1631379895623.jpeg?resize=525%2C300&ssl=1 1.5x, https:\/\/i0.wp.com\/www.hoymercedes.com.ar\/principal\/wp-content\/uploads\/2021\/09\/WhatsApp-Image-2021-09-09-at-11.46.35-e1631379895623.jpeg?resize=700%2C400&ssl=1 2x"},"classes":[]}],"_links":{"self":[{"href":"https:\/\/www.hoymercedes.com.ar\/principal\/wp-json\/wp\/v2\/posts\/126640","targetHints":{"allow":["GET"]}}],"collection":[{"href":"https:\/\/www.hoymercedes.com.ar\/principal\/wp-json\/wp\/v2\/posts"}],"about":[{"href":"https:\/\/www.hoymercedes.com.ar\/principal\/wp-json\/wp\/v2\/types\/post"}],"author":[{"embeddable":true,"href":"https:\/\/www.hoymercedes.com.ar\/principal\/wp-json\/wp\/v2\/users\/1"}],"replies":[{"embeddable":true,"href":"https:\/\/www.hoymercedes.com.ar\/principal\/wp-json\/wp\/v2\/comments?post=126640"}],"version-history":[{"count":0,"href":"https:\/\/www.hoymercedes.com.ar\/principal\/wp-json\/wp\/v2\/posts\/126640\/revisions"}],"wp:featuredmedia":[{"embeddable":true,"href":"https:\/\/www.hoymercedes.com.ar\/principal\/wp-json\/wp\/v2\/media\/126604"}],"wp:attachment":[{"href":"https:\/\/www.hoymercedes.com.ar\/principal\/wp-json\/wp\/v2\/media?parent=126640"}],"wp:term":[{"taxonomy":"category","embeddable":true,"href":"https:\/\/www.hoymercedes.com.ar\/principal\/wp-json\/wp\/v2\/categories?post=126640"},{"taxonomy":"post_tag","embeddable":true,"href":"https:\/\/www.hoymercedes.com.ar\/principal\/wp-json\/wp\/v2\/tags?post=126640"}],"curies":[{"name":"wp","href":"https:\/\/api.w.org\/{rel}","templated":true}]}}