{"id":126772,"date":"2021-03-22T19:21:50","date_gmt":"2021-03-22T22:21:50","guid":{"rendered":"https:\/\/www.hoymercedes.com.ar\/principal\/?p=126772"},"modified":"2021-03-22T19:21:55","modified_gmt":"2021-03-22T22:21:55","slug":"continuan-los-arreglos-en-los-caminos-rurales","status":"publish","type":"post","link":"https:\/\/www.hoymercedes.com.ar\/principal\/2021\/03\/22\/continuan-los-arreglos-en-los-caminos-rurales\/","title":{"rendered":"Contin\u00faan los arreglos en los caminos rurales"},"content":{"rendered":"\n<p>Por Prensa Municipal &#8211; El Municipio de Mercedes viene realizando, desde hace un tiempo y de forma planificada, diferentes arreglos en m\u00faltiples caminos rurales de nuestra ciudad. Se efectuaron colocaci\u00f3n de tosca, zanjeo y mejoramientos con maquinarias, desmalezamiento y empedrado.\u00a0\u00a0\u00a0\u00a0<\/p>\n\n\n\n<div class=\"wp-block-image\"><figure class=\"aligncenter size-large\"><img loading=\"lazy\" decoding=\"async\" width=\"800\" height=\"533\" data-attachment-id=\"126773\" data-permalink=\"https:\/\/www.hoymercedes.com.ar\/principal\/2021\/03\/22\/continuan-los-arreglos-en-los-caminos-rurales\/esltfl-xcae6jer\/#main\" data-orig-file=\"https:\/\/www.hoymercedes.com.ar\/principal\/wp-content\/uploads\/2021\/03\/EsLtfL-XcAE6jER.jpg\" data-orig-size=\"800,533\" data-comments-opened=\"0\" data-image-meta=\"{&quot;aperture&quot;:&quot;0&quot;,&quot;credit&quot;:&quot;&quot;,&quot;camera&quot;:&quot;&quot;,&quot;caption&quot;:&quot;&quot;,&quot;created_timestamp&quot;:&quot;1616440304&quot;,&quot;copyright&quot;:&quot;&quot;,&quot;focal_length&quot;:&quot;0&quot;,&quot;iso&quot;:&quot;0&quot;,&quot;shutter_speed&quot;:&quot;0&quot;,&quot;title&quot;:&quot;&quot;,&quot;orientation&quot;:&quot;1&quot;}\" data-image-title=\"EsLtfL-XcAE6jER\" data-image-description=\"\" data-image-caption=\"\" data-large-file=\"https:\/\/www.hoymercedes.com.ar\/principal\/wp-content\/uploads\/2021\/03\/EsLtfL-XcAE6jER.jpg\" src=\"https:\/\/www.hoymercedes.com.ar\/principal\/wp-content\/uploads\/2021\/03\/EsLtfL-XcAE6jER.jpg\" alt=\"\" class=\"wp-image-126773\" srcset=\"https:\/\/www.hoymercedes.com.ar\/principal\/wp-content\/uploads\/2021\/03\/EsLtfL-XcAE6jER.jpg 800w, https:\/\/www.hoymercedes.com.ar\/principal\/wp-content\/uploads\/2021\/03\/EsLtfL-XcAE6jER-630x420.jpg 630w, https:\/\/www.hoymercedes.com.ar\/principal\/wp-content\/uploads\/2021\/03\/EsLtfL-XcAE6jER-150x100.jpg 150w, https:\/\/www.hoymercedes.com.ar\/principal\/wp-content\/uploads\/2021\/03\/EsLtfL-XcAE6jER-700x465.jpg 700w\" sizes=\"auto, (max-width: 800px) 100vw, 800px\" \/><\/figure><\/div>\n\n\n\n<p>Daniel Apestegu\u00eda, qui\u00e9n est\u00e1 al frente del corral\u00f3n municipal, cont\u00f3 \u201cestuvimos trabajando en los caminos rurales que tienen llegada a las escuelas, por ejemplo, la Escuela Primaria N\u00b014 -calle 4 del matadero hacia las v\u00edas- all\u00ed se entosc\u00f3 y empedr\u00f3\u201d y agreg\u00f3 \u201cestamos en lo que es el camino hacia la escuela agrot\u00e9cnica, el camino interno, tambi\u00e9n con tosca, piedra. Como as\u00ed tambi\u00e9n estamos apostados en diferentes zonas de Mercedes como lo son, La Florida, Cuartel Octavo, zona de la Verde, Franklin donde se est\u00e1 trabajando en mantenimiento, conservaci\u00f3n de caminos y entoscado\u201d. \u00a0<\/p>\n\n\n\n<p>\u201cEl tiempo nos ven\u00eda dando una tregua durante el verano y el invierno pasado, esperemos que este invierno pase lo mismo y nos deje seguir avanzando\u201d se\u00f1al\u00f3 Apestegu\u00eda y a\u00f1adi\u00f3 \u201cdurante el verano estuvimos poniendo atenci\u00f3n a lo que es el mantenimiento de cunetas para que el agua corra y escurra y levantar los caminos para llegar al invierno sin problemas en los accesos\u201d. &nbsp;<\/p>\n\n\n\n<p>Asimismo, Daniel Apestegu\u00eda apunt\u00f3 \u201clos mejoramientos que se est\u00e1n realizando en lo que tiene que ver los caminos hacia las escuelas, el Gobierno Provincial, nos brind\u00f3 un subsidio para la compra de piedras\u201d y se\u00f1al\u00f3 \u201cen las zonas rurales efectuamos esfuerzos compartidos con los vecinos, quienes nos ayudan con ciertos equipos, y de esa manera entoscamos diferentes zonas\u201d. <\/p>\n\n\n\n<p>Por otro lado, qui\u00e9n est\u00e1 al frente del Corral\u00f3n Municipal mencion\u00f3 los arreglos en los puentes de la zona \u201cvenimos gestionando con el Gobierno Provincial todo lo que tiene que ver con los puentes, en este momento se est\u00e1 cambiando el puente de Olivera y se calcula que despu\u00e9s de all\u00ed se trabajar\u00eda en el puente de la salida a Garc\u00eda, adem\u00e1s, estamos dialogando para ver si por el momento se puede poner un puente de campa\u00f1a para ayudar al acceso\u201d.&nbsp;&nbsp;&nbsp;<\/p>\n\n\n\n<p>Conjuntamente, Apestegu\u00eda destac\u00f3 \u201cen el Cuartel VIII estamos llevando adelante la recuperaci\u00f3n de caminos, muchos que durante a\u00f1os estuvieron perdidos y no ten\u00edan paso, con los cuales se ahorran muchos kil\u00f3metros. Donde, a partir de la llegada de una maquinar\u00eda importante, desde el Ministerio de Ambiente, la estamos utilizando para la apertura de caminos cerrados y zanjeos\u201d y subray\u00f3 \u201cel gran trabajo de todos los compa\u00f1eros municipales que sin ellos ser\u00eda imposible, ellos son el gran motor\u201d<\/p>\n","protected":false},"excerpt":{"rendered":"<p>Por Prensa Municipal &#8211; El Municipio de Mercedes viene realizando, desde hace un tiempo y de forma planificada, diferentes arreglos &#8230; <a title=\"Contin\u00faan los arreglos en los caminos rurales\" class=\"read-more\" href=\"https:\/\/www.hoymercedes.com.ar\/principal\/2021\/03\/22\/continuan-los-arreglos-en-los-caminos-rurales\/\" aria-label=\"Leer m\u00e1s sobre Contin\u00faan los arreglos en los caminos rurales\">Leer m\u00e1s<\/a><\/p>\n","protected":false},"author":1,"featured_media":126773,"comment_status":"closed","ping_status":"open","sticky":false,"template":"","format":"standard","meta":{"_monsterinsights_skip_tracking":false,"_monsterinsights_sitenote_active":false,"_monsterinsights_sitenote_note":"","_monsterinsights_sitenote_category":0,"jetpack_post_was_ever_published":false,"_jetpack_newsletter_access":"","_jetpack_dont_email_post_to_subs":false,"_jetpack_newsletter_tier_id":0,"_jetpack_memberships_contains_paywalled_content":false,"_jetpack_memberships_contains_paid_content":false,"footnotes":"","jetpack_publicize_message":"","jetpack_publicize_feature_enabled":true,"jetpack_social_post_already_shared":true,"jetpack_social_options":{"image_generator_settings":{"template":"highway","default_image_id":0,"font":"","enabled":false},"version":2},"_wpas_customize_per_network":false},"categories":[30],"tags":[],"class_list":["post-126772","post","type-post","status-publish","format-standard","has-post-thumbnail","hentry","category-municipio","generate-columns","tablet-grid-50","mobile-grid-100","grid-parent","grid-50"],"jetpack_publicize_connections":[],"jetpack_featured_media_url":"https:\/\/www.hoymercedes.com.ar\/principal\/wp-content\/uploads\/2021\/03\/EsLtfL-XcAE6jER.jpg","wps_subtitle":"Informaci\u00f3n municipal","jetpack_sharing_enabled":true,"jetpack-related-posts":[{"id":125819,"url":"https:\/\/www.hoymercedes.com.ar\/principal\/2021\/03\/06\/los-equipos-viales-del-municipio-trabajan-fuertemente-en-la-zona-rural\/","url_meta":{"origin":126772,"position":0},"title":"Los equipos viales del municipio trabajan fuertemente en la zona rural","author":"hoymercedes","date":"6 marzo, 2021","format":false,"excerpt":"Informaci\u00f3n municipal - La Municipalidad de Mercedes estuvo trabajando duramente en la reparaci\u00f3n de los caminos rurales, que son fundamentales para poder sacar las producciones agropecuarias, pero tambi\u00e9n para generar accesos seguros a las escuelas rurales. \u00a0 El gobierno de Juan Ustarroz se ha volcado fuertemente en las \u00faltimas semanas\u2026","rel":"","context":"En \u00abMunicipio\u00bb","block_context":{"text":"Municipio","link":"https:\/\/www.hoymercedes.com.ar\/principal\/category\/municipio\/"},"img":{"alt_text":"","src":"https:\/\/i0.wp.com\/www.hoymercedes.com.ar\/principal\/wp-content\/uploads\/2021\/03\/36.jpeg?resize=350%2C200&ssl=1","width":350,"height":200,"srcset":"https:\/\/i0.wp.com\/www.hoymercedes.com.ar\/principal\/wp-content\/uploads\/2021\/03\/36.jpeg?resize=350%2C200&ssl=1 1x, https:\/\/i0.wp.com\/www.hoymercedes.com.ar\/principal\/wp-content\/uploads\/2021\/03\/36.jpeg?resize=525%2C300&ssl=1 1.5x, https:\/\/i0.wp.com\/www.hoymercedes.com.ar\/principal\/wp-content\/uploads\/2021\/03\/36.jpeg?resize=700%2C400&ssl=1 2x"},"classes":[]},{"id":135483,"url":"https:\/\/www.hoymercedes.com.ar\/principal\/2021\/08\/17\/mejoras-en-los-accesos-a-las-escuelas-rurales\/","url_meta":{"origin":126772,"position":1},"title":"Mejoras en los accesos a las escuelas rurales","author":"hoymercedes","date":"17 agosto, 2021","format":false,"excerpt":"El Municipio de Mercedes realiz\u00f3 mejoras en caminos rurales, que a su vez facilitan el acceso a los establecimientos educativos de las zonas alejadas. En esta oportunidad, la maquinaria municipal realiz\u00f3 trabajos de zanjeos, desmalezamiento, colocaci\u00f3n de tosca y piedra en el camino que llega a la Escuela Primaria N\u00b014\u2026","rel":"","context":"En \u00abMunicipio\u00bb","block_context":{"text":"Municipio","link":"https:\/\/www.hoymercedes.com.ar\/principal\/category\/municipio\/"},"img":{"alt_text":"","src":"https:\/\/i0.wp.com\/www.hoymercedes.com.ar\/principal\/wp-content\/uploads\/2021\/08\/17-caminos-rurales1-e1629242811823.jpg?resize=350%2C200&ssl=1","width":350,"height":200,"srcset":"https:\/\/i0.wp.com\/www.hoymercedes.com.ar\/principal\/wp-content\/uploads\/2021\/08\/17-caminos-rurales1-e1629242811823.jpg?resize=350%2C200&ssl=1 1x, https:\/\/i0.wp.com\/www.hoymercedes.com.ar\/principal\/wp-content\/uploads\/2021\/08\/17-caminos-rurales1-e1629242811823.jpg?resize=525%2C300&ssl=1 1.5x, https:\/\/i0.wp.com\/www.hoymercedes.com.ar\/principal\/wp-content\/uploads\/2021\/08\/17-caminos-rurales1-e1629242811823.jpg?resize=700%2C400&ssl=1 2x"},"classes":[]},{"id":122033,"url":"https:\/\/www.hoymercedes.com.ar\/principal\/2020\/12\/19\/arreglan-caminos-rurales\/","url_meta":{"origin":126772,"position":2},"title":"Arreglan caminos rurales","author":"hoymercedes","date":"19 diciembre, 2020","format":false,"excerpt":"El \u201cequipo vial\u201d del \u00e1rea de Servicios P\u00fablicos contin\u00faa realizando tareas de mantenimiento de caminos rurales. A cargo de Daniel Apestegu\u00eda se avanza en la colocaci\u00f3n de tosca, zanjeo y mejoramientos con maquinarias. Esta semana que pas\u00f3 fue el turno de caminos de La Florida, el camino de la Primaria\u2026","rel":"","context":"En \u00abMunicipio\u00bb","block_context":{"text":"Municipio","link":"https:\/\/www.hoymercedes.com.ar\/principal\/category\/municipio\/"},"img":{"alt_text":"","src":"https:\/\/i0.wp.com\/www.hoymercedes.com.ar\/principal\/wp-content\/uploads\/2020\/12\/19-caminos-rurales.jpg?resize=350%2C200&ssl=1","width":350,"height":200,"srcset":"https:\/\/i0.wp.com\/www.hoymercedes.com.ar\/principal\/wp-content\/uploads\/2020\/12\/19-caminos-rurales.jpg?resize=350%2C200&ssl=1 1x, https:\/\/i0.wp.com\/www.hoymercedes.com.ar\/principal\/wp-content\/uploads\/2020\/12\/19-caminos-rurales.jpg?resize=525%2C300&ssl=1 1.5x, https:\/\/i0.wp.com\/www.hoymercedes.com.ar\/principal\/wp-content\/uploads\/2020\/12\/19-caminos-rurales.jpg?resize=700%2C400&ssl=1 2x"},"classes":[]},{"id":98281,"url":"https:\/\/www.hoymercedes.com.ar\/principal\/2019\/08\/13\/solicitaron-arreglos-en-caminos-rurales-de-tomas-jofre\/","url_meta":{"origin":126772,"position":3},"title":"Solicitaron arreglos en caminos rurales de Tom\u00e1s Jofr\u00e9","author":"hoymercedes","date":"13 agosto, 2019","format":false,"excerpt":"Ada Bolgiani intervino en la sesi\u00f3n del Concejo Deliberante haciendo uso de la banca participativa para mejoras en el camino que une Tom\u00e1s Jofr\u00e9 con La Verde. En el marco de la sesi\u00f3n ordinaria del lunes \u00faltimo, Ada Bolgiani hizo uso de la banca participativa, tal como lo hizo en\u2026","rel":"","context":"En \u00abPol\u00edtica\u00bb","block_context":{"text":"Pol\u00edtica","link":"https:\/\/www.hoymercedes.com.ar\/principal\/category\/politica\/"},"img":{"alt_text":"","src":"https:\/\/i0.wp.com\/www.hoymercedes.com.ar\/principal\/wp-content\/uploads\/2019\/08\/Banca-Ada-Bolgiani.jpg?resize=350%2C200&ssl=1","width":350,"height":200,"srcset":"https:\/\/i0.wp.com\/www.hoymercedes.com.ar\/principal\/wp-content\/uploads\/2019\/08\/Banca-Ada-Bolgiani.jpg?resize=350%2C200&ssl=1 1x, https:\/\/i0.wp.com\/www.hoymercedes.com.ar\/principal\/wp-content\/uploads\/2019\/08\/Banca-Ada-Bolgiani.jpg?resize=525%2C300&ssl=1 1.5x, https:\/\/i0.wp.com\/www.hoymercedes.com.ar\/principal\/wp-content\/uploads\/2019\/08\/Banca-Ada-Bolgiani.jpg?resize=700%2C400&ssl=1 2x"},"classes":[]},{"id":112041,"url":"https:\/\/www.hoymercedes.com.ar\/principal\/2020\/06\/11\/arreglos-y-mejoras-en-los-caminos-rurales\/","url_meta":{"origin":126772,"position":4},"title":"Arreglos y mejoras en los caminos rurales","author":"hoymercedes","date":"11 junio, 2020","format":false,"excerpt":"La Municipalidad de Mercedes lleva adelante un plan de recuperaci\u00f3n y mantenimiento de caminos rurales y semi rurales de la ciudad y alrededores. A trav\u00e9s de estas tareas se trata de dar mayor accesibilidad a establecimientos educativos, centros de salud y cascos urbanos. Se est\u00e1n ejecutando trabajos de abovedados, recuperaci\u00f3n\u2026","rel":"","context":"En \u00abSociedad\u00bb","block_context":{"text":"Sociedad","link":"https:\/\/www.hoymercedes.com.ar\/principal\/category\/sociedad\/"},"img":{"alt_text":"","src":"https:\/\/i0.wp.com\/www.hoymercedes.com.ar\/principal\/wp-content\/uploads\/2020\/06\/11-caminos-rurales.jpeg?resize=350%2C200&ssl=1","width":350,"height":200,"srcset":"https:\/\/i0.wp.com\/www.hoymercedes.com.ar\/principal\/wp-content\/uploads\/2020\/06\/11-caminos-rurales.jpeg?resize=350%2C200&ssl=1 1x, https:\/\/i0.wp.com\/www.hoymercedes.com.ar\/principal\/wp-content\/uploads\/2020\/06\/11-caminos-rurales.jpeg?resize=525%2C300&ssl=1 1.5x, https:\/\/i0.wp.com\/www.hoymercedes.com.ar\/principal\/wp-content\/uploads\/2020\/06\/11-caminos-rurales.jpeg?resize=700%2C400&ssl=1 2x"},"classes":[]},{"id":104199,"url":"https:\/\/www.hoymercedes.com.ar\/principal\/2019\/12\/18\/realizan-trabajos-en-caminos-rurales\/","url_meta":{"origin":126772,"position":5},"title":"Realizan trabajos en caminos rurales","author":"hoymercedes","date":"18 diciembre, 2019","format":false,"excerpt":"El Municipio de Mercedes contin\u00faa realizando tareas de recomposici\u00f3n y trabajos zanjeos en los caminos rurales de la localidad. En esta oportunidad, se trabaj\u00f3 en calle 4 desde 91 hasta la entrada de la Escuela Primaria N\u00b0 14, un trabajo \"permitir\u00e1 el mejor escurrimiento del agua en los d\u00edas de\u2026","rel":"","context":"En \u00abMunicipio\u00bb","block_context":{"text":"Municipio","link":"https:\/\/www.hoymercedes.com.ar\/principal\/category\/municipio\/"},"img":{"alt_text":"","src":"https:\/\/i0.wp.com\/www.hoymercedes.com.ar\/principal\/wp-content\/uploads\/2019\/12\/18-caminos-rurales.jpg?resize=350%2C200&ssl=1","width":350,"height":200,"srcset":"https:\/\/i0.wp.com\/www.hoymercedes.com.ar\/principal\/wp-content\/uploads\/2019\/12\/18-caminos-rurales.jpg?resize=350%2C200&ssl=1 1x, https:\/\/i0.wp.com\/www.hoymercedes.com.ar\/principal\/wp-content\/uploads\/2019\/12\/18-caminos-rurales.jpg?resize=525%2C300&ssl=1 1.5x, https:\/\/i0.wp.com\/www.hoymercedes.com.ar\/principal\/wp-content\/uploads\/2019\/12\/18-caminos-rurales.jpg?resize=700%2C400&ssl=1 2x"},"classes":[]}],"_links":{"self":[{"href":"https:\/\/www.hoymercedes.com.ar\/principal\/wp-json\/wp\/v2\/posts\/126772","targetHints":{"allow":["GET"]}}],"collection":[{"href":"https:\/\/www.hoymercedes.com.ar\/principal\/wp-json\/wp\/v2\/posts"}],"about":[{"href":"https:\/\/www.hoymercedes.com.ar\/principal\/wp-json\/wp\/v2\/types\/post"}],"author":[{"embeddable":true,"href":"https:\/\/www.hoymercedes.com.ar\/principal\/wp-json\/wp\/v2\/users\/1"}],"replies":[{"embeddable":true,"href":"https:\/\/www.hoymercedes.com.ar\/principal\/wp-json\/wp\/v2\/comments?post=126772"}],"version-history":[{"count":0,"href":"https:\/\/www.hoymercedes.com.ar\/principal\/wp-json\/wp\/v2\/posts\/126772\/revisions"}],"wp:featuredmedia":[{"embeddable":true,"href":"https:\/\/www.hoymercedes.com.ar\/principal\/wp-json\/wp\/v2\/media\/126773"}],"wp:attachment":[{"href":"https:\/\/www.hoymercedes.com.ar\/principal\/wp-json\/wp\/v2\/media?parent=126772"}],"wp:term":[{"taxonomy":"category","embeddable":true,"href":"https:\/\/www.hoymercedes.com.ar\/principal\/wp-json\/wp\/v2\/categories?post=126772"},{"taxonomy":"post_tag","embeddable":true,"href":"https:\/\/www.hoymercedes.com.ar\/principal\/wp-json\/wp\/v2\/tags?post=126772"}],"curies":[{"name":"wp","href":"https:\/\/api.w.org\/{rel}","templated":true}]}}