{"id":126783,"date":"2021-03-23T07:32:00","date_gmt":"2021-03-23T10:32:00","guid":{"rendered":"https:\/\/www.hoymercedes.com.ar\/principal\/?p=126783"},"modified":"2021-03-22T20:08:22","modified_gmt":"2021-03-22T23:08:22","slug":"diferentes-actividades-en-la-semana-por-el-dia-de-la-memoria","status":"publish","type":"post","link":"https:\/\/www.hoymercedes.com.ar\/principal\/2021\/03\/23\/diferentes-actividades-en-la-semana-por-el-dia-de-la-memoria\/","title":{"rendered":"Diferentes actividades en la semana por el D\u00eda de la Memoria"},"content":{"rendered":"\n<p>Durante esta semana se dispondr\u00e1n en la ciudad diferentes actividades en el marco del D\u00eda de la Memoria, la Verdad y la Justicia que evoca la fecha de inicio del Golpe de Estado C\u00edvico Militar de 1976 que dio pie a la \u00faltima Dictadura Militar que dur\u00f3 hasta 1983. Habr\u00e1 una muestra fotogr\u00e1fica, se reinaugurar\u00e1 el Bosque de la Memoria con m\u00e1s \u00e1rboles y el acto central el 24 de marzo a la hora 11. Las diferentes actividades fueron declaradas de inter\u00e9s legislativo en la sesi\u00f3n del HCD del lunes a la noche. <\/p>\n\n\n\n<p>Entre las actividades programadas arrancaron la semana pasada con la presentaci\u00f3n de un libro junto al Instituto 7 y la inaguraci\u00f3n de dos muestras fotogr\u00e1ficas documentales, una el s\u00e1bado y la otra este lunes. Este martes, por la tarde, 17 horas, se reinaugurar\u00e1 en el Parque Nuevo el Bosque de la Memoria, ya que se plantar\u00e1n m\u00e1s \u00e1rboles, se instalaron mesas y una p\u00e9rgola y se pondr\u00e1 el nombre de cada uno de los desaparecidos de Mercedes. <\/p>\n\n\n\n<p>El acto central, protocoloar, ser\u00e1 el mismo 24 de marzo, 11 horas, en la Plaza San Mart\u00edn donde se encuentra la placa que recuerda a los desaparecidos y asesinados de la ciudad. Anticiparon que ser\u00e1 algo sencillo con la lectura de algunos textos de los familiares. <\/p>\n","protected":false},"excerpt":{"rendered":"<p>Durante esta semana se dispondr\u00e1n en la ciudad diferentes actividades en el marco del D\u00eda de la Memoria, la Verdad &#8230; <a title=\"Diferentes actividades en la semana por el D\u00eda de la Memoria\" class=\"read-more\" href=\"https:\/\/www.hoymercedes.com.ar\/principal\/2021\/03\/23\/diferentes-actividades-en-la-semana-por-el-dia-de-la-memoria\/\" aria-label=\"Leer m\u00e1s sobre Diferentes actividades en la semana por el D\u00eda de la Memoria\">Leer m\u00e1s<\/a><\/p>\n","protected":false},"author":1,"featured_media":47777,"comment_status":"closed","ping_status":"open","sticky":false,"template":"","format":"standard","meta":{"_monsterinsights_skip_tracking":false,"_monsterinsights_sitenote_active":false,"_monsterinsights_sitenote_note":"","_monsterinsights_sitenote_category":0,"jetpack_post_was_ever_published":false,"_jetpack_newsletter_access":"","_jetpack_dont_email_post_to_subs":false,"_jetpack_newsletter_tier_id":0,"_jetpack_memberships_contains_paywalled_content":false,"_jetpack_memberships_contains_paid_content":false,"footnotes":"","jetpack_publicize_message":"","jetpack_publicize_feature_enabled":true,"jetpack_social_post_already_shared":true,"jetpack_social_options":{"image_generator_settings":{"template":"highway","default_image_id":0,"font":"","enabled":false},"version":2},"_wpas_customize_per_network":false},"categories":[30],"tags":[17600,8718],"class_list":["post-126783","post","type-post","status-publish","format-standard","has-post-thumbnail","hentry","category-municipio","tag-actos-oficiales","tag-dia-de-la-memoria","generate-columns","tablet-grid-50","mobile-grid-100","grid-parent","grid-50"],"jetpack_publicize_connections":[],"jetpack_featured_media_url":"https:\/\/www.hoymercedes.com.ar\/principal\/wp-content\/uploads\/2016\/03\/mes-memoria-1.jpg","wps_subtitle":"Declarados de inter\u00e9s legislativo","jetpack_sharing_enabled":true,"jetpack-related-posts":[{"id":145514,"url":"https:\/\/www.hoymercedes.com.ar\/principal\/2022\/03\/17\/semana-de-la-memoria-con-importante-cantidad-de-actividades\/","url_meta":{"origin":126783,"position":0},"title":"Semana de la memoria con importante cantidad de actividades","author":"hoymercedes","date":"17 marzo, 2022","format":false,"excerpt":"Durante la semana que viene en la ciudad habr\u00e1 diferentes acciones tendientes a destacar y rememorar un nuevo aniversario del Golpe de Estado C\u00edvico Militar de 1976 que inici\u00f3 la \u00faltima Dictadura Militar y con ella, la etapa m\u00e1s oscura de la historia argentina. El D\u00eda Nacional por la Memoria,\u2026","rel":"","context":"En \u00abSociedad\u00bb","block_context":{"text":"Sociedad","link":"https:\/\/www.hoymercedes.com.ar\/principal\/category\/sociedad\/"},"img":{"alt_text":"","src":"https:\/\/i0.wp.com\/www.hoymercedes.com.ar\/principal\/wp-content\/uploads\/2022\/03\/2.jpeg?resize=350%2C200&ssl=1","width":350,"height":200,"srcset":"https:\/\/i0.wp.com\/www.hoymercedes.com.ar\/principal\/wp-content\/uploads\/2022\/03\/2.jpeg?resize=350%2C200&ssl=1 1x, https:\/\/i0.wp.com\/www.hoymercedes.com.ar\/principal\/wp-content\/uploads\/2022\/03\/2.jpeg?resize=525%2C300&ssl=1 1.5x, https:\/\/i0.wp.com\/www.hoymercedes.com.ar\/principal\/wp-content\/uploads\/2022\/03\/2.jpeg?resize=700%2C400&ssl=1 2x, https:\/\/i0.wp.com\/www.hoymercedes.com.ar\/principal\/wp-content\/uploads\/2022\/03\/2.jpeg?resize=1050%2C600&ssl=1 3x"},"classes":[]},{"id":183488,"url":"https:\/\/www.hoymercedes.com.ar\/principal\/2025\/03\/23\/semana-de-plazas-memoria-y-entretenimiento-familiar\/","url_meta":{"origin":126783,"position":1},"title":"Semana de plazas, Memoria y entretenimiento familiar","author":"hoymercedes","date":"23 marzo, 2025","format":false,"excerpt":"En distintas plazas de la ciudad se vivi\u00f3 la \u201cSemana de la Memoria\u201d con actividades educativas, recreativas y de socializaci\u00f3n planificadas para la ocasi\u00f3n. Las familias dijeron presentes llevando a ni\u00f1os y ni\u00f1as a jugar y aprender. La actividad fue una propuesta en conjunto entre la Direcci\u00f3n de Ni\u00f1ez y\u2026","rel":"","context":"En \u00abMunicipio\u00bb","block_context":{"text":"Municipio","link":"https:\/\/www.hoymercedes.com.ar\/principal\/category\/municipio\/"},"img":{"alt_text":"Semana de plazas, Memoria y entretenimiento familiar","src":"https:\/\/i0.wp.com\/www.hoymercedes.com.ar\/principal\/wp-content\/uploads\/2025\/03\/DSC07703.jpg?resize=350%2C200&ssl=1","width":350,"height":200,"srcset":"https:\/\/i0.wp.com\/www.hoymercedes.com.ar\/principal\/wp-content\/uploads\/2025\/03\/DSC07703.jpg?resize=350%2C200&ssl=1 1x, https:\/\/i0.wp.com\/www.hoymercedes.com.ar\/principal\/wp-content\/uploads\/2025\/03\/DSC07703.jpg?resize=525%2C300&ssl=1 1.5x, https:\/\/i0.wp.com\/www.hoymercedes.com.ar\/principal\/wp-content\/uploads\/2025\/03\/DSC07703.jpg?resize=700%2C400&ssl=1 2x, https:\/\/i0.wp.com\/www.hoymercedes.com.ar\/principal\/wp-content\/uploads\/2025\/03\/DSC07703.jpg?resize=1050%2C600&ssl=1 3x"},"classes":[]},{"id":174109,"url":"https:\/\/www.hoymercedes.com.ar\/principal\/2024\/03\/19\/semana-de-la-memoria-con-multiples-actividades-y-propuestas\/","url_meta":{"origin":126783,"position":2},"title":"Semana de la Memoria con m\u00faltiples actividades y propuestas","author":"hoymercedes","date":"19 marzo, 2024","format":false,"excerpt":"En el marco del D\u00eda de la Memoria, durante esta semana se estar\u00e1n realizando diferentes actos y acciones en la ciudad. Las mismas fueron trabajadas y diagramadas entre la Comisi\u00f3n de Familiares y Amigos de Detenidos y Desaparecidos y la Coordinaci\u00f3n de Derechos Humanos local.\u00a0 Las mismas comienzan este martes\u2026","rel":"","context":"En \u00abSociedad\u00bb","block_context":{"text":"Sociedad","link":"https:\/\/www.hoymercedes.com.ar\/principal\/category\/sociedad\/"},"img":{"alt_text":"Semana de la Memoria con m\u00faltiples actividades y propuestassemana se estar\u00e1n realizando diferentes actos y acciones en la ciudad. Las mismas fueron trabajadas y diagramadas entre la Comisi\u00f3n de Familiares y Amigos de Detenidos y Desaparecidos y la Coordinaci\u00f3n de Derechos Humanos local. Las mismas comienzan este martes a las 09:00 de la ma\u00f1ana, donde se estar\u00e1 entregando el mapa local por la memoria a instituciones escolares y al Honorable Concejo Deliberante. La Coordinadora del Centro Universitario Regional y parte de la Coordinaci\u00f3n de DDHH, Mara Quiroga cont\u00f3 \u201cSe estar\u00e1 entregando en el recinto del Concejo Deliberante este mapa que se realiz\u00f3 de manera conjunta con la Secretar\u00eda de Derechos Humanos de la Naci\u00f3n, donde la idea es geo referenciar sitios que estuvieron involucrados con hechos de la \u00faltima dictadura militar\u201d y destac\u00f3 \u201ces un material sumamente importante porque en principio nos brinda informaci\u00f3n y datos, con la idea de que las instituciones que reciban el mapa puedan trabajarlo en el marco dela efem\u00e9ride\u201d. Asimismo, Mara Quiroga inform\u00f3 \u201cel mi\u00e9rcoles vamos a tener la proyecci\u00f3n de la pel\u00edcula \u201cEl Rapto\u201d en el teatro Argentino a las 17:30, de jueves a domingo habr\u00e1 una exhibici\u00f3n, selecci\u00f3n y reproducci\u00f3n de vinilos prohibidos en Vinilo Bar y Casa Balero de las 21:00 a las 00:00\u201d y agreg\u00f3 \u201cel viernes habr\u00e1 a las 14:00 horas la Bicicleteada por la Memoria, que es un recorrido por sitios de la memoria local cuyo punto de partida ser\u00e1 la plaza San Mart\u00edn y a las 18:00 horas se reproducir\u00e1 el video Memoria Viva Mercedes que es un homenaje de los detenidos asesinados y desaparecidos por la \u00faltima dictadura militar de Mercedes, que ser\u00e1 en el punto Digital de Gowland\u201d. En este sentido, la Coordinadora comunic\u00f3 \u201cel s\u00e1bado se estar\u00e1 haciendo una actividad junto a la Comisi\u00f3n de familiares y amigos de detenidos y desaparecidos, la coordinaci\u00f3n de juventud y servicios p\u00fablicos de la municipalidad, que es la jerarquizaci\u00f3n y pintada del ingreso al parque Independencia y a las 20:00 se convoca la vigilia que se har\u00e1 en la plaza San Mart\u00edn con m\u00faltiples propuestas, m\u00fasica en vivo, exposici\u00f3n y muestras art\u00edsticas e intervenciones\u201d y a\u00f1adi\u00f3 \u201cya el d\u00eda domingo a las 10:00 de la ma\u00f1ana tendremos la plantaci\u00f3n de \u00e1rboles en el Bosque de la Memoria, Verdad y Justicia que convoca la Sociedad de Fomento de Gowland- Agote y a las 11:00 horas el acto en plaza San Mart\u00edn\u201d. Conjuntamente, Quiroga convoc\u00f3 \u201cest\u00e1 abierta la convocatoria a J\u00f3venes y Memoria que es un programa coordinada por la Comisi\u00f3n de la Memoria que est\u00e1 dirigido a escuelas y organizaciones sociales, pol\u00edticas y culturales de la provincia de Buenos Aires que propone que haya equipos de trabajo que elaboren un proyecto de investigaci\u00f3n acerca de las memorias del pasado reciente, por lo que invitamos a inscribirse al programa, donde Mercedes ya viene participando y es una de las ciudades que m\u00e1s proyectos presenta\u201d y apunt\u00f3 \u201cante cualquier duda pueden acercarse a calle 47 entre 28 y 30, o pueden mandar un WhatsApp al 2324-358459\u201d.","src":"https:\/\/i0.wp.com\/www.hoymercedes.com.ar\/principal\/wp-content\/uploads\/2024\/03\/285.jpg?resize=350%2C200&ssl=1","width":350,"height":200,"srcset":"https:\/\/i0.wp.com\/www.hoymercedes.com.ar\/principal\/wp-content\/uploads\/2024\/03\/285.jpg?resize=350%2C200&ssl=1 1x, https:\/\/i0.wp.com\/www.hoymercedes.com.ar\/principal\/wp-content\/uploads\/2024\/03\/285.jpg?resize=525%2C300&ssl=1 1.5x, https:\/\/i0.wp.com\/www.hoymercedes.com.ar\/principal\/wp-content\/uploads\/2024\/03\/285.jpg?resize=700%2C400&ssl=1 2x, https:\/\/i0.wp.com\/www.hoymercedes.com.ar\/principal\/wp-content\/uploads\/2024\/03\/285.jpg?resize=1050%2C600&ssl=1 3x"},"classes":[]},{"id":108115,"url":"https:\/\/www.hoymercedes.com.ar\/principal\/2020\/03\/21\/suspenden-actividades-publicas-por-el-dia-de-la-memoria-haran-acciones-a-traves-de-redes\/","url_meta":{"origin":126783,"position":3},"title":"Suspenden actividades p\u00fablicas por el D\u00eda de la Memoria. Har\u00e1n acciones a trav\u00e9s de redes","author":"hoymercedes","date":"21 marzo, 2020","format":false,"excerpt":"Desde la Coordinaci\u00f3n de Derechos Humanos de la Municipalidad de Mercedes y debido a la problem\u00e1tica del Coronavirus COVID-19 que azota a nuestro pa\u00eds y al mundo, se informa de la suspensi\u00f3n de todas las actividades programadas para el d\u00eda de la memoria. De todas maneras, se realizar\u00e1n diferentes acciones\u2026","rel":"","context":"En \u00abMunicipio\u00bb","block_context":{"text":"Municipio","link":"https:\/\/www.hoymercedes.com.ar\/principal\/category\/municipio\/"},"img":{"alt_text":"","src":"https:\/\/i0.wp.com\/www.hoymercedes.com.ar\/principal\/wp-content\/uploads\/2020\/03\/21-Memoria-DDHH.3.jpeg?resize=350%2C200&ssl=1","width":350,"height":200,"srcset":"https:\/\/i0.wp.com\/www.hoymercedes.com.ar\/principal\/wp-content\/uploads\/2020\/03\/21-Memoria-DDHH.3.jpeg?resize=350%2C200&ssl=1 1x, https:\/\/i0.wp.com\/www.hoymercedes.com.ar\/principal\/wp-content\/uploads\/2020\/03\/21-Memoria-DDHH.3.jpeg?resize=525%2C300&ssl=1 1.5x, https:\/\/i0.wp.com\/www.hoymercedes.com.ar\/principal\/wp-content\/uploads\/2020\/03\/21-Memoria-DDHH.3.jpeg?resize=700%2C400&ssl=1 2x"},"classes":[]},{"id":193427,"url":"https:\/\/www.hoymercedes.com.ar\/principal\/2026\/03\/21\/gran-participacion-en-la-bicicleteada-por-la-memoria\/","url_meta":{"origin":126783,"position":4},"title":"Gran participaci\u00f3n en la \u201cBicicleteada por la Memoria\u201d","author":"hoymercedes","date":"21 marzo, 2026","format":false,"excerpt":"En el marco de las actividades programadas por el Mes de la Memoria, al cumplirse el 50\u00b0 aniversario del \u00faltimo golpe c\u00edvico-militar, se llev\u00f3 adelante la \u201cBicicleteada por la Memoria\u201d. La iniciativa permiti\u00f3 recorrer distintos espacios de la ciudad vinculados con el accionar del terrorismo de Estado, abordados tanto desde\u2026","rel":"","context":"En \u00abSociedad\u00bb","block_context":{"text":"Sociedad","link":"https:\/\/www.hoymercedes.com.ar\/principal\/category\/sociedad\/"},"img":{"alt_text":"","src":"https:\/\/i0.wp.com\/www.hoymercedes.com.ar\/principal\/wp-content\/uploads\/2026\/03\/Bicicleteada-memoria-2.jpg?resize=350%2C200&ssl=1","width":350,"height":200,"srcset":"https:\/\/i0.wp.com\/www.hoymercedes.com.ar\/principal\/wp-content\/uploads\/2026\/03\/Bicicleteada-memoria-2.jpg?resize=350%2C200&ssl=1 1x, https:\/\/i0.wp.com\/www.hoymercedes.com.ar\/principal\/wp-content\/uploads\/2026\/03\/Bicicleteada-memoria-2.jpg?resize=525%2C300&ssl=1 1.5x, https:\/\/i0.wp.com\/www.hoymercedes.com.ar\/principal\/wp-content\/uploads\/2026\/03\/Bicicleteada-memoria-2.jpg?resize=700%2C400&ssl=1 2x"},"classes":[]},{"id":54680,"url":"https:\/\/www.hoymercedes.com.ar\/principal\/2016\/09\/15\/arranca-la-semana-de-la-juventud\/","url_meta":{"origin":126783,"position":5},"title":"Arranca la Semana de la Juventud","author":"hoymercedes","date":"15 septiembre, 2016","format":false,"excerpt":"A partir del viernes 16 de septiembre, D\u00eda Nacional de la Juventud, el \u00e1rea de Pol\u00edticas Juveniles llevar\u00e1 adelante \"la Semana de la Juventud\". Tres d\u00edas para que los j\u00f3venes de Mercedes\u00a0puedan disfrutar de distintas\u00a0actividades propuestas por el \u00e1rea municipales.\u00a0Actividades que incluye recital con bandas locales en vivo, juegos recreativos,\u2026","rel":"","context":"En \u00abMunicipio\u00bb","block_context":{"text":"Municipio","link":"https:\/\/www.hoymercedes.com.ar\/principal\/category\/municipio\/"},"img":{"alt_text":"","src":"https:\/\/i0.wp.com\/www.hoymercedes.com.ar\/principal\/wp-content\/uploads\/2016\/09\/15-semana-juventud.jpg?resize=350%2C200&ssl=1","width":350,"height":200},"classes":[]}],"_links":{"self":[{"href":"https:\/\/www.hoymercedes.com.ar\/principal\/wp-json\/wp\/v2\/posts\/126783","targetHints":{"allow":["GET"]}}],"collection":[{"href":"https:\/\/www.hoymercedes.com.ar\/principal\/wp-json\/wp\/v2\/posts"}],"about":[{"href":"https:\/\/www.hoymercedes.com.ar\/principal\/wp-json\/wp\/v2\/types\/post"}],"author":[{"embeddable":true,"href":"https:\/\/www.hoymercedes.com.ar\/principal\/wp-json\/wp\/v2\/users\/1"}],"replies":[{"embeddable":true,"href":"https:\/\/www.hoymercedes.com.ar\/principal\/wp-json\/wp\/v2\/comments?post=126783"}],"version-history":[{"count":0,"href":"https:\/\/www.hoymercedes.com.ar\/principal\/wp-json\/wp\/v2\/posts\/126783\/revisions"}],"wp:featuredmedia":[{"embeddable":true,"href":"https:\/\/www.hoymercedes.com.ar\/principal\/wp-json\/wp\/v2\/media\/47777"}],"wp:attachment":[{"href":"https:\/\/www.hoymercedes.com.ar\/principal\/wp-json\/wp\/v2\/media?parent=126783"}],"wp:term":[{"taxonomy":"category","embeddable":true,"href":"https:\/\/www.hoymercedes.com.ar\/principal\/wp-json\/wp\/v2\/categories?post=126783"},{"taxonomy":"post_tag","embeddable":true,"href":"https:\/\/www.hoymercedes.com.ar\/principal\/wp-json\/wp\/v2\/tags?post=126783"}],"curies":[{"name":"wp","href":"https:\/\/api.w.org\/{rel}","templated":true}]}}