{"id":126804,"date":"2021-03-22T22:28:17","date_gmt":"2021-03-23T01:28:17","guid":{"rendered":"https:\/\/www.hoymercedes.com.ar\/principal\/?p=126804"},"modified":"2021-03-22T22:28:20","modified_gmt":"2021-03-23T01:28:20","slug":"covid-en-mercedes-doce-nuevos-positivos","status":"publish","type":"post","link":"https:\/\/www.hoymercedes.com.ar\/principal\/2021\/03\/22\/covid-en-mercedes-doce-nuevos-positivos\/","title":{"rendered":"Covid en Mercedes: doce nuevos positivos"},"content":{"rendered":"\n<p>Este lunes, la informaci\u00f3n epidemiol\u00f3gica en Mercedes confirma que se suman 12 positivos luego de haberse procesado 74 an\u00e1lisis. Adem\u00e1s informan que son 10 los pacientes que recibieron el alta. Con estas cifras son 81 los pacientes que est\u00e1n transitando la enfermedad que preocupa al mundo. Se mantiene el 50% de ocupaci\u00f3n de camas destinadas a los enfermos de gravedad. <\/p>\n\n\n\n<div class=\"wp-block-image\"><figure class=\"aligncenter size-large\"><img loading=\"lazy\" decoding=\"async\" width=\"800\" height=\"800\" data-attachment-id=\"126805\" data-permalink=\"https:\/\/www.hoymercedes.com.ar\/principal\/2021\/03\/22\/covid-en-mercedes-doce-nuevos-positivos\/whatsapp-image-2021-03-22-at-22-03-34\/#main\" data-orig-file=\"https:\/\/www.hoymercedes.com.ar\/principal\/wp-content\/uploads\/2021\/03\/WhatsApp-Image-2021-03-22-at-22.03.34.jpeg\" data-orig-size=\"800,800\" data-comments-opened=\"0\" data-image-meta=\"{&quot;aperture&quot;:&quot;0&quot;,&quot;credit&quot;:&quot;&quot;,&quot;camera&quot;:&quot;&quot;,&quot;caption&quot;:&quot;&quot;,&quot;created_timestamp&quot;:&quot;0&quot;,&quot;copyright&quot;:&quot;&quot;,&quot;focal_length&quot;:&quot;0&quot;,&quot;iso&quot;:&quot;0&quot;,&quot;shutter_speed&quot;:&quot;0&quot;,&quot;title&quot;:&quot;&quot;,&quot;orientation&quot;:&quot;0&quot;}\" data-image-title=\"WhatsApp Image 2021-03-22 at 22.03.34\" data-image-description=\"\" data-image-caption=\"\" data-large-file=\"https:\/\/www.hoymercedes.com.ar\/principal\/wp-content\/uploads\/2021\/03\/WhatsApp-Image-2021-03-22-at-22.03.34.jpeg\" src=\"https:\/\/www.hoymercedes.com.ar\/principal\/wp-content\/uploads\/2021\/03\/WhatsApp-Image-2021-03-22-at-22.03.34.jpeg\" alt=\"\" class=\"wp-image-126805\" srcset=\"https:\/\/www.hoymercedes.com.ar\/principal\/wp-content\/uploads\/2021\/03\/WhatsApp-Image-2021-03-22-at-22.03.34.jpeg 800w, https:\/\/www.hoymercedes.com.ar\/principal\/wp-content\/uploads\/2021\/03\/WhatsApp-Image-2021-03-22-at-22.03.34-620x620.jpeg 620w, https:\/\/www.hoymercedes.com.ar\/principal\/wp-content\/uploads\/2021\/03\/WhatsApp-Image-2021-03-22-at-22.03.34-150x150.jpeg 150w\" sizes=\"auto, (max-width: 800px) 100vw, 800px\" \/><\/figure><\/div>\n","protected":false},"excerpt":{"rendered":"<p>Este lunes, la informaci\u00f3n epidemiol\u00f3gica en Mercedes confirma que se suman 12 positivos luego de haberse procesado 74 an\u00e1lisis. Adem\u00e1s &#8230; <a title=\"Covid en Mercedes: doce nuevos positivos\" class=\"read-more\" href=\"https:\/\/www.hoymercedes.com.ar\/principal\/2021\/03\/22\/covid-en-mercedes-doce-nuevos-positivos\/\" aria-label=\"Leer m\u00e1s sobre Covid en Mercedes: doce nuevos positivos\">Leer m\u00e1s<\/a><\/p>\n","protected":false},"author":1,"featured_media":126805,"comment_status":"closed","ping_status":"open","sticky":false,"template":"","format":"standard","meta":{"_monsterinsights_skip_tracking":false,"_monsterinsights_sitenote_active":false,"_monsterinsights_sitenote_note":"","_monsterinsights_sitenote_category":0,"jetpack_post_was_ever_published":false,"_jetpack_newsletter_access":"","_jetpack_dont_email_post_to_subs":false,"_jetpack_newsletter_tier_id":0,"_jetpack_memberships_contains_paywalled_content":false,"_jetpack_memberships_contains_paid_content":false,"footnotes":"","jetpack_publicize_message":"","jetpack_publicize_feature_enabled":true,"jetpack_social_post_already_shared":true,"jetpack_social_options":{"image_generator_settings":{"template":"highway","default_image_id":0,"font":"","enabled":false},"version":2},"_wpas_customize_per_network":false},"categories":[9791],"tags":[16175,134],"class_list":["post-126804","post","type-post","status-publish","format-standard","has-post-thumbnail","hentry","category-salud","tag-coronavirus","tag-salud","generate-columns","tablet-grid-50","mobile-grid-100","grid-parent","grid-50"],"jetpack_publicize_connections":[],"jetpack_featured_media_url":"https:\/\/www.hoymercedes.com.ar\/principal\/wp-content\/uploads\/2021\/03\/WhatsApp-Image-2021-03-22-at-22.03.34.jpeg","wps_subtitle":"Parte diario local","jetpack_sharing_enabled":true,"jetpack-related-posts":[{"id":124665,"url":"https:\/\/www.hoymercedes.com.ar\/principal\/2021\/02\/11\/quince-positivos-mas-se-suman-a-los-pacientes-con-covid-en-mercedes\/","url_meta":{"origin":126804,"position":0},"title":"Quince positivos m\u00e1s se suman a los pacientes con covid en Mercedes","author":"hoymercedes","date":"11 febrero, 2021","format":false,"excerpt":"El parte diario con la informaci\u00f3n epidemiol\u00f3gica de Mercedes confirma que son 15 los nuevos pacientes cuyos resultados de sus hisopados dieron positivo, entre los 54 an\u00e1lisis que se procesaron en el d\u00eda de la fecha. Asimismo, informan que 10 pacientes fueron dados de alta de acuerdo a los protocolos\u2026","rel":"","context":"En \u00abSalud\u00bb","block_context":{"text":"Salud","link":"https:\/\/www.hoymercedes.com.ar\/principal\/category\/salud\/"},"img":{"alt_text":"","src":"https:\/\/i0.wp.com\/www.hoymercedes.com.ar\/principal\/wp-content\/uploads\/2021\/02\/WhatsApp-Image-2021-02-11-at-21.29.25.jpeg?resize=350%2C200&ssl=1","width":350,"height":200,"srcset":"https:\/\/i0.wp.com\/www.hoymercedes.com.ar\/principal\/wp-content\/uploads\/2021\/02\/WhatsApp-Image-2021-02-11-at-21.29.25.jpeg?resize=350%2C200&ssl=1 1x, https:\/\/i0.wp.com\/www.hoymercedes.com.ar\/principal\/wp-content\/uploads\/2021\/02\/WhatsApp-Image-2021-02-11-at-21.29.25.jpeg?resize=525%2C300&ssl=1 1.5x, https:\/\/i0.wp.com\/www.hoymercedes.com.ar\/principal\/wp-content\/uploads\/2021\/02\/WhatsApp-Image-2021-02-11-at-21.29.25.jpeg?resize=700%2C400&ssl=1 2x"},"classes":[]},{"id":124922,"url":"https:\/\/www.hoymercedes.com.ar\/principal\/2021\/02\/16\/covid-son-21-los-nuevos-casos-positivos-en-mercedes\/","url_meta":{"origin":126804,"position":1},"title":"Covid: Son 21 los nuevos casos positivos en Mercedes","author":"hoymercedes","date":"16 febrero, 2021","format":false,"excerpt":"El parte diario con la informaci\u00f3n epidemiol\u00f3gica confirma que son 21 los pacientes con positivos de covid-19 en el d\u00eda de la fecha entre los 47 nuevos an\u00e1lisis procesados este martes. Asimismo, informan que son 11 los pacientes que obtuvieron el alta de acuerdo a los protocolos vigentes. Con estas\u2026","rel":"","context":"En \u00abSalud\u00bb","block_context":{"text":"Salud","link":"https:\/\/www.hoymercedes.com.ar\/principal\/category\/salud\/"},"img":{"alt_text":"","src":"https:\/\/i0.wp.com\/www.hoymercedes.com.ar\/principal\/wp-content\/uploads\/2021\/02\/WhatsApp-Image-2021-02-16-at-21.51.51.jpeg?resize=350%2C200&ssl=1","width":350,"height":200,"srcset":"https:\/\/i0.wp.com\/www.hoymercedes.com.ar\/principal\/wp-content\/uploads\/2021\/02\/WhatsApp-Image-2021-02-16-at-21.51.51.jpeg?resize=350%2C200&ssl=1 1x, https:\/\/i0.wp.com\/www.hoymercedes.com.ar\/principal\/wp-content\/uploads\/2021\/02\/WhatsApp-Image-2021-02-16-at-21.51.51.jpeg?resize=525%2C300&ssl=1 1.5x, https:\/\/i0.wp.com\/www.hoymercedes.com.ar\/principal\/wp-content\/uploads\/2021\/02\/WhatsApp-Image-2021-02-16-at-21.51.51.jpeg?resize=700%2C400&ssl=1 2x, https:\/\/i0.wp.com\/www.hoymercedes.com.ar\/principal\/wp-content\/uploads\/2021\/02\/WhatsApp-Image-2021-02-16-at-21.51.51.jpeg?resize=1050%2C600&ssl=1 3x"},"classes":[]},{"id":124896,"url":"https:\/\/www.hoymercedes.com.ar\/principal\/2021\/02\/15\/son-ocho-los-nuevos-positivos-que-se-suman-en-mercedes\/","url_meta":{"origin":126804,"position":2},"title":"Son ocho los nuevos positivos que se suman en Mercedes","author":"hoymercedes","date":"15 febrero, 2021","format":false,"excerpt":"La situaci\u00f3n epidemiol\u00f3gica en Mercedes confirma de parte de las autoridades que son 8 los nuevos casos positivos entre los 28 an\u00e1lisis procesados en el d\u00eda de la fecha. Asimismo, informan que son 9 pacientes obtuvieron el alta este lunes. Con estas cifras son 95 los pacientes que est\u00e1n transitando\u2026","rel":"","context":"En \u00abSalud\u00bb","block_context":{"text":"Salud","link":"https:\/\/www.hoymercedes.com.ar\/principal\/category\/salud\/"},"img":{"alt_text":"","src":"https:\/\/i0.wp.com\/www.hoymercedes.com.ar\/principal\/wp-content\/uploads\/2021\/02\/WhatsApp-Image-2021-02-15-at-22.00.10.jpeg?resize=350%2C200&ssl=1","width":350,"height":200,"srcset":"https:\/\/i0.wp.com\/www.hoymercedes.com.ar\/principal\/wp-content\/uploads\/2021\/02\/WhatsApp-Image-2021-02-15-at-22.00.10.jpeg?resize=350%2C200&ssl=1 1x, https:\/\/i0.wp.com\/www.hoymercedes.com.ar\/principal\/wp-content\/uploads\/2021\/02\/WhatsApp-Image-2021-02-15-at-22.00.10.jpeg?resize=525%2C300&ssl=1 1.5x, https:\/\/i0.wp.com\/www.hoymercedes.com.ar\/principal\/wp-content\/uploads\/2021\/02\/WhatsApp-Image-2021-02-15-at-22.00.10.jpeg?resize=700%2C400&ssl=1 2x, https:\/\/i0.wp.com\/www.hoymercedes.com.ar\/principal\/wp-content\/uploads\/2021\/02\/WhatsApp-Image-2021-02-15-at-22.00.10.jpeg?resize=1050%2C600&ssl=1 3x"},"classes":[]},{"id":125766,"url":"https:\/\/www.hoymercedes.com.ar\/principal\/2021\/03\/04\/once-positivos-se-suman-a-los-pacientes-con-covid-en-mercedes\/","url_meta":{"origin":126804,"position":3},"title":"Once positivos se suman a los pacientes con covid en Mercedes","author":"hoymercedes","date":"4 marzo, 2021","format":false,"excerpt":"El parte del d\u00eda con la informaci\u00f3n epidemiol\u00f3gica de Mercedes confirma que son 11 los pacientes que recibieron el resultado positivo de covid-19 entre los 44 an\u00e1lisis procesados en la jornada de este jueves. Adem\u00e1s, informan que 9 pacientes obtuvieron el alta de acuerdo al protocolo vigente.","rel":"","context":"En \u00abSalud\u00bb","block_context":{"text":"Salud","link":"https:\/\/www.hoymercedes.com.ar\/principal\/category\/salud\/"},"img":{"alt_text":"","src":"https:\/\/i0.wp.com\/www.hoymercedes.com.ar\/principal\/wp-content\/uploads\/2021\/03\/WhatsApp-Image-2021-03-04-at-21.19.52.jpeg?resize=350%2C200&ssl=1","width":350,"height":200,"srcset":"https:\/\/i0.wp.com\/www.hoymercedes.com.ar\/principal\/wp-content\/uploads\/2021\/03\/WhatsApp-Image-2021-03-04-at-21.19.52.jpeg?resize=350%2C200&ssl=1 1x, https:\/\/i0.wp.com\/www.hoymercedes.com.ar\/principal\/wp-content\/uploads\/2021\/03\/WhatsApp-Image-2021-03-04-at-21.19.52.jpeg?resize=525%2C300&ssl=1 1.5x, https:\/\/i0.wp.com\/www.hoymercedes.com.ar\/principal\/wp-content\/uploads\/2021\/03\/WhatsApp-Image-2021-03-04-at-21.19.52.jpeg?resize=700%2C400&ssl=1 2x"},"classes":[]},{"id":122811,"url":"https:\/\/www.hoymercedes.com.ar\/principal\/2021\/01\/03\/mercedes-suma-12-nuevos-positivos-de-covid-19\/","url_meta":{"origin":126804,"position":4},"title":"Mercedes suma 12 nuevos positivos de covid-19","author":"hoymercedes","date":"3 enero, 2021","format":false,"excerpt":"El informe del d\u00eda domingo confirma 12 nuevos positivos de covid-19 entre los 51 test analizados. Asimismo, informan que son 7 los pacientes que recibieron el alta m\u00e9dica esta jornada. Con estos n\u00fameros son 211 los pacientes con el virus Sars-Cov2","rel":"","context":"En \u00abSalud\u00bb","block_context":{"text":"Salud","link":"https:\/\/www.hoymercedes.com.ar\/principal\/category\/salud\/"},"img":{"alt_text":"","src":"https:\/\/i0.wp.com\/www.hoymercedes.com.ar\/principal\/wp-content\/uploads\/2021\/01\/IMG-20210103-WA0003.jpg?resize=350%2C200&ssl=1","width":350,"height":200,"srcset":"https:\/\/i0.wp.com\/www.hoymercedes.com.ar\/principal\/wp-content\/uploads\/2021\/01\/IMG-20210103-WA0003.jpg?resize=350%2C200&ssl=1 1x, https:\/\/i0.wp.com\/www.hoymercedes.com.ar\/principal\/wp-content\/uploads\/2021\/01\/IMG-20210103-WA0003.jpg?resize=525%2C300&ssl=1 1.5x, https:\/\/i0.wp.com\/www.hoymercedes.com.ar\/principal\/wp-content\/uploads\/2021\/01\/IMG-20210103-WA0003.jpg?resize=700%2C400&ssl=1 2x"},"classes":[]},{"id":126463,"url":"https:\/\/www.hoymercedes.com.ar\/principal\/2021\/03\/17\/crecen-los-casos-positivos-de-covid-en-mercedes-20-nuevos\/","url_meta":{"origin":126804,"position":5},"title":"Crecen los casos positivos de covid en Mercedes: 20 nuevos","author":"hoymercedes","date":"17 marzo, 2021","format":false,"excerpt":"La informaci\u00f3n epidemiol\u00f3gica de Mercedes da cuenta de un incremento en los casos positivos. Este mi\u00e9rcoles se confirmaron 20 nuevos casos positivos de covid-19 entre los 72 an\u00e1lisis procesados. Adem\u00e1s, de informar que son 10 los pacientes que obtuvieron el alta. Con estos n\u00fameros con 82 los pacientes que transitan\u2026","rel":"","context":"En \u00abSalud\u00bb","block_context":{"text":"Salud","link":"https:\/\/www.hoymercedes.com.ar\/principal\/category\/salud\/"},"img":{"alt_text":"","src":"https:\/\/i0.wp.com\/www.hoymercedes.com.ar\/principal\/wp-content\/uploads\/2021\/03\/WhatsApp-Image-2021-03-17-at-22.24.35.jpeg?resize=350%2C200&ssl=1","width":350,"height":200,"srcset":"https:\/\/i0.wp.com\/www.hoymercedes.com.ar\/principal\/wp-content\/uploads\/2021\/03\/WhatsApp-Image-2021-03-17-at-22.24.35.jpeg?resize=350%2C200&ssl=1 1x, https:\/\/i0.wp.com\/www.hoymercedes.com.ar\/principal\/wp-content\/uploads\/2021\/03\/WhatsApp-Image-2021-03-17-at-22.24.35.jpeg?resize=525%2C300&ssl=1 1.5x, https:\/\/i0.wp.com\/www.hoymercedes.com.ar\/principal\/wp-content\/uploads\/2021\/03\/WhatsApp-Image-2021-03-17-at-22.24.35.jpeg?resize=700%2C400&ssl=1 2x"},"classes":[]}],"_links":{"self":[{"href":"https:\/\/www.hoymercedes.com.ar\/principal\/wp-json\/wp\/v2\/posts\/126804","targetHints":{"allow":["GET"]}}],"collection":[{"href":"https:\/\/www.hoymercedes.com.ar\/principal\/wp-json\/wp\/v2\/posts"}],"about":[{"href":"https:\/\/www.hoymercedes.com.ar\/principal\/wp-json\/wp\/v2\/types\/post"}],"author":[{"embeddable":true,"href":"https:\/\/www.hoymercedes.com.ar\/principal\/wp-json\/wp\/v2\/users\/1"}],"replies":[{"embeddable":true,"href":"https:\/\/www.hoymercedes.com.ar\/principal\/wp-json\/wp\/v2\/comments?post=126804"}],"version-history":[{"count":0,"href":"https:\/\/www.hoymercedes.com.ar\/principal\/wp-json\/wp\/v2\/posts\/126804\/revisions"}],"wp:featuredmedia":[{"embeddable":true,"href":"https:\/\/www.hoymercedes.com.ar\/principal\/wp-json\/wp\/v2\/media\/126805"}],"wp:attachment":[{"href":"https:\/\/www.hoymercedes.com.ar\/principal\/wp-json\/wp\/v2\/media?parent=126804"}],"wp:term":[{"taxonomy":"category","embeddable":true,"href":"https:\/\/www.hoymercedes.com.ar\/principal\/wp-json\/wp\/v2\/categories?post=126804"},{"taxonomy":"post_tag","embeddable":true,"href":"https:\/\/www.hoymercedes.com.ar\/principal\/wp-json\/wp\/v2\/tags?post=126804"}],"curies":[{"name":"wp","href":"https:\/\/api.w.org\/{rel}","templated":true}]}}