{"id":12681,"date":"2012-05-05T14:49:10","date_gmt":"2012-05-05T14:49:10","guid":{"rendered":"http:\/\/www.hoymercedes.com.ar\/principal\/?p=12681"},"modified":"2012-05-05T14:49:10","modified_gmt":"2012-05-05T14:49:10","slug":"gobierno-nacional-entrega-herramientas-de-trabajo","status":"publish","type":"post","link":"https:\/\/www.hoymercedes.com.ar\/principal\/2012\/05\/05\/gobierno-nacional-entrega-herramientas-de-trabajo\/","title":{"rendered":"Gobierno Nacional entrega herramientas de trabajo"},"content":{"rendered":"<p><a href=\"https:\/\/www.hoymercedes.com.ar\/principal\/wp-content\/uploads\/2012\/05\/Herramientas-Desmalezamiento.jpg\"><img loading=\"lazy\" decoding=\"async\" data-attachment-id=\"12683\" data-permalink=\"https:\/\/www.hoymercedes.com.ar\/principal\/2012\/05\/05\/gobierno-nacional-entrega-herramientas-de-trabajo\/herramientas-desmalezamiento\/#main\" data-orig-file=\"https:\/\/www.hoymercedes.com.ar\/principal\/wp-content\/uploads\/2012\/05\/Herramientas-Desmalezamiento.jpg\" data-orig-size=\"612,435\" data-comments-opened=\"1\" data-image-meta=\"{&quot;aperture&quot;:&quot;2.8&quot;,&quot;credit&quot;:&quot;&quot;,&quot;camera&quot;:&quot;COOLPIX L10&quot;,&quot;caption&quot;:&quot;&quot;,&quot;created_timestamp&quot;:&quot;1335849859&quot;,&quot;copyright&quot;:&quot;Copyright 2006&quot;,&quot;focal_length&quot;:&quot;6.2&quot;,&quot;iso&quot;:&quot;64&quot;,&quot;shutter_speed&quot;:&quot;0.033333333333333&quot;,&quot;title&quot;:&quot;&quot;}\" data-image-title=\"Herramientas-Desmalezamiento\" data-image-description=\"\" data-image-caption=\"\" data-large-file=\"https:\/\/www.hoymercedes.com.ar\/principal\/wp-content\/uploads\/2012\/05\/Herramientas-Desmalezamiento.jpg\" class=\"aligncenter size-full wp-image-12683\" title=\"Herramientas-Desmalezamiento\" src=\"https:\/\/www.hoymercedes.com.ar\/principal\/wp-content\/uploads\/2012\/05\/Herramientas-Desmalezamiento.jpg\" alt=\"\" width=\"612\" height=\"435\" \/><\/a><\/p>\n<p>De acuerdo a la casi nula informaci\u00f3n brindada a los medios, se pudo saber que se tratar\u00eda de cuatro grupos de quince personas que se encargar\u00e1n de desmalezar , limpiar y dejar prolijas las instalaciones de la ex Colonia Sarmiento. La entrega se efectu\u00f3 bajo el control de referentes del FMPV quienes se excusaron de brindar informaciones manifestando que no se encontraban autorizados para hablar con el periodismo<\/p>\n<p>Cuatro nuevas cooperativas de 15 integrantes cada una han sido creadas en nuestra ciudad en el marco del ya conocido programa nacional \u00abArgentina Trabaja\u00bb sin que por lo menos hasta el momento se hubiese conocido la informaci\u00f3n o al menos la intenci\u00f3n de hacerlo, sin embargo y pese al tremendo hermetismo que hubo, se pudo conocer que desde el ministerio de Desarrollo Social hab\u00edan llegado una serie de elementos destinado a las mismas.<\/p>\n<p>Como lo manifestamos el hermetismo fue total, solo aquellos que alertados por algunos vecinos concurrimos al Club Comunicaciones pudimos comprobar a existencias de dichos elementos y en el interior de sal\u00f3n dos banderas, una que identificaba al Frente Mercedino para la Victoria, y la restante perteneciente al Ministerio de Desarrollo Social con frases que alud\u00edan a los diferentes planes que tiene el Programa Nacional Argentina trabaja.<\/p>\n<p>Fue una tarea imposible lograr que alguno de os responsables que all\u00ed se encontraban entregando los elementos o quienes iban llenado las planillas dijeran algo, las respuestas fueron siempre las mismas \u201cpedios disculpas pero nosotros somos empleaos comunes y no estamos autorizados a formular ning\u00fan tipo de declaraci\u00f3n\u201d.<\/p>\n<p>Bajo la promesa de no ser identificado, un integrante del FMPV nos inform\u00f3 que se trataba de un env\u00edo de herramientas que ser\u00e1n utilizadas por os integrantes de cuatro cooperativas que se formaron de 15 integrantes cada uno que se van a encargar se desmalezar y de dejar de manera prolija el predio correspondiente a la es Colonia Capital Sarmiento, han enviado desmalezadoras, maquina para cortar pasto, horquillas, hachas, machetes, azadas, es decir todos elementos para ser efectivamente utilizados en tareas de desmalezamiento<\/p>\n<p>Tambien de manera no oficial, se pudo saber que dichas herramientas y maquinarias al vencer el plazo para los trabajos en la ex colonia Capit\u00e1n Sarmiento pasar\u00e1n de manera definitiva a manos de quienes ayer las recibieron para que puedan de esa manera seguir trabajando en dichas tareas ya de manera privada incorpor\u00e1ndose al mercado laboral actual.<\/p>\n<p>Tambi\u00e9n se supo que por problemas netamente mec\u00e1nicos no pudo llegar ayer a nuestra ciudad un cami\u00f3n conteniendo los elementos de seguridad que los integrantes de las cuatro cooperativas que se han formado deben utilizarpara llevar adelante sus tareas.<\/p>\n","protected":false},"excerpt":{"rendered":"<p>De acuerdo a la casi nula informaci\u00f3n brindada a los medios, se pudo saber que se tratar\u00eda de cuatro grupos &#8230; <a title=\"Gobierno Nacional entrega herramientas de trabajo\" class=\"read-more\" href=\"https:\/\/www.hoymercedes.com.ar\/principal\/2012\/05\/05\/gobierno-nacional-entrega-herramientas-de-trabajo\/\" aria-label=\"Leer m\u00e1s sobre Gobierno Nacional entrega herramientas de trabajo\">Leer m\u00e1s<\/a><\/p>\n","protected":false},"author":1,"featured_media":0,"comment_status":"open","ping_status":"open","sticky":false,"template":"","format":"standard","meta":{"_monsterinsights_skip_tracking":false,"_monsterinsights_sitenote_active":false,"_monsterinsights_sitenote_note":"","_monsterinsights_sitenote_category":0,"jetpack_post_was_ever_published":false,"_jetpack_newsletter_access":"","_jetpack_dont_email_post_to_subs":false,"_jetpack_newsletter_tier_id":0,"_jetpack_memberships_contains_paywalled_content":false,"_jetpack_memberships_contains_paid_content":false,"footnotes":"","jetpack_publicize_message":"","jetpack_publicize_feature_enabled":true,"jetpack_social_post_already_shared":false,"jetpack_social_options":{"image_generator_settings":{"template":"highway","default_image_id":0,"font":"","enabled":false},"version":2},"_wpas_customize_per_network":false},"categories":[5],"tags":[1049,357],"class_list":["post-12681","post","type-post","status-publish","format-standard","hentry","category-politica","tag-cooperativas-argentina-trabaja","tag-cooperativas-mercedes","generate-columns","tablet-grid-50","mobile-grid-100","grid-parent","grid-50"],"jetpack_publicize_connections":[],"jetpack_featured_media_url":"","wps_subtitle":"","jetpack_sharing_enabled":true,"_links":{"self":[{"href":"https:\/\/www.hoymercedes.com.ar\/principal\/wp-json\/wp\/v2\/posts\/12681","targetHints":{"allow":["GET"]}}],"collection":[{"href":"https:\/\/www.hoymercedes.com.ar\/principal\/wp-json\/wp\/v2\/posts"}],"about":[{"href":"https:\/\/www.hoymercedes.com.ar\/principal\/wp-json\/wp\/v2\/types\/post"}],"author":[{"embeddable":true,"href":"https:\/\/www.hoymercedes.com.ar\/principal\/wp-json\/wp\/v2\/users\/1"}],"replies":[{"embeddable":true,"href":"https:\/\/www.hoymercedes.com.ar\/principal\/wp-json\/wp\/v2\/comments?post=12681"}],"version-history":[{"count":0,"href":"https:\/\/www.hoymercedes.com.ar\/principal\/wp-json\/wp\/v2\/posts\/12681\/revisions"}],"wp:attachment":[{"href":"https:\/\/www.hoymercedes.com.ar\/principal\/wp-json\/wp\/v2\/media?parent=12681"}],"wp:term":[{"taxonomy":"category","embeddable":true,"href":"https:\/\/www.hoymercedes.com.ar\/principal\/wp-json\/wp\/v2\/categories?post=12681"},{"taxonomy":"post_tag","embeddable":true,"href":"https:\/\/www.hoymercedes.com.ar\/principal\/wp-json\/wp\/v2\/tags?post=12681"}],"curies":[{"name":"wp","href":"https:\/\/api.w.org\/{rel}","templated":true}]}}