{"id":126835,"date":"2021-03-23T15:07:00","date_gmt":"2021-03-23T18:07:00","guid":{"rendered":"https:\/\/www.hoymercedes.com.ar\/principal\/?p=126835"},"modified":"2021-03-23T14:12:14","modified_gmt":"2021-03-23T17:12:14","slug":"maria-silvina-se-lucio-en-el-ahdo","status":"publish","type":"post","link":"https:\/\/www.hoymercedes.com.ar\/principal\/2021\/03\/23\/maria-silvina-se-lucio-en-el-ahdo\/","title":{"rendered":"Mar\u00eda Silvina se luci\u00f3 en el AHDO"},"content":{"rendered":"\n<p>Luego de un a\u00f1o de estar parados debido a la pandemia, el Campeonato \u201cAmistosos H\u00edpicos Del Oeste\u201d comenz\u00f3 con los protocolos reglamentarios, estipulados por la Federaci\u00f3n Ecuestre Argentina.<\/p>\n\n\n\n<div class=\"wp-block-image\"><figure class=\"aligncenter size-large\"><img loading=\"lazy\" decoding=\"async\" width=\"800\" height=\"533\" data-attachment-id=\"126836\" data-permalink=\"https:\/\/www.hoymercedes.com.ar\/principal\/2021\/03\/23\/maria-silvina-se-lucio-en-el-ahdo\/dequi-2\/#main\" data-orig-file=\"https:\/\/www.hoymercedes.com.ar\/principal\/wp-content\/uploads\/2021\/03\/dequi.jpeg\" data-orig-size=\"800,533\" data-comments-opened=\"0\" data-image-meta=\"{&quot;aperture&quot;:&quot;0&quot;,&quot;credit&quot;:&quot;&quot;,&quot;camera&quot;:&quot;&quot;,&quot;caption&quot;:&quot;&quot;,&quot;created_timestamp&quot;:&quot;1616426178&quot;,&quot;copyright&quot;:&quot;&quot;,&quot;focal_length&quot;:&quot;0&quot;,&quot;iso&quot;:&quot;0&quot;,&quot;shutter_speed&quot;:&quot;0&quot;,&quot;title&quot;:&quot;&quot;,&quot;orientation&quot;:&quot;1&quot;}\" data-image-title=\"dequi\" data-image-description=\"\" data-image-caption=\"\" data-large-file=\"https:\/\/www.hoymercedes.com.ar\/principal\/wp-content\/uploads\/2021\/03\/dequi.jpeg\" src=\"https:\/\/www.hoymercedes.com.ar\/principal\/wp-content\/uploads\/2021\/03\/dequi.jpeg\" alt=\"\" class=\"wp-image-126836\" srcset=\"https:\/\/www.hoymercedes.com.ar\/principal\/wp-content\/uploads\/2021\/03\/dequi.jpeg 800w, https:\/\/www.hoymercedes.com.ar\/principal\/wp-content\/uploads\/2021\/03\/dequi-630x420.jpeg 630w, https:\/\/www.hoymercedes.com.ar\/principal\/wp-content\/uploads\/2021\/03\/dequi-150x100.jpeg 150w, https:\/\/www.hoymercedes.com.ar\/principal\/wp-content\/uploads\/2021\/03\/dequi-700x465.jpeg 700w\" sizes=\"auto, (max-width: 800px) 100vw, 800px\" \/><\/figure><\/div>\n\n\n\n<p>La primer fecha del Campeonato se realiz\u00f3 en la localidad de Areco en el Club El Encuentro de Vagues y cont\u00f3 con m\u00e1s de 150 binomios en pista desde el tradicional paso obligado hasta la altura de 1 metro.<\/p>\n\n\n\n<p>Participaron m\u00e1s Clubes de la zona, Club H\u00edpico Luj\u00e1n, Club H\u00edpico Carlos Keen, Club H\u00edpico Villa Flandria, Haras el Milenium, Campo H\u00edpico La Candela, H\u00edpico El Fog\u00f3n de Chivilcoy y por supuesto representando a Mercedes el Centro Ecuestre Mar\u00eda Silvina.<\/p>\n\n\n\n<p>Los clasificados por Mercedes fueron:<\/p>\n\n\n\n<p>Altura 30 cm:<br>1\u00b0 Puesto Luisina Martinelli con Blanqui<br>2\u00b0 Puesto Clementina Renaldo con Sarita<br>8\u00b0 Puesto Delfina Wher con Elegida<\/p>\n\n\n\n<p>Recibieron cucarda de debutantes Axel Sjoberg con Elegida y Simona Apezteguia con Elegida.<\/p>\n\n\n\n<p>Altura 40 cm:<br>2\u00b0 Puesto Trinidad Villa con Blanqui<br>3\u00b0 Puesto y Debutante Magali Chuchco con Elegida<br>7\u00b0 Puesto Jazmin Culio con Fantasma<br>10\u00b0 Puesto Agustina Culio con Fantasma<\/p>\n\n\n\n<p>Participaron tambi\u00e9n con excelentes recorridos Renata Rosales con Beauty, In\u00e9s Su\u00e1rez con Gal\u00e1n<\/p>\n\n\n\n<p>Altura 50 cm:<br>3\u00b0 Puesto Enzo Marcelo con Euro<\/p>\n\n\n\n<p>Altura 60 cm:<br>4\u00b0 Puesto Juana Pereyra con Cerveza<br>5\u00b0 Puesto y Debutante Axel Arus con Beauty<\/p>\n\n\n\n<p>Particip\u00f3 tambi\u00e9n con excelente recorrido Fatima Averame con Euro.<\/p>\n\n\n\n<p>Altura 70 cm:<br>2\u00b0 Puesto Mar\u00eda del Rosario Navia con Mop Montesquieu.<\/p>\n\n\n\n<p>Participaron tambi\u00e9n Juana Su\u00e1rez con La Boop, Albertina G\u00f3mez Vinacua con Odabella, Roc\u00edo Sjoberg con Baral Takasaki y Cloe Guardines con BP Ulises II<\/p>\n\n\n\n<p>Altura 80 cm:<br>2\u00b0 Puesto Mar\u00eda del Rosario Navia con Mop Montesquieu<br>4\u00b0 Puesto Tom\u00e1s Rondon con Kings Eagle<\/p>\n\n\n\n<p>Particip\u00f3 tambi\u00e9n con muy buenos recorridos Lucia Mitarotonda junto a BP Domino.<\/p>\n\n\n\n<p>Altura 90 cm:<br>1\u00b0 Puesto Mar\u00eda Paz Rey Pruzzo con Conceptus.<br>2\u00b0 Puesto Tom\u00e1s Rond\u00f3n con Kings Eagle.<\/p>\n\n\n\n<p>Participaron tambi\u00e9n con muy buenos recorridos Camila Guiacobini con BP Jofre Camila Tomas con V. Tanguito, Catalina Revello con MR Gato y Joaquina Dellafontana con V. Elektra.<\/p>\n\n\n\n<p>En la altura de 1 metro participaron todos los jinetes y amazonas de la prueba de 90 cm sumado a Mar\u00eda Bel\u00e9n Rey Pruzzo junto a Bengal caballo nuevo debutando en la altura.<\/p>\n\n\n\n<p>Desde el Centro Ecuestre Mar\u00eda Silvina felicitan a todos sus alumnos, al profesor Lucas Rey y \u201cun especial agradecimiento a todos los pap\u00e1s que siempre nos acompa\u00f1an\u201d.<\/p>\n\n\n\n<p>Colaboraci\u00f3n: Mariano Oyarz\u00fa<\/p>\n","protected":false},"excerpt":{"rendered":"<p>Luego de un a\u00f1o de estar parados debido a la pandemia, el Campeonato \u201cAmistosos H\u00edpicos Del Oeste\u201d comenz\u00f3 con los &#8230; <a title=\"Mar\u00eda Silvina se luci\u00f3 en el AHDO\" class=\"read-more\" href=\"https:\/\/www.hoymercedes.com.ar\/principal\/2021\/03\/23\/maria-silvina-se-lucio-en-el-ahdo\/\" aria-label=\"Leer m\u00e1s sobre Mar\u00eda Silvina se luci\u00f3 en el AHDO\">Leer m\u00e1s<\/a><\/p>\n","protected":false},"author":1,"featured_media":126836,"comment_status":"closed","ping_status":"open","sticky":false,"template":"","format":"standard","meta":{"_monsterinsights_skip_tracking":false,"_monsterinsights_sitenote_active":false,"_monsterinsights_sitenote_note":"","_monsterinsights_sitenote_category":0,"jetpack_post_was_ever_published":false,"_jetpack_newsletter_access":"","_jetpack_dont_email_post_to_subs":false,"_jetpack_newsletter_tier_id":0,"_jetpack_memberships_contains_paywalled_content":false,"_jetpack_memberships_contains_paid_content":false,"footnotes":"","jetpack_publicize_message":"","jetpack_publicize_feature_enabled":true,"jetpack_social_post_already_shared":true,"jetpack_social_options":{"image_generator_settings":{"template":"highway","default_image_id":0,"font":"","enabled":false},"version":2},"_wpas_customize_per_network":false},"categories":[21],"tags":[],"class_list":["post-126835","post","type-post","status-publish","format-standard","has-post-thumbnail","hentry","category-deportes","generate-columns","tablet-grid-50","mobile-grid-100","grid-parent","grid-50"],"jetpack_publicize_connections":[],"jetpack_featured_media_url":"https:\/\/www.hoymercedes.com.ar\/principal\/wp-content\/uploads\/2021\/03\/dequi.jpeg","wps_subtitle":"Equitaci\u00f3n","jetpack_sharing_enabled":true,"jetpack-related-posts":[{"id":102992,"url":"https:\/\/www.hoymercedes.com.ar\/principal\/2019\/11\/26\/llego-el-final-para-el-campeonato-amistoso-hipico-del-oeste\/","url_meta":{"origin":126835,"position":0},"title":"Lleg\u00f3 el final para el Campeonato Amistoso H\u00edpico del Oeste","author":"hoymercedes","date":"26 noviembre, 2019","format":false,"excerpt":"El pasado Domingo 24 de Noviembre el Centro Ecuestre Maria Silvina junto a su instructor Lucas Rey, organiz\u00f3 la \u00faltima Fecha del Campeonato Amistosos Hipicos del Oeste en sede del Parque Municipal Independencia de nuestra localidad, con gran convocatoria y concurrencia. Agradecemos a los clubes que participaron activamente durante todo\u2026","rel":"","context":"En \u00abDeportes\u00bb","block_context":{"text":"Deportes","link":"https:\/\/www.hoymercedes.com.ar\/principal\/category\/deportes\/"},"img":{"alt_text":"","src":"https:\/\/i0.wp.com\/www.hoymercedes.com.ar\/principal\/wp-content\/uploads\/2019\/11\/WhatsApp-Image-2019-11-25-at-12.10.00.jpeg?resize=350%2C200&ssl=1","width":350,"height":200,"srcset":"https:\/\/i0.wp.com\/www.hoymercedes.com.ar\/principal\/wp-content\/uploads\/2019\/11\/WhatsApp-Image-2019-11-25-at-12.10.00.jpeg?resize=350%2C200&ssl=1 1x, https:\/\/i0.wp.com\/www.hoymercedes.com.ar\/principal\/wp-content\/uploads\/2019\/11\/WhatsApp-Image-2019-11-25-at-12.10.00.jpeg?resize=525%2C300&ssl=1 1.5x, https:\/\/i0.wp.com\/www.hoymercedes.com.ar\/principal\/wp-content\/uploads\/2019\/11\/WhatsApp-Image-2019-11-25-at-12.10.00.jpeg?resize=700%2C400&ssl=1 2x"},"classes":[]},{"id":103312,"url":"https:\/\/www.hoymercedes.com.ar\/principal\/2019\/12\/02\/se-entregaron-los-premios-de-la-ahdo\/","url_meta":{"origin":126835,"position":1},"title":"Se entregaron los premios de la AHDO","author":"hoymercedes","date":"2 diciembre, 2019","format":false,"excerpt":"El S\u00e1bado 30 de Noviembre, en el predio del Campo H\u00edpico La Candela de Chivilcoy, se realiz\u00f3 la premiaci\u00f3n a los jinetes y amazonas que resultaron ganadores, tras 8 fechas realizadas en el transcurso de este a\u00f1o. En un ambiente amistoso, de respeto, compa\u00f1erismo y de sana competencia, participaron activamente\u2026","rel":"","context":"En \u00abDeportes\u00bb","block_context":{"text":"Deportes","link":"https:\/\/www.hoymercedes.com.ar\/principal\/category\/deportes\/"},"img":{"alt_text":"","src":"https:\/\/i0.wp.com\/www.hoymercedes.com.ar\/principal\/wp-content\/uploads\/2019\/12\/WhatsApp-Image-2019-12-01-at-09.27.26.jpeg?resize=350%2C200&ssl=1","width":350,"height":200,"srcset":"https:\/\/i0.wp.com\/www.hoymercedes.com.ar\/principal\/wp-content\/uploads\/2019\/12\/WhatsApp-Image-2019-12-01-at-09.27.26.jpeg?resize=350%2C200&ssl=1 1x, https:\/\/i0.wp.com\/www.hoymercedes.com.ar\/principal\/wp-content\/uploads\/2019\/12\/WhatsApp-Image-2019-12-01-at-09.27.26.jpeg?resize=525%2C300&ssl=1 1.5x, https:\/\/i0.wp.com\/www.hoymercedes.com.ar\/principal\/wp-content\/uploads\/2019\/12\/WhatsApp-Image-2019-12-01-at-09.27.26.jpeg?resize=700%2C400&ssl=1 2x"},"classes":[]},{"id":159178,"url":"https:\/\/www.hoymercedes.com.ar\/principal\/2023\/03\/07\/equitacion-la-sociedad-rural-brillo-en-los-oficiales\/","url_meta":{"origin":126835,"position":2},"title":"Equitaci\u00f3n: La Sociedad Rural brill\u00f3 en los oficiales\u00a0\u00a0","author":"hoymercedes","date":"7 marzo, 2023","format":false,"excerpt":"La Secci\u00f3n H\u00edpica local se hizo presente en el Campeonato de Verano del Club H\u00edpico Argentino considerado el mejor certamen del pa\u00eds. Camila Andr\u00e9s y Luj\u00e1n Cogorno desempe\u00f1aron impecables recorridos y consiguieron muy buenos resultados.\u00a0 El pasado s\u00e1bado 4 de marzo la Secci\u00f3n H\u00edpica de la Sociedad Rural Mercedes se\u2026","rel":"","context":"En \u00abDeportes\u00bb","block_context":{"text":"Deportes","link":"https:\/\/www.hoymercedes.com.ar\/principal\/category\/deportes\/"},"img":{"alt_text":"","src":"https:\/\/i0.wp.com\/www.hoymercedes.com.ar\/principal\/wp-content\/uploads\/2023\/03\/equita-0603.jpeg?resize=350%2C200&ssl=1","width":350,"height":200,"srcset":"https:\/\/i0.wp.com\/www.hoymercedes.com.ar\/principal\/wp-content\/uploads\/2023\/03\/equita-0603.jpeg?resize=350%2C200&ssl=1 1x, https:\/\/i0.wp.com\/www.hoymercedes.com.ar\/principal\/wp-content\/uploads\/2023\/03\/equita-0603.jpeg?resize=525%2C300&ssl=1 1.5x, https:\/\/i0.wp.com\/www.hoymercedes.com.ar\/principal\/wp-content\/uploads\/2023\/03\/equita-0603.jpeg?resize=700%2C400&ssl=1 2x"},"classes":[]},{"id":125628,"url":"https:\/\/www.hoymercedes.com.ar\/principal\/2021\/03\/02\/la-seccion-hipica-srrm-en-el-hipico-argentino\/","url_meta":{"origin":126835,"position":3},"title":"La Secci\u00f3n H\u00edpica SRRM en el H\u00edpico Argentino","author":"hoymercedes","date":"2 marzo, 2021","format":false,"excerpt":"Mercedinas representantes de la Sociedad Rural participaron de una jornada h\u00edpica en el Club H\u00edpico Argentino. En las instalaciones del Club H\u00edpico Argentino se realizaron el pasado s\u00e1bado recorridos de pr\u00e1ctica, en su tan reconocida pista de c\u00e9sped. De la Sociedad Rural Mercedes participaron las amazonas: Camila Andr\u00e9s junto a\u2026","rel":"","context":"En \u00abDeportes\u00bb","block_context":{"text":"Deportes","link":"https:\/\/www.hoymercedes.com.ar\/principal\/category\/deportes\/"},"img":{"alt_text":"","src":"https:\/\/i0.wp.com\/www.hoymercedes.com.ar\/principal\/wp-content\/uploads\/2021\/03\/02-equitacion.jpg?resize=350%2C200&ssl=1","width":350,"height":200,"srcset":"https:\/\/i0.wp.com\/www.hoymercedes.com.ar\/principal\/wp-content\/uploads\/2021\/03\/02-equitacion.jpg?resize=350%2C200&ssl=1 1x, https:\/\/i0.wp.com\/www.hoymercedes.com.ar\/principal\/wp-content\/uploads\/2021\/03\/02-equitacion.jpg?resize=525%2C300&ssl=1 1.5x, https:\/\/i0.wp.com\/www.hoymercedes.com.ar\/principal\/wp-content\/uploads\/2021\/03\/02-equitacion.jpg?resize=700%2C400&ssl=1 2x"},"classes":[]},{"id":102317,"url":"https:\/\/www.hoymercedes.com.ar\/principal\/2019\/11\/15\/se-realizo-un-concurso-hipico-en-la-sociedad-rural\/","url_meta":{"origin":126835,"position":4},"title":"Se realiz\u00f3 un concurso h\u00edpico en la Sociedad Rural","author":"hoymercedes","date":"15 noviembre, 2019","format":false,"excerpt":"Se realiz\u00f3 el pasado domingo el Concurso H\u00edpico de la Secci\u00f3n H\u00edpica de la Sociedad Rural Mercedes con un gran n\u00famero de binomios en pista de Despertares de Suipacha, Bragado, H\u00edpico Jacarand\u00e1, Do\u00f1a Amalia, H\u00edpico La Favorita de Moreno y de la Secci\u00f3n H\u00edpica de la Sociedad Rural Mercedes. En\u2026","rel":"","context":"En \u00abDeportes\u00bb","block_context":{"text":"Deportes","link":"https:\/\/www.hoymercedes.com.ar\/principal\/category\/deportes\/"},"img":{"alt_text":"","src":"https:\/\/i0.wp.com\/www.hoymercedes.com.ar\/principal\/wp-content\/uploads\/2019\/11\/WhatsApp-Image-2019-11-10-at-14.41.22.jpeg?resize=350%2C200&ssl=1","width":350,"height":200,"srcset":"https:\/\/i0.wp.com\/www.hoymercedes.com.ar\/principal\/wp-content\/uploads\/2019\/11\/WhatsApp-Image-2019-11-10-at-14.41.22.jpeg?resize=350%2C200&ssl=1 1x, https:\/\/i0.wp.com\/www.hoymercedes.com.ar\/principal\/wp-content\/uploads\/2019\/11\/WhatsApp-Image-2019-11-10-at-14.41.22.jpeg?resize=525%2C300&ssl=1 1.5x, https:\/\/i0.wp.com\/www.hoymercedes.com.ar\/principal\/wp-content\/uploads\/2019\/11\/WhatsApp-Image-2019-11-10-at-14.41.22.jpeg?resize=700%2C400&ssl=1 2x"},"classes":[]},{"id":144947,"url":"https:\/\/www.hoymercedes.com.ar\/principal\/2022\/03\/07\/la-srrm-concurso-en-el-club-hipico\/","url_meta":{"origin":126835,"position":5},"title":"La SRRM concurs\u00f3 en el Club H\u00edpico\u00a0\u00a0","author":"hoymercedes","date":"7 marzo, 2022","format":false,"excerpt":"Micaela Pinto, Margarita Bustos, Camila Andr\u00e9s y Mart\u00edn Ciarlitto representaron a la ciudad en la catedral h\u00edpica del pa\u00eds \u2022 Tanto los jinetes como las amazonas participaron en categor\u00edas de 60 a 90 cm.\u00a0 La Secci\u00f3n H\u00edpica de la Sociedad Rural Mercedes particip\u00f3 en el Club H\u00edpico Argentino.\u00a0 El pasado\u2026","rel":"","context":"En \u00abDeportes\u00bb","block_context":{"text":"Deportes","link":"https:\/\/www.hoymercedes.com.ar\/principal\/category\/deportes\/"},"img":{"alt_text":"","src":"https:\/\/i0.wp.com\/www.hoymercedes.com.ar\/principal\/wp-content\/uploads\/2022\/03\/equi-SRRM.jpeg?resize=350%2C200&ssl=1","width":350,"height":200,"srcset":"https:\/\/i0.wp.com\/www.hoymercedes.com.ar\/principal\/wp-content\/uploads\/2022\/03\/equi-SRRM.jpeg?resize=350%2C200&ssl=1 1x, https:\/\/i0.wp.com\/www.hoymercedes.com.ar\/principal\/wp-content\/uploads\/2022\/03\/equi-SRRM.jpeg?resize=525%2C300&ssl=1 1.5x, https:\/\/i0.wp.com\/www.hoymercedes.com.ar\/principal\/wp-content\/uploads\/2022\/03\/equi-SRRM.jpeg?resize=700%2C400&ssl=1 2x"},"classes":[]}],"_links":{"self":[{"href":"https:\/\/www.hoymercedes.com.ar\/principal\/wp-json\/wp\/v2\/posts\/126835","targetHints":{"allow":["GET"]}}],"collection":[{"href":"https:\/\/www.hoymercedes.com.ar\/principal\/wp-json\/wp\/v2\/posts"}],"about":[{"href":"https:\/\/www.hoymercedes.com.ar\/principal\/wp-json\/wp\/v2\/types\/post"}],"author":[{"embeddable":true,"href":"https:\/\/www.hoymercedes.com.ar\/principal\/wp-json\/wp\/v2\/users\/1"}],"replies":[{"embeddable":true,"href":"https:\/\/www.hoymercedes.com.ar\/principal\/wp-json\/wp\/v2\/comments?post=126835"}],"version-history":[{"count":0,"href":"https:\/\/www.hoymercedes.com.ar\/principal\/wp-json\/wp\/v2\/posts\/126835\/revisions"}],"wp:featuredmedia":[{"embeddable":true,"href":"https:\/\/www.hoymercedes.com.ar\/principal\/wp-json\/wp\/v2\/media\/126836"}],"wp:attachment":[{"href":"https:\/\/www.hoymercedes.com.ar\/principal\/wp-json\/wp\/v2\/media?parent=126835"}],"wp:term":[{"taxonomy":"category","embeddable":true,"href":"https:\/\/www.hoymercedes.com.ar\/principal\/wp-json\/wp\/v2\/categories?post=126835"},{"taxonomy":"post_tag","embeddable":true,"href":"https:\/\/www.hoymercedes.com.ar\/principal\/wp-json\/wp\/v2\/tags?post=126835"}],"curies":[{"name":"wp","href":"https:\/\/api.w.org\/{rel}","templated":true}]}}