{"id":126863,"date":"2021-03-23T20:45:00","date_gmt":"2021-03-23T23:45:00","guid":{"rendered":"https:\/\/www.hoymercedes.com.ar\/principal\/?p=126863"},"modified":"2021-03-23T20:13:48","modified_gmt":"2021-03-23T23:13:48","slug":"realizaron-controles-bromatologicos-en-supermercados","status":"publish","type":"post","link":"https:\/\/www.hoymercedes.com.ar\/principal\/2021\/03\/23\/realizaron-controles-bromatologicos-en-supermercados\/","title":{"rendered":"Realizaron controles bromatol\u00f3gicos en supermercados"},"content":{"rendered":"\n<p>La Sub Direcci\u00f3n de Defensa del Consumidor, junto al \u00e1rea de Bromatolog\u00eda de la Municipalidad de Mercedes, dependientes de la Secretar\u00eda de Salud, llevaron adelante este martes una serie de controles bromatol\u00f3gicos en diferentes supermercados de la ciudad. Bruscaban \u00abgarantizar la calidad y las condiciones seguras de todos los alimentos que se comercializan\u00bb. <\/p>\n\n\n\n<div class=\"wp-block-jetpack-slideshow aligncenter\" data-effect=\"slide\"><div class=\"wp-block-jetpack-slideshow_container swiper-container\"><ul class=\"wp-block-jetpack-slideshow_swiper-wrapper swiper-wrapper\"><li class=\"wp-block-jetpack-slideshow_slide swiper-slide\"><figure><img loading=\"lazy\" decoding=\"async\" width=\"800\" height=\"533\" alt=\"\" class=\"wp-block-jetpack-slideshow_image wp-image-126868\" data-id=\"126868\" src=\"https:\/\/www.hoymercedes.com.ar\/principal\/wp-content\/uploads\/2021\/03\/23-broma-2.jpg\" srcset=\"https:\/\/www.hoymercedes.com.ar\/principal\/wp-content\/uploads\/2021\/03\/23-broma-2.jpg 800w, https:\/\/www.hoymercedes.com.ar\/principal\/wp-content\/uploads\/2021\/03\/23-broma-2-630x420.jpg 630w, https:\/\/www.hoymercedes.com.ar\/principal\/wp-content\/uploads\/2021\/03\/23-broma-2-150x100.jpg 150w, https:\/\/www.hoymercedes.com.ar\/principal\/wp-content\/uploads\/2021\/03\/23-broma-2-700x465.jpg 700w\" sizes=\"(max-width: 800px) 100vw, 800px\" \/><\/figure><\/li><li class=\"wp-block-jetpack-slideshow_slide swiper-slide\"><figure><img loading=\"lazy\" decoding=\"async\" width=\"800\" height=\"600\" alt=\"\" class=\"wp-block-jetpack-slideshow_image wp-image-126867\" data-id=\"126867\" src=\"https:\/\/www.hoymercedes.com.ar\/principal\/wp-content\/uploads\/2021\/03\/23-broma-1.jpg\" srcset=\"https:\/\/www.hoymercedes.com.ar\/principal\/wp-content\/uploads\/2021\/03\/23-broma-1.jpg 800w, https:\/\/www.hoymercedes.com.ar\/principal\/wp-content\/uploads\/2021\/03\/23-broma-1-630x473.jpg 630w, https:\/\/www.hoymercedes.com.ar\/principal\/wp-content\/uploads\/2021\/03\/23-broma-1-150x113.jpg 150w\" sizes=\"(max-width: 800px) 100vw, 800px\" \/><\/figure><\/li><li class=\"wp-block-jetpack-slideshow_slide swiper-slide\"><figure><img loading=\"lazy\" decoding=\"async\" width=\"718\" height=\"479\" alt=\"\" class=\"wp-block-jetpack-slideshow_image wp-image-126866\" data-id=\"126866\" src=\"https:\/\/www.hoymercedes.com.ar\/principal\/wp-content\/uploads\/2021\/03\/23-broma-3.jpg\" srcset=\"https:\/\/www.hoymercedes.com.ar\/principal\/wp-content\/uploads\/2021\/03\/23-broma-3.jpg 718w, https:\/\/www.hoymercedes.com.ar\/principal\/wp-content\/uploads\/2021\/03\/23-broma-3-630x420.jpg 630w, https:\/\/www.hoymercedes.com.ar\/principal\/wp-content\/uploads\/2021\/03\/23-broma-3-150x100.jpg 150w\" sizes=\"(max-width: 718px) 100vw, 718px\" \/><\/figure><\/li><li class=\"wp-block-jetpack-slideshow_slide swiper-slide\"><figure><img loading=\"lazy\" decoding=\"async\" width=\"718\" height=\"479\" alt=\"\" class=\"wp-block-jetpack-slideshow_image wp-image-126865\" data-id=\"126865\" src=\"https:\/\/www.hoymercedes.com.ar\/principal\/wp-content\/uploads\/2021\/03\/23-broma-4.jpg\" srcset=\"https:\/\/www.hoymercedes.com.ar\/principal\/wp-content\/uploads\/2021\/03\/23-broma-4.jpg 718w, https:\/\/www.hoymercedes.com.ar\/principal\/wp-content\/uploads\/2021\/03\/23-broma-4-630x420.jpg 630w, https:\/\/www.hoymercedes.com.ar\/principal\/wp-content\/uploads\/2021\/03\/23-broma-4-150x100.jpg 150w\" sizes=\"(max-width: 718px) 100vw, 718px\" \/><\/figure><\/li><li class=\"wp-block-jetpack-slideshow_slide swiper-slide\"><figure><img loading=\"lazy\" decoding=\"async\" width=\"800\" height=\"532\" alt=\"\" class=\"wp-block-jetpack-slideshow_image wp-image-126869\" data-id=\"126869\" src=\"https:\/\/www.hoymercedes.com.ar\/principal\/wp-content\/uploads\/2021\/03\/23-broma-0.jpg\" srcset=\"https:\/\/www.hoymercedes.com.ar\/principal\/wp-content\/uploads\/2021\/03\/23-broma-0.jpg 800w, https:\/\/www.hoymercedes.com.ar\/principal\/wp-content\/uploads\/2021\/03\/23-broma-0-630x419.jpg 630w, https:\/\/www.hoymercedes.com.ar\/principal\/wp-content\/uploads\/2021\/03\/23-broma-0-150x100.jpg 150w, https:\/\/www.hoymercedes.com.ar\/principal\/wp-content\/uploads\/2021\/03\/23-broma-0-700x465.jpg 700w\" sizes=\"(max-width: 800px) 100vw, 800px\" \/><\/figure><\/li><\/ul><a class=\"wp-block-jetpack-slideshow_button-prev swiper-button-prev swiper-button-white\" role=\"button\"><\/a><a class=\"wp-block-jetpack-slideshow_button-next swiper-button-next swiper-button-white\" role=\"button\"><\/a><a aria-label=\"Pause Slideshow\" class=\"wp-block-jetpack-slideshow_button-pause\" role=\"button\"><\/a><div class=\"wp-block-jetpack-slideshow_pagination swiper-pagination swiper-pagination-white\"><\/div><\/div><\/div>\n\n\n\n<p>En el informe enviado por el \u00e1rea de prensa, se cuenta que las \u00e1reas de Defensa del Consumidor y Bromatolog\u00eda hicieron controles bromatol\u00f3gicos. El informe no detalla qu\u00e9 encontraron, pero s\u00ed solicita a los vecinos que reclamen ante cualquier irregularidad que encuentren en este tipo de comercios. <\/p>\n\n\n\n<p>Para asesoramiento y\/o reclamos dirigirse a la calle 30 entre 29 y 27. Contactarse por tel\u00e9fono al 427645. Llamar al 147. Enviar correo electr\u00f3nico a omicmercedes@gmail.com. &nbsp;<\/p>\n","protected":false},"excerpt":{"rendered":"<p>La Sub Direcci\u00f3n de Defensa del Consumidor, junto al \u00e1rea de Bromatolog\u00eda de la Municipalidad de Mercedes, dependientes de la &#8230; <a title=\"Realizaron controles bromatol\u00f3gicos en supermercados\" class=\"read-more\" href=\"https:\/\/www.hoymercedes.com.ar\/principal\/2021\/03\/23\/realizaron-controles-bromatologicos-en-supermercados\/\" aria-label=\"Leer m\u00e1s sobre Realizaron controles bromatol\u00f3gicos en supermercados\">Leer m\u00e1s<\/a><\/p>\n","protected":false},"author":1,"featured_media":126869,"comment_status":"closed","ping_status":"open","sticky":false,"template":"","format":"standard","meta":{"_monsterinsights_skip_tracking":false,"_monsterinsights_sitenote_active":false,"_monsterinsights_sitenote_note":"","_monsterinsights_sitenote_category":0,"jetpack_post_was_ever_published":false,"_jetpack_newsletter_access":"","_jetpack_dont_email_post_to_subs":false,"_jetpack_newsletter_tier_id":0,"_jetpack_memberships_contains_paywalled_content":false,"_jetpack_memberships_contains_paid_content":false,"footnotes":"","jetpack_publicize_message":"","jetpack_publicize_feature_enabled":true,"jetpack_social_post_already_shared":true,"jetpack_social_options":{"image_generator_settings":{"template":"highway","default_image_id":0,"font":"","enabled":false},"version":2},"_wpas_customize_per_network":false},"categories":[30],"tags":[],"class_list":["post-126863","post","type-post","status-publish","format-standard","has-post-thumbnail","hentry","category-municipio","generate-columns","tablet-grid-50","mobile-grid-100","grid-parent","grid-50"],"jetpack_publicize_connections":[],"jetpack_featured_media_url":"https:\/\/www.hoymercedes.com.ar\/principal\/wp-content\/uploads\/2021\/03\/23-broma-0.jpg","wps_subtitle":"Seguridad alimentaria","jetpack_sharing_enabled":true,"jetpack-related-posts":[{"id":126350,"url":"https:\/\/www.hoymercedes.com.ar\/principal\/2021\/03\/16\/defensa-del-consumidor-refuerza-los-controles-sobre-los-precios\/","url_meta":{"origin":126863,"position":0},"title":"Defensa del Consumidor refuerza los controles sobre los precios","author":"hoymercedes","date":"16 marzo, 2021","format":false,"excerpt":"La sub direcci\u00f3n de Defensa del Consumidor municipal encargada de trabajar en torno a los derechos de las y los consumidores sigue adelante con el control de precios y productos en los supermercados de la ciudad. \u00a0 Este lunes hubo un operativo especial de la Sub Direcci\u00f3n de Defensa del\u2026","rel":"","context":"En \u00abMunicipio\u00bb","block_context":{"text":"Municipio","link":"https:\/\/www.hoymercedes.com.ar\/principal\/category\/municipio\/"},"img":{"alt_text":"","src":"https:\/\/i0.wp.com\/www.hoymercedes.com.ar\/principal\/wp-content\/uploads\/2021\/03\/Controles-3.jpeg?resize=350%2C200&ssl=1","width":350,"height":200,"srcset":"https:\/\/i0.wp.com\/www.hoymercedes.com.ar\/principal\/wp-content\/uploads\/2021\/03\/Controles-3.jpeg?resize=350%2C200&ssl=1 1x, https:\/\/i0.wp.com\/www.hoymercedes.com.ar\/principal\/wp-content\/uploads\/2021\/03\/Controles-3.jpeg?resize=525%2C300&ssl=1 1.5x, https:\/\/i0.wp.com\/www.hoymercedes.com.ar\/principal\/wp-content\/uploads\/2021\/03\/Controles-3.jpeg?resize=700%2C400&ssl=1 2x"},"classes":[]},{"id":126367,"url":"https:\/\/www.hoymercedes.com.ar\/principal\/2021\/03\/16\/semana-por-el-dia-mundial-de-los-derechos-de-las-y-los-consumidores\/","url_meta":{"origin":126863,"position":1},"title":"Semana por el D\u00eda Mundial de los Derechos de las y los Consumidores","author":"hoymercedes","date":"16 marzo, 2021","format":false,"excerpt":"Defensa del Consumidor estar\u00e1 realizando operativos barriales, tr\u00e1mites y controles bromatol\u00f3gicos de precios. \u00a0 El 15 de marzo se celebr\u00f3 el D\u00eda Mundial de los Derechos de las y los Consumidores. Con ese motivo, la Sub Direcci\u00f3n de Defensa del Consumidor municipal diagram\u00f3 una semana de trabajo distinta. \u00a0 Estar\u00e1n\u2026","rel":"","context":"En \u00abMunicipio\u00bb","block_context":{"text":"Municipio","link":"https:\/\/www.hoymercedes.com.ar\/principal\/category\/municipio\/"},"img":{"alt_text":"","src":"https:\/\/i0.wp.com\/www.hoymercedes.com.ar\/principal\/wp-content\/uploads\/2021\/03\/161833014_1398000377244627_4644698396682661846_n.jpg?resize=350%2C200&ssl=1","width":350,"height":200,"srcset":"https:\/\/i0.wp.com\/www.hoymercedes.com.ar\/principal\/wp-content\/uploads\/2021\/03\/161833014_1398000377244627_4644698396682661846_n.jpg?resize=350%2C200&ssl=1 1x, https:\/\/i0.wp.com\/www.hoymercedes.com.ar\/principal\/wp-content\/uploads\/2021\/03\/161833014_1398000377244627_4644698396682661846_n.jpg?resize=525%2C300&ssl=1 1.5x, https:\/\/i0.wp.com\/www.hoymercedes.com.ar\/principal\/wp-content\/uploads\/2021\/03\/161833014_1398000377244627_4644698396682661846_n.jpg?resize=700%2C400&ssl=1 2x"},"classes":[]},{"id":109742,"url":"https:\/\/www.hoymercedes.com.ar\/principal\/2020\/04\/22\/municipio-afip-y-defensor-del-pueblo-continuan-con-el-control-de-precios\/","url_meta":{"origin":126863,"position":2},"title":"Municipio, AFIP y Defensor del Pueblo contin\u00faan con el control de precios","author":"hoymercedes","date":"22 abril, 2020","format":false,"excerpt":"Pro Prensa Municipal - En el marco de las diferentes acciones que se vienen desarrollando en nuestra ciudad en la lucha contra el COVID-19, el Municipio de Mercedes junto a instituciones y organismos gubernamentales vienen ejerciendo controles necesarios en los precios m\u00e1ximos tanto en Supermercados como almacenes grandes, como as\u00ed\u2026","rel":"","context":"En \u00abMunicipio\u00bb","block_context":{"text":"Municipio","link":"https:\/\/www.hoymercedes.com.ar\/principal\/category\/municipio\/"},"img":{"alt_text":"","src":"https:\/\/i0.wp.com\/www.hoymercedes.com.ar\/principal\/wp-content\/uploads\/2020\/04\/22-muni-precios.jpeg?resize=350%2C200&ssl=1","width":350,"height":200,"srcset":"https:\/\/i0.wp.com\/www.hoymercedes.com.ar\/principal\/wp-content\/uploads\/2020\/04\/22-muni-precios.jpeg?resize=350%2C200&ssl=1 1x, https:\/\/i0.wp.com\/www.hoymercedes.com.ar\/principal\/wp-content\/uploads\/2020\/04\/22-muni-precios.jpeg?resize=525%2C300&ssl=1 1.5x, https:\/\/i0.wp.com\/www.hoymercedes.com.ar\/principal\/wp-content\/uploads\/2020\/04\/22-muni-precios.jpeg?resize=700%2C400&ssl=1 2x"},"classes":[]},{"id":130071,"url":"https:\/\/www.hoymercedes.com.ar\/principal\/2021\/05\/13\/nuevos-cortes-de-carne-a-precios-populares\/","url_meta":{"origin":126863,"position":3},"title":"Nuevos cortes de carne a precios populares","author":"hoymercedes","date":"13 mayo, 2021","format":false,"excerpt":"Tras la renovaci\u00f3n del acuerdo, los 11 cortes se podr\u00e1n encontrar en La An\u00f3nima y en Vea. Estar\u00e1n disponibles de lunes a viernes y tendr\u00e1 vigencia hasta el 31 de diciembre del 2021 con una actualizaci\u00f3n trimestral. El \u00e1rea de Defensa al Consumidor Mercedes estar\u00e1 a cargo de los controles\u2026","rel":"","context":"En \u00abComercial\u00bb","block_context":{"text":"Comercial","link":"https:\/\/www.hoymercedes.com.ar\/principal\/category\/tie-business\/"},"img":{"alt_text":"","src":"https:\/\/i0.wp.com\/www.hoymercedes.com.ar\/principal\/wp-content\/uploads\/2021\/05\/carne-acuerdo.jpg?resize=350%2C200&ssl=1","width":350,"height":200,"srcset":"https:\/\/i0.wp.com\/www.hoymercedes.com.ar\/principal\/wp-content\/uploads\/2021\/05\/carne-acuerdo.jpg?resize=350%2C200&ssl=1 1x, https:\/\/i0.wp.com\/www.hoymercedes.com.ar\/principal\/wp-content\/uploads\/2021\/05\/carne-acuerdo.jpg?resize=525%2C300&ssl=1 1.5x, https:\/\/i0.wp.com\/www.hoymercedes.com.ar\/principal\/wp-content\/uploads\/2021\/05\/carne-acuerdo.jpg?resize=700%2C400&ssl=1 2x"},"classes":[]},{"id":108118,"url":"https:\/\/www.hoymercedes.com.ar\/principal\/2020\/03\/21\/control-de-precios-y-abastecimiento-en-gondolas\/","url_meta":{"origin":126863,"position":4},"title":"Coronavirus: Control de precios y abastecimiento en g\u00f3ndolas","author":"hoymercedes","date":"21 marzo, 2020","format":false,"excerpt":"Horas despu\u00e9s de decretada el aislamiento social preventivo obligatorio el jefe comunal Juan Ustarroz se reuni\u00f3 con algunos de los integrantes de su gabinete en su despacho a los efectos de poner en marcha diversos mecanismos tendientes no solo a asegurar el cumplimiento de la hist\u00f3rica medida implementada; sino de\u2026","rel":"","context":"En \u00abMunicipio\u00bb","block_context":{"text":"Municipio","link":"https:\/\/www.hoymercedes.com.ar\/principal\/category\/municipio\/"},"img":{"alt_text":"","src":"https:\/\/i0.wp.com\/www.hoymercedes.com.ar\/principal\/wp-content\/uploads\/2020\/03\/21-ControlesDePrecio011.jpg?resize=350%2C200&ssl=1","width":350,"height":200,"srcset":"https:\/\/i0.wp.com\/www.hoymercedes.com.ar\/principal\/wp-content\/uploads\/2020\/03\/21-ControlesDePrecio011.jpg?resize=350%2C200&ssl=1 1x, https:\/\/i0.wp.com\/www.hoymercedes.com.ar\/principal\/wp-content\/uploads\/2020\/03\/21-ControlesDePrecio011.jpg?resize=525%2C300&ssl=1 1.5x, https:\/\/i0.wp.com\/www.hoymercedes.com.ar\/principal\/wp-content\/uploads\/2020\/03\/21-ControlesDePrecio011.jpg?resize=700%2C400&ssl=1 2x"},"classes":[]},{"id":10535,"url":"https:\/\/www.hoymercedes.com.ar\/principal\/2012\/01\/24\/clausuraron-otros-dos-supermercados\/","url_meta":{"origin":126863,"position":5},"title":"Clausuraron otros dos supermercados","author":"hoymercedes","date":"24 enero, 2012","format":false,"excerpt":"Las medidas de control que vienen realizando desde el municipio local empiezan a mostrar resultados. A lo conocido semanas atr\u00e1s difunden desde la propia comuna las nuevas clausuras por diferentes motivos. Lo interesante es el echo de que el rol del Estado comienza a verse de manifiesto en relaci\u00f3n a\u2026","rel":"","context":"En \u00abMunicipio\u00bb","block_context":{"text":"Municipio","link":"https:\/\/www.hoymercedes.com.ar\/principal\/category\/municipio\/"},"img":{"alt_text":"","src":"","width":0,"height":0},"classes":[]}],"_links":{"self":[{"href":"https:\/\/www.hoymercedes.com.ar\/principal\/wp-json\/wp\/v2\/posts\/126863","targetHints":{"allow":["GET"]}}],"collection":[{"href":"https:\/\/www.hoymercedes.com.ar\/principal\/wp-json\/wp\/v2\/posts"}],"about":[{"href":"https:\/\/www.hoymercedes.com.ar\/principal\/wp-json\/wp\/v2\/types\/post"}],"author":[{"embeddable":true,"href":"https:\/\/www.hoymercedes.com.ar\/principal\/wp-json\/wp\/v2\/users\/1"}],"replies":[{"embeddable":true,"href":"https:\/\/www.hoymercedes.com.ar\/principal\/wp-json\/wp\/v2\/comments?post=126863"}],"version-history":[{"count":0,"href":"https:\/\/www.hoymercedes.com.ar\/principal\/wp-json\/wp\/v2\/posts\/126863\/revisions"}],"wp:featuredmedia":[{"embeddable":true,"href":"https:\/\/www.hoymercedes.com.ar\/principal\/wp-json\/wp\/v2\/media\/126869"}],"wp:attachment":[{"href":"https:\/\/www.hoymercedes.com.ar\/principal\/wp-json\/wp\/v2\/media?parent=126863"}],"wp:term":[{"taxonomy":"category","embeddable":true,"href":"https:\/\/www.hoymercedes.com.ar\/principal\/wp-json\/wp\/v2\/categories?post=126863"},{"taxonomy":"post_tag","embeddable":true,"href":"https:\/\/www.hoymercedes.com.ar\/principal\/wp-json\/wp\/v2\/tags?post=126863"}],"curies":[{"name":"wp","href":"https:\/\/api.w.org\/{rel}","templated":true}]}}