{"id":126890,"date":"2021-03-24T20:22:14","date_gmt":"2021-03-24T23:22:14","guid":{"rendered":"https:\/\/www.hoymercedes.com.ar\/principal\/?p=126890"},"modified":"2021-03-24T20:22:21","modified_gmt":"2021-03-24T23:22:21","slug":"acto-protocolar-por-el-dia-de-la-memoria","status":"publish","type":"post","link":"https:\/\/www.hoymercedes.com.ar\/principal\/2021\/03\/24\/acto-protocolar-por-el-dia-de-la-memoria\/","title":{"rendered":"Acto protocolar por el D\u00eda de la Memoria"},"content":{"rendered":"\n<p>Como todos los 24 de marzo, familiares y amigos de desaparecidos y asesinados durante la Dictadura Militar de Mercedes, llev\u00f3 adelante el acto central a la hora 11 en la Plaza San Mart\u00edn, al lado del monolito con la placa que recuerda a cada uno de los mercedinos que fueron asesinados, algunos de ellos cuyos restos fueron restituidos a los a\u00f1os, y de los que a\u00fan se encuentran desaparecidos. Las palabras en nombre de los familiares fueron del abogado Marcelo Heredia que ley\u00f3 el documento oficial de la jornada. Tambi\u00e9n tomaron la palabra el ministro del Interior, Eduardo \u201cWado\u201d de Pedro y el intendente Juan I. Ustarroz. Se cont\u00f3, adem\u00e1s, con la presencia de la Directora Ejecutiva de Anses, Fernanda Raverta.\u00a0<\/p>\n\n\n\n<div class=\"wp-block-jetpack-slideshow aligncenter\" data-effect=\"slide\"><div class=\"wp-block-jetpack-slideshow_container swiper-container\"><ul class=\"wp-block-jetpack-slideshow_swiper-wrapper swiper-wrapper\"><li class=\"wp-block-jetpack-slideshow_slide swiper-slide\"><figure><img loading=\"lazy\" decoding=\"async\" width=\"800\" height=\"533\" alt=\"\" class=\"wp-block-jetpack-slideshow_image wp-image-126897\" data-id=\"126897\" src=\"https:\/\/www.hoymercedes.com.ar\/principal\/wp-content\/uploads\/2021\/03\/24-acto-memoria-1.jpg\" srcset=\"https:\/\/www.hoymercedes.com.ar\/principal\/wp-content\/uploads\/2021\/03\/24-acto-memoria-1.jpg 800w, https:\/\/www.hoymercedes.com.ar\/principal\/wp-content\/uploads\/2021\/03\/24-acto-memoria-1-630x420.jpg 630w, https:\/\/www.hoymercedes.com.ar\/principal\/wp-content\/uploads\/2021\/03\/24-acto-memoria-1-150x100.jpg 150w, https:\/\/www.hoymercedes.com.ar\/principal\/wp-content\/uploads\/2021\/03\/24-acto-memoria-1-700x465.jpg 700w\" sizes=\"(max-width: 800px) 100vw, 800px\" \/><\/figure><\/li><li class=\"wp-block-jetpack-slideshow_slide swiper-slide\"><figure><img loading=\"lazy\" decoding=\"async\" width=\"800\" height=\"533\" alt=\"\" class=\"wp-block-jetpack-slideshow_image wp-image-126898\" data-id=\"126898\" src=\"https:\/\/www.hoymercedes.com.ar\/principal\/wp-content\/uploads\/2021\/03\/24-acto-memoria-2.jpg\" srcset=\"https:\/\/www.hoymercedes.com.ar\/principal\/wp-content\/uploads\/2021\/03\/24-acto-memoria-2.jpg 800w, https:\/\/www.hoymercedes.com.ar\/principal\/wp-content\/uploads\/2021\/03\/24-acto-memoria-2-630x420.jpg 630w, https:\/\/www.hoymercedes.com.ar\/principal\/wp-content\/uploads\/2021\/03\/24-acto-memoria-2-150x100.jpg 150w, https:\/\/www.hoymercedes.com.ar\/principal\/wp-content\/uploads\/2021\/03\/24-acto-memoria-2-700x465.jpg 700w\" sizes=\"(max-width: 800px) 100vw, 800px\" \/><\/figure><\/li><li class=\"wp-block-jetpack-slideshow_slide swiper-slide\"><figure><img loading=\"lazy\" decoding=\"async\" width=\"800\" height=\"533\" alt=\"\" class=\"wp-block-jetpack-slideshow_image wp-image-126899\" data-id=\"126899\" src=\"https:\/\/www.hoymercedes.com.ar\/principal\/wp-content\/uploads\/2021\/03\/24-acto-memoria-3.jpg\" srcset=\"https:\/\/www.hoymercedes.com.ar\/principal\/wp-content\/uploads\/2021\/03\/24-acto-memoria-3.jpg 800w, https:\/\/www.hoymercedes.com.ar\/principal\/wp-content\/uploads\/2021\/03\/24-acto-memoria-3-630x420.jpg 630w, https:\/\/www.hoymercedes.com.ar\/principal\/wp-content\/uploads\/2021\/03\/24-acto-memoria-3-150x100.jpg 150w, https:\/\/www.hoymercedes.com.ar\/principal\/wp-content\/uploads\/2021\/03\/24-acto-memoria-3-700x465.jpg 700w\" sizes=\"(max-width: 800px) 100vw, 800px\" \/><\/figure><\/li><li class=\"wp-block-jetpack-slideshow_slide swiper-slide\"><figure><img loading=\"lazy\" decoding=\"async\" width=\"800\" height=\"533\" alt=\"\" class=\"wp-block-jetpack-slideshow_image wp-image-126900\" data-id=\"126900\" src=\"https:\/\/www.hoymercedes.com.ar\/principal\/wp-content\/uploads\/2021\/03\/24-acto-memoria-4.jpg\" srcset=\"https:\/\/www.hoymercedes.com.ar\/principal\/wp-content\/uploads\/2021\/03\/24-acto-memoria-4.jpg 800w, https:\/\/www.hoymercedes.com.ar\/principal\/wp-content\/uploads\/2021\/03\/24-acto-memoria-4-630x420.jpg 630w, https:\/\/www.hoymercedes.com.ar\/principal\/wp-content\/uploads\/2021\/03\/24-acto-memoria-4-150x100.jpg 150w, https:\/\/www.hoymercedes.com.ar\/principal\/wp-content\/uploads\/2021\/03\/24-acto-memoria-4-700x465.jpg 700w\" sizes=\"(max-width: 800px) 100vw, 800px\" \/><\/figure><\/li><li class=\"wp-block-jetpack-slideshow_slide swiper-slide\"><figure><img loading=\"lazy\" decoding=\"async\" width=\"800\" height=\"533\" alt=\"\" class=\"wp-block-jetpack-slideshow_image wp-image-126901\" data-id=\"126901\" src=\"https:\/\/www.hoymercedes.com.ar\/principal\/wp-content\/uploads\/2021\/03\/24-acto-memoria-5.jpg\" srcset=\"https:\/\/www.hoymercedes.com.ar\/principal\/wp-content\/uploads\/2021\/03\/24-acto-memoria-5.jpg 800w, https:\/\/www.hoymercedes.com.ar\/principal\/wp-content\/uploads\/2021\/03\/24-acto-memoria-5-630x420.jpg 630w, https:\/\/www.hoymercedes.com.ar\/principal\/wp-content\/uploads\/2021\/03\/24-acto-memoria-5-150x100.jpg 150w, https:\/\/www.hoymercedes.com.ar\/principal\/wp-content\/uploads\/2021\/03\/24-acto-memoria-5-700x465.jpg 700w\" sizes=\"(max-width: 800px) 100vw, 800px\" \/><\/figure><\/li><li class=\"wp-block-jetpack-slideshow_slide swiper-slide\"><figure><img loading=\"lazy\" decoding=\"async\" width=\"800\" height=\"533\" alt=\"\" class=\"wp-block-jetpack-slideshow_image wp-image-126902\" data-id=\"126902\" src=\"https:\/\/www.hoymercedes.com.ar\/principal\/wp-content\/uploads\/2021\/03\/24-acto-memoria-6.jpg\" srcset=\"https:\/\/www.hoymercedes.com.ar\/principal\/wp-content\/uploads\/2021\/03\/24-acto-memoria-6.jpg 800w, https:\/\/www.hoymercedes.com.ar\/principal\/wp-content\/uploads\/2021\/03\/24-acto-memoria-6-630x420.jpg 630w, https:\/\/www.hoymercedes.com.ar\/principal\/wp-content\/uploads\/2021\/03\/24-acto-memoria-6-150x100.jpg 150w, https:\/\/www.hoymercedes.com.ar\/principal\/wp-content\/uploads\/2021\/03\/24-acto-memoria-6-700x465.jpg 700w\" sizes=\"(max-width: 800px) 100vw, 800px\" \/><\/figure><\/li><li class=\"wp-block-jetpack-slideshow_slide swiper-slide\"><figure><img loading=\"lazy\" decoding=\"async\" width=\"800\" height=\"533\" alt=\"\" class=\"wp-block-jetpack-slideshow_image wp-image-126903\" data-id=\"126903\" src=\"https:\/\/www.hoymercedes.com.ar\/principal\/wp-content\/uploads\/2021\/03\/24-acto-memoria-7.jpg\" srcset=\"https:\/\/www.hoymercedes.com.ar\/principal\/wp-content\/uploads\/2021\/03\/24-acto-memoria-7.jpg 800w, https:\/\/www.hoymercedes.com.ar\/principal\/wp-content\/uploads\/2021\/03\/24-acto-memoria-7-630x420.jpg 630w, https:\/\/www.hoymercedes.com.ar\/principal\/wp-content\/uploads\/2021\/03\/24-acto-memoria-7-150x100.jpg 150w, https:\/\/www.hoymercedes.com.ar\/principal\/wp-content\/uploads\/2021\/03\/24-acto-memoria-7-700x465.jpg 700w\" sizes=\"(max-width: 800px) 100vw, 800px\" \/><\/figure><\/li><li class=\"wp-block-jetpack-slideshow_slide swiper-slide\"><figure><img loading=\"lazy\" decoding=\"async\" width=\"800\" height=\"533\" alt=\"\" class=\"wp-block-jetpack-slideshow_image wp-image-126904\" data-id=\"126904\" src=\"https:\/\/www.hoymercedes.com.ar\/principal\/wp-content\/uploads\/2021\/03\/24-acto-memoria-8.jpg\" srcset=\"https:\/\/www.hoymercedes.com.ar\/principal\/wp-content\/uploads\/2021\/03\/24-acto-memoria-8.jpg 800w, https:\/\/www.hoymercedes.com.ar\/principal\/wp-content\/uploads\/2021\/03\/24-acto-memoria-8-630x420.jpg 630w, https:\/\/www.hoymercedes.com.ar\/principal\/wp-content\/uploads\/2021\/03\/24-acto-memoria-8-150x100.jpg 150w, https:\/\/www.hoymercedes.com.ar\/principal\/wp-content\/uploads\/2021\/03\/24-acto-memoria-8-700x465.jpg 700w\" sizes=\"(max-width: 800px) 100vw, 800px\" \/><\/figure><\/li><li class=\"wp-block-jetpack-slideshow_slide swiper-slide\"><figure><img loading=\"lazy\" decoding=\"async\" width=\"800\" height=\"533\" alt=\"\" class=\"wp-block-jetpack-slideshow_image wp-image-126905\" data-id=\"126905\" src=\"https:\/\/www.hoymercedes.com.ar\/principal\/wp-content\/uploads\/2021\/03\/24-acto-memoria-10.jpg\" srcset=\"https:\/\/www.hoymercedes.com.ar\/principal\/wp-content\/uploads\/2021\/03\/24-acto-memoria-10.jpg 800w, https:\/\/www.hoymercedes.com.ar\/principal\/wp-content\/uploads\/2021\/03\/24-acto-memoria-10-630x420.jpg 630w, https:\/\/www.hoymercedes.com.ar\/principal\/wp-content\/uploads\/2021\/03\/24-acto-memoria-10-150x100.jpg 150w, https:\/\/www.hoymercedes.com.ar\/principal\/wp-content\/uploads\/2021\/03\/24-acto-memoria-10-700x465.jpg 700w\" sizes=\"(max-width: 800px) 100vw, 800px\" \/><\/figure><\/li><li class=\"wp-block-jetpack-slideshow_slide swiper-slide\"><figure><img loading=\"lazy\" decoding=\"async\" width=\"1024\" height=\"683\" alt=\"\" class=\"wp-block-jetpack-slideshow_image wp-image-126906\" data-id=\"126906\" src=\"https:\/\/www.hoymercedes.com.ar\/principal\/wp-content\/uploads\/2021\/03\/24-acto-memoria-9-1024x683.jpg\" srcset=\"https:\/\/www.hoymercedes.com.ar\/principal\/wp-content\/uploads\/2021\/03\/24-acto-memoria-9-1024x683.jpg 1024w, https:\/\/www.hoymercedes.com.ar\/principal\/wp-content\/uploads\/2021\/03\/24-acto-memoria-9-630x420.jpg 630w, https:\/\/www.hoymercedes.com.ar\/principal\/wp-content\/uploads\/2021\/03\/24-acto-memoria-9-150x100.jpg 150w, https:\/\/www.hoymercedes.com.ar\/principal\/wp-content\/uploads\/2021\/03\/24-acto-memoria-9-1536x1024.jpg 1536w, https:\/\/www.hoymercedes.com.ar\/principal\/wp-content\/uploads\/2021\/03\/24-acto-memoria-9-2048x1365.jpg 2048w\" sizes=\"(max-width: 1024px) 100vw, 1024px\" \/><\/figure><\/li><\/ul><a class=\"wp-block-jetpack-slideshow_button-prev swiper-button-prev swiper-button-white\" role=\"button\"><\/a><a class=\"wp-block-jetpack-slideshow_button-next swiper-button-next swiper-button-white\" role=\"button\"><\/a><a aria-label=\"Pause Slideshow\" class=\"wp-block-jetpack-slideshow_button-pause\" role=\"button\"><\/a><div class=\"wp-block-jetpack-slideshow_pagination swiper-pagination swiper-pagination-white\"><\/div><\/div><\/div>\n\n\n\n<p>En primer lugar, se dio la bienvenida a los asistentes, que cont\u00f3 con presencias institucionales, partidos pol\u00edticos, concejales, diputados nacionales, referentes sociales, j\u00f3venes, y familiares. \u00a0El Abogado Marcelo Heredia fue el encargado de leer el documento oficial del a\u00f1o de la Comisi\u00f3n mientras que Arturo Bojorge el nombre y minuto de silencia de cada uno de los detenidos \u2013 asesinados de nuestra localidad. <\/p>\n\n\n\n<p>En su voz, Heredia expuso la exposici\u00f3n oficial de la Comisi\u00f3n, expresando entre otros conceptos que \u201cEs indispensable que la sociedad de hoy incorpore al debate, el contexto hist\u00f3rico en el que se produjeron los hechos, para poder comprender la magnitud de lo que se calific\u00f3 como \u201cTerrorismo de Estado\u201d (\u2026) Usurpando las instituciones del Estado la Dictadura implement\u00f3 un orden de facto. Incorpor\u00f3 el poder militar a la conducci\u00f3n del gobierno y de la administraci\u00f3n y se vali\u00f3 de sus estructuras y recursos para desarrollar en nombre del propio Estado sus actividades delictivas, clandestinas y criminales (\u2026) La violenta represi\u00f3n ejercida por las Fuerzas Armadas, no se conform\u00f3 con cometer sistem\u00e1ticamente Delitos de Lesa Humanidad. Sus secuaces ejecutaron tambi\u00e9n un terrorismo econ\u00f3mico, que condujo al desguace de nuestra Argentina. Desde la hora cero, la dictadura persigui\u00f3, tortur\u00f3 y asesin\u00f3 a miles de ciudadanos; dict\u00f3 normas por encima de la Constituci\u00f3n Nacional; disolvi\u00f3 el Congreso y los partidos pol\u00edticos; prohibi\u00f3 la actividad sindical; anul\u00f3 la libertad de expresi\u00f3n y devast\u00f3 la econom\u00eda nacional (\u2026) El terror estatal\u00a0\u00a0\u00a0tuvo como principal mecanismo la \u201cdesaparici\u00f3n forzada de personas\u201d Este Plan sistem\u00e1tico traspas\u00f3 los l\u00edmites de la humanidad, y se centr\u00f3 en la despersonalizaci\u00f3n de sus v\u00edctimas. Los Centros Clandestinos de Detenci\u00f3n funcionaron como un com\u00fan denominador en todo el pa\u00eds y se constituyeron en una maquinaria macabra que, bajo el control de la autoridad militar, someti\u00f3 a sus v\u00edctimas secuestradas a pr\u00e1cticas degradantes, como la recurrente tortura f\u00edsica y psicol\u00f3gica, el tabicamiento permanente (una capucha sucia que les imped\u00eda ver y los aislaba del entorno inmediato), la inmovilidad con la utilizaci\u00f3n de grilletes como m\u00e9todo de tortura, la prohibici\u00f3n del uso de la palabra, el alojamiento en peque\u00f1as celdas, la escasa comida y bebida, pero por sobre todo, el ocultamiento de sus identidades. \u00a0<\/p>\n\n\n\n<p>Crearon para tal fin la figura del desaparecido. Y as\u00ed lo manifest\u00f3 Videla, el m\u00e1ximo genocida, cuando justific\u00f3 su responsabilidad siniestra y criminal al expresar que: \u201csi est\u00e1n desaparecidos, no est\u00e1n ni muertos, ni vivos, no tienen entidad\u201d. &nbsp;<\/p>\n\n\n\n<p>Pero este sujeto, considerado un personaje nefasto para la idiosincrasia de nuestro pueblo, no logr\u00f3 dimensionar que, justamente, \u201ceso que les aterraba de sus v\u00edctimas\u201d y que se tradujo en \u201cel genocidio de 30.000 compa\u00f1eras y compa\u00f1eros\u201d, es lo que en el tiempo les otorgar\u00eda \u201ca nuestros Detenidos \u2013 Desaparecidos y Asesinados\u201d, una real valoraci\u00f3n. Porque precisamente para el pueblo, \u201csu moral revolucionaria\u201d fue la impronta militante que sell\u00f3 en ellos la verdadera identidad y los coloc\u00f3 como referentes pol\u00edticos de la historia\u201d &nbsp;<\/p>\n\n\n\n<p>M\u00e1s adelante tambi\u00e9n destac\u00f3 la Comisi\u00f3n que \u201ca 45 a\u00f1os del Golpe, el Movimiento de Derechos Humanos sigue en pie y bajo el lema justicia con verdad y con memoria, contin\u00faa impulsando el juzgamiento de quienes fueron part\u00edcipes activos de este genocidio. Es oportuno se\u00f1alar que, la maquinaria represiva de las Fuerzas Armadas se vali\u00f3 de estructuras de inteligencia creadas para reunir informaci\u00f3n. Nuestra ciudad no permaneci\u00f3 ajena a este mecanismo coordinado, centrado en el espionaje sistem\u00e1tico y en la persecuci\u00f3n de vecinos. (\u2026) Tambi\u00e9n es necesario que los genocidas juzgados cumplan la condena efectiva en c\u00e1rceles comunes. Y en tal sentido, es importante se\u00f1alar, que la sociedad se escandaliza ante la valoraci\u00f3n que realizan algunos jueces, cuando genocidas condenados por delitos m\u00e1ximos recurren al pedido de prisi\u00f3n domiciliaria como forma de cumplimiento de la pena, y estos funcionarios, perdiendo la dimensi\u00f3n de los delitos juzgados, les otorgan ese beneficio. Y como no somos la excepci\u00f3n, algunos favorecidos residen en nuestra ciudad. En el compromiso colectivo de \u201cno olvido\u201d, y en la lucha reivindicativa contra la impunidad, enf\u00e1ticamente decimos: C\u00e1rcel com\u00fan y efectiva para todos los genocidas; Rechazo al otorgamiento de prisiones domiciliarias; Restituci\u00f3n de la identidad a los j\u00f3venes apropiados en su ni\u00f1ez; No olvidamos, no perdonamos, no nos reconciliamos. Son 30.000. Fue genocidio. &nbsp;<\/p>\n\n\n\n<p>El intendente Juan I. Ustarroz, por su parte, expres\u00f3 que \u201cJuan Ignacio Ustarroz, \u201ces una fecha para hacer balances, para, como bien dec\u00eda el documento que se le\u00eda reci\u00e9n, analizar el contexto hist\u00f3rico y pol\u00edtico, de ese hecho infausto que marc\u00f3 tantas vidas y que marc\u00f3 en un punto a una sociedad y a un pueblo\u201d &nbsp;<\/p>\n\n\n\n<p>M\u00e1s adelante coment\u00f3 que \u201cdistintos sectores que fueron objeto de esta pol\u00edtica sistem\u00e1tica de exterminio, genocidio\u201d y \u201cen ese contexto cuando irrumpe el golpe emergen las Madres, las Abuelas. Y tal vez para ayudarnos a comprender estos 45 a\u00f1os yo encuentro en la obra de Oestherheld, \u201cel Eternauta\u201d, tratar de entender ese pasado. El presente es innegable, la pandemia, la nieve. Y tratar de proyectar el futuro. Y la obra de Oestherheld, las Madres aparecer\u00edan en la vida real, no en la ficci\u00f3n, como un nuevo concepto de h\u00e9roe o de hero\u00edna. De gente com\u00fan y corriente que se encuentra de la noche a la ma\u00f1ana con una situaci\u00f3n extrema, y no se queda inm\u00f3vil y sale a enfrentar esa situaci\u00f3n y lo hace desde una perspectiva de coraje, de solidaridad, de esperanza. Lo hace pensando en un proyecto que necesariamente tiene que ser colectivo, que no puede ser individual. Y as\u00ed empiezan las rondas. Ac\u00e1 tenemos, orgullosamente, el pa\u00f1uelo de las Madres, que es parte de esta historia viva, que como sociedad tenemos\u201d &nbsp;<\/p>\n\n\n\n<p>Afirm\u00f3 tambi\u00e9n que \u201cY en ese contexto claramente los Organismos de Derechos Humanos empiezan a poner en crisis el sistema que implanta la dictadura, generando la conciencia internacional por la figura de los desaparecidos, por lo brutal del golpe de estado c\u00edvico militar del \u00b476 (\u2026) Y tal vez para entender la brutalidad, a diferencia de otros pa\u00edses, de nuestro golpe, haya que tambi\u00e9n apelar a la historia y a esta gran capacidad de lucha, de movilizaci\u00f3n, de organizaci\u00f3n, de conciencia que hab\u00eda en nuestro pueblo, que es justamente lo que se viene a intentar: desandar, socavar\u201d &nbsp;<\/p>\n\n\n\n<p>M\u00e1s luego afirmaba tambi\u00e9n que \u201cquiero reivindicar desde la pol\u00edtica el Juicio a las Juntas porque, por supuesto que estaba esta batalla cultural, todo este coraje de nuestros organismos, pero tambi\u00e9n hubo una decisi\u00f3n pol\u00edtica de hacerlo. Porque cuando uno analiza las transiciones pol\u00edticas en el mundo no encuentra muchos Juicios a la Junta y esto fue una decisi\u00f3n pol\u00edtica. Despu\u00e9s por supuesto, y reivindico esa decisi\u00f3n de un gobierno constitucional como fue el gobierno de Alfons\u00edn. Y por supuesto que despu\u00e9s hubo avances, retrocesos, Obediencia Debida y Punto Final. Pero tambi\u00e9n podr\u00edamos vislumbrar la crisis, por un lado, de la presencia del poder militar en esa transici\u00f3n: pensemos Chile. Pero tambi\u00e9n las consecuencias econ\u00f3micas que nos hablaba Rodolfo Walsh. Ya cuando vemos el endeudamiento, cuando vemos un nuevo modelo de producci\u00f3n y de acumulaci\u00f3n econ\u00f3mica donde lo podemos recordar con la propaganda de las sillas en contra de la industria nacional, en contra de la ciencia y la tecnolog\u00eda, en contra del desarrollo de un pueblo. Cuando encontramos estas razones, las razones econ\u00f3micas, el endeudamiento, tambi\u00e9n van a tener coletazos y cimbronazos durante las distintas etapas de nuestra democracia. Luego de iniciado el proceso democr\u00e1tico, con avances y retrocesos. Tenemos tambi\u00e9n el menemismo, el indulto, el Estado Privatizador, el Consenso de Washington. Tenemos la Alianza con una crisis fenomenal del 2001. Y en el 2003 aparece un nuevo proyecto pol\u00edtico. Aparece, para muchos de los que estamos ac\u00e1, pienso en Fer, pienso en Wado. Aparece el reparador de sue\u00f1os que viene a enmendar lo roto, que es N\u00e9stor Carlos Kirchner\u201d y sostener que \u201cuna nueva generaci\u00f3n, no casualmente, hijos de desaparecidos. Pero los desaparecidos en tanto sujeto pol\u00edtico. Encuentran en estos proyectos, en estos sue\u00f1os, la necesidad de la participaci\u00f3n, del compromiso, de recuperar el rol del Estado. La pol\u00edtica como herramienta de transformaci\u00f3n. Y as\u00ed se avanza. Se avanza en pol\u00edticas de Estado\u201d &nbsp;<\/p>\n\n\n\n<p>Antes de finalizar coment\u00f3 que \u201cla verdad que me da esperanza en este contexto de pandemia de tanta dificultad, donde en nuestra ciudad, donde en el pa\u00eds, en el mundo, crece el hambre, la miseria, la desocupaci\u00f3n y crecen los problemas, ver que este 24 se haya decidido plantar \u00e1rboles. El \u00e1rbol es el s\u00edmbolo de la vida, de la esperanza, del futuro (\u2026) A lo largo de nuestra historia, todos los que estamos ac\u00e1 podemos encontrar el ejemplo, las fuentes, las vertientes, de donde queramos, pero eso tiene que ser el insumo necesario para atravesar este dif\u00edcil presente y proyectar un futuro mejor. Por eso como dec\u00eda el poeta: no sigo el camino de los antiguos, busco lo que ellos buscaban\u201d sostuvo entre otros conceptos en una extensa exposici\u00f3n. &nbsp;<\/p>\n\n\n\n<p>Por \u00faltimo, el Ministro del Interior, Eduardo de Pedro, afirmaba que \u201cla verdad no tengo nada especial que decir, pero mientras ven\u00eda en el viaje me dieron ganas de decir algo a las y los j\u00f3venes, porque veo muchas caras nuevas y me parece que viene por ese lado, por la uni\u00f3n entre 45 a\u00f1os y las y los j\u00f3venes\u201d afirm\u00f3 para luego comentar que \u201cme acordaba cuando conoc\u00ed a Estela Carlotto en el a\u00f1o 95 y me imaginaba que las Abuelas ten\u00edan una estructura de difusi\u00f3n, organizaci\u00f3n, que eran una especie de instituci\u00f3n, entonces cuando voy a tocar timbre a la calle Corrientes me recibe Estela, la otra abuela que falleci\u00f3 en 2016, y cuando subo era un departamento de 50m2, con 4 mujeres, todas peinaban canas y dije cu\u00e1ntas cosas se pueden hacer con un poco de gente o un grupo con convicciones firmes. Cu\u00e1ntas cosas se pueden hacer si el que verdaderamente piensa algo y est\u00e1 convenido insiste un poco m\u00e1s\u201d \u00a0<\/p>\n\n\n\n<p>M\u00e1s adelante afirmaba que \u201chay que tener las cosas muy firmes, fijarse bien qu\u00e9 se siente y defender porque 4, 5 o 10 mujeres mayores, con canas, m\u00e1s otras 30 o 40 que eran las Madres instalaron un tema, generaron consciencia, nos cambiaron como sociedad, nos hicieron mejor como sociedad y hasta llegaron a generar nuevos tratados internacionales donde se incorporar esas horas, esos meses y esos a\u00f1os de lucha, incorpor\u00e1ndose como derechos a la identidad que hoy son reconocidos\u201d y destac\u00f3 que \u201cpor eso digo que, para las chicas, los chicos, el mejor ejemplo es seguir causas nobles, del color pol\u00edtico que sea, por la ecolog\u00eda, por los que tenemos capacidades diferentes, por cualquier hecho que uno verdaderamente sienta en lo m\u00e1s profundo que tiene que pelear el camino es construir una vida genuina y pelearla. Van a tener olas en contra, van a tener olas a favor, olas en contra, van a estar de moda, despu\u00e9s no lo estar\u00e1n m\u00e1s, no importa, el ejemplo de las Madres y las Abuelas es que con el tiempo si uno sigue causas nobles que hacen a la felicidad del colectivo, de la humanidad, si pensamos en el humanismo, donde hoy tenemos un Papa, el Papa Francisco, que instala permanentemente estas discusiones, a las personas como centros de dispositivos en el cual se tiene que organizar una sociedad\u201d sostuvo y afirm\u00f3 que \u201cpor eso tenemos que seguir tomando los mejores ejemplos\u201d, entre otros conceptos. &nbsp;<\/p>\n\n\n\n<p>Fuente: Prensa Municipal<\/p>\n","protected":false},"excerpt":{"rendered":"<p>Como todos los 24 de marzo, familiares y amigos de desaparecidos y asesinados durante la Dictadura Militar de Mercedes, llev\u00f3 &#8230; <a title=\"Acto protocolar por el D\u00eda de la Memoria\" class=\"read-more\" href=\"https:\/\/www.hoymercedes.com.ar\/principal\/2021\/03\/24\/acto-protocolar-por-el-dia-de-la-memoria\/\" aria-label=\"Leer m\u00e1s sobre Acto protocolar por el D\u00eda de la Memoria\">Leer m\u00e1s<\/a><\/p>\n","protected":false},"author":1,"featured_media":126897,"comment_status":"closed","ping_status":"open","sticky":false,"template":"","format":"standard","meta":{"_monsterinsights_skip_tracking":false,"_monsterinsights_sitenote_active":false,"_monsterinsights_sitenote_note":"","_monsterinsights_sitenote_category":0,"jetpack_post_was_ever_published":false,"_jetpack_newsletter_access":"","_jetpack_dont_email_post_to_subs":false,"_jetpack_newsletter_tier_id":0,"_jetpack_memberships_contains_paywalled_content":false,"_jetpack_memberships_contains_paid_content":false,"footnotes":"","jetpack_publicize_message":"","jetpack_publicize_feature_enabled":true,"jetpack_social_post_already_shared":true,"jetpack_social_options":{"image_generator_settings":{"template":"highway","default_image_id":0,"font":"","enabled":false},"version":2},"_wpas_customize_per_network":false},"categories":[30],"tags":[],"class_list":["post-126890","post","type-post","status-publish","format-standard","has-post-thumbnail","hentry","category-municipio","generate-columns","tablet-grid-50","mobile-grid-100","grid-parent","grid-50"],"jetpack_publicize_connections":[],"jetpack_featured_media_url":"https:\/\/www.hoymercedes.com.ar\/principal\/wp-content\/uploads\/2021\/03\/24-acto-memoria-1.jpg","wps_subtitle":"En la ma\u00f1ana de este mi\u00e9rcoles","jetpack_sharing_enabled":true,"jetpack-related-posts":[{"id":36468,"url":"https:\/\/www.hoymercedes.com.ar\/principal\/2014\/09\/28\/restituyeron-placa-homenaje-a-detenidos-desaparecidos-y-asesinados-de-mercedes\/","url_meta":{"origin":126890,"position":0},"title":"Restituyeron placa homenaje a detenidos, desaparecidos y asesinados de Mercedes","author":"hoymercedes","date":"28 septiembre, 2014","format":false,"excerpt":"Se concret\u00f3 \u00e9ste s\u00e1bado la reposici\u00f3n de la placa que recuerda a los detenidos, desaparecidos, secuestrados y asesinados durante la \u00faltima Dictadura C\u00edvico Militar de Mercedes. M\u00e1s de medio centenar de mercedinos estuvieron presentes. Patricia Bojorge encabez\u00f3 el acto, pero, fueron varios los familiares y amigos que tuvieron un momento\u2026","rel":"","context":"En \u00abSociedad\u00bb","block_context":{"text":"Sociedad","link":"https:\/\/www.hoymercedes.com.ar\/principal\/category\/sociedad\/"},"img":{"alt_text":"PlacaDDHH.27.09.2014DSCN9072","src":"https:\/\/i0.wp.com\/www.hoymercedes.com.ar\/principal\/wp-content\/uploads\/2014\/09\/PlacaDDHH.27.09.2014DSCN9072.jpg?resize=350%2C200","width":350,"height":200,"srcset":"https:\/\/i0.wp.com\/www.hoymercedes.com.ar\/principal\/wp-content\/uploads\/2014\/09\/PlacaDDHH.27.09.2014DSCN9072.jpg?resize=350%2C200 1x, https:\/\/i0.wp.com\/www.hoymercedes.com.ar\/principal\/wp-content\/uploads\/2014\/09\/PlacaDDHH.27.09.2014DSCN9072.jpg?resize=525%2C300 1.5x"},"classes":[]},{"id":36414,"url":"https:\/\/www.hoymercedes.com.ar\/principal\/2014\/09\/25\/colocaran-nueva-placa-en-homenaje-a-detenidos-desaparecidos-y-asesinados-de-mercedes\/","url_meta":{"origin":126890,"position":1},"title":"Colocar\u00e1n nueva placa en homenaje a Detenidos, Desaparecidos y Asesinados de Mercedes","author":"hoymercedes","date":"25 septiembre, 2014","format":false,"excerpt":"La Comisi\u00f3n de Familiares y Amigos de Detenidos, Desaparecidos y Asesinados por la dictadura c\u00edvico-militar comunica que el d\u00eda S\u00e1bado 27 de septiembre a la hora 19:30, se proceder\u00e1 a descubrir la nueva Placa en \u201cHomenaje y Memoria\u201d de nuestros Detenidos, Desaparecidos y Asesinados Mercedinos, en Plaza San Mart\u00edn. Esta\u2026","rel":"","context":"En \u00abSociedad\u00bb","block_context":{"text":"Sociedad","link":"https:\/\/www.hoymercedes.com.ar\/principal\/category\/sociedad\/"},"img":{"alt_text":"desaparecidos-mercedes","src":"https:\/\/i0.wp.com\/www.hoymercedes.com.ar\/principal\/wp-content\/uploads\/2014\/09\/desaparecidos-mercedes.jpg?resize=350%2C200","width":350,"height":200,"srcset":"https:\/\/i0.wp.com\/www.hoymercedes.com.ar\/principal\/wp-content\/uploads\/2014\/09\/desaparecidos-mercedes.jpg?resize=350%2C200 1x, https:\/\/i0.wp.com\/www.hoymercedes.com.ar\/principal\/wp-content\/uploads\/2014\/09\/desaparecidos-mercedes.jpg?resize=525%2C300 1.5x"},"classes":[]},{"id":40302,"url":"https:\/\/www.hoymercedes.com.ar\/principal\/2015\/03\/24\/familiares-de-victimas-de-la-dictadura-realizaron-acto-conmemorativo-del-golpe-de-estado\/","url_meta":{"origin":126890,"position":2},"title":"Familiares de v\u00edctimas de la Dictadura realizaron acto conmemorativo del Golpe de Estado","author":"hoymercedes","date":"24 marzo, 2015","format":false,"excerpt":"Se llev\u00f3 a cabo en el hall del Teatro Argentino el acto conmemorativo por el d\u00eda de la Memoria, la Verdad y la Justicia organizado por los \u201cfamiliares de detenidos desaparecidos y asesinados por la Dictadura C\u00edvico Militar\u201d de nuestra ciudad. El clima impidi\u00f3 que se realice en Plaza San\u2026","rel":"","context":"En \u00abCultura\u00bb","block_context":{"text":"Cultura","link":"https:\/\/www.hoymercedes.com.ar\/principal\/category\/cultura\/"},"img":{"alt_text":"24marzo2015-Familiares012","src":"https:\/\/i0.wp.com\/www.hoymercedes.com.ar\/principal\/wp-content\/uploads\/2015\/03\/24marzo2015-Familiares012.jpg?resize=350%2C200","width":350,"height":200,"srcset":"https:\/\/i0.wp.com\/www.hoymercedes.com.ar\/principal\/wp-content\/uploads\/2015\/03\/24marzo2015-Familiares012.jpg?resize=350%2C200 1x, https:\/\/i0.wp.com\/www.hoymercedes.com.ar\/principal\/wp-content\/uploads\/2015\/03\/24marzo2015-Familiares012.jpg?resize=525%2C300 1.5x"},"classes":[]},{"id":74547,"url":"https:\/\/www.hoymercedes.com.ar\/principal\/2018\/04\/18\/recordatorio-felix-eduardo-picardi\/","url_meta":{"origin":126890,"position":3},"title":"Recordatorio: F\u00e9lix Eduardo Picardi","author":"hoymercedes","date":"18 abril, 2018","format":false,"excerpt":"FELIX EDUARDO PICARDI A 41 a\u00f1os de su desaparici\u00f3n 18-04-1977 a los 23 a\u00f1os de edad Felix Eduardo Picardi, \u201cCacho\u201d naci\u00f3 en la ciudad de Mercedes el 17 de Abril de 1953. Curs\u00f3 sus estudios primarios y secundarios en el Colegio San Patricio. Al egresarse inici\u00f3 su carrera Universitaria en\u2026","rel":"","context":"En \u00abSociedad\u00bb","block_context":{"text":"Sociedad","link":"https:\/\/www.hoymercedes.com.ar\/principal\/category\/sociedad\/"},"img":{"alt_text":"","src":"https:\/\/i0.wp.com\/www.hoymercedes.com.ar\/principal\/wp-content\/uploads\/2016\/04\/Picardi.jpg?resize=350%2C200&ssl=1","width":350,"height":200},"classes":[]},{"id":36104,"url":"https:\/\/www.hoymercedes.com.ar\/principal\/2014\/09\/16\/dictadura-en-mercedes-tambien-hacian-inteligencia\/","url_meta":{"origin":126890,"position":4},"title":"Dictadura: en Mercedes tambi\u00e9n hac\u00edan inteligencia","author":"hoymercedes","date":"16 septiembre, 2014","format":false,"excerpt":"Mercedes y sus j\u00f3venes no estuvieron exentos de las atrocidades de la \u00faltima Dictadura C\u00edvico Militar. Sobra volver a decirlo, pero, a los detenidos, desaparecidos, asesinados y secuestrados se le debe sumar los cientos de vigilados, atemorizados y perseguidos. La Noche de los L\u00e1pices es un momento destacado, entre varios\u2026","rel":"","context":"En \u00abCultura\u00bb","block_context":{"text":"Cultura","link":"https:\/\/www.hoymercedes.com.ar\/principal\/category\/cultura\/"},"img":{"alt_text":"Dipba-1982-Mercedes-I","src":"https:\/\/i0.wp.com\/www.hoymercedes.com.ar\/principal\/wp-content\/uploads\/2014\/09\/Dipba-1982-Mercedes-I-447x620.jpg?resize=350%2C200","width":350,"height":200,"srcset":"https:\/\/i0.wp.com\/www.hoymercedes.com.ar\/principal\/wp-content\/uploads\/2014\/09\/Dipba-1982-Mercedes-I-447x620.jpg?resize=350%2C200 1x, https:\/\/i0.wp.com\/www.hoymercedes.com.ar\/principal\/wp-content\/uploads\/2014\/09\/Dipba-1982-Mercedes-I-447x620.jpg?resize=525%2C300 1.5x"},"classes":[]},{"id":60984,"url":"https:\/\/www.hoymercedes.com.ar\/principal\/2017\/03\/23\/descubrieron-baldosa-en-homenaje-a-desaparecidos-y-asesinados\/","url_meta":{"origin":126890,"position":5},"title":"Descubrieron baldosa en homenaje a desaparecidos y asesinados","author":"hoymercedes","date":"23 marzo, 2017","format":false,"excerpt":"En el marco de los actos conmemorativos por el D\u00eda de la Memoria, Verdad y Justicia ante un nuevo aniversario del inicio fat\u00eddico del golpe militar de 1976, en la ma\u00f1ana de este jueves se\u00a0llev\u00f3 \u00a0adelante un emotivo momento de reflexi\u00f3n al recordar a los ocho j\u00f3venes mercedinos, egresados del\u2026","rel":"","context":"En \u00abComunidad\u00bb","block_context":{"text":"Comunidad","link":"https:\/\/www.hoymercedes.com.ar\/principal\/category\/comunidad\/"},"img":{"alt_text":"","src":"https:\/\/i0.wp.com\/www.hoymercedes.com.ar\/principal\/wp-content\/uploads\/2017\/03\/23-baldosa1.jpg?resize=350%2C200&ssl=1","width":350,"height":200,"srcset":"https:\/\/i0.wp.com\/www.hoymercedes.com.ar\/principal\/wp-content\/uploads\/2017\/03\/23-baldosa1.jpg?resize=350%2C200&ssl=1 1x, https:\/\/i0.wp.com\/www.hoymercedes.com.ar\/principal\/wp-content\/uploads\/2017\/03\/23-baldosa1.jpg?resize=525%2C300&ssl=1 1.5x"},"classes":[]}],"_links":{"self":[{"href":"https:\/\/www.hoymercedes.com.ar\/principal\/wp-json\/wp\/v2\/posts\/126890","targetHints":{"allow":["GET"]}}],"collection":[{"href":"https:\/\/www.hoymercedes.com.ar\/principal\/wp-json\/wp\/v2\/posts"}],"about":[{"href":"https:\/\/www.hoymercedes.com.ar\/principal\/wp-json\/wp\/v2\/types\/post"}],"author":[{"embeddable":true,"href":"https:\/\/www.hoymercedes.com.ar\/principal\/wp-json\/wp\/v2\/users\/1"}],"replies":[{"embeddable":true,"href":"https:\/\/www.hoymercedes.com.ar\/principal\/wp-json\/wp\/v2\/comments?post=126890"}],"version-history":[{"count":0,"href":"https:\/\/www.hoymercedes.com.ar\/principal\/wp-json\/wp\/v2\/posts\/126890\/revisions"}],"wp:featuredmedia":[{"embeddable":true,"href":"https:\/\/www.hoymercedes.com.ar\/principal\/wp-json\/wp\/v2\/media\/126897"}],"wp:attachment":[{"href":"https:\/\/www.hoymercedes.com.ar\/principal\/wp-json\/wp\/v2\/media?parent=126890"}],"wp:term":[{"taxonomy":"category","embeddable":true,"href":"https:\/\/www.hoymercedes.com.ar\/principal\/wp-json\/wp\/v2\/categories?post=126890"},{"taxonomy":"post_tag","embeddable":true,"href":"https:\/\/www.hoymercedes.com.ar\/principal\/wp-json\/wp\/v2\/tags?post=126890"}],"curies":[{"name":"wp","href":"https:\/\/api.w.org\/{rel}","templated":true}]}}