{"id":126923,"date":"2021-03-24T22:12:00","date_gmt":"2021-03-25T01:12:00","guid":{"rendered":"https:\/\/www.hoymercedes.com.ar\/principal\/?p=126923"},"modified":"2021-03-24T20:53:36","modified_gmt":"2021-03-24T23:53:36","slug":"carlos-dell-oro-es-el-nuevo-presidente-del-club-estudiantes","status":"publish","type":"post","link":"https:\/\/www.hoymercedes.com.ar\/principal\/2021\/03\/24\/carlos-dell-oro-es-el-nuevo-presidente-del-club-estudiantes\/","title":{"rendered":"Carlos Dell Oro es el nuevo presidente del Club Estudiantes"},"content":{"rendered":"\n<p><strong><em>Hubo renovaci\u00f3n de comisi\u00f3n en Club Estudiantes. Carlos Dell Oro es el nuevo presidente de la instituci\u00f3n. Este mi\u00e9rcoles se llev\u00f3 adelante la primera reuni\u00f3n de CD en el campo de deportes Roberto Quintill\u00e1n.<\/em><\/strong><\/p>\n\n\n\n<p>D\u00edas atr\u00e1s, en el gimnasio Pablo Tamagno, respet\u00e1ndose el distanciamiento y aprovechando las dimensiones del lugar se celebr\u00f3 la Asamblea General Ordinaria. Por culminaci\u00f3n de mandato de comisi\u00f3n directiva se produjo la renovaci\u00f3n.<\/p>\n\n\n\n<p>S\u00f3lo se present\u00f3 una lista la que fue aprobada por los socios presentes, que tiene como nuevo presidente a Carlos Dell Oro que durante varios a\u00f1os ven\u00eda desempe\u00f1\u00e1ndose en la subcomisi\u00f3n de f\u00fatbol de la instituci\u00f3n \u201cPincha\u201d.<\/p>\n\n\n\n<p>Lo restantes cargos cuentan con integrantes del b\u00e1squet y personas que se suman como otros que ya han estado en distintos per\u00edodos de la vida de Estudiantes. Justamente este mi\u00e9rcoles 24 en el campo de deporte Roberto Quintill\u00e1n fue la primera reuni\u00f3n de CD.<\/p>\n\n\n\n<p>Presidente: Carlos Dell Oro.<br>Vice Presidente: Jorge Siri.<br>Secretario: Juan Parisso.<br>Prosecretario: Agust\u00edn Gerardi.<br>Tesorero: Hern\u00e1n Albanesse.<br>Protesorero: Jer\u00f3nimo Luna.<br>Vocal titular: H\u00e9ctor Mosquera.<br>Vocal titular: Juan Duran.<br>Vocal titular: Franco Mandaglio.<br>Vocal titular: Edgardo Dinova.<br>Vocal suplente: Alberto Arroyo.<br>Vocal suplente: N\u00e9stor Palacios.<br>Vocal suplente: Abel Delfino.<br>Vocal suplente: Pablo Luna.<br>Revisor de cuentas titular: Tom\u00e1s Borrsaca.<br>Revisor de cuentas titular: Juan Dagnino.<br>Revisor de cuenta suplentes: Jorge Retegui.<br>Revisor de cuentas suplente: Florencia Conte.<\/p>\n","protected":false},"excerpt":{"rendered":"<p>Hubo renovaci\u00f3n de comisi\u00f3n en Club Estudiantes. Carlos Dell Oro es el nuevo presidente de la instituci\u00f3n. Este mi\u00e9rcoles se &#8230; <a title=\"Carlos Dell Oro es el nuevo presidente del Club Estudiantes\" class=\"read-more\" href=\"https:\/\/www.hoymercedes.com.ar\/principal\/2021\/03\/24\/carlos-dell-oro-es-el-nuevo-presidente-del-club-estudiantes\/\" aria-label=\"Leer m\u00e1s sobre Carlos Dell Oro es el nuevo presidente del Club Estudiantes\">Leer m\u00e1s<\/a><\/p>\n","protected":false},"author":1,"featured_media":126924,"comment_status":"closed","ping_status":"open","sticky":false,"template":"","format":"standard","meta":{"_monsterinsights_skip_tracking":false,"_monsterinsights_sitenote_active":false,"_monsterinsights_sitenote_note":"","_monsterinsights_sitenote_category":0,"jetpack_post_was_ever_published":false,"_jetpack_newsletter_access":"","_jetpack_dont_email_post_to_subs":false,"_jetpack_newsletter_tier_id":0,"_jetpack_memberships_contains_paywalled_content":false,"_jetpack_memberships_contains_paid_content":false,"footnotes":"","jetpack_publicize_message":"","jetpack_publicize_feature_enabled":true,"jetpack_social_post_already_shared":true,"jetpack_social_options":{"image_generator_settings":{"template":"highway","default_image_id":0,"font":"","enabled":false},"version":2},"_wpas_customize_per_network":false},"categories":[21],"tags":[],"class_list":["post-126923","post","type-post","status-publish","format-standard","has-post-thumbnail","hentry","category-deportes","generate-columns","tablet-grid-50","mobile-grid-100","grid-parent","grid-50"],"jetpack_publicize_connections":[],"jetpack_featured_media_url":"https:\/\/www.hoymercedes.com.ar\/principal\/wp-content\/uploads\/2021\/03\/WhatsApp-Image-2021-03-24-at-20.38.27.jpeg","wps_subtitle":"Confirman desde el club","jetpack_sharing_enabled":true,"jetpack-related-posts":[{"id":147224,"url":"https:\/\/www.hoymercedes.com.ar\/principal\/2022\/04\/26\/dell-oro-continuua-en-la-presidencia-del-club-estudiantes\/","url_meta":{"origin":126923,"position":0},"title":"Dell Oro contin\u00faa en la presidencia del Club Estudiantes","author":"hoymercedes","date":"26 abril, 2022","format":false,"excerpt":"Tras cumplirse el mandato de la Comisi\u00f3n Directiva del Club Estudiantes se celebr\u00f3 la Asamblea para la renovaci\u00f3n de autoridades, manteni\u00e9ndose en el cargo de presidente Carlos Dell Oro y d\u00e1ndose alguna renovaci\u00f3n de autoridades. En esta oportunidad se aprob\u00f3 la Memoria y Balance, conoci\u00e9ndose que este a\u00f1o habr\u00e1 obras\u2026","rel":"","context":"En \u00abDeportes\u00bb","block_context":{"text":"Deportes","link":"https:\/\/www.hoymercedes.com.ar\/principal\/category\/deportes\/"},"img":{"alt_text":"","src":"https:\/\/i0.wp.com\/www.hoymercedes.com.ar\/principal\/wp-content\/uploads\/2022\/04\/club-estudiantes.jpg?resize=350%2C200&ssl=1","width":350,"height":200},"classes":[]},{"id":58566,"url":"https:\/\/www.hoymercedes.com.ar\/principal\/2016\/12\/30\/juan-ignacio-menendez-nuevo-dt-de-estudiantes\/","url_meta":{"origin":126923,"position":1},"title":"Juan Ignacio Menendez, nuevo DT de Estudiantes","author":"hoymercedes","date":"30 diciembre, 2016","format":false,"excerpt":"Se termina el a\u00f1o pero las novedades en el f\u00fatbol mercedino siguen estando. Cuando normalmente suelen llegar por parte de los equipos que juegan los regionales, en este caso fue por el lado de uno que tuvo un mal a\u00f1o. Estudiantes, que comenz\u00f3 el a\u00f1o con la direcci\u00f3n t\u00e9cnica de\u2026","rel":"","context":"En \u00abDeportes\u00bb","block_context":{"text":"Deportes","link":"https:\/\/www.hoymercedes.com.ar\/principal\/category\/deportes\/"},"img":{"alt_text":"","src":"https:\/\/i0.wp.com\/www.hoymercedes.com.ar\/principal\/wp-content\/uploads\/2016\/03\/Juanito-DT.jpg?resize=350%2C200&ssl=1","width":350,"height":200,"srcset":"https:\/\/i0.wp.com\/www.hoymercedes.com.ar\/principal\/wp-content\/uploads\/2016\/03\/Juanito-DT.jpg?resize=350%2C200&ssl=1 1x, https:\/\/i0.wp.com\/www.hoymercedes.com.ar\/principal\/wp-content\/uploads\/2016\/03\/Juanito-DT.jpg?resize=525%2C300&ssl=1 1.5x, https:\/\/i0.wp.com\/www.hoymercedes.com.ar\/principal\/wp-content\/uploads\/2016\/03\/Juanito-DT.jpg?resize=700%2C400&ssl=1 2x"},"classes":[]},{"id":21616,"url":"https:\/\/www.hoymercedes.com.ar\/principal\/2013\/04\/16\/nueva-comision-directiva-en-club-estudiantes-volvio-el-japones-menendez-a-la-presidencia\/","url_meta":{"origin":126923,"position":2},"title":"Nueva comisi\u00f3n directiva en Club Estudiantes: volvi\u00f3 el \u00abJapon\u00e9s\u00bb Men\u00e9ndez a la presidencia","author":"hoymercedes","date":"16 abril, 2013","format":false,"excerpt":"Por Juan Ignacio Menendez Las dos instituciones m\u00e1s importantes de nuestra ciudad encuentran en el mes de Abril la fecha exacta para buscar nuevos aires y nuevas personas a que se sumen para trabajar en los clubes. As\u00ed fue el caso de Estudiantes que el pasado d\u00eda Domingo renov\u00f3 sus\u2026","rel":"","context":"En \u00abSociedad\u00bb","block_context":{"text":"Sociedad","link":"https:\/\/www.hoymercedes.com.ar\/principal\/category\/sociedad\/"},"img":{"alt_text":"","src":"","width":0,"height":0},"classes":[]},{"id":55870,"url":"https:\/\/www.hoymercedes.com.ar\/principal\/2016\/10\/13\/reconocen-a-club-estudiantes-por-su-trabajo-con-el-futbol-infantil\/","url_meta":{"origin":126923,"position":3},"title":"Reconocen a Club Estudiantes por su trabajo con el f\u00fatbol infantil","author":"hoymercedes","date":"13 octubre, 2016","format":false,"excerpt":"En la tarde del martes 11, en el Sal\u00f3n San Mart\u00edn de la Legislatura Porte\u00f1a, Per\u00fa 130 de la Ciudad de Buenos Aires, se celebr\u00f3 la tercera edici\u00f3n del Encuentro de Deporte Formativo a la que fue invitado el Club Estudiantes. El entrenador Diego Cappelletti (Director Creciendo con el F\u00fatbol)\u2026","rel":"","context":"En \u00abDeportes\u00bb","block_context":{"text":"Deportes","link":"https:\/\/www.hoymercedes.com.ar\/principal\/category\/deportes\/"},"img":{"alt_text":"","src":"https:\/\/i0.wp.com\/www.hoymercedes.com.ar\/principal\/wp-content\/uploads\/2016\/10\/14650672_1804785493095483_7007675215619130253_n.jpg?resize=350%2C200&ssl=1","width":350,"height":200,"srcset":"https:\/\/i0.wp.com\/www.hoymercedes.com.ar\/principal\/wp-content\/uploads\/2016\/10\/14650672_1804785493095483_7007675215619130253_n.jpg?resize=350%2C200&ssl=1 1x, https:\/\/i0.wp.com\/www.hoymercedes.com.ar\/principal\/wp-content\/uploads\/2016\/10\/14650672_1804785493095483_7007675215619130253_n.jpg?resize=525%2C300&ssl=1 1.5x, https:\/\/i0.wp.com\/www.hoymercedes.com.ar\/principal\/wp-content\/uploads\/2016\/10\/14650672_1804785493095483_7007675215619130253_n.jpg?resize=700%2C400&ssl=1 2x"},"classes":[]},{"id":129056,"url":"https:\/\/www.hoymercedes.com.ar\/principal\/2021\/04\/27\/el-club-estudiantes-recibio-subsidio-para-infraestructura-y-material-deportivo\/","url_meta":{"origin":126923,"position":4},"title":"El Club Estudiantes recibi\u00f3 subsidio para infraestructura y material deportivo","author":"hoymercedes","date":"27 abril, 2021","format":false,"excerpt":"Se le hizo entrega de un subsidio para emplear en infraestructura y de elementos para la pr\u00e1ctica deportiva para el uso de las categor\u00edas infantiles. Adem\u00e1s, se dialog\u00f3 respecto a las normas \u00a0y medidas de cuidado socio sanitario. La entrega se concret\u00f3 en el Campo de Deportes \u201cRoberto Quintill\u00e1n\u201d, donde\u2026","rel":"","context":"En \u00abDeportes\u00bb","block_context":{"text":"Deportes","link":"https:\/\/www.hoymercedes.com.ar\/principal\/category\/deportes\/"},"img":{"alt_text":"","src":"https:\/\/i0.wp.com\/www.hoymercedes.com.ar\/principal\/wp-content\/uploads\/2021\/04\/DSC04146.jpg?resize=350%2C200&ssl=1","width":350,"height":200,"srcset":"https:\/\/i0.wp.com\/www.hoymercedes.com.ar\/principal\/wp-content\/uploads\/2021\/04\/DSC04146.jpg?resize=350%2C200&ssl=1 1x, https:\/\/i0.wp.com\/www.hoymercedes.com.ar\/principal\/wp-content\/uploads\/2021\/04\/DSC04146.jpg?resize=525%2C300&ssl=1 1.5x, https:\/\/i0.wp.com\/www.hoymercedes.com.ar\/principal\/wp-content\/uploads\/2021\/04\/DSC04146.jpg?resize=700%2C400&ssl=1 2x"},"classes":[]},{"id":48876,"url":"https:\/\/www.hoymercedes.com.ar\/principal\/2016\/04\/13\/abel-delfino-sigue-un-ano-mas-en-estudiantes\/","url_meta":{"origin":126923,"position":5},"title":"Abel Delfino sigue un a\u00f1o m\u00e1s en Estudiantes","author":"hoymercedes","date":"13 abril, 2016","format":false,"excerpt":"Por Ariel Murante \/ Todos los meses de abril en el Club Atl\u00e9tico Estudiantes hay cambio de autoridades como lo marca el estatuto de la instituci\u00f3n y el 2016 no fue la excepci\u00f3n. Durante este fin de semana se realiz\u00f3 la Asamblea de Socios en su sede de calle 31\u2026","rel":"","context":"En \u00abDeportes\u00bb","block_context":{"text":"Deportes","link":"https:\/\/www.hoymercedes.com.ar\/principal\/category\/deportes\/"},"img":{"alt_text":"","src":"","width":0,"height":0},"classes":[]}],"_links":{"self":[{"href":"https:\/\/www.hoymercedes.com.ar\/principal\/wp-json\/wp\/v2\/posts\/126923","targetHints":{"allow":["GET"]}}],"collection":[{"href":"https:\/\/www.hoymercedes.com.ar\/principal\/wp-json\/wp\/v2\/posts"}],"about":[{"href":"https:\/\/www.hoymercedes.com.ar\/principal\/wp-json\/wp\/v2\/types\/post"}],"author":[{"embeddable":true,"href":"https:\/\/www.hoymercedes.com.ar\/principal\/wp-json\/wp\/v2\/users\/1"}],"replies":[{"embeddable":true,"href":"https:\/\/www.hoymercedes.com.ar\/principal\/wp-json\/wp\/v2\/comments?post=126923"}],"version-history":[{"count":0,"href":"https:\/\/www.hoymercedes.com.ar\/principal\/wp-json\/wp\/v2\/posts\/126923\/revisions"}],"wp:featuredmedia":[{"embeddable":true,"href":"https:\/\/www.hoymercedes.com.ar\/principal\/wp-json\/wp\/v2\/media\/126924"}],"wp:attachment":[{"href":"https:\/\/www.hoymercedes.com.ar\/principal\/wp-json\/wp\/v2\/media?parent=126923"}],"wp:term":[{"taxonomy":"category","embeddable":true,"href":"https:\/\/www.hoymercedes.com.ar\/principal\/wp-json\/wp\/v2\/categories?post=126923"},{"taxonomy":"post_tag","embeddable":true,"href":"https:\/\/www.hoymercedes.com.ar\/principal\/wp-json\/wp\/v2\/tags?post=126923"}],"curies":[{"name":"wp","href":"https:\/\/api.w.org\/{rel}","templated":true}]}}