{"id":127019,"date":"2021-03-25T19:14:00","date_gmt":"2021-03-25T22:14:00","guid":{"rendered":"https:\/\/www.hoymercedes.com.ar\/principal\/?p=127019"},"modified":"2021-03-25T18:31:29","modified_gmt":"2021-03-25T21:31:29","slug":"organizaciones-y-personalidades-exigen-el-cese-de-la-exportacion-de-la-vacuna-astrazeneca","status":"publish","type":"post","link":"https:\/\/www.hoymercedes.com.ar\/principal\/2021\/03\/25\/organizaciones-y-personalidades-exigen-el-cese-de-la-exportacion-de-la-vacuna-astrazeneca\/","title":{"rendered":"Organizaciones y personalidades exigen el cese de la exportaci\u00f3n de la Vacuna AstraZeneca"},"content":{"rendered":"\n<p>\u00abLa Argentina produce millones de vacunas y lxs argentinxs est\u00e1n sin vacunar\u00bb, expresa la comunicaci\u00f3n enviada por m\u00e1s de 200 organizaciones y personalidades, entre las que se encuentran gremios que re\u00fane al personal de salud y m\u00e9dicos del pa\u00eds, al Presidente Alberto Fern\u00e1ndez con fecha del 25 de marzo. <\/p>\n\n\n\n<p>En el texto presentado con copia a la Ministra de Salud Carla Vizzotti se expresa: \u00abUn grupo de organizaciones y personalidades del sector sanitario queremos elevar la voz de alerta sobre el tema de la vacunaci\u00f3n contra el Covid19 en Argentina. La segunda ola del Covid19 est\u00e1 golpeando nuestras puertas. Hay 16 millones de adultos mayores de 60 a\u00f1os en riesgo y el porcentaje de vacunados es m\u00ednimo. Las remesas de vacunas llegan del exterior a cuentagotas. Frente a la escasez, sectores del poder concentrado hacen lobby para liberalizar la compra, distribuci\u00f3n y administraci\u00f3n de las vacunas. Quien tenga 100 d\u00f3lares podr\u00e1 aplic\u00e1rsela en su pre paga o en la farmacia, pertenezca o no a los grupos de riesgo prioritario\u00bb<\/p>\n\n\n\n<p>Asimismo, la comunicaci\u00f3n manifiesta: \u00abSin embargo, pocos argentinos saben que en una planta del conurbano, mAbxience, propiedad del empresario Hugo Sigman, se producen semanalmente varios millones de dosis de vacunas AstraZeneca que son enviadas a M\u00e9jico, donde el magnate Slim se comprometi\u00f3 a envasarlas y enviarnos 25 millones de dosis. Pero al d\u00eda de hoy no ha enviado ni una y no se sabe cu\u00e1ndo lo har\u00e1. Arguye problemas de provisi\u00f3n log\u00edstica. Argentina cuenta con dos plantas p\u00fablicas con capacidad de envasar productos biol\u00f3gicos. Son el Laboratorio de Hemoderivados de la UNC y el Instituto Biol\u00f3gico Tom\u00e1s Per\u00f3n de La Plata. Tambi\u00e9n hay establecimientos privados con la misma potencialidad\u00bb.<\/p>\n\n\n\n<p>\u00abLos que venimos defendiendo hace d\u00e9cadas la producci\u00f3n p\u00fablica de medicamentos y vacunas sostenemos que ante la emergencia es imprescindible:<br>1) Suspender las remesas a M\u00e9xico de la vacuna de AstraZeneca hasta que no comience la entrega desde dicho pa\u00eds de manera regular y suficiente de las  vacunas envasadas.<br>2) Se autorice bajo el r\u00e9gimen de emergencia a los laboratorios p\u00fablicos y privados a envasar la vacuna producida por mAbxience, proveyendo la asistencia t\u00e9cnica y financiera necesaria\u00bb.<\/p>\n\n\n\n<p>\u00abEstamos en emergencia. El Estado debe actuar ya en defensa de la salud de la poblaci\u00f3n\u00bb, concluyen y hay m\u00e1s de doscientas firmas entre las cuales se destacan FeSProSa, Colectivo Sanitario Andr\u00e9s Carrasco, la Red Universitaria de Ambiente y Salud, CICOP, entre otros muchos m\u00e9dicos particulares. <\/p>\n\n\n\n<p>Fuente: CICOP <\/p>\n","protected":false},"excerpt":{"rendered":"<p>\u00abLa Argentina produce millones de vacunas y lxs argentinxs est\u00e1n sin vacunar\u00bb, expresa la comunicaci\u00f3n enviada por m\u00e1s de 200 &#8230; <a title=\"Organizaciones y personalidades exigen el cese de la exportaci\u00f3n de la Vacuna AstraZeneca\" class=\"read-more\" href=\"https:\/\/www.hoymercedes.com.ar\/principal\/2021\/03\/25\/organizaciones-y-personalidades-exigen-el-cese-de-la-exportacion-de-la-vacuna-astrazeneca\/\" aria-label=\"Leer m\u00e1s sobre Organizaciones y personalidades exigen el cese de la exportaci\u00f3n de la Vacuna AstraZeneca\">Leer m\u00e1s<\/a><\/p>\n","protected":false},"author":1,"featured_media":127020,"comment_status":"closed","ping_status":"open","sticky":false,"template":"","format":"standard","meta":{"_monsterinsights_skip_tracking":false,"_monsterinsights_sitenote_active":false,"_monsterinsights_sitenote_note":"","_monsterinsights_sitenote_category":0,"jetpack_post_was_ever_published":false,"_jetpack_newsletter_access":"","_jetpack_dont_email_post_to_subs":false,"_jetpack_newsletter_tier_id":0,"_jetpack_memberships_contains_paywalled_content":false,"_jetpack_memberships_contains_paid_content":false,"footnotes":"","jetpack_publicize_message":"","jetpack_publicize_feature_enabled":true,"jetpack_social_post_already_shared":true,"jetpack_social_options":{"image_generator_settings":{"template":"highway","default_image_id":0,"font":"","enabled":false},"version":2},"_wpas_customize_per_network":false},"categories":[9791],"tags":[],"class_list":["post-127019","post","type-post","status-publish","format-standard","has-post-thumbnail","hentry","category-salud","generate-columns","tablet-grid-50","mobile-grid-100","grid-parent","grid-50"],"jetpack_publicize_connections":[],"jetpack_featured_media_url":"https:\/\/www.hoymercedes.com.ar\/principal\/wp-content\/uploads\/2021\/03\/25-vacuna-aztracensa.jpg","wps_subtitle":"Presentaci\u00f3n ante el Presidente","jetpack_sharing_enabled":true,"jetpack-related-posts":[{"id":110176,"url":"https:\/\/www.hoymercedes.com.ar\/principal\/2020\/05\/03\/petitorio-de-asambleas-de-pueblos-fumigados-y-organizaciones-afines\/","url_meta":{"origin":127019,"position":0},"title":"Petitorio de Asambleas de Pueblos Fumigados y organizaciones afines","author":"hoymercedes","date":"3 mayo, 2020","format":false,"excerpt":"Las asambleas y colectivos abajo firmantes, participantes de los Encuentros de Pueblos Fumigados de la Provincia de Buenos Aires y colectivos hermanos, repudiamos las recientes medidas que Gobierno Nacional ha dictaminado en beneficio de los agronegocios y otras actividades extractivas. En este sentido, solicitamos tengan en cuenta las siguientes consideraciones:\u2026","rel":"","context":"En \u00abOpini\u00f3n\u00bb","block_context":{"text":"Opini\u00f3n","link":"https:\/\/www.hoymercedes.com.ar\/principal\/category\/opinion\/"},"img":{"alt_text":"","src":"https:\/\/i0.wp.com\/www.hoymercedes.com.ar\/principal\/wp-content\/uploads\/2020\/05\/unnamed-32.jpg?resize=350%2C200&ssl=1","width":350,"height":200,"srcset":"https:\/\/i0.wp.com\/www.hoymercedes.com.ar\/principal\/wp-content\/uploads\/2020\/05\/unnamed-32.jpg?resize=350%2C200&ssl=1 1x, https:\/\/i0.wp.com\/www.hoymercedes.com.ar\/principal\/wp-content\/uploads\/2020\/05\/unnamed-32.jpg?resize=525%2C300&ssl=1 1.5x, https:\/\/i0.wp.com\/www.hoymercedes.com.ar\/principal\/wp-content\/uploads\/2020\/05\/unnamed-32.jpg?resize=700%2C400&ssl=1 2x"},"classes":[]},{"id":75438,"url":"https:\/\/www.hoymercedes.com.ar\/principal\/2018\/05\/06\/no-faltan-vacunas-el-dubarry-continua-con-la-campana-de-vacunacion-antigripal\/","url_meta":{"origin":127019,"position":1},"title":"\u201cNo faltan vacunas\u201d: El Dubarry contin\u00faa con la Campa\u00f1a de Vacunaci\u00f3n Antigripal","author":"hoymercedes","date":"6 mayo, 2018","format":false,"excerpt":"Ante los rumores que circulaban en la ciudad sobre el faltante de vacunas antigripales en el Hospital blas L. Dubarry, la instituci\u00f3n sanitaria inform\u00f3 que contin\u00faan con la campa\u00f1a de vacunaci\u00f3n antigripal normalmente. \u201cNo hay faltantes de vacunas\u201d, aseguraron y afirmaron que d\u00edas atr\u00e1s hab\u00edan llegado a vacunas a casa\u2026","rel":"","context":"En \u00abSalud\u00bb","block_context":{"text":"Salud","link":"https:\/\/www.hoymercedes.com.ar\/principal\/category\/salud\/"},"img":{"alt_text":"","src":"https:\/\/i0.wp.com\/www.hoymercedes.com.ar\/principal\/wp-content\/uploads\/2018\/05\/06-hospital-dubarry.jpg?resize=350%2C200&ssl=1","width":350,"height":200,"srcset":"https:\/\/i0.wp.com\/www.hoymercedes.com.ar\/principal\/wp-content\/uploads\/2018\/05\/06-hospital-dubarry.jpg?resize=350%2C200&ssl=1 1x, https:\/\/i0.wp.com\/www.hoymercedes.com.ar\/principal\/wp-content\/uploads\/2018\/05\/06-hospital-dubarry.jpg?resize=525%2C300&ssl=1 1.5x, https:\/\/i0.wp.com\/www.hoymercedes.com.ar\/principal\/wp-content\/uploads\/2018\/05\/06-hospital-dubarry.jpg?resize=700%2C400&ssl=1 2x"},"classes":[]},{"id":80189,"url":"https:\/\/www.hoymercedes.com.ar\/principal\/2018\/08\/23\/a-mercedes-tampoco-llegan-las-vacunas-contra-meningitis\/","url_meta":{"origin":127019,"position":2},"title":"A Mercedes tampoco llegan las vacunas contra Meningitis","author":"hoymercedes","date":"23 agosto, 2018","format":false,"excerpt":"Las constantes consultas al \u00e1rea de salud comunal generaron la necesidad de que su m\u00e1ximo responsable, Dr. Pablo Cassiani, aclarara que \u201csin duda es una preocupaci\u00f3n para todas las familias y quienes trabajamos en temas de salud, pero el ajuste de la Provincia y Naci\u00f3n en t\u00e9rminos sanitarios es evidente.\u2026","rel":"","context":"En \u00abMunicipio\u00bb","block_context":{"text":"Municipio","link":"https:\/\/www.hoymercedes.com.ar\/principal\/category\/municipio\/"},"img":{"alt_text":"","src":"https:\/\/i0.wp.com\/www.hoymercedes.com.ar\/principal\/wp-content\/uploads\/2018\/08\/Cassiani.jpg?resize=350%2C200&ssl=1","width":350,"height":200,"srcset":"https:\/\/i0.wp.com\/www.hoymercedes.com.ar\/principal\/wp-content\/uploads\/2018\/08\/Cassiani.jpg?resize=350%2C200&ssl=1 1x, https:\/\/i0.wp.com\/www.hoymercedes.com.ar\/principal\/wp-content\/uploads\/2018\/08\/Cassiani.jpg?resize=525%2C300&ssl=1 1.5x, https:\/\/i0.wp.com\/www.hoymercedes.com.ar\/principal\/wp-content\/uploads\/2018\/08\/Cassiani.jpg?resize=700%2C400&ssl=1 2x"},"classes":[]},{"id":130819,"url":"https:\/\/www.hoymercedes.com.ar\/principal\/2021\/05\/27\/pisapia-estamos-muy-felices-por-el-arribo-de-mas-vacunas-al-pais-impactara-positivamente-en-mercedes\/","url_meta":{"origin":127019,"position":3},"title":"Pisapia \u201cEstamos muy felices por el arribo de m\u00e1s vacunas al pa\u00eds impactar\u00e1 positivamente en Mercedes\u201d","author":"hoymercedes","date":"27 mayo, 2021","format":false,"excerpt":"El Secretario de Salud, pediatra N\u00e9stor Pisapia, destac\u00f3 la importancia del arribo de m\u00e1s vacunas al pa\u00eds siendo algo muy positivo. Mencion\u00f3 adem\u00e1s que esta semana se colocar\u00e1n segundas dosis en Mercedes y que el turnero si bien nunca ces\u00f3 retoma as\u00ed un buen flujo de trabajo. Inst\u00f3 adem\u00e1s a\u2026","rel":"","context":"En \u00abMunicipio\u00bb","block_context":{"text":"Municipio","link":"https:\/\/www.hoymercedes.com.ar\/principal\/category\/municipio\/"},"img":{"alt_text":"","src":"https:\/\/i0.wp.com\/www.hoymercedes.com.ar\/principal\/wp-content\/uploads\/2020\/11\/03-Pisapia.jpg?resize=350%2C200&ssl=1","width":350,"height":200,"srcset":"https:\/\/i0.wp.com\/www.hoymercedes.com.ar\/principal\/wp-content\/uploads\/2020\/11\/03-Pisapia.jpg?resize=350%2C200&ssl=1 1x, https:\/\/i0.wp.com\/www.hoymercedes.com.ar\/principal\/wp-content\/uploads\/2020\/11\/03-Pisapia.jpg?resize=525%2C300&ssl=1 1.5x, https:\/\/i0.wp.com\/www.hoymercedes.com.ar\/principal\/wp-content\/uploads\/2020\/11\/03-Pisapia.jpg?resize=700%2C400&ssl=1 2x"},"classes":[]},{"id":128661,"url":"https:\/\/www.hoymercedes.com.ar\/principal\/2021\/04\/21\/anunciaron-la-llegada-de-1500-vacunas-y-la-instalacion-en-el-cef-40-de-un-nuevo-vacunatorio\/","url_meta":{"origin":127019,"position":4},"title":"Anunciaron la llegada de 1500 vacunas y la instalaci\u00f3n en el CEF 40 de un nuevo vacunatorio","author":"hoymercedes","date":"21 abril, 2021","format":false,"excerpt":"El intendente de Mercedes Juan Ignacio Ustarroz anunci\u00f3 junto al Secretario de Salud, el pedi\u00e1tra N\u00e9stor Pisapia, la llegada de un nuevo lote de vacunas contra el covid para continuar con el programa Vacunate de la provincia en la ciudad. Adem\u00e1s, confirmaron que en el Centro de Educaci\u00f3n F\u00edsica N\u00b0\u2026","rel":"","context":"En \u00abMunicipio\u00bb","block_context":{"text":"Municipio","link":"https:\/\/www.hoymercedes.com.ar\/principal\/category\/municipio\/"},"img":{"alt_text":"","src":"https:\/\/i0.wp.com\/www.hoymercedes.com.ar\/principal\/wp-content\/uploads\/2021\/04\/DSC04094.jpg?resize=350%2C200&ssl=1","width":350,"height":200,"srcset":"https:\/\/i0.wp.com\/www.hoymercedes.com.ar\/principal\/wp-content\/uploads\/2021\/04\/DSC04094.jpg?resize=350%2C200&ssl=1 1x, https:\/\/i0.wp.com\/www.hoymercedes.com.ar\/principal\/wp-content\/uploads\/2021\/04\/DSC04094.jpg?resize=525%2C300&ssl=1 1.5x, https:\/\/i0.wp.com\/www.hoymercedes.com.ar\/principal\/wp-content\/uploads\/2021\/04\/DSC04094.jpg?resize=700%2C400&ssl=1 2x"},"classes":[]},{"id":33298,"url":"https:\/\/www.hoymercedes.com.ar\/principal\/2014\/05\/26\/selva-recibio-dosis-de-vacunas-antigripales-a-manos-de-ustarroz-y-dematei\/","url_meta":{"origin":127019,"position":5},"title":"Selva recibi\u00f3 dosis de vacunas antigripales a manos de Ustarroz y Dematei","author":"hoymercedes","date":"26 mayo, 2014","format":false,"excerpt":"\u00a0 \u00a0 En la ma\u00f1ana de \u00e9ste lunes el intendente Carlos Selva y la Directora de Salud, Liliana Masserio, recibieron a manos del Gerente Regional de Anses, Juan Ustarroz y del gerente local del PAMI, Mat\u00edas Dematei, una nueva dosis de vacunas antigripales provenientes de las instituciones del Estado Nacional.\u00a0\u2026","rel":"","context":"En \u00abMunicipio\u00bb","block_context":{"text":"Municipio","link":"https:\/\/www.hoymercedes.com.ar\/principal\/category\/municipio\/"},"img":{"alt_text":"vacunassalud","src":"https:\/\/i0.wp.com\/www.hoymercedes.com.ar\/principal\/wp-content\/uploads\/2014\/05\/vacunassalud.jpg?resize=350%2C200","width":350,"height":200,"srcset":"https:\/\/i0.wp.com\/www.hoymercedes.com.ar\/principal\/wp-content\/uploads\/2014\/05\/vacunassalud.jpg?resize=350%2C200 1x, https:\/\/i0.wp.com\/www.hoymercedes.com.ar\/principal\/wp-content\/uploads\/2014\/05\/vacunassalud.jpg?resize=525%2C300 1.5x"},"classes":[]}],"_links":{"self":[{"href":"https:\/\/www.hoymercedes.com.ar\/principal\/wp-json\/wp\/v2\/posts\/127019","targetHints":{"allow":["GET"]}}],"collection":[{"href":"https:\/\/www.hoymercedes.com.ar\/principal\/wp-json\/wp\/v2\/posts"}],"about":[{"href":"https:\/\/www.hoymercedes.com.ar\/principal\/wp-json\/wp\/v2\/types\/post"}],"author":[{"embeddable":true,"href":"https:\/\/www.hoymercedes.com.ar\/principal\/wp-json\/wp\/v2\/users\/1"}],"replies":[{"embeddable":true,"href":"https:\/\/www.hoymercedes.com.ar\/principal\/wp-json\/wp\/v2\/comments?post=127019"}],"version-history":[{"count":0,"href":"https:\/\/www.hoymercedes.com.ar\/principal\/wp-json\/wp\/v2\/posts\/127019\/revisions"}],"wp:featuredmedia":[{"embeddable":true,"href":"https:\/\/www.hoymercedes.com.ar\/principal\/wp-json\/wp\/v2\/media\/127020"}],"wp:attachment":[{"href":"https:\/\/www.hoymercedes.com.ar\/principal\/wp-json\/wp\/v2\/media?parent=127019"}],"wp:term":[{"taxonomy":"category","embeddable":true,"href":"https:\/\/www.hoymercedes.com.ar\/principal\/wp-json\/wp\/v2\/categories?post=127019"},{"taxonomy":"post_tag","embeddable":true,"href":"https:\/\/www.hoymercedes.com.ar\/principal\/wp-json\/wp\/v2\/tags?post=127019"}],"curies":[{"name":"wp","href":"https:\/\/api.w.org\/{rel}","templated":true}]}}